{"id":15927,"date":"2022-11-03T11:32:54","date_gmt":"2022-11-03T09:32:54","guid":{"rendered":"https:\/\/stiftadmont.at\/?p=15927"},"modified":"2022-11-04T10:21:06","modified_gmt":"2022-11-04T08:21:06","slug":"le-stiftsgymnasium-dadmont-lance-sa-cooperation","status":"publish","type":"post","link":"https:\/\/stiftadmont.at\/fr\/blog\/stiftsgymnasium-admont-startet-kooperation\/","title":{"rendered":"Le Stiftsgymnasium d'Admont lance sa coop\u00e9ration"},"content":{"rendered":"<section id='lightpress__section--block_6ed7244358e323c3c65235fbd387875a' class='lightpress__section--default-section-space lightpress__section lightpress__section--content'><div class=\"content__inner\"\n         x-init=\"initContentBlockAnim($el)\">\n        \n    <div class=\"content__grid content__grid\">\n                                            <div class=\"content__box content__box--one-hundred\"\n                 style=\"\">\n                                \n                \n                                            <div class=\"prose\"><h1 class=\"line line--gold\">Le Stiftsgymnasium Admont lance une coop\u00e9ration avec l'association des moniteurs de ski de Styrie<\/h1>\n<p class=\"paragraph-m\"><strong>Jeudi, 03.11.2022<\/strong><\/p>\n<p class=\"paragraph-m\">Peu avant le d\u00e9but des vacances d'automne, les \u00e9l\u00e8ves du second cycle du Stiftsgymnasium Admont ont pu se pr\u00e9parer \u00e0 l'hiver. Stephan Skrobar, de l'association des moniteurs de ski de Styrie, a pr\u00e9sent\u00e9 les possibilit\u00e9s de gagner sa vie sur les \"planches du monde\" : Que ce soit en tant que job de vacances bien r\u00e9mun\u00e9r\u00e9 pendant la scolarit\u00e9 et les \u00e9tudes ou plus tard dans la vie professionnelle dans l'une des nombreuses branches de l'industrie du ski et des sports d'hiver.<\/p>\n<p class=\"paragraph-m\">En raison de sa situation g\u00e9ographique, le Stiftsgymnasium Admont a d\u00e9j\u00e0 une grande affinit\u00e9 avec les sports d'hiver. C'est pourquoi l'\u00e9cole souhaite soutenir ses \u00e9l\u00e8ves lors de la premi\u00e8re \u00e9tape de cette formation professionnelle compl\u00e8te et permet aux personnes int\u00e9ress\u00e9es de participer aux cours de formation en d\u00e9cembre. De plus, la coop\u00e9ration du Stiftsgymnasium avec l'association des moniteurs de ski de Styrie permet de r\u00e9duire consid\u00e9rablement les frais de cours pour la premi\u00e8re \u00e9tape de la formation.<\/p>\n<\/div>\n                    \n                            <\/div>\n        \n            <\/div>\n<\/div>\n\n<\/section>","protected":false},"excerpt":{"rendered":"<p>Juste avant le d\u00e9but des vacances d'automne, les \u00e9l\u00e8ves du second cycle du Stiftsgymnasium Admont ont pu se pr\u00e9parer \u00e0 l'hiver.<\/p>","protected":false},"author":7,"featured_media":15928,"comment_status":"closed","ping_status":"closed","sticky":false,"template":"","format":"standard","meta":{"_acf_changed":false,"footnotes":""},"categories":[23],"class_list":["post-15927","post","type-post","status-publish","format-standard","has-post-thumbnail","hentry","category-einrichtungen-aktuell"],"acf":[],"yoast_head":"<!-- This site is optimized with the Yoast SEO Premium plugin v26.0 (Yoast SEO v26.8) - https:\/\/yoast.com\/product\/yoast-seo-premium-wordpress\/ -->\n<title>Stiftsgymnasium Admont startet Kooperation - Stift Admont<\/title>\n<meta name=\"description\" content=\"Lesen Sie aktuelle Informationen zum Thema Stiftsgymnasium Admont startet Kooperation und vieles mehr aus dem Konvent und der Pfarre Admont.\" \/>\n<meta name=\"robots\" content=\"index, follow, max-snippet:-1, max-image-preview:large, max-video-preview:-1\" \/>\n<link rel=\"canonical\" href=\"https:\/\/stiftadmont.at\/fr\/blog\/le-stiftsgymnasium-dadmont-lance-sa-cooperation\/\" \/>\n<meta property=\"og:locale\" content=\"fr_FR\" \/>\n<meta property=\"og:type\" content=\"article\" \/>\n<meta property=\"og:title\" content=\"Stiftsgymnasium Admont startet Kooperation\" \/>\n<meta property=\"og:description\" content=\"Lesen Sie aktuelle Informationen zum Thema Stiftsgymnasium Admont startet Kooperation und vieles mehr aus dem Konvent und der Pfarre Admont.\" \/>\n<meta property=\"og:url\" content=\"https:\/\/stiftadmont.at\/fr\/blog\/le-stiftsgymnasium-dadmont-lance-sa-cooperation\/\" \/>\n<meta property=\"og:site_name\" content=\"Stift Admont\" \/>\n<meta property=\"article:published_time\" content=\"2022-11-03T09:32:54+00:00\" \/>\n<meta property=\"article:modified_time\" content=\"2022-11-04T08:21:06+00:00\" \/>\n<meta property=\"og:image\" content=\"https:\/\/stiftadmont.at\/wp-content\/uploads\/Stiftsgymnasium_Kooperation_Skilehrerverband_2022.jpg\" \/>\n\t<meta property=\"og:image:width\" content=\"1104\" \/>\n\t<meta property=\"og:image:height\" content=\"828\" \/>\n\t<meta property=\"og:image:type\" content=\"image\/jpeg\" \/>\n<meta name=\"author\" content=\"Mario Brandm\u00fcller\" \/>\n<meta name=\"twitter:card\" content=\"summary_large_image\" \/>\n<meta name=\"twitter:label1\" content=\"\u00c9crit par\" \/>\n\t<meta name=\"twitter:data1\" content=\"Mario Brandm\u00fcller\" \/>\n<script type=\"application\/ld+json\" class=\"yoast-schema-graph\">{\"@context\":\"https:\/\/schema.org\",\"@graph\":[{\"@type\":\"Article\",\"@id\":\"https:\/\/stiftadmont.at\/blog\/stiftsgymnasium-admont-startet-kooperation\/#article\",\"isPartOf\":{\"@id\":\"https:\/\/stiftadmont.at\/blog\/stiftsgymnasium-admont-startet-kooperation\/\"},\"author\":{\"name\":\"Mario Brandm\u00fcller\",\"@id\":\"https:\/\/stiftadmont.at\/#\/schema\/person\/30535548b241d5f33a2e8b839db11869\"},\"headline\":\"Stiftsgymnasium Admont startet Kooperation\",\"datePublished\":\"2022-11-03T09:32:54+00:00\",\"dateModified\":\"2022-11-04T08:21:06+00:00\",\"mainEntityOfPage\":{\"@id\":\"https:\/\/stiftadmont.at\/blog\/stiftsgymnasium-admont-startet-kooperation\/\"},\"wordCount\":4,\"image\":{\"@id\":\"https:\/\/stiftadmont.at\/blog\/stiftsgymnasium-admont-startet-kooperation\/#primaryimage\"},\"thumbnailUrl\":\"https:\/\/stiftadmont.at\/wp-content\/uploads\/Stiftsgymnasium_Kooperation_Skilehrerverband_2022.jpg\",\"articleSection\":[\"Einrichtungen aktuell\"],\"inLanguage\":\"fr-FR\"},{\"@type\":\"WebPage\",\"@id\":\"https:\/\/stiftadmont.at\/blog\/stiftsgymnasium-admont-startet-kooperation\/\",\"url\":\"https:\/\/stiftadmont.at\/blog\/stiftsgymnasium-admont-startet-kooperation\/\",\"name\":\"Stiftsgymnasium Admont startet Kooperation - Stift Admont\",\"isPartOf\":{\"@id\":\"https:\/\/stiftadmont.at\/#website\"},\"primaryImageOfPage\":{\"@id\":\"https:\/\/stiftadmont.at\/blog\/stiftsgymnasium-admont-startet-kooperation\/#primaryimage\"},\"image\":{\"@id\":\"https:\/\/stiftadmont.at\/blog\/stiftsgymnasium-admont-startet-kooperation\/#primaryimage\"},\"thumbnailUrl\":\"https:\/\/stiftadmont.at\/wp-content\/uploads\/Stiftsgymnasium_Kooperation_Skilehrerverband_2022.jpg\",\"datePublished\":\"2022-11-03T09:32:54+00:00\",\"dateModified\":\"2022-11-04T08:21:06+00:00\",\"author\":{\"@id\":\"https:\/\/stiftadmont.at\/#\/schema\/person\/30535548b241d5f33a2e8b839db11869\"},\"description\":\"Lesen Sie aktuelle Informationen zum Thema Stiftsgymnasium Admont startet Kooperation und vieles mehr aus dem Konvent und der Pfarre Admont.\",\"breadcrumb\":{\"@id\":\"https:\/\/stiftadmont.at\/blog\/stiftsgymnasium-admont-startet-kooperation\/#breadcrumb\"},\"inLanguage\":\"fr-FR\",\"potentialAction\":[{\"@type\":\"ReadAction\",\"target\":[\"https:\/\/stiftadmont.at\/blog\/stiftsgymnasium-admont-startet-kooperation\/\"]}]},{\"@type\":\"ImageObject\",\"inLanguage\":\"fr-FR\",\"@id\":\"https:\/\/stiftadmont.at\/blog\/stiftsgymnasium-admont-startet-kooperation\/#primaryimage\",\"url\":\"https:\/\/stiftadmont.at\/wp-content\/uploads\/Stiftsgymnasium_Kooperation_Skilehrerverband_2022.jpg\",\"contentUrl\":\"https:\/\/stiftadmont.at\/wp-content\/uploads\/Stiftsgymnasium_Kooperation_Skilehrerverband_2022.jpg\",\"width\":1104,\"height\":828,\"caption\":\"Stiftsgymnasium Kooperation Skilehrerverband 2022\"},{\"@type\":\"BreadcrumbList\",\"@id\":\"https:\/\/stiftadmont.at\/blog\/stiftsgymnasium-admont-startet-kooperation\/#breadcrumb\",\"itemListElement\":[{\"@type\":\"ListItem\",\"position\":1,\"name\":\"Start\",\"item\":\"https:\/\/stiftadmont.at\/\"},{\"@type\":\"ListItem\",\"position\":2,\"name\":\"Stiftsgymnasium Admont startet Kooperation\"}]},{\"@type\":\"WebSite\",\"@id\":\"https:\/\/stiftadmont.at\/#website\",\"url\":\"https:\/\/stiftadmont.at\/\",\"name\":\"Stift Admont\",\"description\":\"Benediktinerkloster und Sehensw\u00fcrdigkeit im Ges\u00e4use\",\"potentialAction\":[{\"@type\":\"SearchAction\",\"target\":{\"@type\":\"EntryPoint\",\"urlTemplate\":\"https:\/\/stiftadmont.at\/?s={search_term_string}\"},\"query-input\":{\"@type\":\"PropertyValueSpecification\",\"valueRequired\":true,\"valueName\":\"search_term_string\"}}],\"inLanguage\":\"fr-FR\"},{\"@type\":\"Person\",\"@id\":\"https:\/\/stiftadmont.at\/#\/schema\/person\/30535548b241d5f33a2e8b839db11869\",\"name\":\"Mario Brandm\u00fcller\"}]}<\/script>\n<!-- \/ Yoast SEO Premium plugin. -->","yoast_head_json":{"title":"Le Stiftsgymnasium d'Admont lance une coop\u00e9ration - Stift Admont","description":"Lisez les informations actuelles sur le th\u00e8me du Stiftsgymnasium Admont lance sa coop\u00e9ration et bien d'autres choses encore sur le couvent et la paroisse d'Admont.","robots":{"index":"index","follow":"follow","max-snippet":"max-snippet:-1","max-image-preview":"max-image-preview:large","max-video-preview":"max-video-preview:-1"},"canonical":"https:\/\/stiftadmont.at\/fr\/blog\/le-stiftsgymnasium-dadmont-lance-sa-cooperation\/","og_locale":"fr_FR","og_type":"article","og_title":"Stiftsgymnasium Admont startet Kooperation","og_description":"Lesen Sie aktuelle Informationen zum Thema Stiftsgymnasium Admont startet Kooperation und vieles mehr aus dem Konvent und der Pfarre Admont.","og_url":"https:\/\/stiftadmont.at\/fr\/blog\/le-stiftsgymnasium-dadmont-lance-sa-cooperation\/","og_site_name":"Stift Admont","article_published_time":"2022-11-03T09:32:54+00:00","article_modified_time":"2022-11-04T08:21:06+00:00","og_image":[{"width":1104,"height":828,"url":"https:\/\/stiftadmont.at\/wp-content\/uploads\/Stiftsgymnasium_Kooperation_Skilehrerverband_2022.jpg","type":"image\/jpeg"}],"author":"Mario Brandm\u00fcller","twitter_card":"summary_large_image","twitter_misc":{"\u00c9crit par":"Mario Brandm\u00fcller"},"schema":{"@context":"https:\/\/schema.org","@graph":[{"@type":"Article","@id":"https:\/\/stiftadmont.at\/blog\/stiftsgymnasium-admont-startet-kooperation\/#article","isPartOf":{"@id":"https:\/\/stiftadmont.at\/blog\/stiftsgymnasium-admont-startet-kooperation\/"},"author":{"name":"Mario Brandm\u00fcller","@id":"https:\/\/stiftadmont.at\/#\/schema\/person\/30535548b241d5f33a2e8b839db11869"},"headline":"Stiftsgymnasium Admont startet Kooperation","datePublished":"2022-11-03T09:32:54+00:00","dateModified":"2022-11-04T08:21:06+00:00","mainEntityOfPage":{"@id":"https:\/\/stiftadmont.at\/blog\/stiftsgymnasium-admont-startet-kooperation\/"},"wordCount":4,"image":{"@id":"https:\/\/stiftadmont.at\/blog\/stiftsgymnasium-admont-startet-kooperation\/#primaryimage"},"thumbnailUrl":"https:\/\/stiftadmont.at\/wp-content\/uploads\/Stiftsgymnasium_Kooperation_Skilehrerverband_2022.jpg","articleSection":["Einrichtungen aktuell"],"inLanguage":"fr-FR"},{"@type":"WebPage","@id":"https:\/\/stiftadmont.at\/blog\/stiftsgymnasium-admont-startet-kooperation\/","url":"https:\/\/stiftadmont.at\/blog\/stiftsgymnasium-admont-startet-kooperation\/","name":"Le Stiftsgymnasium d'Admont lance une coop\u00e9ration - Stift Admont","isPartOf":{"@id":"https:\/\/stiftadmont.at\/#website"},"primaryImageOfPage":{"@id":"https:\/\/stiftadmont.at\/blog\/stiftsgymnasium-admont-startet-kooperation\/#primaryimage"},"image":{"@id":"https:\/\/stiftadmont.at\/blog\/stiftsgymnasium-admont-startet-kooperation\/#primaryimage"},"thumbnailUrl":"https:\/\/stiftadmont.at\/wp-content\/uploads\/Stiftsgymnasium_Kooperation_Skilehrerverband_2022.jpg","datePublished":"2022-11-03T09:32:54+00:00","dateModified":"2022-11-04T08:21:06+00:00","author":{"@id":"https:\/\/stiftadmont.at\/#\/schema\/person\/30535548b241d5f33a2e8b839db11869"},"description":"Lisez les informations actuelles sur le th\u00e8me du Stiftsgymnasium Admont lance sa coop\u00e9ration et bien d'autres choses encore sur le couvent et la paroisse d'Admont.","breadcrumb":{"@id":"https:\/\/stiftadmont.at\/blog\/stiftsgymnasium-admont-startet-kooperation\/#breadcrumb"},"inLanguage":"fr-FR","potentialAction":[{"@type":"ReadAction","target":["https:\/\/stiftadmont.at\/blog\/stiftsgymnasium-admont-startet-kooperation\/"]}]},{"@type":"ImageObject","inLanguage":"fr-FR","@id":"https:\/\/stiftadmont.at\/blog\/stiftsgymnasium-admont-startet-kooperation\/#primaryimage","url":"https:\/\/stiftadmont.at\/wp-content\/uploads\/Stiftsgymnasium_Kooperation_Skilehrerverband_2022.jpg","contentUrl":"https:\/\/stiftadmont.at\/wp-content\/uploads\/Stiftsgymnasium_Kooperation_Skilehrerverband_2022.jpg","width":1104,"height":828,"caption":"Stiftsgymnasium Kooperation Skilehrerverband 2022"},{"@type":"BreadcrumbList","@id":"https:\/\/stiftadmont.at\/blog\/stiftsgymnasium-admont-startet-kooperation\/#breadcrumb","itemListElement":[{"@type":"ListItem","position":1,"name":"Start","item":"https:\/\/stiftadmont.at\/"},{"@type":"ListItem","position":2,"name":"Stiftsgymnasium Admont startet Kooperation"}]},{"@type":"WebSite","@id":"https:\/\/stiftadmont.at\/#website","url":"https:\/\/stiftadmont.at\/","name":"Abbaye d'Admont","description":"Monast\u00e8re b\u00e9n\u00e9dictin et attraction touristique dans le Ges\u00e4use","potentialAction":[{"@type":"SearchAction","target":{"@type":"EntryPoint","urlTemplate":"https:\/\/stiftadmont.at\/?s={search_term_string}"},"query-input":{"@type":"PropertyValueSpecification","valueRequired":true,"valueName":"search_term_string"}}],"inLanguage":"fr-FR"},{"@type":"Person","@id":"https:\/\/stiftadmont.at\/#\/schema\/person\/30535548b241d5f33a2e8b839db11869","name":"Mario Brandm\u00fcller"}]}},"_links":{"self":[{"href":"https:\/\/stiftadmont.at\/fr\/wp-json\/wp\/v2\/posts\/15927","targetHints":{"allow":["GET"]}}],"collection":[{"href":"https:\/\/stiftadmont.at\/fr\/wp-json\/wp\/v2\/posts"}],"about":[{"href":"https:\/\/stiftadmont.at\/fr\/wp-json\/wp\/v2\/types\/post"}],"author":[{"embeddable":true,"href":"https:\/\/stiftadmont.at\/fr\/wp-json\/wp\/v2\/users\/7"}],"replies":[{"embeddable":true,"href":"https:\/\/stiftadmont.at\/fr\/wp-json\/wp\/v2\/comments?post=15927"}],"version-history":[{"count":7,"href":"https:\/\/stiftadmont.at\/fr\/wp-json\/wp\/v2\/posts\/15927\/revisions"}],"predecessor-version":[{"id":15978,"href":"https:\/\/stiftadmont.at\/fr\/wp-json\/wp\/v2\/posts\/15927\/revisions\/15978"}],"wp:featuredmedia":[{"embeddable":true,"href":"https:\/\/stiftadmont.at\/fr\/wp-json\/wp\/v2\/media\/15928"}],"wp:attachment":[{"href":"https:\/\/stiftadmont.at\/fr\/wp-json\/wp\/v2\/media?parent=15927"}],"wp:term":[{"taxonomy":"category","embeddable":true,"href":"https:\/\/stiftadmont.at\/fr\/wp-json\/wp\/v2\/categories?post=15927"}],"curies":[{"name":"wp","href":"https:\/\/api.w.org\/{rel}","templated":true}]}}