{"id":16787,"date":"2023-02-21T12:00:00","date_gmt":"2023-02-21T10:00:00","guid":{"rendered":"https:\/\/stiftadmont.at\/?p=16787"},"modified":"2023-02-22T11:32:50","modified_gmt":"2023-02-22T09:32:50","slug":"carnaval-2023","status":"publish","type":"post","link":"https:\/\/stiftadmont.at\/fr\/blog\/fasching-2023\/","title":{"rendered":"Carnaval 2023"},"content":{"rendered":"<section id='lightpress__section--block_d74bdd014419cadfcaced8661e78d701' class='lightpress__section--default-section-space lightpress__section lightpress__section--content'><div class=\"content__inner\"\n         x-init=\"initContentBlockAnim($el)\">\n        \n    <div class=\"content__grid content__grid\">\n                                            <div class=\"content__box content__box--one-hundred\"\n                 style=\"\">\n                                \n                \n                                            <div class=\"prose\"><h1 class=\"line line--gold\">Carnaval 2023<\/h1>\n<p><strong>Mardi 21 f\u00e9vrier 2023<\/strong><\/p>\n<p>Le mardi, le carnaval a \u00e9galement fait son entr\u00e9e au monast\u00e8re.<\/p>\n<\/div>\n                    \n                            <\/div>\n        \n            <\/div>\n<\/div>\n\n<\/section>\n\n<section id='lightpress__section--block_47bef21b8523d859f1a909cd87ec955e' class='lightpress__section lightpress__section--image lightpress__section-- lightpress__section--'>                        <img decoding=\"async\" src=\"https:\/\/stiftadmont.at\/wp-content\/uploads\/Fasching2023_20230221_123227-scaled.jpg\" alt=\"Carnaval2023 20230221 123227 scaled\" \/>\n<\/section>","protected":false},"excerpt":{"rendered":"<p>Le mardi, le carnaval a \u00e9galement fait son entr\u00e9e au monast\u00e8re.<\/p>","protected":false},"author":18,"featured_media":16788,"comment_status":"closed","ping_status":"closed","sticky":false,"template":"","format":"standard","meta":{"_acf_changed":false,"footnotes":""},"categories":[22],"class_list":["post-16787","post","type-post","status-publish","format-standard","has-post-thumbnail","hentry","category-kloster-aktuell"],"acf":[],"yoast_head":"<!-- This site is optimized with the Yoast SEO Premium plugin v26.0 (Yoast SEO v26.8) - https:\/\/yoast.com\/product\/yoast-seo-premium-wordpress\/ -->\n<title>Fasching 2023 - Stift Admont<\/title>\n<meta name=\"description\" content=\"Lesen Sie aktuelle Informationen zum Thema Fasching 2023 und vieles mehr aus dem Konvent und der Pfarre Admont.\" \/>\n<meta name=\"robots\" content=\"index, follow, max-snippet:-1, max-image-preview:large, max-video-preview:-1\" \/>\n<link rel=\"canonical\" href=\"https:\/\/stiftadmont.at\/fr\/blog\/carnaval-2023\/\" \/>\n<meta property=\"og:locale\" content=\"fr_FR\" \/>\n<meta property=\"og:type\" content=\"article\" \/>\n<meta property=\"og:title\" content=\"Fasching 2023\" \/>\n<meta property=\"og:description\" content=\"Lesen Sie aktuelle Informationen zum Thema Fasching 2023 und vieles mehr aus dem Konvent und der Pfarre Admont.\" \/>\n<meta property=\"og:url\" content=\"https:\/\/stiftadmont.at\/fr\/blog\/carnaval-2023\/\" \/>\n<meta property=\"og:site_name\" content=\"Stift Admont\" \/>\n<meta property=\"article:published_time\" content=\"2023-02-21T10:00:00+00:00\" \/>\n<meta property=\"article:modified_time\" content=\"2023-02-22T09:32:50+00:00\" \/>\n<meta property=\"og:image\" content=\"https:\/\/stiftadmont.at\/wp-content\/uploads\/Fasching2023_20230221_123227-scaled.jpg\" \/>\n\t<meta property=\"og:image:width\" content=\"2560\" \/>\n\t<meta property=\"og:image:height\" content=\"1920\" \/>\n\t<meta property=\"og:image:type\" content=\"image\/jpeg\" \/>\n<meta name=\"author\" content=\"Barbara Kettner\" \/>\n<meta name=\"twitter:card\" content=\"summary_large_image\" \/>\n<meta name=\"twitter:label1\" content=\"\u00c9crit par\" \/>\n\t<meta name=\"twitter:data1\" content=\"Barbara Kettner\" \/>\n<script type=\"application\/ld+json\" class=\"yoast-schema-graph\">{\"@context\":\"https:\/\/schema.org\",\"@graph\":[{\"@type\":\"Article\",\"@id\":\"https:\/\/stiftadmont.at\/blog\/fasching-2023\/#article\",\"isPartOf\":{\"@id\":\"https:\/\/stiftadmont.at\/blog\/fasching-2023\/\"},\"author\":{\"name\":\"Barbara Kettner\",\"@id\":\"https:\/\/stiftadmont.at\/#\/schema\/person\/499d15d46340b87669776151e6037f5b\"},\"headline\":\"Fasching 2023\",\"datePublished\":\"2023-02-21T10:00:00+00:00\",\"dateModified\":\"2023-02-22T09:32:50+00:00\",\"mainEntityOfPage\":{\"@id\":\"https:\/\/stiftadmont.at\/blog\/fasching-2023\/\"},\"wordCount\":1,\"image\":{\"@id\":\"https:\/\/stiftadmont.at\/blog\/fasching-2023\/#primaryimage\"},\"thumbnailUrl\":\"https:\/\/stiftadmont.at\/wp-content\/uploads\/Fasching2023_20230221_123227-scaled.jpg\",\"articleSection\":[\"Kloster aktuell\"],\"inLanguage\":\"fr-FR\"},{\"@type\":\"WebPage\",\"@id\":\"https:\/\/stiftadmont.at\/blog\/fasching-2023\/\",\"url\":\"https:\/\/stiftadmont.at\/blog\/fasching-2023\/\",\"name\":\"Fasching 2023 - Stift Admont\",\"isPartOf\":{\"@id\":\"https:\/\/stiftadmont.at\/#website\"},\"primaryImageOfPage\":{\"@id\":\"https:\/\/stiftadmont.at\/blog\/fasching-2023\/#primaryimage\"},\"image\":{\"@id\":\"https:\/\/stiftadmont.at\/blog\/fasching-2023\/#primaryimage\"},\"thumbnailUrl\":\"https:\/\/stiftadmont.at\/wp-content\/uploads\/Fasching2023_20230221_123227-scaled.jpg\",\"datePublished\":\"2023-02-21T10:00:00+00:00\",\"dateModified\":\"2023-02-22T09:32:50+00:00\",\"author\":{\"@id\":\"https:\/\/stiftadmont.at\/#\/schema\/person\/499d15d46340b87669776151e6037f5b\"},\"description\":\"Lesen Sie aktuelle Informationen zum Thema Fasching 2023 und vieles mehr aus dem Konvent und der Pfarre Admont.\",\"breadcrumb\":{\"@id\":\"https:\/\/stiftadmont.at\/blog\/fasching-2023\/#breadcrumb\"},\"inLanguage\":\"fr-FR\",\"potentialAction\":[{\"@type\":\"ReadAction\",\"target\":[\"https:\/\/stiftadmont.at\/blog\/fasching-2023\/\"]}]},{\"@type\":\"ImageObject\",\"inLanguage\":\"fr-FR\",\"@id\":\"https:\/\/stiftadmont.at\/blog\/fasching-2023\/#primaryimage\",\"url\":\"https:\/\/stiftadmont.at\/wp-content\/uploads\/Fasching2023_20230221_123227-scaled.jpg\",\"contentUrl\":\"https:\/\/stiftadmont.at\/wp-content\/uploads\/Fasching2023_20230221_123227-scaled.jpg\",\"width\":2560,\"height\":1920,\"caption\":\"Fasching2023 20230221 123227 scaled\"},{\"@type\":\"BreadcrumbList\",\"@id\":\"https:\/\/stiftadmont.at\/blog\/fasching-2023\/#breadcrumb\",\"itemListElement\":[{\"@type\":\"ListItem\",\"position\":1,\"name\":\"Start\",\"item\":\"https:\/\/stiftadmont.at\/\"},{\"@type\":\"ListItem\",\"position\":2,\"name\":\"Fasching 2023\"}]},{\"@type\":\"WebSite\",\"@id\":\"https:\/\/stiftadmont.at\/#website\",\"url\":\"https:\/\/stiftadmont.at\/\",\"name\":\"Stift Admont\",\"description\":\"Benediktinerkloster und Sehensw\u00fcrdigkeit im Ges\u00e4use\",\"potentialAction\":[{\"@type\":\"SearchAction\",\"target\":{\"@type\":\"EntryPoint\",\"urlTemplate\":\"https:\/\/stiftadmont.at\/?s={search_term_string}\"},\"query-input\":{\"@type\":\"PropertyValueSpecification\",\"valueRequired\":true,\"valueName\":\"search_term_string\"}}],\"inLanguage\":\"fr-FR\"},{\"@type\":\"Person\",\"@id\":\"https:\/\/stiftadmont.at\/#\/schema\/person\/499d15d46340b87669776151e6037f5b\",\"name\":\"Barbara Kettner\"}]}<\/script>\n<!-- \/ Yoast SEO Premium plugin. -->","yoast_head_json":{"title":"Carnaval 2023 - Abbaye d'Admont","description":"Lisez les informations actuelles sur le th\u00e8me du carnaval 2023 et bien d'autres choses encore sur le couvent et la paroisse d'Admont.","robots":{"index":"index","follow":"follow","max-snippet":"max-snippet:-1","max-image-preview":"max-image-preview:large","max-video-preview":"max-video-preview:-1"},"canonical":"https:\/\/stiftadmont.at\/fr\/blog\/carnaval-2023\/","og_locale":"fr_FR","og_type":"article","og_title":"Fasching 2023","og_description":"Lesen Sie aktuelle Informationen zum Thema Fasching 2023 und vieles mehr aus dem Konvent und der Pfarre Admont.","og_url":"https:\/\/stiftadmont.at\/fr\/blog\/carnaval-2023\/","og_site_name":"Stift Admont","article_published_time":"2023-02-21T10:00:00+00:00","article_modified_time":"2023-02-22T09:32:50+00:00","og_image":[{"width":2560,"height":1920,"url":"https:\/\/stiftadmont.at\/wp-content\/uploads\/Fasching2023_20230221_123227-scaled.jpg","type":"image\/jpeg"}],"author":"Barbara Kettner","twitter_card":"summary_large_image","twitter_misc":{"\u00c9crit par":"Barbara Kettner"},"schema":{"@context":"https:\/\/schema.org","@graph":[{"@type":"Article","@id":"https:\/\/stiftadmont.at\/blog\/fasching-2023\/#article","isPartOf":{"@id":"https:\/\/stiftadmont.at\/blog\/fasching-2023\/"},"author":{"name":"Barbara Kettner","@id":"https:\/\/stiftadmont.at\/#\/schema\/person\/499d15d46340b87669776151e6037f5b"},"headline":"Fasching 2023","datePublished":"2023-02-21T10:00:00+00:00","dateModified":"2023-02-22T09:32:50+00:00","mainEntityOfPage":{"@id":"https:\/\/stiftadmont.at\/blog\/fasching-2023\/"},"wordCount":1,"image":{"@id":"https:\/\/stiftadmont.at\/blog\/fasching-2023\/#primaryimage"},"thumbnailUrl":"https:\/\/stiftadmont.at\/wp-content\/uploads\/Fasching2023_20230221_123227-scaled.jpg","articleSection":["Kloster aktuell"],"inLanguage":"fr-FR"},{"@type":"WebPage","@id":"https:\/\/stiftadmont.at\/blog\/fasching-2023\/","url":"https:\/\/stiftadmont.at\/blog\/fasching-2023\/","name":"Carnaval 2023 - Abbaye d'Admont","isPartOf":{"@id":"https:\/\/stiftadmont.at\/#website"},"primaryImageOfPage":{"@id":"https:\/\/stiftadmont.at\/blog\/fasching-2023\/#primaryimage"},"image":{"@id":"https:\/\/stiftadmont.at\/blog\/fasching-2023\/#primaryimage"},"thumbnailUrl":"https:\/\/stiftadmont.at\/wp-content\/uploads\/Fasching2023_20230221_123227-scaled.jpg","datePublished":"2023-02-21T10:00:00+00:00","dateModified":"2023-02-22T09:32:50+00:00","author":{"@id":"https:\/\/stiftadmont.at\/#\/schema\/person\/499d15d46340b87669776151e6037f5b"},"description":"Lisez les informations actuelles sur le th\u00e8me du carnaval 2023 et bien d'autres choses encore sur le couvent et la paroisse d'Admont.","breadcrumb":{"@id":"https:\/\/stiftadmont.at\/blog\/fasching-2023\/#breadcrumb"},"inLanguage":"fr-FR","potentialAction":[{"@type":"ReadAction","target":["https:\/\/stiftadmont.at\/blog\/fasching-2023\/"]}]},{"@type":"ImageObject","inLanguage":"fr-FR","@id":"https:\/\/stiftadmont.at\/blog\/fasching-2023\/#primaryimage","url":"https:\/\/stiftadmont.at\/wp-content\/uploads\/Fasching2023_20230221_123227-scaled.jpg","contentUrl":"https:\/\/stiftadmont.at\/wp-content\/uploads\/Fasching2023_20230221_123227-scaled.jpg","width":2560,"height":1920,"caption":"Fasching2023 20230221 123227 scaled"},{"@type":"BreadcrumbList","@id":"https:\/\/stiftadmont.at\/blog\/fasching-2023\/#breadcrumb","itemListElement":[{"@type":"ListItem","position":1,"name":"Start","item":"https:\/\/stiftadmont.at\/"},{"@type":"ListItem","position":2,"name":"Fasching 2023"}]},{"@type":"WebSite","@id":"https:\/\/stiftadmont.at\/#website","url":"https:\/\/stiftadmont.at\/","name":"Abbaye d'Admont","description":"Monast\u00e8re b\u00e9n\u00e9dictin et attraction touristique dans le Ges\u00e4use","potentialAction":[{"@type":"SearchAction","target":{"@type":"EntryPoint","urlTemplate":"https:\/\/stiftadmont.at\/?s={search_term_string}"},"query-input":{"@type":"PropertyValueSpecification","valueRequired":true,"valueName":"search_term_string"}}],"inLanguage":"fr-FR"},{"@type":"Person","@id":"https:\/\/stiftadmont.at\/#\/schema\/person\/499d15d46340b87669776151e6037f5b","name":"Barbara Kettner"}]}},"_links":{"self":[{"href":"https:\/\/stiftadmont.at\/fr\/wp-json\/wp\/v2\/posts\/16787","targetHints":{"allow":["GET"]}}],"collection":[{"href":"https:\/\/stiftadmont.at\/fr\/wp-json\/wp\/v2\/posts"}],"about":[{"href":"https:\/\/stiftadmont.at\/fr\/wp-json\/wp\/v2\/types\/post"}],"author":[{"embeddable":true,"href":"https:\/\/stiftadmont.at\/fr\/wp-json\/wp\/v2\/users\/18"}],"replies":[{"embeddable":true,"href":"https:\/\/stiftadmont.at\/fr\/wp-json\/wp\/v2\/comments?post=16787"}],"version-history":[{"count":3,"href":"https:\/\/stiftadmont.at\/fr\/wp-json\/wp\/v2\/posts\/16787\/revisions"}],"predecessor-version":[{"id":16791,"href":"https:\/\/stiftadmont.at\/fr\/wp-json\/wp\/v2\/posts\/16787\/revisions\/16791"}],"wp:featuredmedia":[{"embeddable":true,"href":"https:\/\/stiftadmont.at\/fr\/wp-json\/wp\/v2\/media\/16788"}],"wp:attachment":[{"href":"https:\/\/stiftadmont.at\/fr\/wp-json\/wp\/v2\/media?parent=16787"}],"wp:term":[{"taxonomy":"category","embeddable":true,"href":"https:\/\/stiftadmont.at\/fr\/wp-json\/wp\/v2\/categories?post=16787"}],"curies":[{"name":"wp","href":"https:\/\/api.w.org\/{rel}","templated":true}]}}