{"id":19975,"date":"2023-09-04T14:00:39","date_gmt":"2023-09-04T12:00:39","guid":{"rendered":"https:\/\/stiftadmont.at\/?p=19975"},"modified":"2023-09-12T11:15:30","modified_gmt":"2023-09-12T09:15:30","slug":"nouveaux-apprentis-2023","status":"publish","type":"post","link":"https:\/\/stiftadmont.at\/fr\/blog\/neue-lehrlinge-2023\/","title":{"rendered":"Nouveaux apprentis en 2023"},"content":{"rendered":"<section id='lightpress__section--block_0ee8176cad6cec895a7ee87f3138cbd6' class='lightpress__section--default-section-space lightpress__section lightpress__section--content'><div class=\"content__inner\"\n         x-init=\"initContentBlockAnim($el)\">\n        \n    <div class=\"content__grid content__grid--fifty-fifty\">\n                                            <div class=\"content__box content__box\"\n                 style=\"\">\n                                \n                \n                                            <div class=\"prose\"><p class=\"paragraph-m\"><strong>Lundi 04 septembre 2023<\/strong><\/p>\n<p class=\"paragraph-m\">Nous sommes heureux d'accueillir aujourd'hui quatre nouveaux apprentis dans notre entreprise, qui souhaitent apprendre les m\u00e9tiers de technicien en m\u00e9tallurgie, de m\u00e9catronicien, d'\u00e9lectrotechnicien et d'agent commercial industriel. Tous nos v\u0153ux de r\u00e9ussite pour vos d\u00e9buts dans la vie professionnelle !<\/p>\n<\/div>\n                    \n                            <\/div>\n        \n                                                    <div class=\"content__box content__box--2\"\n                     >\n                                        \n                    \n                                                <div class=\"content__media stickyTo\" x-init=\"imageSticky($el)\">\n\n                                                                                    <picture\n                                    class=\"content__image sticky image-overlay\">\n                                <source srcset=\"https:\/\/stiftadmont.at\/wp-content\/uploads\/Admonter-Neue-Lehrlinge-2023-1024x768.webp\" type=\"image\/webp\">\n                                <source srcset=\"https:\/\/stiftadmont.at\/wp-content\/uploads\/Admonter-Neue-Lehrlinge-2023-1024x768.jpg\" type=\"image\/jpeg\">\n                                <img decoding=\"async\" class=\"sticky\" loading=\"lazy\" src=\"https:\/\/stiftadmont.at\/wp-content\/uploads\/Admonter-Neue-Lehrlinge-2023-1024x768.jpg\" alt=\"Admonter Nouveaux apprentis 2023\" \/>\n\n                                                                                                                            <\/picture>\n\n                        <\/div>\n\n                                    <\/div>\n            \n            <\/div>\n<\/div>\n\n<\/section>","protected":false},"excerpt":{"rendered":"<p>Nous sommes heureux d'accueillir aujourd'hui quatre nouveaux apprentis dans notre entreprise.<\/p>","protected":false},"author":7,"featured_media":19976,"comment_status":"closed","ping_status":"closed","sticky":false,"template":"","format":"standard","meta":{"_acf_changed":false,"footnotes":""},"categories":[23],"class_list":["post-19975","post","type-post","status-publish","format-standard","has-post-thumbnail","hentry","category-einrichtungen-aktuell"],"acf":[],"yoast_head":"<!-- This site is optimized with the Yoast SEO Premium plugin v26.0 (Yoast SEO v26.8) - https:\/\/yoast.com\/product\/yoast-seo-premium-wordpress\/ -->\n<title>Neue Lehrlinge 2023 - Stift Admont<\/title>\n<meta name=\"description\" content=\"Lesen Sie aktuelle Informationen zum Thema Neue Lehrlinge 2023 und vieles mehr aus dem Konvent und der Pfarre Admont.\" \/>\n<meta name=\"robots\" content=\"index, follow, max-snippet:-1, max-image-preview:large, max-video-preview:-1\" \/>\n<link rel=\"canonical\" href=\"https:\/\/stiftadmont.at\/fr\/blog\/nouveaux-apprentis-2023\/\" \/>\n<meta property=\"og:locale\" content=\"fr_FR\" \/>\n<meta property=\"og:type\" content=\"article\" \/>\n<meta property=\"og:title\" content=\"Neue Lehrlinge 2023\" \/>\n<meta property=\"og:description\" content=\"Lesen Sie aktuelle Informationen zum Thema Neue Lehrlinge 2023 und vieles mehr aus dem Konvent und der Pfarre Admont.\" \/>\n<meta property=\"og:url\" content=\"https:\/\/stiftadmont.at\/fr\/blog\/nouveaux-apprentis-2023\/\" \/>\n<meta property=\"og:site_name\" content=\"Stift Admont\" \/>\n<meta property=\"article:published_time\" content=\"2023-09-04T12:00:39+00:00\" \/>\n<meta property=\"article:modified_time\" content=\"2023-09-12T09:15:30+00:00\" \/>\n<meta property=\"og:image\" content=\"https:\/\/stiftadmont.at\/wp-content\/uploads\/Admonter-Neue-Lehrlinge-2023.jpg\" \/>\n\t<meta property=\"og:image:width\" content=\"2048\" \/>\n\t<meta property=\"og:image:height\" content=\"1536\" \/>\n\t<meta property=\"og:image:type\" content=\"image\/jpeg\" \/>\n<meta name=\"author\" content=\"Mario Brandm\u00fcller\" \/>\n<meta name=\"twitter:card\" content=\"summary_large_image\" \/>\n<meta name=\"twitter:label1\" content=\"\u00c9crit par\" \/>\n\t<meta name=\"twitter:data1\" content=\"Mario Brandm\u00fcller\" \/>\n<script type=\"application\/ld+json\" class=\"yoast-schema-graph\">{\"@context\":\"https:\/\/schema.org\",\"@graph\":[{\"@type\":\"Article\",\"@id\":\"https:\/\/stiftadmont.at\/blog\/neue-lehrlinge-2023\/#article\",\"isPartOf\":{\"@id\":\"https:\/\/stiftadmont.at\/blog\/neue-lehrlinge-2023\/\"},\"author\":{\"name\":\"Mario Brandm\u00fcller\",\"@id\":\"https:\/\/stiftadmont.at\/#\/schema\/person\/30535548b241d5f33a2e8b839db11869\"},\"headline\":\"Neue Lehrlinge 2023\",\"datePublished\":\"2023-09-04T12:00:39+00:00\",\"dateModified\":\"2023-09-12T09:15:30+00:00\",\"mainEntityOfPage\":{\"@id\":\"https:\/\/stiftadmont.at\/blog\/neue-lehrlinge-2023\/\"},\"wordCount\":2,\"image\":{\"@id\":\"https:\/\/stiftadmont.at\/blog\/neue-lehrlinge-2023\/#primaryimage\"},\"thumbnailUrl\":\"https:\/\/stiftadmont.at\/wp-content\/uploads\/Admonter-Neue-Lehrlinge-2023.jpg\",\"articleSection\":[\"Einrichtungen aktuell\"],\"inLanguage\":\"fr-FR\"},{\"@type\":\"WebPage\",\"@id\":\"https:\/\/stiftadmont.at\/blog\/neue-lehrlinge-2023\/\",\"url\":\"https:\/\/stiftadmont.at\/blog\/neue-lehrlinge-2023\/\",\"name\":\"Neue Lehrlinge 2023 - Stift Admont\",\"isPartOf\":{\"@id\":\"https:\/\/stiftadmont.at\/#website\"},\"primaryImageOfPage\":{\"@id\":\"https:\/\/stiftadmont.at\/blog\/neue-lehrlinge-2023\/#primaryimage\"},\"image\":{\"@id\":\"https:\/\/stiftadmont.at\/blog\/neue-lehrlinge-2023\/#primaryimage\"},\"thumbnailUrl\":\"https:\/\/stiftadmont.at\/wp-content\/uploads\/Admonter-Neue-Lehrlinge-2023.jpg\",\"datePublished\":\"2023-09-04T12:00:39+00:00\",\"dateModified\":\"2023-09-12T09:15:30+00:00\",\"author\":{\"@id\":\"https:\/\/stiftadmont.at\/#\/schema\/person\/30535548b241d5f33a2e8b839db11869\"},\"description\":\"Lesen Sie aktuelle Informationen zum Thema Neue Lehrlinge 2023 und vieles mehr aus dem Konvent und der Pfarre Admont.\",\"breadcrumb\":{\"@id\":\"https:\/\/stiftadmont.at\/blog\/neue-lehrlinge-2023\/#breadcrumb\"},\"inLanguage\":\"fr-FR\",\"potentialAction\":[{\"@type\":\"ReadAction\",\"target\":[\"https:\/\/stiftadmont.at\/blog\/neue-lehrlinge-2023\/\"]}]},{\"@type\":\"ImageObject\",\"inLanguage\":\"fr-FR\",\"@id\":\"https:\/\/stiftadmont.at\/blog\/neue-lehrlinge-2023\/#primaryimage\",\"url\":\"https:\/\/stiftadmont.at\/wp-content\/uploads\/Admonter-Neue-Lehrlinge-2023.jpg\",\"contentUrl\":\"https:\/\/stiftadmont.at\/wp-content\/uploads\/Admonter-Neue-Lehrlinge-2023.jpg\",\"width\":2048,\"height\":1536,\"caption\":\"Admonter Neue Lehrlinge 2023\"},{\"@type\":\"BreadcrumbList\",\"@id\":\"https:\/\/stiftadmont.at\/blog\/neue-lehrlinge-2023\/#breadcrumb\",\"itemListElement\":[{\"@type\":\"ListItem\",\"position\":1,\"name\":\"Start\",\"item\":\"https:\/\/stiftadmont.at\/\"},{\"@type\":\"ListItem\",\"position\":2,\"name\":\"Neue Lehrlinge 2023\"}]},{\"@type\":\"WebSite\",\"@id\":\"https:\/\/stiftadmont.at\/#website\",\"url\":\"https:\/\/stiftadmont.at\/\",\"name\":\"Stift Admont\",\"description\":\"Benediktinerkloster und Sehensw\u00fcrdigkeit im Ges\u00e4use\",\"potentialAction\":[{\"@type\":\"SearchAction\",\"target\":{\"@type\":\"EntryPoint\",\"urlTemplate\":\"https:\/\/stiftadmont.at\/?s={search_term_string}\"},\"query-input\":{\"@type\":\"PropertyValueSpecification\",\"valueRequired\":true,\"valueName\":\"search_term_string\"}}],\"inLanguage\":\"fr-FR\"},{\"@type\":\"Person\",\"@id\":\"https:\/\/stiftadmont.at\/#\/schema\/person\/30535548b241d5f33a2e8b839db11869\",\"name\":\"Mario Brandm\u00fcller\"}]}<\/script>\n<!-- \/ Yoast SEO Premium plugin. -->","yoast_head_json":{"title":"Nouveaux apprentis 2023 - Stift Admont","description":"Lisez les informations actuelles sur le th\u00e8me des nouveaux apprentis 2023 et bien d'autres choses encore sur le couvent et la paroisse d'Admont.","robots":{"index":"index","follow":"follow","max-snippet":"max-snippet:-1","max-image-preview":"max-image-preview:large","max-video-preview":"max-video-preview:-1"},"canonical":"https:\/\/stiftadmont.at\/fr\/blog\/nouveaux-apprentis-2023\/","og_locale":"fr_FR","og_type":"article","og_title":"Neue Lehrlinge 2023","og_description":"Lesen Sie aktuelle Informationen zum Thema Neue Lehrlinge 2023 und vieles mehr aus dem Konvent und der Pfarre Admont.","og_url":"https:\/\/stiftadmont.at\/fr\/blog\/nouveaux-apprentis-2023\/","og_site_name":"Stift Admont","article_published_time":"2023-09-04T12:00:39+00:00","article_modified_time":"2023-09-12T09:15:30+00:00","og_image":[{"width":2048,"height":1536,"url":"https:\/\/stiftadmont.at\/wp-content\/uploads\/Admonter-Neue-Lehrlinge-2023.jpg","type":"image\/jpeg"}],"author":"Mario Brandm\u00fcller","twitter_card":"summary_large_image","twitter_misc":{"\u00c9crit par":"Mario Brandm\u00fcller"},"schema":{"@context":"https:\/\/schema.org","@graph":[{"@type":"Article","@id":"https:\/\/stiftadmont.at\/blog\/neue-lehrlinge-2023\/#article","isPartOf":{"@id":"https:\/\/stiftadmont.at\/blog\/neue-lehrlinge-2023\/"},"author":{"name":"Mario Brandm\u00fcller","@id":"https:\/\/stiftadmont.at\/#\/schema\/person\/30535548b241d5f33a2e8b839db11869"},"headline":"Neue Lehrlinge 2023","datePublished":"2023-09-04T12:00:39+00:00","dateModified":"2023-09-12T09:15:30+00:00","mainEntityOfPage":{"@id":"https:\/\/stiftadmont.at\/blog\/neue-lehrlinge-2023\/"},"wordCount":2,"image":{"@id":"https:\/\/stiftadmont.at\/blog\/neue-lehrlinge-2023\/#primaryimage"},"thumbnailUrl":"https:\/\/stiftadmont.at\/wp-content\/uploads\/Admonter-Neue-Lehrlinge-2023.jpg","articleSection":["Einrichtungen aktuell"],"inLanguage":"fr-FR"},{"@type":"WebPage","@id":"https:\/\/stiftadmont.at\/blog\/neue-lehrlinge-2023\/","url":"https:\/\/stiftadmont.at\/blog\/neue-lehrlinge-2023\/","name":"Nouveaux apprentis 2023 - Stift Admont","isPartOf":{"@id":"https:\/\/stiftadmont.at\/#website"},"primaryImageOfPage":{"@id":"https:\/\/stiftadmont.at\/blog\/neue-lehrlinge-2023\/#primaryimage"},"image":{"@id":"https:\/\/stiftadmont.at\/blog\/neue-lehrlinge-2023\/#primaryimage"},"thumbnailUrl":"https:\/\/stiftadmont.at\/wp-content\/uploads\/Admonter-Neue-Lehrlinge-2023.jpg","datePublished":"2023-09-04T12:00:39+00:00","dateModified":"2023-09-12T09:15:30+00:00","author":{"@id":"https:\/\/stiftadmont.at\/#\/schema\/person\/30535548b241d5f33a2e8b839db11869"},"description":"Lisez les informations actuelles sur le th\u00e8me des nouveaux apprentis 2023 et bien d'autres choses encore sur le couvent et la paroisse d'Admont.","breadcrumb":{"@id":"https:\/\/stiftadmont.at\/blog\/neue-lehrlinge-2023\/#breadcrumb"},"inLanguage":"fr-FR","potentialAction":[{"@type":"ReadAction","target":["https:\/\/stiftadmont.at\/blog\/neue-lehrlinge-2023\/"]}]},{"@type":"ImageObject","inLanguage":"fr-FR","@id":"https:\/\/stiftadmont.at\/blog\/neue-lehrlinge-2023\/#primaryimage","url":"https:\/\/stiftadmont.at\/wp-content\/uploads\/Admonter-Neue-Lehrlinge-2023.jpg","contentUrl":"https:\/\/stiftadmont.at\/wp-content\/uploads\/Admonter-Neue-Lehrlinge-2023.jpg","width":2048,"height":1536,"caption":"Admonter Neue Lehrlinge 2023"},{"@type":"BreadcrumbList","@id":"https:\/\/stiftadmont.at\/blog\/neue-lehrlinge-2023\/#breadcrumb","itemListElement":[{"@type":"ListItem","position":1,"name":"Start","item":"https:\/\/stiftadmont.at\/"},{"@type":"ListItem","position":2,"name":"Neue Lehrlinge 2023"}]},{"@type":"WebSite","@id":"https:\/\/stiftadmont.at\/#website","url":"https:\/\/stiftadmont.at\/","name":"Abbaye d'Admont","description":"Monast\u00e8re b\u00e9n\u00e9dictin et attraction touristique dans le Ges\u00e4use","potentialAction":[{"@type":"SearchAction","target":{"@type":"EntryPoint","urlTemplate":"https:\/\/stiftadmont.at\/?s={search_term_string}"},"query-input":{"@type":"PropertyValueSpecification","valueRequired":true,"valueName":"search_term_string"}}],"inLanguage":"fr-FR"},{"@type":"Person","@id":"https:\/\/stiftadmont.at\/#\/schema\/person\/30535548b241d5f33a2e8b839db11869","name":"Mario Brandm\u00fcller"}]}},"_links":{"self":[{"href":"https:\/\/stiftadmont.at\/fr\/wp-json\/wp\/v2\/posts\/19975","targetHints":{"allow":["GET"]}}],"collection":[{"href":"https:\/\/stiftadmont.at\/fr\/wp-json\/wp\/v2\/posts"}],"about":[{"href":"https:\/\/stiftadmont.at\/fr\/wp-json\/wp\/v2\/types\/post"}],"author":[{"embeddable":true,"href":"https:\/\/stiftadmont.at\/fr\/wp-json\/wp\/v2\/users\/7"}],"replies":[{"embeddable":true,"href":"https:\/\/stiftadmont.at\/fr\/wp-json\/wp\/v2\/comments?post=19975"}],"version-history":[{"count":18,"href":"https:\/\/stiftadmont.at\/fr\/wp-json\/wp\/v2\/posts\/19975\/revisions"}],"predecessor-version":[{"id":19996,"href":"https:\/\/stiftadmont.at\/fr\/wp-json\/wp\/v2\/posts\/19975\/revisions\/19996"}],"wp:featuredmedia":[{"embeddable":true,"href":"https:\/\/stiftadmont.at\/fr\/wp-json\/wp\/v2\/media\/19976"}],"wp:attachment":[{"href":"https:\/\/stiftadmont.at\/fr\/wp-json\/wp\/v2\/media?parent=19975"}],"wp:term":[{"taxonomy":"category","embeddable":true,"href":"https:\/\/stiftadmont.at\/fr\/wp-json\/wp\/v2\/categories?post=19975"}],"curies":[{"name":"wp","href":"https:\/\/api.w.org\/{rel}","templated":true}]}}