{"id":26060,"date":"2024-02-09T20:13:58","date_gmt":"2024-02-09T18:13:58","guid":{"rendered":"https:\/\/stiftadmont.at\/?p=26060"},"modified":"2024-02-09T20:24:48","modified_gmt":"2024-02-09T18:24:48","slug":"une-artiste-cree-une-piece-unique-pour-la-collegiale-dadmont","status":"publish","type":"post","link":"https:\/\/stiftadmont.at\/fr\/blog\/kuenstlerin-schuf-unikat-fuer-die-stiftskirche-admont\/","title":{"rendered":"Une artiste a cr\u00e9\u00e9 une pi\u00e8ce unique pour l'abbaye d'Admont"},"content":{"rendered":"<section id='lightpress__section--block_4c353eabc60576be3c53da93713be1c9' class='lightpress__section--default-section-space lightpress__section lightpress__section--content'><div class=\"content__inner\"\n         x-init=\"initContentBlockAnim($el)\">\n        \n    <div class=\"content__grid content__grid\">\n                                            <div class=\"content__box content__box--one-hundred\"\n                 style=\"\">\n                                \n                \n                                            <div class=\"prose\"><h1 class=\"line line--gold\">K\u00fcnstlerin schuf Unikat f\u00fcr die Stiftskirche Admont<\/h1>\n<p class=\"paragraph-m\"><strong>Freitag, 09. Februar 2024<\/strong><\/p>\n<p class=\"paragraph-m\">Am Aschermittwoch, 14. Februar, wird das Fastentuch der K\u00fcnstlerin Lisa Huber um 18:30 Uhr in der Stiftskirche in Admont im Rahmen des Aschermittwochsgottesdienstes gesegnet. Dort wird es bis Pfingstmontag zu sehen sein.<\/p>\n<p class=\"paragraph-m\">Die Werke der K\u00fcnstlerin Lisa Huber waren bereits auf zahlreichen internationalen Ausstellungen zu sehen. Im Zentrum ihres Schaffens stehen vor allem Zyklen nach biblischen Themen und christlichen \u00dcberlieferungen. Ihre Kunst war bereits u.a. in vielen bekannten Gottesh\u00e4usern, wie dem Klagenfurter Dom, Wiener Stephansdom, Kaiserdom Bamberg, Dom zu Worms, Stadtpfarrkirche Villach, Romanische Klosterkirche Bursfelde bei G\u00f6ttingen, und der Pfarrkirche Heiligenblut in K\u00e4rnten, zu sehen. Die 3 Kirchenfenster in Fresach und die Neugestaltung des Kreuzwegs am Kalvarienberg in Sachsenburg in K\u00e4rnten tragen auch ihre Handschrift.<\/p>\n<p class=\"paragraph-m\">Ihr neuestes Werk: das Fastentuch f\u00fcr die Stiftskirche Admont. Die Besonderheit der \u00fcber f\u00fcnf Meter langen Leinwand ist die angewandte Holzschnitt-Technik. Das Tuch wurde nicht maschinell, sondern in einem St\u00fcck durch Handabz\u00fcge bedruckt. Durch diesen k\u00fcnstlerischen Prozess hat Lisa Huber den Eindruck gemalter Motive erzielt und damit ein Unikat erschaffen. Nach einem eineinhalbj\u00e4hrigen Arbeitsprozess kann das Fastentuch nun am Aschermittwoch von Abt Gerhard Hafner im Rahmen des Gottesdienstes gesegnet werden. Das Kunstwerk tr\u00e4gt den Titel \u201eLamm Gottes, du nimmst hinweg die S\u00fcnden der Welt \u2026\u201c und zeigt die vier Evangelisten. F\u00fcr Abt Gerhard ist das gew\u00e4hlte Motiv eine \u201efrohe Botschaft in Zeiten, in denen wir uns nach Hoffnung und nach Worten, die uns aufrichten und Mut geben, sehnen. Denn die wichtigste Botschaft, die ich als Priester zu verk\u00fcnden habe, ist das Wort Gottes, besonders die Evangelien, in denen Jesus direkt zu uns spricht.\u201c<\/p>\n<\/div>\n                    \n                            <\/div>\n        \n            <\/div>\n<\/div>\n\n<\/section>\n\n<section id='lightpress__section--block_06692edc42363440bec3fc97496cbf79' class='lightpress__section--default-section-space lightpress__section lightpress__section--image-slider'>\n<div class=\"image-slider\"\n     x-data=\"{ gallery: null, shown: false }\"\n     x-init=\"gallery = initSliderGallery([{&quot;href&quot;:&quot;https:\\\/\\\/stiftadmont.at\\\/wp-content\\\/uploads\\\/LH_Admont_076-1920x2560.jpg&quot;,&quot;type&quot;:&quot;image&quot;},{&quot;href&quot;:&quot;https:\\\/\\\/stiftadmont.at\\\/wp-content\\\/uploads\\\/LH_Admont_023-1-1920x2560.jpg&quot;,&quot;type&quot;:&quot;image&quot;},{&quot;href&quot;:&quot;https:\\\/\\\/stiftadmont.at\\\/wp-content\\\/uploads\\\/LH_Admont_231-1920x2560.jpg&quot;,&quot;type&quot;:&quot;image&quot;},{&quot;href&quot;:&quot;https:\\\/\\\/stiftadmont.at\\\/wp-content\\\/uploads\\\/LH_Admont_160-1920x2560.jpg&quot;,&quot;type&quot;:&quot;image&quot;},{&quot;href&quot;:&quot;https:\\\/\\\/stiftadmont.at\\\/wp-content\\\/uploads\\\/LH_Admont_237-1920x2560.jpg&quot;,&quot;type&quot;:&quot;image&quot;},{&quot;href&quot;:&quot;https:\\\/\\\/stiftadmont.at\\\/wp-content\\\/uploads\\\/LH_Admont_218-1920x2560.jpg&quot;,&quot;type&quot;:&quot;image&quot;}]); initImageSliderBlockAnim($el);\">\n    <div class=\"image-slider__inner\">\n\n        <div class=\"swiper-container\" x-init=\"initImageSliderBlock($el, $refs.btnPrev, $refs.btnNext)\">\n            <div class=\"swiper-wrapper\">\n                                    <div class=\"swiper-slide\">\n                        <div class=\"image-slider__media\">\n                            <img decoding=\"async\" class=\"image-slider__image\"\n                                 src=\"https:\/\/stiftadmont.at\/wp-content\/uploads\/LH_Admont_076-768x1024.jpg\"\n                                 alt=\"Lisa Huber\">\n                        <\/div>\n                    <\/div>\n                                    <div class=\"swiper-slide\">\n                        <div class=\"image-slider__media\">\n                            <img decoding=\"async\" class=\"image-slider__image\"\n                                 src=\"https:\/\/stiftadmont.at\/wp-content\/uploads\/LH_Admont_023-1-768x1024.jpg\"\n                                 alt=\"Lisa Huber\">\n                        <\/div>\n                    <\/div>\n                                    <div class=\"swiper-slide\">\n                        <div class=\"image-slider__media\">\n                            <img decoding=\"async\" class=\"image-slider__image\"\n                                 src=\"https:\/\/stiftadmont.at\/wp-content\/uploads\/LH_Admont_231-768x1024.jpg\"\n                                 alt=\"Lisa Huber\">\n                        <\/div>\n                    <\/div>\n                                    <div class=\"swiper-slide\">\n                        <div class=\"image-slider__media\">\n                            <img decoding=\"async\" class=\"image-slider__image\"\n                                 src=\"https:\/\/stiftadmont.at\/wp-content\/uploads\/LH_Admont_160-768x1024.jpg\"\n                                 alt=\"Lisa Huber\">\n                        <\/div>\n                    <\/div>\n                                    <div class=\"swiper-slide\">\n                        <div class=\"image-slider__media\">\n                            <img decoding=\"async\" class=\"image-slider__image\"\n                                 src=\"https:\/\/stiftadmont.at\/wp-content\/uploads\/LH_Admont_237-768x1024.jpg\"\n                                 alt=\"Lisa Huber\">\n                        <\/div>\n                    <\/div>\n                                    <div class=\"swiper-slide\">\n                        <div class=\"image-slider__media\">\n                            <img decoding=\"async\" class=\"image-slider__image\"\n                                 src=\"https:\/\/stiftadmont.at\/wp-content\/uploads\/LH_Admont_218-768x1024.jpg\"\n                                 alt=\"Lisa Huber\">\n                        <\/div>\n                    <\/div>\n                            <\/div>\n\n            <div class=\"swiper-nav-wrapper\">\n                <button class=\"swiper-button-prev slider-button--prev\" x-ref=\"btnPrev\"\n                        aria-label=\"Vorige Bilder anzeigen\">\n                    <img decoding=\"async\" src=\"\/wp-content\/themes\/stift-admont\/src\/assets\/img\/arrow-left-big-new.svg\" alt=\"Pfeil nach Links\">\n                <\/button>\n\n\n                <a class=\"image-slider__gallery\" @click=\"openGallery(gallery)\"><i class=\"fa-thin fa-plus\"><\/i><\/a>\n                <button class=\"swiper-button-next slider-button--next\"\n                        x-ref=\"btnNext\"\n                        aria-label=\"N\u00e4chste Bilder anzeigen\">\n                    <img decoding=\"async\" src=\"\/wp-content\/themes\/stift-admont\/src\/assets\/img\/arrow-right-big-new.svg\" alt=\"Pfeil nach Rechts\">\n                <\/button>\n            <\/div>\n        <\/div>\n    <\/div>\n\n\n<\/div><\/section>","protected":false},"excerpt":{"rendered":"<p>Le mercredi des Cendres, 14 f\u00e9vrier, le voile de car\u00eame de l'artiste Lisa Huber sera b\u00e9ni \u00e0 18h30 \u00e0 l'abbatiale d'Admont dans le cadre de la messe du mercredi des Cendres.<\/p>","protected":false},"author":7,"featured_media":26062,"comment_status":"closed","ping_status":"closed","sticky":false,"template":"","format":"standard","meta":{"_acf_changed":false,"footnotes":""},"categories":[22],"class_list":["post-26060","post","type-post","status-publish","format-standard","has-post-thumbnail","hentry","category-kloster-aktuell"],"acf":[],"yoast_head":"<!-- This site is optimized with the Yoast SEO Premium plugin v26.0 (Yoast SEO v26.8) - https:\/\/yoast.com\/product\/yoast-seo-premium-wordpress\/ -->\n<title>K\u00fcnstlerin schuf Unikat f\u00fcr die Stiftskirche Admont - Stift Admont<\/title>\n<meta name=\"description\" content=\"Lesen Sie aktuelle Informationen zum Thema K\u00fcnstlerin schuf Unikat f\u00fcr die Stiftskirche Admont und vieles mehr aus dem Konvent und der Pfarre Admont.\" \/>\n<meta name=\"robots\" content=\"index, follow, max-snippet:-1, max-image-preview:large, max-video-preview:-1\" \/>\n<link rel=\"canonical\" href=\"https:\/\/stiftadmont.at\/fr\/blog\/une-artiste-cree-une-piece-unique-pour-la-collegiale-dadmont\/\" \/>\n<meta property=\"og:locale\" content=\"fr_FR\" \/>\n<meta property=\"og:type\" content=\"article\" \/>\n<meta property=\"og:title\" content=\"K\u00fcnstlerin schuf Unikat f\u00fcr die Stiftskirche Admont\" \/>\n<meta property=\"og:description\" content=\"Lesen Sie aktuelle Informationen zum Thema K\u00fcnstlerin schuf Unikat f\u00fcr die Stiftskirche Admont und vieles mehr aus dem Konvent und der Pfarre Admont.\" \/>\n<meta property=\"og:url\" content=\"https:\/\/stiftadmont.at\/fr\/blog\/une-artiste-cree-une-piece-unique-pour-la-collegiale-dadmont\/\" \/>\n<meta property=\"og:site_name\" content=\"Stift Admont\" \/>\n<meta property=\"article:published_time\" content=\"2024-02-09T18:13:58+00:00\" \/>\n<meta property=\"article:modified_time\" content=\"2024-02-09T18:24:48+00:00\" \/>\n<meta property=\"og:image\" content=\"https:\/\/stiftadmont.at\/wp-content\/uploads\/LH_Admont_023-1-scaled.jpg\" \/>\n\t<meta property=\"og:image:width\" content=\"1920\" \/>\n\t<meta property=\"og:image:height\" content=\"2560\" \/>\n\t<meta property=\"og:image:type\" content=\"image\/jpeg\" \/>\n<meta name=\"author\" content=\"Mario Brandm\u00fcller\" \/>\n<meta name=\"twitter:card\" content=\"summary_large_image\" \/>\n<meta name=\"twitter:label1\" content=\"\u00c9crit par\" \/>\n\t<meta name=\"twitter:data1\" content=\"Mario Brandm\u00fcller\" \/>\n<script type=\"application\/ld+json\" class=\"yoast-schema-graph\">{\"@context\":\"https:\/\/schema.org\",\"@graph\":[{\"@type\":\"Article\",\"@id\":\"https:\/\/stiftadmont.at\/blog\/kuenstlerin-schuf-unikat-fuer-die-stiftskirche-admont\/#article\",\"isPartOf\":{\"@id\":\"https:\/\/stiftadmont.at\/blog\/kuenstlerin-schuf-unikat-fuer-die-stiftskirche-admont\/\"},\"author\":{\"name\":\"Mario Brandm\u00fcller\",\"@id\":\"https:\/\/stiftadmont.at\/#\/schema\/person\/30535548b241d5f33a2e8b839db11869\"},\"headline\":\"K\u00fcnstlerin schuf Unikat f\u00fcr die Stiftskirche Admont\",\"datePublished\":\"2024-02-09T18:13:58+00:00\",\"dateModified\":\"2024-02-09T18:24:48+00:00\",\"mainEntityOfPage\":{\"@id\":\"https:\/\/stiftadmont.at\/blog\/kuenstlerin-schuf-unikat-fuer-die-stiftskirche-admont\/\"},\"wordCount\":9,\"image\":{\"@id\":\"https:\/\/stiftadmont.at\/blog\/kuenstlerin-schuf-unikat-fuer-die-stiftskirche-admont\/#primaryimage\"},\"thumbnailUrl\":\"https:\/\/stiftadmont.at\/wp-content\/uploads\/LH_Admont_023-1-scaled.jpg\",\"articleSection\":[\"Kloster aktuell\"],\"inLanguage\":\"fr-FR\"},{\"@type\":\"WebPage\",\"@id\":\"https:\/\/stiftadmont.at\/blog\/kuenstlerin-schuf-unikat-fuer-die-stiftskirche-admont\/\",\"url\":\"https:\/\/stiftadmont.at\/blog\/kuenstlerin-schuf-unikat-fuer-die-stiftskirche-admont\/\",\"name\":\"K\u00fcnstlerin schuf Unikat f\u00fcr die Stiftskirche Admont - Stift Admont\",\"isPartOf\":{\"@id\":\"https:\/\/stiftadmont.at\/#website\"},\"primaryImageOfPage\":{\"@id\":\"https:\/\/stiftadmont.at\/blog\/kuenstlerin-schuf-unikat-fuer-die-stiftskirche-admont\/#primaryimage\"},\"image\":{\"@id\":\"https:\/\/stiftadmont.at\/blog\/kuenstlerin-schuf-unikat-fuer-die-stiftskirche-admont\/#primaryimage\"},\"thumbnailUrl\":\"https:\/\/stiftadmont.at\/wp-content\/uploads\/LH_Admont_023-1-scaled.jpg\",\"datePublished\":\"2024-02-09T18:13:58+00:00\",\"dateModified\":\"2024-02-09T18:24:48+00:00\",\"author\":{\"@id\":\"https:\/\/stiftadmont.at\/#\/schema\/person\/30535548b241d5f33a2e8b839db11869\"},\"description\":\"Lesen Sie aktuelle Informationen zum Thema K\u00fcnstlerin schuf Unikat f\u00fcr die Stiftskirche Admont und vieles mehr aus dem Konvent und der Pfarre Admont.\",\"breadcrumb\":{\"@id\":\"https:\/\/stiftadmont.at\/blog\/kuenstlerin-schuf-unikat-fuer-die-stiftskirche-admont\/#breadcrumb\"},\"inLanguage\":\"fr-FR\",\"potentialAction\":[{\"@type\":\"ReadAction\",\"target\":[\"https:\/\/stiftadmont.at\/blog\/kuenstlerin-schuf-unikat-fuer-die-stiftskirche-admont\/\"]}]},{\"@type\":\"ImageObject\",\"inLanguage\":\"fr-FR\",\"@id\":\"https:\/\/stiftadmont.at\/blog\/kuenstlerin-schuf-unikat-fuer-die-stiftskirche-admont\/#primaryimage\",\"url\":\"https:\/\/stiftadmont.at\/wp-content\/uploads\/LH_Admont_023-1-scaled.jpg\",\"contentUrl\":\"https:\/\/stiftadmont.at\/wp-content\/uploads\/LH_Admont_023-1-scaled.jpg\",\"width\":1920,\"height\":2560,\"caption\":\"Lisa Huber\"},{\"@type\":\"BreadcrumbList\",\"@id\":\"https:\/\/stiftadmont.at\/blog\/kuenstlerin-schuf-unikat-fuer-die-stiftskirche-admont\/#breadcrumb\",\"itemListElement\":[{\"@type\":\"ListItem\",\"position\":1,\"name\":\"Start\",\"item\":\"https:\/\/stiftadmont.at\/\"},{\"@type\":\"ListItem\",\"position\":2,\"name\":\"K\u00fcnstlerin schuf Unikat f\u00fcr die Stiftskirche Admont\"}]},{\"@type\":\"WebSite\",\"@id\":\"https:\/\/stiftadmont.at\/#website\",\"url\":\"https:\/\/stiftadmont.at\/\",\"name\":\"Stift Admont\",\"description\":\"Benediktinerkloster und Sehensw\u00fcrdigkeit im Ges\u00e4use\",\"potentialAction\":[{\"@type\":\"SearchAction\",\"target\":{\"@type\":\"EntryPoint\",\"urlTemplate\":\"https:\/\/stiftadmont.at\/?s={search_term_string}\"},\"query-input\":{\"@type\":\"PropertyValueSpecification\",\"valueRequired\":true,\"valueName\":\"search_term_string\"}}],\"inLanguage\":\"fr-FR\"},{\"@type\":\"Person\",\"@id\":\"https:\/\/stiftadmont.at\/#\/schema\/person\/30535548b241d5f33a2e8b839db11869\",\"name\":\"Mario Brandm\u00fcller\"}]}<\/script>\n<!-- \/ Yoast SEO Premium plugin. -->","yoast_head_json":{"title":"Une artiste a cr\u00e9\u00e9 une pi\u00e8ce unique pour l'abbatiale d'Admont - Stift Admont","description":"Lisez les informations actuelles sur le th\u00e8me L'artiste a cr\u00e9\u00e9 une pi\u00e8ce unique pour l'\u00e9glise abbatiale d'Admont et bien d'autres informations sur le couvent et la paroisse d'Admont.","robots":{"index":"index","follow":"follow","max-snippet":"max-snippet:-1","max-image-preview":"max-image-preview:large","max-video-preview":"max-video-preview:-1"},"canonical":"https:\/\/stiftadmont.at\/fr\/blog\/une-artiste-cree-une-piece-unique-pour-la-collegiale-dadmont\/","og_locale":"fr_FR","og_type":"article","og_title":"K\u00fcnstlerin schuf Unikat f\u00fcr die Stiftskirche Admont","og_description":"Lesen Sie aktuelle Informationen zum Thema K\u00fcnstlerin schuf Unikat f\u00fcr die Stiftskirche Admont und vieles mehr aus dem Konvent und der Pfarre Admont.","og_url":"https:\/\/stiftadmont.at\/fr\/blog\/une-artiste-cree-une-piece-unique-pour-la-collegiale-dadmont\/","og_site_name":"Stift Admont","article_published_time":"2024-02-09T18:13:58+00:00","article_modified_time":"2024-02-09T18:24:48+00:00","og_image":[{"width":1920,"height":2560,"url":"https:\/\/stiftadmont.at\/wp-content\/uploads\/LH_Admont_023-1-scaled.jpg","type":"image\/jpeg"}],"author":"Mario Brandm\u00fcller","twitter_card":"summary_large_image","twitter_misc":{"\u00c9crit par":"Mario Brandm\u00fcller"},"schema":{"@context":"https:\/\/schema.org","@graph":[{"@type":"Article","@id":"https:\/\/stiftadmont.at\/blog\/kuenstlerin-schuf-unikat-fuer-die-stiftskirche-admont\/#article","isPartOf":{"@id":"https:\/\/stiftadmont.at\/blog\/kuenstlerin-schuf-unikat-fuer-die-stiftskirche-admont\/"},"author":{"name":"Mario Brandm\u00fcller","@id":"https:\/\/stiftadmont.at\/#\/schema\/person\/30535548b241d5f33a2e8b839db11869"},"headline":"K\u00fcnstlerin schuf Unikat f\u00fcr die Stiftskirche Admont","datePublished":"2024-02-09T18:13:58+00:00","dateModified":"2024-02-09T18:24:48+00:00","mainEntityOfPage":{"@id":"https:\/\/stiftadmont.at\/blog\/kuenstlerin-schuf-unikat-fuer-die-stiftskirche-admont\/"},"wordCount":9,"image":{"@id":"https:\/\/stiftadmont.at\/blog\/kuenstlerin-schuf-unikat-fuer-die-stiftskirche-admont\/#primaryimage"},"thumbnailUrl":"https:\/\/stiftadmont.at\/wp-content\/uploads\/LH_Admont_023-1-scaled.jpg","articleSection":["Kloster aktuell"],"inLanguage":"fr-FR"},{"@type":"WebPage","@id":"https:\/\/stiftadmont.at\/blog\/kuenstlerin-schuf-unikat-fuer-die-stiftskirche-admont\/","url":"https:\/\/stiftadmont.at\/blog\/kuenstlerin-schuf-unikat-fuer-die-stiftskirche-admont\/","name":"Une artiste a cr\u00e9\u00e9 une pi\u00e8ce unique pour l'abbatiale d'Admont - Stift Admont","isPartOf":{"@id":"https:\/\/stiftadmont.at\/#website"},"primaryImageOfPage":{"@id":"https:\/\/stiftadmont.at\/blog\/kuenstlerin-schuf-unikat-fuer-die-stiftskirche-admont\/#primaryimage"},"image":{"@id":"https:\/\/stiftadmont.at\/blog\/kuenstlerin-schuf-unikat-fuer-die-stiftskirche-admont\/#primaryimage"},"thumbnailUrl":"https:\/\/stiftadmont.at\/wp-content\/uploads\/LH_Admont_023-1-scaled.jpg","datePublished":"2024-02-09T18:13:58+00:00","dateModified":"2024-02-09T18:24:48+00:00","author":{"@id":"https:\/\/stiftadmont.at\/#\/schema\/person\/30535548b241d5f33a2e8b839db11869"},"description":"Lisez les informations actuelles sur le th\u00e8me L'artiste a cr\u00e9\u00e9 une pi\u00e8ce unique pour l'\u00e9glise abbatiale d'Admont et bien d'autres informations sur le couvent et la paroisse d'Admont.","breadcrumb":{"@id":"https:\/\/stiftadmont.at\/blog\/kuenstlerin-schuf-unikat-fuer-die-stiftskirche-admont\/#breadcrumb"},"inLanguage":"fr-FR","potentialAction":[{"@type":"ReadAction","target":["https:\/\/stiftadmont.at\/blog\/kuenstlerin-schuf-unikat-fuer-die-stiftskirche-admont\/"]}]},{"@type":"ImageObject","inLanguage":"fr-FR","@id":"https:\/\/stiftadmont.at\/blog\/kuenstlerin-schuf-unikat-fuer-die-stiftskirche-admont\/#primaryimage","url":"https:\/\/stiftadmont.at\/wp-content\/uploads\/LH_Admont_023-1-scaled.jpg","contentUrl":"https:\/\/stiftadmont.at\/wp-content\/uploads\/LH_Admont_023-1-scaled.jpg","width":1920,"height":2560,"caption":"Lisa Huber"},{"@type":"BreadcrumbList","@id":"https:\/\/stiftadmont.at\/blog\/kuenstlerin-schuf-unikat-fuer-die-stiftskirche-admont\/#breadcrumb","itemListElement":[{"@type":"ListItem","position":1,"name":"Start","item":"https:\/\/stiftadmont.at\/"},{"@type":"ListItem","position":2,"name":"K\u00fcnstlerin schuf Unikat f\u00fcr die Stiftskirche Admont"}]},{"@type":"WebSite","@id":"https:\/\/stiftadmont.at\/#website","url":"https:\/\/stiftadmont.at\/","name":"Abbaye d'Admont","description":"Monast\u00e8re b\u00e9n\u00e9dictin et attraction touristique dans le Ges\u00e4use","potentialAction":[{"@type":"SearchAction","target":{"@type":"EntryPoint","urlTemplate":"https:\/\/stiftadmont.at\/?s={search_term_string}"},"query-input":{"@type":"PropertyValueSpecification","valueRequired":true,"valueName":"search_term_string"}}],"inLanguage":"fr-FR"},{"@type":"Person","@id":"https:\/\/stiftadmont.at\/#\/schema\/person\/30535548b241d5f33a2e8b839db11869","name":"Mario Brandm\u00fcller"}]}},"_links":{"self":[{"href":"https:\/\/stiftadmont.at\/fr\/wp-json\/wp\/v2\/posts\/26060","targetHints":{"allow":["GET"]}}],"collection":[{"href":"https:\/\/stiftadmont.at\/fr\/wp-json\/wp\/v2\/posts"}],"about":[{"href":"https:\/\/stiftadmont.at\/fr\/wp-json\/wp\/v2\/types\/post"}],"author":[{"embeddable":true,"href":"https:\/\/stiftadmont.at\/fr\/wp-json\/wp\/v2\/users\/7"}],"replies":[{"embeddable":true,"href":"https:\/\/stiftadmont.at\/fr\/wp-json\/wp\/v2\/comments?post=26060"}],"version-history":[{"count":6,"href":"https:\/\/stiftadmont.at\/fr\/wp-json\/wp\/v2\/posts\/26060\/revisions"}],"predecessor-version":[{"id":26069,"href":"https:\/\/stiftadmont.at\/fr\/wp-json\/wp\/v2\/posts\/26060\/revisions\/26069"}],"wp:featuredmedia":[{"embeddable":true,"href":"https:\/\/stiftadmont.at\/fr\/wp-json\/wp\/v2\/media\/26062"}],"wp:attachment":[{"href":"https:\/\/stiftadmont.at\/fr\/wp-json\/wp\/v2\/media?parent=26060"}],"wp:term":[{"taxonomy":"category","embeddable":true,"href":"https:\/\/stiftadmont.at\/fr\/wp-json\/wp\/v2\/categories?post=26060"}],"curies":[{"name":"wp","href":"https:\/\/api.w.org\/{rel}","templated":true}]}}