{"id":26908,"date":"2020-06-17T07:00:44","date_gmt":"2020-06-17T05:00:44","guid":{"rendered":"https:\/\/stiftadmont.at\/?p=26908"},"modified":"2024-02-28T15:46:07","modified_gmt":"2024-02-28T13:46:07","slug":"le-centre-de-soins-primaires-ouvre-ses-portes-trois-millions-deuros-dinvestissement","status":"publish","type":"post","link":"https:\/\/stiftadmont.at\/fr\/blog\/primaerversorgungszentrum-eroeffnet-drei-millionen-investitionssumme\/","title":{"rendered":"Ouverture d'un centre de soins primaires - trois millions d'investissement"},"content":{"rendered":"<section id='lightpress__section--block_5e310dd5f492258c8cafda3950b4ae8c' class='lightpress__section--default-section-space lightpress__section lightpress__section--content'><div class=\"content__inner\"\n         x-init=\"initContentBlockAnim($el)\">\n        \n    <div class=\"content__grid content__grid\">\n                                            <div class=\"content__box content__box--one-hundred\"\n                 style=\"\">\n                                \n                \n                                            <div class=\"prose\"><h1 class=\"line line--red\">OUVERTURE D'UN CENTRE DE SOINS PRIMAIRES - INVESTISSEMENT DE TROIS MILLIONS DE DOLLARS<\/h1>\n<p class=\"paragraph-m\"><strong>Mercredi 17 juin 2020<\/strong><\/p>\n<p class=\"paragraph-m\">La success story styrienne des centres de soins primaires (CSP) s'enrichit d\u00e9sormais d'un nouveau chapitre : Avec l'ouverture de l'abbaye d'Admont, c'est la premi\u00e8re fois qu'un centre de sant\u00e9 commence \u00e0 fonctionner dans la vall\u00e9e de l'Enns. Il a \u00e9t\u00e9 b\u00e9ni par l'abb\u00e9 Gerhard Hafner du monast\u00e8re b\u00e9n\u00e9dictin d'Admont et inaugur\u00e9 par la conseill\u00e8re r\u00e9gionale Juliane Bogner-Strau\u00df. Trois millions d'euros ont \u00e9t\u00e9 investis.<\/p>\n<p class=\"paragraph-m\">\u00a0<\/p>\n<p class=\"paragraph-m\">Admont, 17.06.2020. L\u00e0 o\u00f9 la scie et le bois occupaient autrefois une place centrale, le st\u00e9thoscope et les instruments de diagnostic r\u00e8gnent d\u00e9sormais en ma\u00eetres : L'ancienne menuiserie de l'abbaye d'Admont a \u00e9t\u00e9 transform\u00e9e au cours des derniers mois en l'un des cabinets m\u00e9dicaux les plus modernes du pays - et a maintenant \u00e9t\u00e9 inaugur\u00e9e solennellement en tant que premier centre de soins primaires de l'Ennstal. \"Les centres de sant\u00e9 en Styrie sont une histoire \u00e0 succ\u00e8s et un \u00e9l\u00e9ment central pour offrir les meilleurs soins possibles aux Styriens. Le centre de sant\u00e9 d'Admont assure une offre optimale dans le domaine des soins ambulatoires et des cliniques de jour. L'\u00e9ventail des traitements comprend non seulement les soins aigus, mais aussi la promotion de la sant\u00e9 et la pr\u00e9vention - et contribue ainsi de mani\u00e8re essentielle au maintien et au d\u00e9veloppement de l'un des meilleurs syst\u00e8mes de sant\u00e9\", souligne la conseill\u00e8re r\u00e9gionale en charge de la sant\u00e9 Juliane Bogner-Strau\u00df, qui se r\u00e9jouit que la Styrie se rapproche un peu plus de l'objectif d'avoir 30 centres de sant\u00e9 en activit\u00e9 en 2025. \"Il est agr\u00e9able de voir que nous sommes sur la bonne voie et que la Styrie continue \u00e0 jouer son r\u00f4le de pionnier dans le domaine des soins de sant\u00e9 en Autriche\", a d\u00e9clar\u00e9 Mme Bogner-Strau\u00df.<\/p>\n<p class=\"paragraph-m\">\u00a0<\/p>\n<p class=\"paragraph-m\"><strong>Un centre de soins doit jouer un r\u00f4le de pionnier<\/strong><\/p>\n<p class=\"paragraph-m\">Selon l'abbaye d'Admont, qui met \u00e0 disposition les locaux modernes de consultation sur le site de l'abbaye, le centre de sant\u00e9 doit jouer un r\u00f4le de pionnier : \"D'une part, il est de notre responsabilit\u00e9 chr\u00e9tienne d'\u00eatre l\u00e0 pour les personnes souffrant de maux physiques et psychiques et, d'autre part, le centre de sant\u00e9 de l'abbaye d'Admont nous permet de relever les d\u00e9fis des soins de sant\u00e9 sur le plan m\u00e9dical, des soins et de l'organisation. C'est notamment pour ces raisons que nous sommes tr\u00e8s heureux d'ouvrir ici le nouveau centre de sant\u00e9 en coop\u00e9ration avec le land et la commune\", souligne l'abb\u00e9 Gerhard Hafner. Franz Pichler, directeur \u00e9conomique de l'abbaye b\u00e9n\u00e9dictine d'Admont, souligne \u00e9galement l'importance du nouveau centre de soins : \"Un approvisionnement optimal en soins de sant\u00e9 dans la r\u00e9gion est un \u00e9l\u00e9ment essentiel pour une bonne qualit\u00e9 de vie et donc une partie essentielle du d\u00e9veloppement r\u00e9gional. Au monast\u00e8re d'Admont, nous avons donc \u00e9t\u00e9 confront\u00e9s au d\u00e9fi de participer de mani\u00e8re proactive \u00e0 l'\u00e9laboration d'une solution. Nous avons saisi la possibilit\u00e9 des centres de sant\u00e9 d\u00e8s que nous en avons eu connaissance et avons pu exiger un tel centre pour Admont. Le Land, la commune et notre \u00e9tablissement ont tr\u00e8s bien coop\u00e9r\u00e9. Dans un deuxi\u00e8me temps, il a fallu assurer le financement du projet, et nous avons \u00e9galement r\u00e9ussi \u00e0 franchir cet obstacle. Au total, plus de trois millions d'euros ont \u00e9t\u00e9 investis dans ce nouveau centre. De mon point de vue, c'est l'un des investissements les plus importants de ces derni\u00e8res ann\u00e9es dans notre maison, vers plus d'attractivit\u00e9 et de qualit\u00e9 de vie pour notre r\u00e9gion\".<\/p>\n<p class=\"paragraph-m\">\u00a0<\/p>\n<p class=\"paragraph-m\"><strong>\"Premier point de contact sant\u00e9\"<\/strong><\/p>\n<p class=\"paragraph-m\">Le nouveau centre de sant\u00e9 est dirig\u00e9 par les m\u00e9decins Oliver et Eva-Maria Petz : le couple g\u00e8re le centre avec une \u00e9quipe de m\u00e9decins rempla\u00e7ants, de personnel infirmier dipl\u00f4m\u00e9 et de diff\u00e9rents experts de la sant\u00e9 - comme par exemple des di\u00e9t\u00e9ticiens ou des physioth\u00e9rapeutes - y compris un cabinet de m\u00e9decine g\u00e9n\u00e9rale conventionn\u00e9. \"Nous nous r\u00e9jouissons d'\u00eatre le premier point de contact direct en mati\u00e8re de sant\u00e9 pour les habitants de la r\u00e9gion. Nous sommes l'interlocuteur personnel pour les probl\u00e8mes de sant\u00e9, mais aussi pour la promotion de la sant\u00e9 et la pr\u00e9vention\", souligne le duo de m\u00e9decins \u00e0 l'unisson. Eva-Maria Petz, m\u00e9decin g\u00e9n\u00e9raliste, est sp\u00e9cialis\u00e9e entre autres dans la nutrition. Oliver Petz est \u00e9galement m\u00e9decin g\u00e9n\u00e9raliste et, en tant que physicien, expert en appareil locomoteur. Selon eux, le PVZ signifierait \u00e9galement \"Dr. Petz-Versorgungszentrum\" (centre de soins du Dr Petz).<\/p>\n<p class=\"paragraph-m\">\u00a0<\/p>\n<p class=\"paragraph-m\"><strong>\u00c0 propos du centre de soins Dr. Petz d'Admont<\/strong><\/p>\n<p class=\"paragraph-m\">Le centre de soins primaires du Dr Petz \u00e0 Admont est le fruit d'une coop\u00e9ration entre le Land de Styrie, l'abbaye b\u00e9n\u00e9dictine d'Admont, la commune de march\u00e9 d'Admont, la s\u00e9curit\u00e9 sociale et le fonds de sant\u00e9 de Styrie. Le centre de soins primaires d'Admont est dirig\u00e9 par les m\u00e9decins Oliver et Eva-Maria Petz.<\/p>\n<p class=\"paragraph-m\">\u00a0<\/p>\n<p class=\"paragraph-m\"><strong>Les heures d'ouverture sont les suivantes<\/strong><\/p>\n<p class=\"paragraph-m\">lundi 07h30 - 17h30<\/p>\n<p class=\"paragraph-m\">Mardi et jeudi 07:30 - 16:30 heures<\/p>\n<p class=\"paragraph-m\">mercredi 07:30 - 11:30 heures<\/p>\n<p class=\"paragraph-m\">vendredi 07:30 - 15:30 heures<\/p>\n<\/div>\n                    \n                            <\/div>\n        \n            <\/div>\n<\/div>\n\n<\/section>","protected":false},"excerpt":{"rendered":"","protected":false},"author":19,"featured_media":17531,"comment_status":"closed","ping_status":"closed","sticky":false,"template":"","format":"standard","meta":{"_acf_changed":false,"footnotes":""},"categories":[23,75],"class_list":["post-26908","post","type-post","status-publish","format-standard","has-post-thumbnail","hentry","category-einrichtungen-aktuell","category-gesundheitszentrum-admont"],"acf":[],"yoast_head":"<!-- This site is optimized with the Yoast SEO Premium plugin v26.0 (Yoast SEO v26.8) - https:\/\/yoast.com\/product\/yoast-seo-premium-wordpress\/ -->\n<title>Prim\u00e4rversorgungszentrum er\u00f6ffnet \u2013 drei Millionen Investitionssumme - Stift Admont<\/title>\n<meta name=\"description\" content=\"Lesen Sie aktuelle Informationen zum Thema Prim\u00e4rversorgungszentrum er\u00f6ffnet \u2013 drei Millionen Investitionssumme und vieles mehr aus dem Konvent und der Pfarre Admont.\" \/>\n<meta name=\"robots\" content=\"index, follow, max-snippet:-1, max-image-preview:large, max-video-preview:-1\" \/>\n<link rel=\"canonical\" href=\"https:\/\/stiftadmont.at\/fr\/blog\/le-centre-de-soins-primaires-ouvre-ses-portes-trois-millions-deuros-dinvestissement\/\" \/>\n<meta property=\"og:locale\" content=\"fr_FR\" \/>\n<meta property=\"og:type\" content=\"article\" \/>\n<meta property=\"og:title\" content=\"Prim\u00e4rversorgungszentrum er\u00f6ffnet \u2013 drei Millionen Investitionssumme\" \/>\n<meta property=\"og:description\" content=\"Lesen Sie aktuelle Informationen zum Thema Prim\u00e4rversorgungszentrum er\u00f6ffnet \u2013 drei Millionen Investitionssumme und vieles mehr aus dem Konvent und der Pfarre Admont.\" \/>\n<meta property=\"og:url\" content=\"https:\/\/stiftadmont.at\/fr\/blog\/le-centre-de-soins-primaires-ouvre-ses-portes-trois-millions-deuros-dinvestissement\/\" \/>\n<meta property=\"og:site_name\" content=\"Stift Admont\" \/>\n<meta property=\"article:published_time\" content=\"2020-06-17T05:00:44+00:00\" \/>\n<meta property=\"article:modified_time\" content=\"2024-02-28T13:46:07+00:00\" \/>\n<meta property=\"og:image\" content=\"https:\/\/stiftadmont.at\/wp-content\/uploads\/Gesundheitszentrum_aussen-\u00a9Thoms-Sattler_www_Neu-scaled.jpg\" \/>\n\t<meta property=\"og:image:width\" content=\"2560\" \/>\n\t<meta property=\"og:image:height\" content=\"1707\" \/>\n\t<meta property=\"og:image:type\" content=\"image\/jpeg\" \/>\n<meta name=\"author\" content=\"Sarah Lux\" \/>\n<meta name=\"twitter:card\" content=\"summary_large_image\" \/>\n<meta name=\"twitter:label1\" content=\"\u00c9crit par\" \/>\n\t<meta name=\"twitter:data1\" content=\"Sarah Lux\" \/>\n\t<meta name=\"twitter:label2\" content=\"Dur\u00e9e de lecture estim\u00e9e\" \/>\n\t<meta name=\"twitter:data2\" content=\"1 minute\" \/>\n<script type=\"application\/ld+json\" class=\"yoast-schema-graph\">{\"@context\":\"https:\/\/schema.org\",\"@graph\":[{\"@type\":\"Article\",\"@id\":\"https:\/\/stiftadmont.at\/blog\/primaerversorgungszentrum-eroeffnet-drei-millionen-investitionssumme\/#article\",\"isPartOf\":{\"@id\":\"https:\/\/stiftadmont.at\/blog\/primaerversorgungszentrum-eroeffnet-drei-millionen-investitionssumme\/\"},\"author\":{\"name\":\"Sarah Lux\",\"@id\":\"https:\/\/stiftadmont.at\/#\/schema\/person\/618a2a3e6fea3fe795243c567372dbf3\"},\"headline\":\"Prim\u00e4rversorgungszentrum er\u00f6ffnet \u2013 drei Millionen Investitionssumme\",\"datePublished\":\"2020-06-17T05:00:44+00:00\",\"dateModified\":\"2024-02-28T13:46:07+00:00\",\"mainEntityOfPage\":{\"@id\":\"https:\/\/stiftadmont.at\/blog\/primaerversorgungszentrum-eroeffnet-drei-millionen-investitionssumme\/\"},\"wordCount\":7,\"image\":{\"@id\":\"https:\/\/stiftadmont.at\/blog\/primaerversorgungszentrum-eroeffnet-drei-millionen-investitionssumme\/#primaryimage\"},\"thumbnailUrl\":\"https:\/\/stiftadmont.at\/wp-content\/uploads\/Gesundheitszentrum_aussen-\u00a9Thoms-Sattler_www_Neu-scaled.jpg\",\"articleSection\":[\"Einrichtungen aktuell\",\"Gesundheitszentrum Admont\"],\"inLanguage\":\"fr-FR\"},{\"@type\":\"WebPage\",\"@id\":\"https:\/\/stiftadmont.at\/blog\/primaerversorgungszentrum-eroeffnet-drei-millionen-investitionssumme\/\",\"url\":\"https:\/\/stiftadmont.at\/blog\/primaerversorgungszentrum-eroeffnet-drei-millionen-investitionssumme\/\",\"name\":\"Prim\u00e4rversorgungszentrum er\u00f6ffnet \u2013 drei Millionen Investitionssumme - Stift Admont\",\"isPartOf\":{\"@id\":\"https:\/\/stiftadmont.at\/#website\"},\"primaryImageOfPage\":{\"@id\":\"https:\/\/stiftadmont.at\/blog\/primaerversorgungszentrum-eroeffnet-drei-millionen-investitionssumme\/#primaryimage\"},\"image\":{\"@id\":\"https:\/\/stiftadmont.at\/blog\/primaerversorgungszentrum-eroeffnet-drei-millionen-investitionssumme\/#primaryimage\"},\"thumbnailUrl\":\"https:\/\/stiftadmont.at\/wp-content\/uploads\/Gesundheitszentrum_aussen-\u00a9Thoms-Sattler_www_Neu-scaled.jpg\",\"datePublished\":\"2020-06-17T05:00:44+00:00\",\"dateModified\":\"2024-02-28T13:46:07+00:00\",\"author\":{\"@id\":\"https:\/\/stiftadmont.at\/#\/schema\/person\/618a2a3e6fea3fe795243c567372dbf3\"},\"description\":\"Lesen Sie aktuelle Informationen zum Thema Prim\u00e4rversorgungszentrum er\u00f6ffnet \u2013 drei Millionen Investitionssumme und vieles mehr aus dem Konvent und der Pfarre Admont.\",\"breadcrumb\":{\"@id\":\"https:\/\/stiftadmont.at\/blog\/primaerversorgungszentrum-eroeffnet-drei-millionen-investitionssumme\/#breadcrumb\"},\"inLanguage\":\"fr-FR\",\"potentialAction\":[{\"@type\":\"ReadAction\",\"target\":[\"https:\/\/stiftadmont.at\/blog\/primaerversorgungszentrum-eroeffnet-drei-millionen-investitionssumme\/\"]}]},{\"@type\":\"ImageObject\",\"inLanguage\":\"fr-FR\",\"@id\":\"https:\/\/stiftadmont.at\/blog\/primaerversorgungszentrum-eroeffnet-drei-millionen-investitionssumme\/#primaryimage\",\"url\":\"https:\/\/stiftadmont.at\/wp-content\/uploads\/Gesundheitszentrum_aussen-\u00a9Thoms-Sattler_www_Neu-scaled.jpg\",\"contentUrl\":\"https:\/\/stiftadmont.at\/wp-content\/uploads\/Gesundheitszentrum_aussen-\u00a9Thoms-Sattler_www_Neu-scaled.jpg\",\"width\":2560,\"height\":1707,\"caption\":\"Gesundheitszentrum aussen \u00a9Thoms Sattler www Neu scaled\"},{\"@type\":\"BreadcrumbList\",\"@id\":\"https:\/\/stiftadmont.at\/blog\/primaerversorgungszentrum-eroeffnet-drei-millionen-investitionssumme\/#breadcrumb\",\"itemListElement\":[{\"@type\":\"ListItem\",\"position\":1,\"name\":\"Start\",\"item\":\"https:\/\/stiftadmont.at\/\"},{\"@type\":\"ListItem\",\"position\":2,\"name\":\"Prim\u00e4rversorgungszentrum er\u00f6ffnet \u2013 drei Millionen Investitionssumme\"}]},{\"@type\":\"WebSite\",\"@id\":\"https:\/\/stiftadmont.at\/#website\",\"url\":\"https:\/\/stiftadmont.at\/\",\"name\":\"Stift Admont\",\"description\":\"Benediktinerkloster und Sehensw\u00fcrdigkeit im Ges\u00e4use\",\"potentialAction\":[{\"@type\":\"SearchAction\",\"target\":{\"@type\":\"EntryPoint\",\"urlTemplate\":\"https:\/\/stiftadmont.at\/?s={search_term_string}\"},\"query-input\":{\"@type\":\"PropertyValueSpecification\",\"valueRequired\":true,\"valueName\":\"search_term_string\"}}],\"inLanguage\":\"fr-FR\"},{\"@type\":\"Person\",\"@id\":\"https:\/\/stiftadmont.at\/#\/schema\/person\/618a2a3e6fea3fe795243c567372dbf3\",\"name\":\"Sarah Lux\"}]}<\/script>\n<!-- \/ Yoast SEO Premium plugin. -->","yoast_head_json":{"title":"Ouverture d'un centre de soins primaires - trois millions d'investissement - Stift Admont","description":"Lisez les derni\u00e8res informations sur le th\u00e8me du centre de soins primaires ouvert - trois millions d'investissement et bien d'autres informations sur le couvent et la paroisse d'Admont.","robots":{"index":"index","follow":"follow","max-snippet":"max-snippet:-1","max-image-preview":"max-image-preview:large","max-video-preview":"max-video-preview:-1"},"canonical":"https:\/\/stiftadmont.at\/fr\/blog\/le-centre-de-soins-primaires-ouvre-ses-portes-trois-millions-deuros-dinvestissement\/","og_locale":"fr_FR","og_type":"article","og_title":"Prim\u00e4rversorgungszentrum er\u00f6ffnet \u2013 drei Millionen Investitionssumme","og_description":"Lesen Sie aktuelle Informationen zum Thema Prim\u00e4rversorgungszentrum er\u00f6ffnet \u2013 drei Millionen Investitionssumme und vieles mehr aus dem Konvent und der Pfarre Admont.","og_url":"https:\/\/stiftadmont.at\/fr\/blog\/le-centre-de-soins-primaires-ouvre-ses-portes-trois-millions-deuros-dinvestissement\/","og_site_name":"Stift Admont","article_published_time":"2020-06-17T05:00:44+00:00","article_modified_time":"2024-02-28T13:46:07+00:00","og_image":[{"width":2560,"height":1707,"url":"https:\/\/stiftadmont.at\/wp-content\/uploads\/Gesundheitszentrum_aussen-\u00a9Thoms-Sattler_www_Neu-scaled.jpg","type":"image\/jpeg"}],"author":"Sarah Lux","twitter_card":"summary_large_image","twitter_misc":{"\u00c9crit par":"Sarah Lux","Dur\u00e9e de lecture estim\u00e9e":"1 minute"},"schema":{"@context":"https:\/\/schema.org","@graph":[{"@type":"Article","@id":"https:\/\/stiftadmont.at\/blog\/primaerversorgungszentrum-eroeffnet-drei-millionen-investitionssumme\/#article","isPartOf":{"@id":"https:\/\/stiftadmont.at\/blog\/primaerversorgungszentrum-eroeffnet-drei-millionen-investitionssumme\/"},"author":{"name":"Sarah Lux","@id":"https:\/\/stiftadmont.at\/#\/schema\/person\/618a2a3e6fea3fe795243c567372dbf3"},"headline":"Prim\u00e4rversorgungszentrum er\u00f6ffnet \u2013 drei Millionen Investitionssumme","datePublished":"2020-06-17T05:00:44+00:00","dateModified":"2024-02-28T13:46:07+00:00","mainEntityOfPage":{"@id":"https:\/\/stiftadmont.at\/blog\/primaerversorgungszentrum-eroeffnet-drei-millionen-investitionssumme\/"},"wordCount":7,"image":{"@id":"https:\/\/stiftadmont.at\/blog\/primaerversorgungszentrum-eroeffnet-drei-millionen-investitionssumme\/#primaryimage"},"thumbnailUrl":"https:\/\/stiftadmont.at\/wp-content\/uploads\/Gesundheitszentrum_aussen-\u00a9Thoms-Sattler_www_Neu-scaled.jpg","articleSection":["Einrichtungen aktuell","Gesundheitszentrum Admont"],"inLanguage":"fr-FR"},{"@type":"WebPage","@id":"https:\/\/stiftadmont.at\/blog\/primaerversorgungszentrum-eroeffnet-drei-millionen-investitionssumme\/","url":"https:\/\/stiftadmont.at\/blog\/primaerversorgungszentrum-eroeffnet-drei-millionen-investitionssumme\/","name":"Ouverture d'un centre de soins primaires - trois millions d'investissement - Stift Admont","isPartOf":{"@id":"https:\/\/stiftadmont.at\/#website"},"primaryImageOfPage":{"@id":"https:\/\/stiftadmont.at\/blog\/primaerversorgungszentrum-eroeffnet-drei-millionen-investitionssumme\/#primaryimage"},"image":{"@id":"https:\/\/stiftadmont.at\/blog\/primaerversorgungszentrum-eroeffnet-drei-millionen-investitionssumme\/#primaryimage"},"thumbnailUrl":"https:\/\/stiftadmont.at\/wp-content\/uploads\/Gesundheitszentrum_aussen-\u00a9Thoms-Sattler_www_Neu-scaled.jpg","datePublished":"2020-06-17T05:00:44+00:00","dateModified":"2024-02-28T13:46:07+00:00","author":{"@id":"https:\/\/stiftadmont.at\/#\/schema\/person\/618a2a3e6fea3fe795243c567372dbf3"},"description":"Lisez les derni\u00e8res informations sur le th\u00e8me du centre de soins primaires ouvert - trois millions d'investissement et bien d'autres informations sur le couvent et la paroisse d'Admont.","breadcrumb":{"@id":"https:\/\/stiftadmont.at\/blog\/primaerversorgungszentrum-eroeffnet-drei-millionen-investitionssumme\/#breadcrumb"},"inLanguage":"fr-FR","potentialAction":[{"@type":"ReadAction","target":["https:\/\/stiftadmont.at\/blog\/primaerversorgungszentrum-eroeffnet-drei-millionen-investitionssumme\/"]}]},{"@type":"ImageObject","inLanguage":"fr-FR","@id":"https:\/\/stiftadmont.at\/blog\/primaerversorgungszentrum-eroeffnet-drei-millionen-investitionssumme\/#primaryimage","url":"https:\/\/stiftadmont.at\/wp-content\/uploads\/Gesundheitszentrum_aussen-\u00a9Thoms-Sattler_www_Neu-scaled.jpg","contentUrl":"https:\/\/stiftadmont.at\/wp-content\/uploads\/Gesundheitszentrum_aussen-\u00a9Thoms-Sattler_www_Neu-scaled.jpg","width":2560,"height":1707,"caption":"Gesundheitszentrum aussen \u00a9Thoms Sattler www Neu scaled"},{"@type":"BreadcrumbList","@id":"https:\/\/stiftadmont.at\/blog\/primaerversorgungszentrum-eroeffnet-drei-millionen-investitionssumme\/#breadcrumb","itemListElement":[{"@type":"ListItem","position":1,"name":"Start","item":"https:\/\/stiftadmont.at\/"},{"@type":"ListItem","position":2,"name":"Prim\u00e4rversorgungszentrum er\u00f6ffnet \u2013 drei Millionen Investitionssumme"}]},{"@type":"WebSite","@id":"https:\/\/stiftadmont.at\/#website","url":"https:\/\/stiftadmont.at\/","name":"Abbaye d'Admont","description":"Monast\u00e8re b\u00e9n\u00e9dictin et attraction touristique dans le Ges\u00e4use","potentialAction":[{"@type":"SearchAction","target":{"@type":"EntryPoint","urlTemplate":"https:\/\/stiftadmont.at\/?s={search_term_string}"},"query-input":{"@type":"PropertyValueSpecification","valueRequired":true,"valueName":"search_term_string"}}],"inLanguage":"fr-FR"},{"@type":"Person","@id":"https:\/\/stiftadmont.at\/#\/schema\/person\/618a2a3e6fea3fe795243c567372dbf3","name":"Sarah Lux"}]}},"_links":{"self":[{"href":"https:\/\/stiftadmont.at\/fr\/wp-json\/wp\/v2\/posts\/26908","targetHints":{"allow":["GET"]}}],"collection":[{"href":"https:\/\/stiftadmont.at\/fr\/wp-json\/wp\/v2\/posts"}],"about":[{"href":"https:\/\/stiftadmont.at\/fr\/wp-json\/wp\/v2\/types\/post"}],"author":[{"embeddable":true,"href":"https:\/\/stiftadmont.at\/fr\/wp-json\/wp\/v2\/users\/19"}],"replies":[{"embeddable":true,"href":"https:\/\/stiftadmont.at\/fr\/wp-json\/wp\/v2\/comments?post=26908"}],"version-history":[{"count":5,"href":"https:\/\/stiftadmont.at\/fr\/wp-json\/wp\/v2\/posts\/26908\/revisions"}],"predecessor-version":[{"id":26914,"href":"https:\/\/stiftadmont.at\/fr\/wp-json\/wp\/v2\/posts\/26908\/revisions\/26914"}],"wp:featuredmedia":[{"embeddable":true,"href":"https:\/\/stiftadmont.at\/fr\/wp-json\/wp\/v2\/media\/17531"}],"wp:attachment":[{"href":"https:\/\/stiftadmont.at\/fr\/wp-json\/wp\/v2\/media?parent=26908"}],"wp:term":[{"taxonomy":"category","embeddable":true,"href":"https:\/\/stiftadmont.at\/fr\/wp-json\/wp\/v2\/categories?post=26908"}],"curies":[{"name":"wp","href":"https:\/\/api.w.org\/{rel}","templated":true}]}}