{"id":27651,"date":"2024-03-28T14:00:22","date_gmt":"2024-03-28T12:00:22","guid":{"rendered":"https:\/\/stiftadmont.at\/?p=27651"},"modified":"2024-03-29T21:13:37","modified_gmt":"2024-03-29T19:13:37","slug":"projet-enregistre-automatiquement-2","status":"publish","type":"post","link":"https:\/\/stiftadmont.at\/fr\/blog\/gruendonnerstag-2024\/","title":{"rendered":"Jeudi saint 2024"},"content":{"rendered":"<section id='lightpress__section--block_eac63f7c74c896f4660be41039c2b23e' class='lightpress__section--default-section-space lightpress__section lightpress__section--content'><div class=\"content__inner\"\n         x-init=\"initContentBlockAnim($el)\">\n        \n    <div class=\"content__grid content__grid\">\n                                            <div class=\"content__box content__box--one-hundred\"\n                 style=\"\">\n                                \n                \n                                            <div class=\"prose\"><h2 class=\"heading-xxl line line--gold\">Gr\u00fcndonnerstag &#8211; Hoher Donnerstag<\/h2>\n<p class=\"paragraph-m\"><strong>Donnerstag, 28. M\u00e4rz 2024<\/strong><\/p>\n<p class=\"paragraph-m\">In der heutigen Messe vom Letzten Abendmahl hob Abt Gerhard in seiner Predigt besonders die Tugend der Liebe hervor, die durch die Fu\u00dfwaschung zum Ausdruck kommt. Nehmen wir uns ein Beispiel am Vorbild Jesu und dienen wir einander.<\/p>\n<p>\u00a0<\/p>\n<\/div>\n                    \n                            <\/div>\n        \n            <\/div>\n<\/div>\n\n<\/section>\n\n<section id='lightpress__section--block_1676ff5a18e2bf216da265f6225bf372' class='lightpress__section--default-section-space lightpress__section lightpress__section--image-slider'>\n<div class=\"image-slider\"\n     x-data=\"{ gallery: null, shown: false }\"\n     x-init=\"gallery = initSliderGallery([{&quot;href&quot;:&quot;https:\\\/\\\/stiftadmont.at\\\/wp-content\\\/uploads\\\/Gruendonnerstag-2024-10.jpg&quot;,&quot;type&quot;:&quot;image&quot;},{&quot;href&quot;:&quot;https:\\\/\\\/stiftadmont.at\\\/wp-content\\\/uploads\\\/Gruendonnerstag-2024-9.jpg&quot;,&quot;type&quot;:&quot;image&quot;},{&quot;href&quot;:&quot;https:\\\/\\\/stiftadmont.at\\\/wp-content\\\/uploads\\\/Gruendonnerstag-2024-8.jpg&quot;,&quot;type&quot;:&quot;image&quot;},{&quot;href&quot;:&quot;https:\\\/\\\/stiftadmont.at\\\/wp-content\\\/uploads\\\/Gruendonnerstag-2024-7.jpg&quot;,&quot;type&quot;:&quot;image&quot;},{&quot;href&quot;:&quot;https:\\\/\\\/stiftadmont.at\\\/wp-content\\\/uploads\\\/Gruendonnerstag-2024-6.jpg&quot;,&quot;type&quot;:&quot;image&quot;},{&quot;href&quot;:&quot;https:\\\/\\\/stiftadmont.at\\\/wp-content\\\/uploads\\\/Gruendonnerstag-2024-5.jpg&quot;,&quot;type&quot;:&quot;image&quot;},{&quot;href&quot;:&quot;https:\\\/\\\/stiftadmont.at\\\/wp-content\\\/uploads\\\/Gruendonnerstag-2024-4.jpg&quot;,&quot;type&quot;:&quot;image&quot;},{&quot;href&quot;:&quot;https:\\\/\\\/stiftadmont.at\\\/wp-content\\\/uploads\\\/Gruendonnerstag-2024-3.jpg&quot;,&quot;type&quot;:&quot;image&quot;},{&quot;href&quot;:&quot;https:\\\/\\\/stiftadmont.at\\\/wp-content\\\/uploads\\\/Gruendonnerstag-2024-2.jpg&quot;,&quot;type&quot;:&quot;image&quot;},{&quot;href&quot;:&quot;https:\\\/\\\/stiftadmont.at\\\/wp-content\\\/uploads\\\/Gruendonnerstag-2024-1.jpg&quot;,&quot;type&quot;:&quot;image&quot;},{&quot;href&quot;:&quot;https:\\\/\\\/stiftadmont.at\\\/wp-content\\\/uploads\\\/Gruendonnerstag-2024-12.jpg&quot;,&quot;type&quot;:&quot;image&quot;},{&quot;href&quot;:&quot;https:\\\/\\\/stiftadmont.at\\\/wp-content\\\/uploads\\\/Gruendonnerstag-2024-11.jpg&quot;,&quot;type&quot;:&quot;image&quot;}]); initImageSliderBlockAnim($el);\">\n    <div class=\"image-slider__inner\">\n\n        <div class=\"swiper-container\" x-init=\"initImageSliderBlock($el, $refs.btnPrev, $refs.btnNext)\">\n            <div class=\"swiper-wrapper\">\n                                    <div class=\"swiper-slide\">\n                        <div class=\"image-slider__media\">\n                            <img decoding=\"async\" class=\"image-slider__image\"\n                                 src=\"https:\/\/stiftadmont.at\/wp-content\/uploads\/Gruendonnerstag-2024-10-768x576.jpg\"\n                                 alt=\"Gr\u00fcndonnerstag 2024 10\">\n                        <\/div>\n                    <\/div>\n                                    <div class=\"swiper-slide\">\n                        <div class=\"image-slider__media\">\n                            <img decoding=\"async\" class=\"image-slider__image\"\n                                 src=\"https:\/\/stiftadmont.at\/wp-content\/uploads\/Gruendonnerstag-2024-9-768x576.jpg\"\n                                 alt=\"Stift Admont - Gr\u00fcndonnerstag 2024\">\n                        <\/div>\n                    <\/div>\n                                    <div class=\"swiper-slide\">\n                        <div class=\"image-slider__media\">\n                            <img decoding=\"async\" class=\"image-slider__image\"\n                                 src=\"https:\/\/stiftadmont.at\/wp-content\/uploads\/Gruendonnerstag-2024-8-768x576.jpg\"\n                                 alt=\"Gr\u00fcndonnerstag 2024 8\">\n                        <\/div>\n                    <\/div>\n                                    <div class=\"swiper-slide\">\n                        <div class=\"image-slider__media\">\n                            <img decoding=\"async\" class=\"image-slider__image\"\n                                 src=\"https:\/\/stiftadmont.at\/wp-content\/uploads\/Gruendonnerstag-2024-7-768x576.jpg\"\n                                 alt=\"Gr\u00fcndonnerstag 2024 7\">\n                        <\/div>\n                    <\/div>\n                                    <div class=\"swiper-slide\">\n                        <div class=\"image-slider__media\">\n                            <img decoding=\"async\" class=\"image-slider__image\"\n                                 src=\"https:\/\/stiftadmont.at\/wp-content\/uploads\/Gruendonnerstag-2024-6-768x576.jpg\"\n                                 alt=\"Gr\u00fcndonnerstag 2024 6\">\n                        <\/div>\n                    <\/div>\n                                    <div class=\"swiper-slide\">\n                        <div class=\"image-slider__media\">\n                            <img decoding=\"async\" class=\"image-slider__image\"\n                                 src=\"https:\/\/stiftadmont.at\/wp-content\/uploads\/Gruendonnerstag-2024-5-768x576.jpg\"\n                                 alt=\"Gr\u00fcndonnerstag 2024 5\">\n                        <\/div>\n                    <\/div>\n                                    <div class=\"swiper-slide\">\n                        <div class=\"image-slider__media\">\n                            <img decoding=\"async\" class=\"image-slider__image\"\n                                 src=\"https:\/\/stiftadmont.at\/wp-content\/uploads\/Gruendonnerstag-2024-4-768x576.jpg\"\n                                 alt=\"Gr\u00fcndonnerstag 2024 4\">\n                        <\/div>\n                    <\/div>\n                                    <div class=\"swiper-slide\">\n                        <div class=\"image-slider__media\">\n                            <img decoding=\"async\" class=\"image-slider__image\"\n                                 src=\"https:\/\/stiftadmont.at\/wp-content\/uploads\/Gruendonnerstag-2024-3-768x576.jpg\"\n                                 alt=\"Gr\u00fcndonnerstag 2024 3\">\n                        <\/div>\n                    <\/div>\n                                    <div class=\"swiper-slide\">\n                        <div class=\"image-slider__media\">\n                            <img decoding=\"async\" class=\"image-slider__image\"\n                                 src=\"https:\/\/stiftadmont.at\/wp-content\/uploads\/Gruendonnerstag-2024-2-768x576.jpg\"\n                                 alt=\"Stift Admont - Gr\u00fcndonnerstag 2024\">\n                        <\/div>\n                    <\/div>\n                                    <div class=\"swiper-slide\">\n                        <div class=\"image-slider__media\">\n                            <img decoding=\"async\" class=\"image-slider__image\"\n                                 src=\"https:\/\/stiftadmont.at\/wp-content\/uploads\/Gruendonnerstag-2024-1-768x576.jpg\"\n                                 alt=\"Gr\u00fcndonnerstag 2024 1\">\n                        <\/div>\n                    <\/div>\n                                    <div class=\"swiper-slide\">\n                        <div class=\"image-slider__media\">\n                            <img decoding=\"async\" class=\"image-slider__image\"\n                                 src=\"https:\/\/stiftadmont.at\/wp-content\/uploads\/Gruendonnerstag-2024-12-768x576.jpg\"\n                                 alt=\"Gr\u00fcndonnerstag 2024 12\">\n                        <\/div>\n                    <\/div>\n                                    <div class=\"swiper-slide\">\n                        <div class=\"image-slider__media\">\n                            <img decoding=\"async\" class=\"image-slider__image\"\n                                 src=\"https:\/\/stiftadmont.at\/wp-content\/uploads\/Gruendonnerstag-2024-11-768x576.jpg\"\n                                 alt=\"Gr\u00fcndonnerstag 2024 11\">\n                        <\/div>\n                    <\/div>\n                            <\/div>\n\n            <div class=\"swiper-nav-wrapper\">\n                <button class=\"swiper-button-prev slider-button--prev\" x-ref=\"btnPrev\"\n                        aria-label=\"Vorige Bilder anzeigen\">\n                    <img decoding=\"async\" src=\"\/wp-content\/themes\/stift-admont\/src\/assets\/img\/arrow-left-big-new.svg\" alt=\"Pfeil nach Links\">\n                <\/button>\n\n\n                <a class=\"image-slider__gallery\" @click=\"openGallery(gallery)\"><i class=\"fa-thin fa-plus\"><\/i><\/a>\n                <button class=\"swiper-button-next slider-button--next\"\n                        x-ref=\"btnNext\"\n                        aria-label=\"N\u00e4chste Bilder anzeigen\">\n                    <img decoding=\"async\" src=\"\/wp-content\/themes\/stift-admont\/src\/assets\/img\/arrow-right-big-new.svg\" alt=\"Pfeil nach Rechts\">\n                <\/button>\n            <\/div>\n        <\/div>\n    <\/div>\n\n\n<\/div><\/section>","protected":false},"excerpt":{"rendered":"<p>Lors de la messe de la C\u00e8ne d'aujourd'hui, l'abb\u00e9 Gerhard a particuli\u00e8rement insist\u00e9 dans son hom\u00e9lie sur la vertu d'amour qui s'exprime \u00e0 travers le lavement des pieds.<\/p>","protected":false},"author":20,"featured_media":27664,"comment_status":"closed","ping_status":"closed","sticky":false,"template":"","format":"standard","meta":{"_acf_changed":false,"footnotes":""},"categories":[22],"class_list":["post-27651","post","type-post","status-publish","format-standard","has-post-thumbnail","hentry","category-kloster-aktuell"],"acf":[],"yoast_head":"<!-- This site is optimized with the Yoast SEO Premium plugin v26.0 (Yoast SEO v26.8) - https:\/\/yoast.com\/product\/yoast-seo-premium-wordpress\/ -->\n<title>Gr\u00fcndonnerstag 2024 - Stift Admont<\/title>\n<meta name=\"description\" content=\"Lesen Sie aktuelle Informationen zum Thema Gr\u00fcndonnerstag 2024 und vieles mehr aus dem Konvent und der Pfarre Admont.\" \/>\n<meta name=\"robots\" content=\"index, follow, max-snippet:-1, max-image-preview:large, max-video-preview:-1\" \/>\n<link rel=\"canonical\" href=\"https:\/\/stiftadmont.at\/fr\/blog\/projet-enregistre-automatiquement-2\/\" \/>\n<meta property=\"og:locale\" content=\"fr_FR\" \/>\n<meta property=\"og:type\" content=\"article\" \/>\n<meta property=\"og:title\" content=\"Gr\u00fcndonnerstag 2024\" \/>\n<meta property=\"og:description\" content=\"Lesen Sie aktuelle Informationen zum Thema Gr\u00fcndonnerstag 2024 und vieles mehr aus dem Konvent und der Pfarre Admont.\" \/>\n<meta property=\"og:url\" content=\"https:\/\/stiftadmont.at\/fr\/blog\/projet-enregistre-automatiquement-2\/\" \/>\n<meta property=\"og:site_name\" content=\"Stift Admont\" \/>\n<meta property=\"article:published_time\" content=\"2024-03-28T12:00:22+00:00\" \/>\n<meta property=\"article:modified_time\" content=\"2024-03-29T19:13:37+00:00\" \/>\n<meta property=\"og:image\" content=\"https:\/\/stiftadmont.at\/wp-content\/uploads\/Gruendonnerstag-2024-5.jpg\" \/>\n\t<meta property=\"og:image:width\" content=\"1024\" \/>\n\t<meta property=\"og:image:height\" content=\"768\" \/>\n\t<meta property=\"og:image:type\" content=\"image\/jpeg\" \/>\n<meta name=\"author\" content=\"Sarah Stadlauer\" \/>\n<meta name=\"twitter:card\" content=\"summary_large_image\" \/>\n<meta name=\"twitter:label1\" content=\"\u00c9crit par\" \/>\n\t<meta name=\"twitter:data1\" content=\"Sarah Stadlauer\" \/>\n\t<meta name=\"twitter:label2\" content=\"Dur\u00e9e de lecture estim\u00e9e\" \/>\n\t<meta name=\"twitter:data2\" content=\"1 minute\" \/>\n<script type=\"application\/ld+json\" class=\"yoast-schema-graph\">{\"@context\":\"https:\/\/schema.org\",\"@graph\":[{\"@type\":\"Article\",\"@id\":\"https:\/\/stiftadmont.at\/blog\/gruendonnerstag-2024\/#article\",\"isPartOf\":{\"@id\":\"https:\/\/stiftadmont.at\/blog\/gruendonnerstag-2024\/\"},\"author\":{\"name\":\"Sarah Stadlauer\",\"@id\":\"https:\/\/stiftadmont.at\/#\/schema\/person\/b3a90b1a2f72566cf3c755db08bd829d\"},\"headline\":\"Gr\u00fcndonnerstag 2024\",\"datePublished\":\"2024-03-28T12:00:22+00:00\",\"dateModified\":\"2024-03-29T19:13:37+00:00\",\"mainEntityOfPage\":{\"@id\":\"https:\/\/stiftadmont.at\/blog\/gruendonnerstag-2024\/\"},\"wordCount\":2,\"image\":{\"@id\":\"https:\/\/stiftadmont.at\/blog\/gruendonnerstag-2024\/#primaryimage\"},\"thumbnailUrl\":\"https:\/\/stiftadmont.at\/wp-content\/uploads\/Gruendonnerstag-2024-5.jpg\",\"articleSection\":[\"Kloster aktuell\"],\"inLanguage\":\"fr-FR\"},{\"@type\":\"WebPage\",\"@id\":\"https:\/\/stiftadmont.at\/blog\/gruendonnerstag-2024\/\",\"url\":\"https:\/\/stiftadmont.at\/blog\/gruendonnerstag-2024\/\",\"name\":\"Gr\u00fcndonnerstag 2024 - Stift Admont\",\"isPartOf\":{\"@id\":\"https:\/\/stiftadmont.at\/#website\"},\"primaryImageOfPage\":{\"@id\":\"https:\/\/stiftadmont.at\/blog\/gruendonnerstag-2024\/#primaryimage\"},\"image\":{\"@id\":\"https:\/\/stiftadmont.at\/blog\/gruendonnerstag-2024\/#primaryimage\"},\"thumbnailUrl\":\"https:\/\/stiftadmont.at\/wp-content\/uploads\/Gruendonnerstag-2024-5.jpg\",\"datePublished\":\"2024-03-28T12:00:22+00:00\",\"dateModified\":\"2024-03-29T19:13:37+00:00\",\"author\":{\"@id\":\"https:\/\/stiftadmont.at\/#\/schema\/person\/b3a90b1a2f72566cf3c755db08bd829d\"},\"description\":\"Lesen Sie aktuelle Informationen zum Thema Gr\u00fcndonnerstag 2024 und vieles mehr aus dem Konvent und der Pfarre Admont.\",\"breadcrumb\":{\"@id\":\"https:\/\/stiftadmont.at\/blog\/gruendonnerstag-2024\/#breadcrumb\"},\"inLanguage\":\"fr-FR\",\"potentialAction\":[{\"@type\":\"ReadAction\",\"target\":[\"https:\/\/stiftadmont.at\/blog\/gruendonnerstag-2024\/\"]}]},{\"@type\":\"ImageObject\",\"inLanguage\":\"fr-FR\",\"@id\":\"https:\/\/stiftadmont.at\/blog\/gruendonnerstag-2024\/#primaryimage\",\"url\":\"https:\/\/stiftadmont.at\/wp-content\/uploads\/Gruendonnerstag-2024-5.jpg\",\"contentUrl\":\"https:\/\/stiftadmont.at\/wp-content\/uploads\/Gruendonnerstag-2024-5.jpg\",\"width\":1024,\"height\":768,\"caption\":\"Gr\u00fcndonnerstag 2024 5\"},{\"@type\":\"BreadcrumbList\",\"@id\":\"https:\/\/stiftadmont.at\/blog\/gruendonnerstag-2024\/#breadcrumb\",\"itemListElement\":[{\"@type\":\"ListItem\",\"position\":1,\"name\":\"Start\",\"item\":\"https:\/\/stiftadmont.at\/\"},{\"@type\":\"ListItem\",\"position\":2,\"name\":\"Gr\u00fcndonnerstag 2024\"}]},{\"@type\":\"WebSite\",\"@id\":\"https:\/\/stiftadmont.at\/#website\",\"url\":\"https:\/\/stiftadmont.at\/\",\"name\":\"Stift Admont\",\"description\":\"Benediktinerkloster und Sehensw\u00fcrdigkeit im Ges\u00e4use\",\"potentialAction\":[{\"@type\":\"SearchAction\",\"target\":{\"@type\":\"EntryPoint\",\"urlTemplate\":\"https:\/\/stiftadmont.at\/?s={search_term_string}\"},\"query-input\":{\"@type\":\"PropertyValueSpecification\",\"valueRequired\":true,\"valueName\":\"search_term_string\"}}],\"inLanguage\":\"fr-FR\"},{\"@type\":\"Person\",\"@id\":\"https:\/\/stiftadmont.at\/#\/schema\/person\/b3a90b1a2f72566cf3c755db08bd829d\",\"name\":\"Sarah Stadlauer\"}]}<\/script>\n<!-- \/ Yoast SEO Premium plugin. -->","yoast_head_json":{"title":"Jeudi saint 2024 - Stift Admont","description":"Lisez les informations actuelles sur le th\u00e8me du Jeudi saint 2024 et bien d'autres choses encore sur le couvent et la paroisse d'Admont.","robots":{"index":"index","follow":"follow","max-snippet":"max-snippet:-1","max-image-preview":"max-image-preview:large","max-video-preview":"max-video-preview:-1"},"canonical":"https:\/\/stiftadmont.at\/fr\/blog\/projet-enregistre-automatiquement-2\/","og_locale":"fr_FR","og_type":"article","og_title":"Gr\u00fcndonnerstag 2024","og_description":"Lesen Sie aktuelle Informationen zum Thema Gr\u00fcndonnerstag 2024 und vieles mehr aus dem Konvent und der Pfarre Admont.","og_url":"https:\/\/stiftadmont.at\/fr\/blog\/projet-enregistre-automatiquement-2\/","og_site_name":"Stift Admont","article_published_time":"2024-03-28T12:00:22+00:00","article_modified_time":"2024-03-29T19:13:37+00:00","og_image":[{"width":1024,"height":768,"url":"https:\/\/stiftadmont.at\/wp-content\/uploads\/Gruendonnerstag-2024-5.jpg","type":"image\/jpeg"}],"author":"Sarah Stadlauer","twitter_card":"summary_large_image","twitter_misc":{"\u00c9crit par":"Sarah Stadlauer","Dur\u00e9e de lecture estim\u00e9e":"1 minute"},"schema":{"@context":"https:\/\/schema.org","@graph":[{"@type":"Article","@id":"https:\/\/stiftadmont.at\/blog\/gruendonnerstag-2024\/#article","isPartOf":{"@id":"https:\/\/stiftadmont.at\/blog\/gruendonnerstag-2024\/"},"author":{"name":"Sarah Stadlauer","@id":"https:\/\/stiftadmont.at\/#\/schema\/person\/b3a90b1a2f72566cf3c755db08bd829d"},"headline":"Gr\u00fcndonnerstag 2024","datePublished":"2024-03-28T12:00:22+00:00","dateModified":"2024-03-29T19:13:37+00:00","mainEntityOfPage":{"@id":"https:\/\/stiftadmont.at\/blog\/gruendonnerstag-2024\/"},"wordCount":2,"image":{"@id":"https:\/\/stiftadmont.at\/blog\/gruendonnerstag-2024\/#primaryimage"},"thumbnailUrl":"https:\/\/stiftadmont.at\/wp-content\/uploads\/Gruendonnerstag-2024-5.jpg","articleSection":["Kloster aktuell"],"inLanguage":"fr-FR"},{"@type":"WebPage","@id":"https:\/\/stiftadmont.at\/blog\/gruendonnerstag-2024\/","url":"https:\/\/stiftadmont.at\/blog\/gruendonnerstag-2024\/","name":"Jeudi saint 2024 - Stift Admont","isPartOf":{"@id":"https:\/\/stiftadmont.at\/#website"},"primaryImageOfPage":{"@id":"https:\/\/stiftadmont.at\/blog\/gruendonnerstag-2024\/#primaryimage"},"image":{"@id":"https:\/\/stiftadmont.at\/blog\/gruendonnerstag-2024\/#primaryimage"},"thumbnailUrl":"https:\/\/stiftadmont.at\/wp-content\/uploads\/Gruendonnerstag-2024-5.jpg","datePublished":"2024-03-28T12:00:22+00:00","dateModified":"2024-03-29T19:13:37+00:00","author":{"@id":"https:\/\/stiftadmont.at\/#\/schema\/person\/b3a90b1a2f72566cf3c755db08bd829d"},"description":"Lisez les informations actuelles sur le th\u00e8me du Jeudi saint 2024 et bien d'autres choses encore sur le couvent et la paroisse d'Admont.","breadcrumb":{"@id":"https:\/\/stiftadmont.at\/blog\/gruendonnerstag-2024\/#breadcrumb"},"inLanguage":"fr-FR","potentialAction":[{"@type":"ReadAction","target":["https:\/\/stiftadmont.at\/blog\/gruendonnerstag-2024\/"]}]},{"@type":"ImageObject","inLanguage":"fr-FR","@id":"https:\/\/stiftadmont.at\/blog\/gruendonnerstag-2024\/#primaryimage","url":"https:\/\/stiftadmont.at\/wp-content\/uploads\/Gruendonnerstag-2024-5.jpg","contentUrl":"https:\/\/stiftadmont.at\/wp-content\/uploads\/Gruendonnerstag-2024-5.jpg","width":1024,"height":768,"caption":"Gr\u00fcndonnerstag 2024 5"},{"@type":"BreadcrumbList","@id":"https:\/\/stiftadmont.at\/blog\/gruendonnerstag-2024\/#breadcrumb","itemListElement":[{"@type":"ListItem","position":1,"name":"Start","item":"https:\/\/stiftadmont.at\/"},{"@type":"ListItem","position":2,"name":"Gr\u00fcndonnerstag 2024"}]},{"@type":"WebSite","@id":"https:\/\/stiftadmont.at\/#website","url":"https:\/\/stiftadmont.at\/","name":"Abbaye d'Admont","description":"Monast\u00e8re b\u00e9n\u00e9dictin et attraction touristique dans le Ges\u00e4use","potentialAction":[{"@type":"SearchAction","target":{"@type":"EntryPoint","urlTemplate":"https:\/\/stiftadmont.at\/?s={search_term_string}"},"query-input":{"@type":"PropertyValueSpecification","valueRequired":true,"valueName":"search_term_string"}}],"inLanguage":"fr-FR"},{"@type":"Person","@id":"https:\/\/stiftadmont.at\/#\/schema\/person\/b3a90b1a2f72566cf3c755db08bd829d","name":"Sarah Stadlauer"}]}},"_links":{"self":[{"href":"https:\/\/stiftadmont.at\/fr\/wp-json\/wp\/v2\/posts\/27651","targetHints":{"allow":["GET"]}}],"collection":[{"href":"https:\/\/stiftadmont.at\/fr\/wp-json\/wp\/v2\/posts"}],"about":[{"href":"https:\/\/stiftadmont.at\/fr\/wp-json\/wp\/v2\/types\/post"}],"author":[{"embeddable":true,"href":"https:\/\/stiftadmont.at\/fr\/wp-json\/wp\/v2\/users\/20"}],"replies":[{"embeddable":true,"href":"https:\/\/stiftadmont.at\/fr\/wp-json\/wp\/v2\/comments?post=27651"}],"version-history":[{"count":8,"href":"https:\/\/stiftadmont.at\/fr\/wp-json\/wp\/v2\/posts\/27651\/revisions"}],"predecessor-version":[{"id":27682,"href":"https:\/\/stiftadmont.at\/fr\/wp-json\/wp\/v2\/posts\/27651\/revisions\/27682"}],"wp:featuredmedia":[{"embeddable":true,"href":"https:\/\/stiftadmont.at\/fr\/wp-json\/wp\/v2\/media\/27664"}],"wp:attachment":[{"href":"https:\/\/stiftadmont.at\/fr\/wp-json\/wp\/v2\/media?parent=27651"}],"wp:term":[{"taxonomy":"category","embeddable":true,"href":"https:\/\/stiftadmont.at\/fr\/wp-json\/wp\/v2\/categories?post=27651"}],"curies":[{"name":"wp","href":"https:\/\/api.w.org\/{rel}","templated":true}]}}