{"id":27907,"date":"2024-04-08T09:00:39","date_gmt":"2024-04-08T07:00:39","guid":{"rendered":"https:\/\/stiftadmont.at\/?p=27907"},"modified":"2024-04-10T11:54:24","modified_gmt":"2024-04-10T09:54:24","slug":"conference-de-presse-pour-les-950-ans-de-labbaye-dadmont-a-vienne","status":"publish","type":"post","link":"https:\/\/stiftadmont.at\/fr\/blog\/pressekonferenz-zu-950-jahre-stift-admont-in-wien\/","title":{"rendered":"Conf\u00e9rence de presse sur les \"950 ans de l'abbaye d'Admont\" \u00e0 Vienne"},"content":{"rendered":"<section id='lightpress__section--block_b46b937f1ae24e3701643b126ab68285' class='lightpress__section--default-section-space lightpress__section lightpress__section--content'><div class=\"content__inner\"\n         x-init=\"initContentBlockAnim($el)\">\n        \n    <div class=\"content__grid content__grid\">\n                                            <div class=\"content__box content__box--one-hundred\"\n                 style=\"\">\n                                \n                \n                                            <div class=\"prose\"><h2 class=\"heading-xxl line line--gold\">Pressekonferenz zu \u201e950 Jahre Stift Admont\u201c in Wien<\/h2>\n<p class=\"paragraph-m\"><strong>Freitag, 05. April 2024<\/strong><\/p>\n<p class=\"paragraph-m\">Das Stift Admont hat am Freitag, den 05. April 2024 im Rahmen vom Steiermark Fr\u00fchling zu einer Pressekonferenz im VINO Wien eingeladen.<\/p>\n<p class=\"paragraph-m\"><strong>Vortragende:<\/strong> <br \/>\u2022 Mario Brandm\u00fcller, Leiter f\u00fcr Kultur, Tourismus und PR Stift Admont<br \/>\u2022 Michael Braunsteiner, K\u00fcnstlerischer Leiter Museum Stift Admont (1995-2024)<br \/>\u2022 Alexander Kada, Ausstellungsdesigner<br \/>\u2022 Christian Rapp, Ausstellungskurator <\/p>\n<p>\u00dcber 20 Pressevertreterinnen und Pressevertreter waren dabei.<\/p>\n<\/div>\n                    \n                            <\/div>\n        \n            <\/div>\n<\/div>\n\n<\/section>\n\n<section id='lightpress__section--block_e579acc4a4aae40e6d58ecf8577ca9b5' class='lightpress__section--default-section-space lightpress__section lightpress__section--image-slider'>\n<div class=\"image-slider\"\n     x-data=\"{ gallery: null, shown: false }\"\n     x-init=\"gallery = initSliderGallery([{&quot;href&quot;:&quot;https:\\\/\\\/stiftadmont.at\\\/wp-content\\\/uploads\\\/1074_benediktinerstift-admont_pressekonferenz-wien_05-04-24_CM14953_c-mavric-1920x1280.jpg&quot;,&quot;type&quot;:&quot;image&quot;},{&quot;href&quot;:&quot;https:\\\/\\\/stiftadmont.at\\\/wp-content\\\/uploads\\\/1074_benediktinerstift-admont_pressekonferenz-wien_05-04-24_CM15054_c-mavric-1920x1280.jpg&quot;,&quot;type&quot;:&quot;image&quot;},{&quot;href&quot;:&quot;https:\\\/\\\/stiftadmont.at\\\/wp-content\\\/uploads\\\/1074_benediktinerstift-admont_pressekonferenz-wien_05-04-24_CM15112_c-mavric-1920x1280.jpg&quot;,&quot;type&quot;:&quot;image&quot;},{&quot;href&quot;:&quot;https:\\\/\\\/stiftadmont.at\\\/wp-content\\\/uploads\\\/1074_benediktinerstift-admont_pressekonferenz-wien_05-04-24_CM15127_c-mavric-1920x1280.jpg&quot;,&quot;type&quot;:&quot;image&quot;},{&quot;href&quot;:&quot;https:\\\/\\\/stiftadmont.at\\\/wp-content\\\/uploads\\\/1074_benediktinerstift-admont_pressekonferenz-wien_05-04-24_CM15116_c-mavric-1920x1280.jpg&quot;,&quot;type&quot;:&quot;image&quot;},{&quot;href&quot;:&quot;https:\\\/\\\/stiftadmont.at\\\/wp-content\\\/uploads\\\/1074_benediktinerstift-admont_pressekonferenz-wien_05-04-24_CM15130_c-mavric-1920x1280.jpg&quot;,&quot;type&quot;:&quot;image&quot;},{&quot;href&quot;:&quot;https:\\\/\\\/stiftadmont.at\\\/wp-content\\\/uploads\\\/1074_benediktinerstift-admont_pressekonferenz-wien_05-04-24_CM15135_c-mavric-1920x1280.jpg&quot;,&quot;type&quot;:&quot;image&quot;}]); initImageSliderBlockAnim($el);\">\n    <div class=\"image-slider__inner\">\n\n        <div class=\"swiper-container\" x-init=\"initImageSliderBlock($el, $refs.btnPrev, $refs.btnNext)\">\n            <div class=\"swiper-wrapper\">\n                                    <div class=\"swiper-slide\">\n                        <div class=\"image-slider__media\">\n                            <img decoding=\"async\" class=\"image-slider__image\"\n                                 src=\"https:\/\/stiftadmont.at\/wp-content\/uploads\/1074_benediktinerstift-admont_pressekonferenz-wien_05-04-24_CM14953_c-mavric-768x512.jpg\"\n                                 alt=\"1074 benediktinerstift admont pressekonferenz wien 05 04 24 CM14953 c mavric\">\n                        <\/div>\n                    <\/div>\n                                    <div class=\"swiper-slide\">\n                        <div class=\"image-slider__media\">\n                            <img decoding=\"async\" class=\"image-slider__image\"\n                                 src=\"https:\/\/stiftadmont.at\/wp-content\/uploads\/1074_benediktinerstift-admont_pressekonferenz-wien_05-04-24_CM15054_c-mavric-768x512.jpg\"\n                                 alt=\"1074 benediktinerstift admont pressekonferenz wien 05 04 24 CM15054 c mavric\">\n                        <\/div>\n                    <\/div>\n                                    <div class=\"swiper-slide\">\n                        <div class=\"image-slider__media\">\n                            <img decoding=\"async\" class=\"image-slider__image\"\n                                 src=\"https:\/\/stiftadmont.at\/wp-content\/uploads\/1074_benediktinerstift-admont_pressekonferenz-wien_05-04-24_CM15112_c-mavric-768x512.jpg\"\n                                 alt=\"1074 benediktinerstift admont pressekonferenz wien 05 04 24 CM15112 c mavric\">\n                        <\/div>\n                    <\/div>\n                                    <div class=\"swiper-slide\">\n                        <div class=\"image-slider__media\">\n                            <img decoding=\"async\" class=\"image-slider__image\"\n                                 src=\"https:\/\/stiftadmont.at\/wp-content\/uploads\/1074_benediktinerstift-admont_pressekonferenz-wien_05-04-24_CM15127_c-mavric-768x512.jpg\"\n                                 alt=\"1074 benediktinerstift admont pressekonferenz wien 05 04 24 CM15127 c mavric\">\n                        <\/div>\n                    <\/div>\n                                    <div class=\"swiper-slide\">\n                        <div class=\"image-slider__media\">\n                            <img decoding=\"async\" class=\"image-slider__image\"\n                                 src=\"https:\/\/stiftadmont.at\/wp-content\/uploads\/1074_benediktinerstift-admont_pressekonferenz-wien_05-04-24_CM15116_c-mavric-768x512.jpg\"\n                                 alt=\"1074 benediktinerstift admont pressekonferenz wien 05 04 24 CM15116 c mavric\">\n                        <\/div>\n                    <\/div>\n                                    <div class=\"swiper-slide\">\n                        <div class=\"image-slider__media\">\n                            <img decoding=\"async\" class=\"image-slider__image\"\n                                 src=\"https:\/\/stiftadmont.at\/wp-content\/uploads\/1074_benediktinerstift-admont_pressekonferenz-wien_05-04-24_CM15130_c-mavric-768x512.jpg\"\n                                 alt=\"1074 benediktinerstift admont pressekonferenz wien 05 04 24 CM15130 c mavric\">\n                        <\/div>\n                    <\/div>\n                                    <div class=\"swiper-slide\">\n                        <div class=\"image-slider__media\">\n                            <img decoding=\"async\" class=\"image-slider__image\"\n                                 src=\"https:\/\/stiftadmont.at\/wp-content\/uploads\/1074_benediktinerstift-admont_pressekonferenz-wien_05-04-24_CM15135_c-mavric-768x512.jpg\"\n                                 alt=\"1074 benediktinerstift admont pressekonferenz wien 05 04 24 CM15135 c mavric\">\n                        <\/div>\n                    <\/div>\n                            <\/div>\n\n            <div class=\"swiper-nav-wrapper\">\n                <button class=\"swiper-button-prev slider-button--prev\" x-ref=\"btnPrev\"\n                        aria-label=\"Vorige Bilder anzeigen\">\n                    <img decoding=\"async\" src=\"\/wp-content\/themes\/stift-admont\/src\/assets\/img\/arrow-left-big-new.svg\" alt=\"Pfeil nach Links\">\n                <\/button>\n\n\n                <a class=\"image-slider__gallery\" @click=\"openGallery(gallery)\"><i class=\"fa-thin fa-plus\"><\/i><\/a>\n                <button class=\"swiper-button-next slider-button--next\"\n                        x-ref=\"btnNext\"\n                        aria-label=\"N\u00e4chste Bilder anzeigen\">\n                    <img decoding=\"async\" src=\"\/wp-content\/themes\/stift-admont\/src\/assets\/img\/arrow-right-big-new.svg\" alt=\"Pfeil nach Rechts\">\n                <\/button>\n            <\/div>\n        <\/div>\n    <\/div>\n\n\n<\/div><\/section>","protected":false},"excerpt":{"rendered":"<p>Le vendredi 5 avril 2024, l'abbaye d'Admont a organis\u00e9 une conf\u00e9rence de presse \u00e0 Vienne dans le cadre du Printemps de la Styrie 2024.<\/p>","protected":false},"author":7,"featured_media":27912,"comment_status":"closed","ping_status":"closed","sticky":false,"template":"","format":"standard","meta":{"_acf_changed":false,"footnotes":""},"categories":[23],"class_list":["post-27907","post","type-post","status-publish","format-standard","has-post-thumbnail","hentry","category-einrichtungen-aktuell"],"acf":[],"yoast_head":"<!-- This site is optimized with the Yoast SEO Premium plugin v26.0 (Yoast SEO v26.8) - https:\/\/yoast.com\/product\/yoast-seo-premium-wordpress\/ -->\n<title>Pressekonferenz zu \u201e950 Jahre Stift Admont\u201c in Wien - Stift Admont<\/title>\n<meta name=\"description\" content=\"Lesen Sie aktuelle Informationen zum Thema Pressekonferenz zu \u201e950 Jahre Stift Admont\u201c in Wien und vieles mehr aus dem Konvent und der Pfarre Admont.\" \/>\n<meta name=\"robots\" content=\"index, follow, max-snippet:-1, max-image-preview:large, max-video-preview:-1\" \/>\n<link rel=\"canonical\" href=\"https:\/\/stiftadmont.at\/fr\/blog\/conference-de-presse-pour-les-950-ans-de-labbaye-dadmont-a-vienne\/\" \/>\n<meta property=\"og:locale\" content=\"fr_FR\" \/>\n<meta property=\"og:type\" content=\"article\" \/>\n<meta property=\"og:title\" content=\"Pressekonferenz zu \u201e950 Jahre Stift Admont\u201c in Wien\" \/>\n<meta property=\"og:description\" content=\"Lesen Sie aktuelle Informationen zum Thema Pressekonferenz zu \u201e950 Jahre Stift Admont\u201c in Wien und vieles mehr aus dem Konvent und der Pfarre Admont.\" \/>\n<meta property=\"og:url\" content=\"https:\/\/stiftadmont.at\/fr\/blog\/conference-de-presse-pour-les-950-ans-de-labbaye-dadmont-a-vienne\/\" \/>\n<meta property=\"og:site_name\" content=\"Stift Admont\" \/>\n<meta property=\"article:published_time\" content=\"2024-04-08T07:00:39+00:00\" \/>\n<meta property=\"article:modified_time\" content=\"2024-04-10T09:54:24+00:00\" \/>\n<meta property=\"og:image\" content=\"https:\/\/stiftadmont.at\/wp-content\/uploads\/IMG_5124-c-Tanja-Brunthaler-scaled.jpg\" \/>\n\t<meta property=\"og:image:width\" content=\"2560\" \/>\n\t<meta property=\"og:image:height\" content=\"1920\" \/>\n\t<meta property=\"og:image:type\" content=\"image\/jpeg\" \/>\n<meta name=\"author\" content=\"Mario Brandm\u00fcller\" \/>\n<meta name=\"twitter:card\" content=\"summary_large_image\" \/>\n<meta name=\"twitter:label1\" content=\"\u00c9crit par\" \/>\n\t<meta name=\"twitter:data1\" content=\"Mario Brandm\u00fcller\" \/>\n\t<meta name=\"twitter:label2\" content=\"Dur\u00e9e de lecture estim\u00e9e\" \/>\n\t<meta name=\"twitter:data2\" content=\"1 minute\" \/>\n<script type=\"application\/ld+json\" class=\"yoast-schema-graph\">{\"@context\":\"https:\/\/schema.org\",\"@graph\":[{\"@type\":\"Article\",\"@id\":\"https:\/\/stiftadmont.at\/blog\/pressekonferenz-zu-950-jahre-stift-admont-in-wien\/#article\",\"isPartOf\":{\"@id\":\"https:\/\/stiftadmont.at\/blog\/pressekonferenz-zu-950-jahre-stift-admont-in-wien\/\"},\"author\":{\"name\":\"Mario Brandm\u00fcller\",\"@id\":\"https:\/\/stiftadmont.at\/#\/schema\/person\/30535548b241d5f33a2e8b839db11869\"},\"headline\":\"Pressekonferenz zu \u201e950 Jahre Stift Admont\u201c in Wien\",\"datePublished\":\"2024-04-08T07:00:39+00:00\",\"dateModified\":\"2024-04-10T09:54:24+00:00\",\"mainEntityOfPage\":{\"@id\":\"https:\/\/stiftadmont.at\/blog\/pressekonferenz-zu-950-jahre-stift-admont-in-wien\/\"},\"wordCount\":7,\"image\":{\"@id\":\"https:\/\/stiftadmont.at\/blog\/pressekonferenz-zu-950-jahre-stift-admont-in-wien\/#primaryimage\"},\"thumbnailUrl\":\"https:\/\/stiftadmont.at\/wp-content\/uploads\/IMG_5124-c-Tanja-Brunthaler-scaled.jpg\",\"articleSection\":[\"Einrichtungen aktuell\"],\"inLanguage\":\"fr-FR\"},{\"@type\":\"WebPage\",\"@id\":\"https:\/\/stiftadmont.at\/blog\/pressekonferenz-zu-950-jahre-stift-admont-in-wien\/\",\"url\":\"https:\/\/stiftadmont.at\/blog\/pressekonferenz-zu-950-jahre-stift-admont-in-wien\/\",\"name\":\"Pressekonferenz zu \u201e950 Jahre Stift Admont\u201c in Wien - Stift Admont\",\"isPartOf\":{\"@id\":\"https:\/\/stiftadmont.at\/#website\"},\"primaryImageOfPage\":{\"@id\":\"https:\/\/stiftadmont.at\/blog\/pressekonferenz-zu-950-jahre-stift-admont-in-wien\/#primaryimage\"},\"image\":{\"@id\":\"https:\/\/stiftadmont.at\/blog\/pressekonferenz-zu-950-jahre-stift-admont-in-wien\/#primaryimage\"},\"thumbnailUrl\":\"https:\/\/stiftadmont.at\/wp-content\/uploads\/IMG_5124-c-Tanja-Brunthaler-scaled.jpg\",\"datePublished\":\"2024-04-08T07:00:39+00:00\",\"dateModified\":\"2024-04-10T09:54:24+00:00\",\"author\":{\"@id\":\"https:\/\/stiftadmont.at\/#\/schema\/person\/30535548b241d5f33a2e8b839db11869\"},\"description\":\"Lesen Sie aktuelle Informationen zum Thema Pressekonferenz zu \u201e950 Jahre Stift Admont\u201c in Wien und vieles mehr aus dem Konvent und der Pfarre Admont.\",\"breadcrumb\":{\"@id\":\"https:\/\/stiftadmont.at\/blog\/pressekonferenz-zu-950-jahre-stift-admont-in-wien\/#breadcrumb\"},\"inLanguage\":\"fr-FR\",\"potentialAction\":[{\"@type\":\"ReadAction\",\"target\":[\"https:\/\/stiftadmont.at\/blog\/pressekonferenz-zu-950-jahre-stift-admont-in-wien\/\"]}]},{\"@type\":\"ImageObject\",\"inLanguage\":\"fr-FR\",\"@id\":\"https:\/\/stiftadmont.at\/blog\/pressekonferenz-zu-950-jahre-stift-admont-in-wien\/#primaryimage\",\"url\":\"https:\/\/stiftadmont.at\/wp-content\/uploads\/IMG_5124-c-Tanja-Brunthaler-scaled.jpg\",\"contentUrl\":\"https:\/\/stiftadmont.at\/wp-content\/uploads\/IMG_5124-c-Tanja-Brunthaler-scaled.jpg\",\"width\":2560,\"height\":1920,\"caption\":\"IMG 5124 (c) Tanja Brunthaler\"},{\"@type\":\"BreadcrumbList\",\"@id\":\"https:\/\/stiftadmont.at\/blog\/pressekonferenz-zu-950-jahre-stift-admont-in-wien\/#breadcrumb\",\"itemListElement\":[{\"@type\":\"ListItem\",\"position\":1,\"name\":\"Start\",\"item\":\"https:\/\/stiftadmont.at\/\"},{\"@type\":\"ListItem\",\"position\":2,\"name\":\"Pressekonferenz zu \u201e950 Jahre Stift Admont\u201c in Wien\"}]},{\"@type\":\"WebSite\",\"@id\":\"https:\/\/stiftadmont.at\/#website\",\"url\":\"https:\/\/stiftadmont.at\/\",\"name\":\"Stift Admont\",\"description\":\"Benediktinerkloster und Sehensw\u00fcrdigkeit im Ges\u00e4use\",\"potentialAction\":[{\"@type\":\"SearchAction\",\"target\":{\"@type\":\"EntryPoint\",\"urlTemplate\":\"https:\/\/stiftadmont.at\/?s={search_term_string}\"},\"query-input\":{\"@type\":\"PropertyValueSpecification\",\"valueRequired\":true,\"valueName\":\"search_term_string\"}}],\"inLanguage\":\"fr-FR\"},{\"@type\":\"Person\",\"@id\":\"https:\/\/stiftadmont.at\/#\/schema\/person\/30535548b241d5f33a2e8b839db11869\",\"name\":\"Mario Brandm\u00fcller\"}]}<\/script>\n<!-- \/ Yoast SEO Premium plugin. -->","yoast_head_json":{"title":"Conf\u00e9rence de presse sur les \"950 ans de l'abbaye d'Admont\" \u00e0 Vienne - Stift Admont","description":"Lisez les informations actuelles sur le th\u00e8me de la conf\u00e9rence de presse sur les \"950 ans de l'abbaye d'Admont\" \u00e0 Vienne et bien d'autres informations sur le couvent et la paroisse d'Admont.","robots":{"index":"index","follow":"follow","max-snippet":"max-snippet:-1","max-image-preview":"max-image-preview:large","max-video-preview":"max-video-preview:-1"},"canonical":"https:\/\/stiftadmont.at\/fr\/blog\/conference-de-presse-pour-les-950-ans-de-labbaye-dadmont-a-vienne\/","og_locale":"fr_FR","og_type":"article","og_title":"Pressekonferenz zu \u201e950 Jahre Stift Admont\u201c in Wien","og_description":"Lesen Sie aktuelle Informationen zum Thema Pressekonferenz zu \u201e950 Jahre Stift Admont\u201c in Wien und vieles mehr aus dem Konvent und der Pfarre Admont.","og_url":"https:\/\/stiftadmont.at\/fr\/blog\/conference-de-presse-pour-les-950-ans-de-labbaye-dadmont-a-vienne\/","og_site_name":"Stift Admont","article_published_time":"2024-04-08T07:00:39+00:00","article_modified_time":"2024-04-10T09:54:24+00:00","og_image":[{"width":2560,"height":1920,"url":"https:\/\/stiftadmont.at\/wp-content\/uploads\/IMG_5124-c-Tanja-Brunthaler-scaled.jpg","type":"image\/jpeg"}],"author":"Mario Brandm\u00fcller","twitter_card":"summary_large_image","twitter_misc":{"\u00c9crit par":"Mario Brandm\u00fcller","Dur\u00e9e de lecture estim\u00e9e":"1 minute"},"schema":{"@context":"https:\/\/schema.org","@graph":[{"@type":"Article","@id":"https:\/\/stiftadmont.at\/blog\/pressekonferenz-zu-950-jahre-stift-admont-in-wien\/#article","isPartOf":{"@id":"https:\/\/stiftadmont.at\/blog\/pressekonferenz-zu-950-jahre-stift-admont-in-wien\/"},"author":{"name":"Mario Brandm\u00fcller","@id":"https:\/\/stiftadmont.at\/#\/schema\/person\/30535548b241d5f33a2e8b839db11869"},"headline":"Pressekonferenz zu \u201e950 Jahre Stift Admont\u201c in Wien","datePublished":"2024-04-08T07:00:39+00:00","dateModified":"2024-04-10T09:54:24+00:00","mainEntityOfPage":{"@id":"https:\/\/stiftadmont.at\/blog\/pressekonferenz-zu-950-jahre-stift-admont-in-wien\/"},"wordCount":7,"image":{"@id":"https:\/\/stiftadmont.at\/blog\/pressekonferenz-zu-950-jahre-stift-admont-in-wien\/#primaryimage"},"thumbnailUrl":"https:\/\/stiftadmont.at\/wp-content\/uploads\/IMG_5124-c-Tanja-Brunthaler-scaled.jpg","articleSection":["Einrichtungen aktuell"],"inLanguage":"fr-FR"},{"@type":"WebPage","@id":"https:\/\/stiftadmont.at\/blog\/pressekonferenz-zu-950-jahre-stift-admont-in-wien\/","url":"https:\/\/stiftadmont.at\/blog\/pressekonferenz-zu-950-jahre-stift-admont-in-wien\/","name":"Conf\u00e9rence de presse sur les \"950 ans de l'abbaye d'Admont\" \u00e0 Vienne - Stift Admont","isPartOf":{"@id":"https:\/\/stiftadmont.at\/#website"},"primaryImageOfPage":{"@id":"https:\/\/stiftadmont.at\/blog\/pressekonferenz-zu-950-jahre-stift-admont-in-wien\/#primaryimage"},"image":{"@id":"https:\/\/stiftadmont.at\/blog\/pressekonferenz-zu-950-jahre-stift-admont-in-wien\/#primaryimage"},"thumbnailUrl":"https:\/\/stiftadmont.at\/wp-content\/uploads\/IMG_5124-c-Tanja-Brunthaler-scaled.jpg","datePublished":"2024-04-08T07:00:39+00:00","dateModified":"2024-04-10T09:54:24+00:00","author":{"@id":"https:\/\/stiftadmont.at\/#\/schema\/person\/30535548b241d5f33a2e8b839db11869"},"description":"Lisez les informations actuelles sur le th\u00e8me de la conf\u00e9rence de presse sur les \"950 ans de l'abbaye d'Admont\" \u00e0 Vienne et bien d'autres informations sur le couvent et la paroisse d'Admont.","breadcrumb":{"@id":"https:\/\/stiftadmont.at\/blog\/pressekonferenz-zu-950-jahre-stift-admont-in-wien\/#breadcrumb"},"inLanguage":"fr-FR","potentialAction":[{"@type":"ReadAction","target":["https:\/\/stiftadmont.at\/blog\/pressekonferenz-zu-950-jahre-stift-admont-in-wien\/"]}]},{"@type":"ImageObject","inLanguage":"fr-FR","@id":"https:\/\/stiftadmont.at\/blog\/pressekonferenz-zu-950-jahre-stift-admont-in-wien\/#primaryimage","url":"https:\/\/stiftadmont.at\/wp-content\/uploads\/IMG_5124-c-Tanja-Brunthaler-scaled.jpg","contentUrl":"https:\/\/stiftadmont.at\/wp-content\/uploads\/IMG_5124-c-Tanja-Brunthaler-scaled.jpg","width":2560,"height":1920,"caption":"IMG 5124 (c) Tanja Brunthaler"},{"@type":"BreadcrumbList","@id":"https:\/\/stiftadmont.at\/blog\/pressekonferenz-zu-950-jahre-stift-admont-in-wien\/#breadcrumb","itemListElement":[{"@type":"ListItem","position":1,"name":"Start","item":"https:\/\/stiftadmont.at\/"},{"@type":"ListItem","position":2,"name":"Pressekonferenz zu \u201e950 Jahre Stift Admont\u201c in Wien"}]},{"@type":"WebSite","@id":"https:\/\/stiftadmont.at\/#website","url":"https:\/\/stiftadmont.at\/","name":"Abbaye d'Admont","description":"Monast\u00e8re b\u00e9n\u00e9dictin et attraction touristique dans le Ges\u00e4use","potentialAction":[{"@type":"SearchAction","target":{"@type":"EntryPoint","urlTemplate":"https:\/\/stiftadmont.at\/?s={search_term_string}"},"query-input":{"@type":"PropertyValueSpecification","valueRequired":true,"valueName":"search_term_string"}}],"inLanguage":"fr-FR"},{"@type":"Person","@id":"https:\/\/stiftadmont.at\/#\/schema\/person\/30535548b241d5f33a2e8b839db11869","name":"Mario Brandm\u00fcller"}]}},"_links":{"self":[{"href":"https:\/\/stiftadmont.at\/fr\/wp-json\/wp\/v2\/posts\/27907","targetHints":{"allow":["GET"]}}],"collection":[{"href":"https:\/\/stiftadmont.at\/fr\/wp-json\/wp\/v2\/posts"}],"about":[{"href":"https:\/\/stiftadmont.at\/fr\/wp-json\/wp\/v2\/types\/post"}],"author":[{"embeddable":true,"href":"https:\/\/stiftadmont.at\/fr\/wp-json\/wp\/v2\/users\/7"}],"replies":[{"embeddable":true,"href":"https:\/\/stiftadmont.at\/fr\/wp-json\/wp\/v2\/comments?post=27907"}],"version-history":[{"count":9,"href":"https:\/\/stiftadmont.at\/fr\/wp-json\/wp\/v2\/posts\/27907\/revisions"}],"predecessor-version":[{"id":27927,"href":"https:\/\/stiftadmont.at\/fr\/wp-json\/wp\/v2\/posts\/27907\/revisions\/27927"}],"wp:featuredmedia":[{"embeddable":true,"href":"https:\/\/stiftadmont.at\/fr\/wp-json\/wp\/v2\/media\/27912"}],"wp:attachment":[{"href":"https:\/\/stiftadmont.at\/fr\/wp-json\/wp\/v2\/media?parent=27907"}],"wp:term":[{"taxonomy":"category","embeddable":true,"href":"https:\/\/stiftadmont.at\/fr\/wp-json\/wp\/v2\/categories?post=27907"}],"curies":[{"name":"wp","href":"https:\/\/api.w.org\/{rel}","templated":true}]}}