{"id":28232,"date":"2024-05-07T14:47:16","date_gmt":"2024-05-07T12:47:16","guid":{"rendered":"https:\/\/stiftadmont.at\/?p=28232"},"modified":"2024-05-07T19:08:50","modified_gmt":"2024-05-07T17:08:50","slug":"labbe-gerhard-hafner-administrateur-par-interim-du-monastere-de-saint-paul","status":"publish","type":"post","link":"https:\/\/stiftadmont.at\/fr\/blog\/abt-gerhard-hafner-interimistischer-administrator-des-stiftes-st-paul\/","title":{"rendered":"L'abb\u00e9 Gerhard Hafner, administrateur par int\u00e9rim de l'abbaye Saint-Paul"},"content":{"rendered":"<section id='lightpress__section--block_d3119acb4608c7e97c4b6c970787f3f3' class='lightpress__section--default-section-space lightpress__section lightpress__section--content'><div class=\"content__inner\"\n         x-init=\"initContentBlockAnim($el)\">\n        \n    <div class=\"content__grid content__grid--fifty-fifty\">\n                                            <div class=\"content__box content__box\"\n                 style=\"\">\n                                \n                \n                                            <div class=\"prose\"><h2 class=\"heading-xxl line line--gold\">L'abb\u00e9 Gerhard Hafner, administrateur par int\u00e9rim de l'abbaye Saint-Paul<\/h2>\n<p class=\"paragraph-m\"><strong>Mardi 7 mai 2024<\/strong><\/p>\n<p class=\"paragraph-m\"><em>Communiqu\u00e9 de presse de la Congr\u00e9gation b\u00e9n\u00e9dictine autrichienne \/ Abbaye b\u00e9n\u00e9dictine de Saint-Paul <\/em><em>Paul im Lavanttal (Ktn)\/Michaelbeuern (Sbg)\/Admont (Stmk), le 6 mai 2024<\/em><\/p>\n<p class=\"paragraph-m\">Gerhard Hafner, abb\u00e9 de l'abbaye d'Admont, \u00e9galement nomm\u00e9 administrateur par int\u00e9rim de l'abbaye de Saint-Paul<\/p>\n<p class=\"paragraph-m\">Gerhard Hafner OSB, abb\u00e9 de l'abbaye b\u00e9n\u00e9dictine d'Admont, a \u00e9t\u00e9 nomm\u00e9 administrateur par int\u00e9rim de l'abbaye b\u00e9n\u00e9dictine de St. Paul im Lavanttal \u00e0 compter du 6 mai 2024. Son mandat court jusqu'au d\u00e9but de l'ann\u00e9e 2026. L'administrateur pr\u00e9c\u00e9dent, l'abb\u00e9 Marian Kollmann OSB, a d\u00e9missionn\u00e9 de son poste de sup\u00e9rieur du monast\u00e8re pour des raisons personnelles. L'abb\u00e9 Johannes Perkmann OSB, en sa qualit\u00e9 d'abb\u00e9-pr\u00e9sident de la congr\u00e9gation b\u00e9n\u00e9dictine autrichienne, a nomm\u00e9 un nouveau directeur de l'abbaye apr\u00e8s d\u00e9cision du pr\u00e9sidium de la congr\u00e9gation et a confi\u00e9 cette t\u00e2che \u00e0 l'abb\u00e9 Gerhard Hafner OSB du monast\u00e8re b\u00e9n\u00e9dictin d'Admont jusqu'au d\u00e9but de 2026. Dans ses t\u00e2ches de direction et dans son double r\u00f4le d'abb\u00e9 de l'abbaye d'Admont et d'administrateur de l'abbaye Saint-Paul, cet homme de 59 ans sera assist\u00e9 par son prieur, MMag Dr. P. Maximilian Schieferm\u00fcller OSB.<\/p>\n<p class=\"paragraph-m\">L'abb\u00e9-pr\u00e9sident Johannes Perkmann : \"Je remercie l'abb\u00e9 Gerhard Hafner d'avoir accept\u00e9 la charge d'administrateur de l'abbaye b\u00e9n\u00e9dictine de Saint-Paul. Ses principales t\u00e2ches seront de pr\u00e9sider les confr\u00e8res en tant que sup\u00e9rieur, de les accompagner et de chercher des voies pour l'avenir avec toutes les personnes concern\u00e9es\".<\/p>\n<p class=\"paragraph-m\">L'abb\u00e9 Gerhard Hafner : \"Je consid\u00e8re l'administration int\u00e9rimaire de l'abbaye Saint-Paul comme un service \u00e0 la communaut\u00e9 locale. Avec mon prieur, je vais essayer de clarifier avec les moines comment leur avenir en tant que communaut\u00e9 monastique peut \u00eatre organis\u00e9. Pour pr\u00e9venir d'\u00e9ventuelles rumeurs : mon monast\u00e8re d'Admont ne reprendra en aucune mani\u00e8re l'abbaye de Saint-Paul, ni en termes de personnel, ni en termes \u00e9conomiques\".<\/p>\n<p class=\"paragraph-m\"><strong>Abb\u00e9 Gerhard Hafner<\/strong><br \/>L'abb\u00e9 Gerhard Hafner est n\u00e9 en 1964 \u00e0 Trieben, en Styrie. Il a \u00e9tudi\u00e9 la th\u00e9ologie \u00e0 Graz et a \u00e9t\u00e9 ordonn\u00e9 pr\u00eatre en 1990. En 1994, il est entr\u00e9 \u00e0 l'abbaye b\u00e9n\u00e9dictine d'Admont et a fait sa profession solennelle en 1999. Depuis janvier 2017, il est abb\u00e9 de l'abbaye d'Admont.<\/p>\n<p class=\"paragraph-m\"><strong>Abbaye b\u00e9n\u00e9dictine de Saint-Paul<\/strong><br \/>Le monast\u00e8re b\u00e9n\u00e9dictin de St. Paul dans la vall\u00e9e de Lavant a \u00e9t\u00e9 fond\u00e9 en 1091 et est le seul monast\u00e8re monastique de Carinthie. L'abbaye dessert quatre paroisses propres et fournit des aum\u00f4niers pour des paroisses et des aum\u00f4neries dioc\u00e9saines. Le lyc\u00e9e de l'abbaye de Saint-Paul, qui accueille plus de 600 \u00e9l\u00e8ves, la sylviculture et l'agriculture ainsi que le mus\u00e9e de l'abbaye, connu bien au-del\u00e0 de la Carinthie, sont les domaines d'activit\u00e9 d'environ 45 collaborateurs et collaboratrices.<\/p>\n<p>\u00a0<\/p>\n<p class=\"paragraph-m\">\u00a0<\/p>\n<\/div>\n                    \n                            <\/div>\n        \n                                                    <div class=\"content__box content__box--2\"\n                     >\n                                        \n                    \n                                                <div class=\"content__media stickyTo\" x-init=\"imageSticky($el)\">\n\n                                                                                    <picture\n                                    class=\"content__image sticky\">\n                                <source srcset=\"https:\/\/stiftadmont.at\/wp-content\/uploads\/Abt-Gerhard-c-Stefan-Leitner-819x1024.webp\" type=\"image\/webp\">\n                                <source srcset=\"https:\/\/stiftadmont.at\/wp-content\/uploads\/Abt-Gerhard-c-Stefan-Leitner-819x1024.jpg\" type=\"image\/jpeg\">\n                                <img decoding=\"async\" class=\"sticky\" loading=\"lazy\" src=\"https:\/\/stiftadmont.at\/wp-content\/uploads\/Abt-Gerhard-c-Stefan-Leitner-819x1024.jpg\"\n                                     alt=\"Abt Gerhard c Stefan Leitner scaled\">\n\n                                                                                                                            <\/picture>\n\n                        <\/div>\n\n                                    <\/div>\n            \n            <\/div>\n<\/div>\n\n<\/section>\n\n<section id='lightpress__section--block_31758eaa19a86ebfb5ed049b3bb22cf6' class='lightpress__section--default-section-space lightpress__section lightpress__section--content'><div class=\"content__inner\"\n         x-init=\"initContentBlockAnim($el)\">\n        \n    <div class=\"content__grid content__grid\">\n                                            <div class=\"content__box content__box--one-hundred\"\n                 style=\"\">\n                                \n                \n                                            <div class=\"prose\"><p class=\"paragraph-m\"><strong>Contact :<\/strong><br \/>L'abb\u00e9-pr\u00e9sident Johannes Perkmann OSB<br \/>Congr\u00e9gation b\u00e9n\u00e9dictine autrichienne<\/p>\n<p><a class=\"phone\" href=\"tel:+43627481161000\"><span class=\"icon-outer\"><i class=\"fa-light fa-phone\"><\/i><\/span>+43 (0) 6274\/8116 1000<\/a><\/p>\n<p><a class=\"phone\" href=\"tel:+4367687466646\"><span class=\"icon-outer\"><i class=\"fa-light fa-phone\"><\/i><\/span>+43 (0) 676\/8746 6646<\/a><\/p>\n<p><a class=\"email\" href=\"mailto:abt.johannes@abtei-michaelbeuern.at\"><span class=\"icon-outer\"><i class=\"fa-light fa-envelope\"><\/i><\/span>abt.johannes@abtei-michaelbeuern.at<\/a><\/p>\n<\/div>\n                    \n                            <\/div>\n        \n            <\/div>\n<\/div>\n\n<\/section>","protected":false},"excerpt":{"rendered":"<p>Gerhard Hafner OSB, abb\u00e9 de l'abbaye b\u00e9n\u00e9dictine d'Admont, a \u00e9t\u00e9 nomm\u00e9 administrateur par int\u00e9rim de l'abbaye b\u00e9n\u00e9dictine de St Paul im Lavanttal \u00e0 compter du 6 mai 2024.<\/p>","protected":false},"author":20,"featured_media":8412,"comment_status":"closed","ping_status":"closed","sticky":false,"template":"","format":"standard","meta":{"_acf_changed":false,"footnotes":""},"categories":[22],"class_list":["post-28232","post","type-post","status-publish","format-standard","has-post-thumbnail","hentry","category-kloster-aktuell"],"acf":[],"yoast_head":"<!-- This site is optimized with the Yoast SEO Premium plugin v26.0 (Yoast SEO v26.8) - https:\/\/yoast.com\/product\/yoast-seo-premium-wordpress\/ -->\n<title>Abt Gerhard Hafner interimistischer Administrator des Stiftes St. Paul - Stift Admont<\/title>\n<meta name=\"description\" content=\"Lesen Sie aktuelle Informationen zum Thema Abt Gerhard Hafner interimistischer Administrator des Stiftes St. Paul und vieles mehr aus dem Konvent und der Pfarre Admont.\" \/>\n<meta name=\"robots\" content=\"index, follow, max-snippet:-1, max-image-preview:large, max-video-preview:-1\" \/>\n<link rel=\"canonical\" href=\"https:\/\/stiftadmont.at\/fr\/blog\/labbe-gerhard-hafner-administrateur-par-interim-du-monastere-de-saint-paul\/\" \/>\n<meta property=\"og:locale\" content=\"fr_FR\" \/>\n<meta property=\"og:type\" content=\"article\" \/>\n<meta property=\"og:title\" content=\"Abt Gerhard Hafner interimistischer Administrator des Stiftes St. Paul\" \/>\n<meta property=\"og:description\" content=\"Lesen Sie aktuelle Informationen zum Thema Abt Gerhard Hafner interimistischer Administrator des Stiftes St. Paul und vieles mehr aus dem Konvent und der Pfarre Admont.\" \/>\n<meta property=\"og:url\" content=\"https:\/\/stiftadmont.at\/fr\/blog\/labbe-gerhard-hafner-administrateur-par-interim-du-monastere-de-saint-paul\/\" \/>\n<meta property=\"og:site_name\" content=\"Stift Admont\" \/>\n<meta property=\"article:published_time\" content=\"2024-05-07T12:47:16+00:00\" \/>\n<meta property=\"article:modified_time\" content=\"2024-05-07T17:08:50+00:00\" \/>\n<meta property=\"og:image\" content=\"https:\/\/stiftadmont.at\/wp-content\/uploads\/Herr-Abt_cStefan-Leitner-e1648798681786.jpg\" \/>\n\t<meta property=\"og:image:width\" content=\"2048\" \/>\n\t<meta property=\"og:image:height\" content=\"1403\" \/>\n\t<meta property=\"og:image:type\" content=\"image\/jpeg\" \/>\n<meta name=\"author\" content=\"Sarah Stadlauer\" \/>\n<meta name=\"twitter:card\" content=\"summary_large_image\" \/>\n<meta name=\"twitter:label1\" content=\"\u00c9crit par\" \/>\n\t<meta name=\"twitter:data1\" content=\"Sarah Stadlauer\" \/>\n\t<meta name=\"twitter:label2\" content=\"Dur\u00e9e de lecture estim\u00e9e\" \/>\n\t<meta name=\"twitter:data2\" content=\"1 minute\" \/>\n<script type=\"application\/ld+json\" class=\"yoast-schema-graph\">{\"@context\":\"https:\/\/schema.org\",\"@graph\":[{\"@type\":\"Article\",\"@id\":\"https:\/\/stiftadmont.at\/blog\/abt-gerhard-hafner-interimistischer-administrator-des-stiftes-st-paul\/#article\",\"isPartOf\":{\"@id\":\"https:\/\/stiftadmont.at\/blog\/abt-gerhard-hafner-interimistischer-administrator-des-stiftes-st-paul\/\"},\"author\":{\"name\":\"Sarah Stadlauer\",\"@id\":\"https:\/\/stiftadmont.at\/#\/schema\/person\/b3a90b1a2f72566cf3c755db08bd829d\"},\"headline\":\"Abt Gerhard Hafner interimistischer Administrator des Stiftes St. Paul\",\"datePublished\":\"2024-05-07T12:47:16+00:00\",\"dateModified\":\"2024-05-07T17:08:50+00:00\",\"mainEntityOfPage\":{\"@id\":\"https:\/\/stiftadmont.at\/blog\/abt-gerhard-hafner-interimistischer-administrator-des-stiftes-st-paul\/\"},\"wordCount\":9,\"image\":{\"@id\":\"https:\/\/stiftadmont.at\/blog\/abt-gerhard-hafner-interimistischer-administrator-des-stiftes-st-paul\/#primaryimage\"},\"thumbnailUrl\":\"https:\/\/stiftadmont.at\/wp-content\/uploads\/Herr-Abt_cStefan-Leitner-e1648798681786-scaled.jpg\",\"articleSection\":[\"Kloster aktuell\"],\"inLanguage\":\"fr-FR\"},{\"@type\":\"WebPage\",\"@id\":\"https:\/\/stiftadmont.at\/blog\/abt-gerhard-hafner-interimistischer-administrator-des-stiftes-st-paul\/\",\"url\":\"https:\/\/stiftadmont.at\/blog\/abt-gerhard-hafner-interimistischer-administrator-des-stiftes-st-paul\/\",\"name\":\"Abt Gerhard Hafner interimistischer Administrator des Stiftes St. Paul - Stift Admont\",\"isPartOf\":{\"@id\":\"https:\/\/stiftadmont.at\/#website\"},\"primaryImageOfPage\":{\"@id\":\"https:\/\/stiftadmont.at\/blog\/abt-gerhard-hafner-interimistischer-administrator-des-stiftes-st-paul\/#primaryimage\"},\"image\":{\"@id\":\"https:\/\/stiftadmont.at\/blog\/abt-gerhard-hafner-interimistischer-administrator-des-stiftes-st-paul\/#primaryimage\"},\"thumbnailUrl\":\"https:\/\/stiftadmont.at\/wp-content\/uploads\/Herr-Abt_cStefan-Leitner-e1648798681786-scaled.jpg\",\"datePublished\":\"2024-05-07T12:47:16+00:00\",\"dateModified\":\"2024-05-07T17:08:50+00:00\",\"author\":{\"@id\":\"https:\/\/stiftadmont.at\/#\/schema\/person\/b3a90b1a2f72566cf3c755db08bd829d\"},\"description\":\"Lesen Sie aktuelle Informationen zum Thema Abt Gerhard Hafner interimistischer Administrator des Stiftes St. Paul und vieles mehr aus dem Konvent und der Pfarre Admont.\",\"breadcrumb\":{\"@id\":\"https:\/\/stiftadmont.at\/blog\/abt-gerhard-hafner-interimistischer-administrator-des-stiftes-st-paul\/#breadcrumb\"},\"inLanguage\":\"fr-FR\",\"potentialAction\":[{\"@type\":\"ReadAction\",\"target\":[\"https:\/\/stiftadmont.at\/blog\/abt-gerhard-hafner-interimistischer-administrator-des-stiftes-st-paul\/\"]}]},{\"@type\":\"ImageObject\",\"inLanguage\":\"fr-FR\",\"@id\":\"https:\/\/stiftadmont.at\/blog\/abt-gerhard-hafner-interimistischer-administrator-des-stiftes-st-paul\/#primaryimage\",\"url\":\"https:\/\/stiftadmont.at\/wp-content\/uploads\/Herr-Abt_cStefan-Leitner-e1648798681786-scaled.jpg\",\"contentUrl\":\"https:\/\/stiftadmont.at\/wp-content\/uploads\/Herr-Abt_cStefan-Leitner-e1648798681786-scaled.jpg\",\"width\":2560,\"height\":1753,\"caption\":\"Stift Admont - Abt Gerhard Hafner OSB \u00a9 Stefan Leitner\"},{\"@type\":\"BreadcrumbList\",\"@id\":\"https:\/\/stiftadmont.at\/blog\/abt-gerhard-hafner-interimistischer-administrator-des-stiftes-st-paul\/#breadcrumb\",\"itemListElement\":[{\"@type\":\"ListItem\",\"position\":1,\"name\":\"Start\",\"item\":\"https:\/\/stiftadmont.at\/\"},{\"@type\":\"ListItem\",\"position\":2,\"name\":\"Abt Gerhard Hafner interimistischer Administrator des Stiftes St. Paul\"}]},{\"@type\":\"WebSite\",\"@id\":\"https:\/\/stiftadmont.at\/#website\",\"url\":\"https:\/\/stiftadmont.at\/\",\"name\":\"Stift Admont\",\"description\":\"Benediktinerkloster und Sehensw\u00fcrdigkeit im Ges\u00e4use\",\"potentialAction\":[{\"@type\":\"SearchAction\",\"target\":{\"@type\":\"EntryPoint\",\"urlTemplate\":\"https:\/\/stiftadmont.at\/?s={search_term_string}\"},\"query-input\":{\"@type\":\"PropertyValueSpecification\",\"valueRequired\":true,\"valueName\":\"search_term_string\"}}],\"inLanguage\":\"fr-FR\"},{\"@type\":\"Person\",\"@id\":\"https:\/\/stiftadmont.at\/#\/schema\/person\/b3a90b1a2f72566cf3c755db08bd829d\",\"name\":\"Sarah Stadlauer\"}]}<\/script>\n<!-- \/ Yoast SEO Premium plugin. -->","yoast_head_json":{"title":"L'abb\u00e9 Gerhard Hafner administrateur par int\u00e9rim de l'abbaye Saint-Paul - Stift Admont","description":"Lisez les informations actuelles sur le th\u00e8me de l'abb\u00e9 Gerhard Hafner, administrateur par int\u00e9rim de l'abbaye Saint-Paul, et bien d'autres informations sur le couvent et la paroisse d'Admont.","robots":{"index":"index","follow":"follow","max-snippet":"max-snippet:-1","max-image-preview":"max-image-preview:large","max-video-preview":"max-video-preview:-1"},"canonical":"https:\/\/stiftadmont.at\/fr\/blog\/labbe-gerhard-hafner-administrateur-par-interim-du-monastere-de-saint-paul\/","og_locale":"fr_FR","og_type":"article","og_title":"Abt Gerhard Hafner interimistischer Administrator des Stiftes St. Paul","og_description":"Lesen Sie aktuelle Informationen zum Thema Abt Gerhard Hafner interimistischer Administrator des Stiftes St. Paul und vieles mehr aus dem Konvent und der Pfarre Admont.","og_url":"https:\/\/stiftadmont.at\/fr\/blog\/labbe-gerhard-hafner-administrateur-par-interim-du-monastere-de-saint-paul\/","og_site_name":"Stift Admont","article_published_time":"2024-05-07T12:47:16+00:00","article_modified_time":"2024-05-07T17:08:50+00:00","og_image":[{"width":2048,"height":1403,"url":"https:\/\/stiftadmont.at\/wp-content\/uploads\/Herr-Abt_cStefan-Leitner-e1648798681786.jpg","type":"image\/jpeg"}],"author":"Sarah Stadlauer","twitter_card":"summary_large_image","twitter_misc":{"\u00c9crit par":"Sarah Stadlauer","Dur\u00e9e de lecture estim\u00e9e":"1 minute"},"schema":{"@context":"https:\/\/schema.org","@graph":[{"@type":"Article","@id":"https:\/\/stiftadmont.at\/blog\/abt-gerhard-hafner-interimistischer-administrator-des-stiftes-st-paul\/#article","isPartOf":{"@id":"https:\/\/stiftadmont.at\/blog\/abt-gerhard-hafner-interimistischer-administrator-des-stiftes-st-paul\/"},"author":{"name":"Sarah Stadlauer","@id":"https:\/\/stiftadmont.at\/#\/schema\/person\/b3a90b1a2f72566cf3c755db08bd829d"},"headline":"Abt Gerhard Hafner interimistischer Administrator des Stiftes St. Paul","datePublished":"2024-05-07T12:47:16+00:00","dateModified":"2024-05-07T17:08:50+00:00","mainEntityOfPage":{"@id":"https:\/\/stiftadmont.at\/blog\/abt-gerhard-hafner-interimistischer-administrator-des-stiftes-st-paul\/"},"wordCount":9,"image":{"@id":"https:\/\/stiftadmont.at\/blog\/abt-gerhard-hafner-interimistischer-administrator-des-stiftes-st-paul\/#primaryimage"},"thumbnailUrl":"https:\/\/stiftadmont.at\/wp-content\/uploads\/Herr-Abt_cStefan-Leitner-e1648798681786-scaled.jpg","articleSection":["Kloster aktuell"],"inLanguage":"fr-FR"},{"@type":"WebPage","@id":"https:\/\/stiftadmont.at\/blog\/abt-gerhard-hafner-interimistischer-administrator-des-stiftes-st-paul\/","url":"https:\/\/stiftadmont.at\/blog\/abt-gerhard-hafner-interimistischer-administrator-des-stiftes-st-paul\/","name":"L'abb\u00e9 Gerhard Hafner administrateur par int\u00e9rim de l'abbaye Saint-Paul - Stift Admont","isPartOf":{"@id":"https:\/\/stiftadmont.at\/#website"},"primaryImageOfPage":{"@id":"https:\/\/stiftadmont.at\/blog\/abt-gerhard-hafner-interimistischer-administrator-des-stiftes-st-paul\/#primaryimage"},"image":{"@id":"https:\/\/stiftadmont.at\/blog\/abt-gerhard-hafner-interimistischer-administrator-des-stiftes-st-paul\/#primaryimage"},"thumbnailUrl":"https:\/\/stiftadmont.at\/wp-content\/uploads\/Herr-Abt_cStefan-Leitner-e1648798681786-scaled.jpg","datePublished":"2024-05-07T12:47:16+00:00","dateModified":"2024-05-07T17:08:50+00:00","author":{"@id":"https:\/\/stiftadmont.at\/#\/schema\/person\/b3a90b1a2f72566cf3c755db08bd829d"},"description":"Lisez les informations actuelles sur le th\u00e8me de l'abb\u00e9 Gerhard Hafner, administrateur par int\u00e9rim de l'abbaye Saint-Paul, et bien d'autres informations sur le couvent et la paroisse d'Admont.","breadcrumb":{"@id":"https:\/\/stiftadmont.at\/blog\/abt-gerhard-hafner-interimistischer-administrator-des-stiftes-st-paul\/#breadcrumb"},"inLanguage":"fr-FR","potentialAction":[{"@type":"ReadAction","target":["https:\/\/stiftadmont.at\/blog\/abt-gerhard-hafner-interimistischer-administrator-des-stiftes-st-paul\/"]}]},{"@type":"ImageObject","inLanguage":"fr-FR","@id":"https:\/\/stiftadmont.at\/blog\/abt-gerhard-hafner-interimistischer-administrator-des-stiftes-st-paul\/#primaryimage","url":"https:\/\/stiftadmont.at\/wp-content\/uploads\/Herr-Abt_cStefan-Leitner-e1648798681786-scaled.jpg","contentUrl":"https:\/\/stiftadmont.at\/wp-content\/uploads\/Herr-Abt_cStefan-Leitner-e1648798681786-scaled.jpg","width":2560,"height":1753,"caption":"Stift Admont - Abt Gerhard Hafner OSB \u00a9 Stefan Leitner"},{"@type":"BreadcrumbList","@id":"https:\/\/stiftadmont.at\/blog\/abt-gerhard-hafner-interimistischer-administrator-des-stiftes-st-paul\/#breadcrumb","itemListElement":[{"@type":"ListItem","position":1,"name":"Start","item":"https:\/\/stiftadmont.at\/"},{"@type":"ListItem","position":2,"name":"Abt Gerhard Hafner interimistischer Administrator des Stiftes St. Paul"}]},{"@type":"WebSite","@id":"https:\/\/stiftadmont.at\/#website","url":"https:\/\/stiftadmont.at\/","name":"Abbaye d'Admont","description":"Monast\u00e8re b\u00e9n\u00e9dictin et attraction touristique dans le Ges\u00e4use","potentialAction":[{"@type":"SearchAction","target":{"@type":"EntryPoint","urlTemplate":"https:\/\/stiftadmont.at\/?s={search_term_string}"},"query-input":{"@type":"PropertyValueSpecification","valueRequired":true,"valueName":"search_term_string"}}],"inLanguage":"fr-FR"},{"@type":"Person","@id":"https:\/\/stiftadmont.at\/#\/schema\/person\/b3a90b1a2f72566cf3c755db08bd829d","name":"Sarah Stadlauer"}]}},"_links":{"self":[{"href":"https:\/\/stiftadmont.at\/fr\/wp-json\/wp\/v2\/posts\/28232","targetHints":{"allow":["GET"]}}],"collection":[{"href":"https:\/\/stiftadmont.at\/fr\/wp-json\/wp\/v2\/posts"}],"about":[{"href":"https:\/\/stiftadmont.at\/fr\/wp-json\/wp\/v2\/types\/post"}],"author":[{"embeddable":true,"href":"https:\/\/stiftadmont.at\/fr\/wp-json\/wp\/v2\/users\/20"}],"replies":[{"embeddable":true,"href":"https:\/\/stiftadmont.at\/fr\/wp-json\/wp\/v2\/comments?post=28232"}],"version-history":[{"count":12,"href":"https:\/\/stiftadmont.at\/fr\/wp-json\/wp\/v2\/posts\/28232\/revisions"}],"predecessor-version":[{"id":28274,"href":"https:\/\/stiftadmont.at\/fr\/wp-json\/wp\/v2\/posts\/28232\/revisions\/28274"}],"wp:featuredmedia":[{"embeddable":true,"href":"https:\/\/stiftadmont.at\/fr\/wp-json\/wp\/v2\/media\/8412"}],"wp:attachment":[{"href":"https:\/\/stiftadmont.at\/fr\/wp-json\/wp\/v2\/media?parent=28232"}],"wp:term":[{"taxonomy":"category","embeddable":true,"href":"https:\/\/stiftadmont.at\/fr\/wp-json\/wp\/v2\/categories?post=28232"}],"curies":[{"name":"wp","href":"https:\/\/api.w.org\/{rel}","templated":true}]}}