{"id":28349,"date":"2024-05-13T22:00:47","date_gmt":"2024-05-13T20:00:47","guid":{"rendered":"https:\/\/stiftadmont.at\/?p=28349"},"modified":"2024-07-16T11:14:27","modified_gmt":"2024-07-16T09:14:27","slug":"pelerinage-des-13-en-mai-2024","status":"publish","type":"post","link":"https:\/\/stiftadmont.at\/fr\/blog\/13er-wallfahrt-am-13-mai-2024\/","title":{"rendered":"P\u00e8lerinage des 13 le 13 mai 2024"},"content":{"rendered":"<section id='lightpress__section--block_ebcaca8961ed6d3ca40344d3ca85b896' class='lightpress__section--default-section-space lightpress__section lightpress__section--content'><div class=\"content__inner\"\n         x-init=\"initContentBlockAnim($el)\">\n        \n    <div class=\"content__grid content__grid\">\n                                            <div class=\"content__box content__box--one-hundred\"\n                 style=\"\">\n                                \n                \n                                            <div class=\"prose\"><h2 class=\"heading-xxl line line--gold\">13er Wallfahrt im Mai 2024<\/h2>\n<p><strong>Montag, 13. Mai 2024<\/strong><\/p>\n<p>Heute Abend feierten wir wieder die 13er Wallfahrt mit der Bitte um Geistliche Berufungen. Eine gro\u00dfe Freude war es, dass Abt Thomas vom Stift Altenburg der Wallfahrt vorstand. In seiner Predigt gab er den Impuls, sich an Maria zu orientieren, wenn wir uns fragen: \u201ewas muss ich tun, um das Ewige Leben zu erlangen?\u201c &#8211; \u201eauf das Wort Gottes zu h\u00f6ren und danach zu handeln.\u201c<\/p>\n<p>Abt Thomas noch Gottes Segen zu seinem Geburtstag, den er genau heute feierte. Vergelts Gott auch der Singgemeinschaft \u201eSing\u2018 ma zam\u201c aus Gams, die den Gottesdienst wundersch\u00f6n mitgestaltet hat.<\/p>\n<\/div>\n                    \n                            <\/div>\n        \n            <\/div>\n<\/div>\n\n<\/section>\n\n<section id='lightpress__section--block_073c0a6ebd1ba87e0971d6c9514ad349' class='lightpress__section--default-section-space lightpress__section lightpress__section--image-slider'>\n<div class=\"image-slider\"\n     x-data=\"{ gallery: null, shown: false }\"\n     x-init=\"gallery = initSliderGallery([{&quot;href&quot;:&quot;https:\\\/\\\/stiftadmont.at\\\/wp-content\\\/uploads\\\/Stift-Admont-13er-Wallfahrt-Mai-2024-2-1920x1440.jpg&quot;,&quot;type&quot;:&quot;image&quot;},{&quot;href&quot;:&quot;https:\\\/\\\/stiftadmont.at\\\/wp-content\\\/uploads\\\/Stift-Admont-13er-Wallfahrt-Mai-2024-3-1920x1440.jpg&quot;,&quot;type&quot;:&quot;image&quot;},{&quot;href&quot;:&quot;https:\\\/\\\/stiftadmont.at\\\/wp-content\\\/uploads\\\/Stift-Admont-13er-Wallfahrt-Mai-2024-4-1920x1440.jpg&quot;,&quot;type&quot;:&quot;image&quot;},{&quot;href&quot;:&quot;https:\\\/\\\/stiftadmont.at\\\/wp-content\\\/uploads\\\/Stift-Admont-13er-Wallfahrt-Mai-2024-5-1920x1440.jpg&quot;,&quot;type&quot;:&quot;image&quot;},{&quot;href&quot;:&quot;https:\\\/\\\/stiftadmont.at\\\/wp-content\\\/uploads\\\/Stift-Admont-13er-Wallfahrt-Mai-2024-6-1920x1440.jpg&quot;,&quot;type&quot;:&quot;image&quot;},{&quot;href&quot;:&quot;https:\\\/\\\/stiftadmont.at\\\/wp-content\\\/uploads\\\/Stift-Admont-13er-Wallfahrt-Mai-2024-7-1920x1440.jpg&quot;,&quot;type&quot;:&quot;image&quot;},{&quot;href&quot;:&quot;https:\\\/\\\/stiftadmont.at\\\/wp-content\\\/uploads\\\/Stift-Admont-13er-Wallfahrt-Mai-2024-8-1920x1440.jpg&quot;,&quot;type&quot;:&quot;image&quot;},{&quot;href&quot;:&quot;https:\\\/\\\/stiftadmont.at\\\/wp-content\\\/uploads\\\/Stift-Admont-13er-Wallfahrt-Mai-2024-9-1920x1440.jpg&quot;,&quot;type&quot;:&quot;image&quot;},{&quot;href&quot;:&quot;https:\\\/\\\/stiftadmont.at\\\/wp-content\\\/uploads\\\/Stift-Admont-13er-Wallfahrt-Mai-2024-10-1920x1440.jpg&quot;,&quot;type&quot;:&quot;image&quot;},{&quot;href&quot;:&quot;https:\\\/\\\/stiftadmont.at\\\/wp-content\\\/uploads\\\/Stift-Admont-13er-Wallfahrt-Mai-2024-11-1920x1440.jpg&quot;,&quot;type&quot;:&quot;image&quot;},{&quot;href&quot;:&quot;https:\\\/\\\/stiftadmont.at\\\/wp-content\\\/uploads\\\/Stift-Admont-13er-Wallfahrt-Mai-2024-1-1920x1440.jpg&quot;,&quot;type&quot;:&quot;image&quot;}]); initImageSliderBlockAnim($el);\">\n    <div class=\"image-slider__inner\">\n\n        <div class=\"swiper-container\" x-init=\"initImageSliderBlock($el, $refs.btnPrev, $refs.btnNext)\">\n            <div class=\"swiper-wrapper\">\n                                    <div class=\"swiper-slide\">\n                        <div class=\"image-slider__media\">\n                            <img decoding=\"async\" class=\"image-slider__image\"\n                                 src=\"https:\/\/stiftadmont.at\/wp-content\/uploads\/Stift-Admont-13er-Wallfahrt-Mai-2024-2-768x576.jpg\"\n                                 alt=\"Stift Admont   13er Wallfahrt Mai 2024 (2)\">\n                        <\/div>\n                    <\/div>\n                                    <div class=\"swiper-slide\">\n                        <div class=\"image-slider__media\">\n                            <img decoding=\"async\" class=\"image-slider__image\"\n                                 src=\"https:\/\/stiftadmont.at\/wp-content\/uploads\/Stift-Admont-13er-Wallfahrt-Mai-2024-3-768x576.jpg\"\n                                 alt=\"Stift Admont   13er Wallfahrt Mai 2024 (3)\">\n                        <\/div>\n                    <\/div>\n                                    <div class=\"swiper-slide\">\n                        <div class=\"image-slider__media\">\n                            <img decoding=\"async\" class=\"image-slider__image\"\n                                 src=\"https:\/\/stiftadmont.at\/wp-content\/uploads\/Stift-Admont-13er-Wallfahrt-Mai-2024-4-768x576.jpg\"\n                                 alt=\"Stift Admont   13er Wallfahrt Mai 2024 (4)\">\n                        <\/div>\n                    <\/div>\n                                    <div class=\"swiper-slide\">\n                        <div class=\"image-slider__media\">\n                            <img decoding=\"async\" class=\"image-slider__image\"\n                                 src=\"https:\/\/stiftadmont.at\/wp-content\/uploads\/Stift-Admont-13er-Wallfahrt-Mai-2024-5-768x576.jpg\"\n                                 alt=\"Stift Admont   13er Wallfahrt Mai 2024 (5)\">\n                        <\/div>\n                    <\/div>\n                                    <div class=\"swiper-slide\">\n                        <div class=\"image-slider__media\">\n                            <img decoding=\"async\" class=\"image-slider__image\"\n                                 src=\"https:\/\/stiftadmont.at\/wp-content\/uploads\/Stift-Admont-13er-Wallfahrt-Mai-2024-6-768x576.jpg\"\n                                 alt=\"Stift Admont   13er Wallfahrt Mai 2024 (6)\">\n                        <\/div>\n                    <\/div>\n                                    <div class=\"swiper-slide\">\n                        <div class=\"image-slider__media\">\n                            <img decoding=\"async\" class=\"image-slider__image\"\n                                 src=\"https:\/\/stiftadmont.at\/wp-content\/uploads\/Stift-Admont-13er-Wallfahrt-Mai-2024-7-768x576.jpg\"\n                                 alt=\"Stift Admont   13er Wallfahrt Mai 2024 (7)\">\n                        <\/div>\n                    <\/div>\n                                    <div class=\"swiper-slide\">\n                        <div class=\"image-slider__media\">\n                            <img decoding=\"async\" class=\"image-slider__image\"\n                                 src=\"https:\/\/stiftadmont.at\/wp-content\/uploads\/Stift-Admont-13er-Wallfahrt-Mai-2024-8-768x576.jpg\"\n                                 alt=\"Stift Admont   13er Wallfahrt Mai 2024 (8)\">\n                        <\/div>\n                    <\/div>\n                                    <div class=\"swiper-slide\">\n                        <div class=\"image-slider__media\">\n                            <img decoding=\"async\" class=\"image-slider__image\"\n                                 src=\"https:\/\/stiftadmont.at\/wp-content\/uploads\/Stift-Admont-13er-Wallfahrt-Mai-2024-9-768x576.jpg\"\n                                 alt=\"Stift Admont   13er Wallfahrt Mai 2024 (9)\">\n                        <\/div>\n                    <\/div>\n                                    <div class=\"swiper-slide\">\n                        <div class=\"image-slider__media\">\n                            <img decoding=\"async\" class=\"image-slider__image\"\n                                 src=\"https:\/\/stiftadmont.at\/wp-content\/uploads\/Stift-Admont-13er-Wallfahrt-Mai-2024-10-768x576.jpg\"\n                                 alt=\"Stift Admont   13er Wallfahrt Mai 2024 (10)\">\n                        <\/div>\n                    <\/div>\n                                    <div class=\"swiper-slide\">\n                        <div class=\"image-slider__media\">\n                            <img decoding=\"async\" class=\"image-slider__image\"\n                                 src=\"https:\/\/stiftadmont.at\/wp-content\/uploads\/Stift-Admont-13er-Wallfahrt-Mai-2024-11-768x576.jpg\"\n                                 alt=\"Stift Admont   13er Wallfahrt Mai 2024 (11)\">\n                        <\/div>\n                    <\/div>\n                                    <div class=\"swiper-slide\">\n                        <div class=\"image-slider__media\">\n                            <img decoding=\"async\" class=\"image-slider__image\"\n                                 src=\"https:\/\/stiftadmont.at\/wp-content\/uploads\/Stift-Admont-13er-Wallfahrt-Mai-2024-1-768x576.jpg\"\n                                 alt=\"Stift Admont   13er Wallfahrt Mai 2024 (1)\">\n                        <\/div>\n                    <\/div>\n                            <\/div>\n\n            <div class=\"swiper-nav-wrapper\">\n                <button class=\"swiper-button-prev slider-button--prev\" x-ref=\"btnPrev\"\n                        aria-label=\"Vorige Bilder anzeigen\">\n                    <img decoding=\"async\" src=\"\/wp-content\/themes\/stift-admont\/src\/assets\/img\/arrow-left-big-new.svg\" alt=\"Pfeil nach Links\">\n                <\/button>\n\n\n                <a class=\"image-slider__gallery\" @click=\"openGallery(gallery)\"><i class=\"fa-thin fa-plus\"><\/i><\/a>\n                <button class=\"swiper-button-next slider-button--next\"\n                        x-ref=\"btnNext\"\n                        aria-label=\"N\u00e4chste Bilder anzeigen\">\n                    <img decoding=\"async\" src=\"\/wp-content\/themes\/stift-admont\/src\/assets\/img\/arrow-right-big-new.svg\" alt=\"Pfeil nach Rechts\">\n                <\/button>\n            <\/div>\n        <\/div>\n    <\/div>\n\n\n<\/div><\/section>","protected":false},"excerpt":{"rendered":"<p>Ce soir, nous avons \u00e0 nouveau c\u00e9l\u00e9br\u00e9 le p\u00e8lerinage des 13 en demandant des vocations spirituelles.<\/p>","protected":false},"author":7,"featured_media":28348,"comment_status":"closed","ping_status":"closed","sticky":false,"template":"","format":"standard","meta":{"_acf_changed":false,"footnotes":""},"categories":[22],"class_list":["post-28349","post","type-post","status-publish","format-standard","has-post-thumbnail","hentry","category-kloster-aktuell"],"acf":[],"yoast_head":"<!-- This site is optimized with the Yoast SEO Premium plugin v26.0 (Yoast SEO v26.8) - https:\/\/yoast.com\/product\/yoast-seo-premium-wordpress\/ -->\n<title>13er Wallfahrt am 13. Mai 2024 - Stift Admont<\/title>\n<meta name=\"description\" content=\"Lesen Sie aktuelle Informationen zum Thema 13er Wallfahrt am 13. Mai 2024 und vieles mehr aus dem Konvent und der Pfarre Admont.\" \/>\n<meta name=\"robots\" content=\"index, follow, max-snippet:-1, max-image-preview:large, max-video-preview:-1\" \/>\n<link rel=\"canonical\" href=\"https:\/\/stiftadmont.at\/fr\/blog\/pelerinage-des-13-en-mai-2024\/\" \/>\n<meta property=\"og:locale\" content=\"fr_FR\" \/>\n<meta property=\"og:type\" content=\"article\" \/>\n<meta property=\"og:title\" content=\"13er Wallfahrt am 13. Mai 2024\" \/>\n<meta property=\"og:description\" content=\"Lesen Sie aktuelle Informationen zum Thema 13er Wallfahrt am 13. Mai 2024 und vieles mehr aus dem Konvent und der Pfarre Admont.\" \/>\n<meta property=\"og:url\" content=\"https:\/\/stiftadmont.at\/fr\/blog\/pelerinage-des-13-en-mai-2024\/\" \/>\n<meta property=\"og:site_name\" content=\"Stift Admont\" \/>\n<meta property=\"article:published_time\" content=\"2024-05-13T20:00:47+00:00\" \/>\n<meta property=\"article:modified_time\" content=\"2024-07-16T09:14:27+00:00\" \/>\n<meta property=\"og:image\" content=\"https:\/\/stiftadmont.at\/wp-content\/uploads\/Stift-Admont-13er-Wallfahrt-Mai-2024-1-scaled.jpg\" \/>\n\t<meta property=\"og:image:width\" content=\"2560\" \/>\n\t<meta property=\"og:image:height\" content=\"1920\" \/>\n\t<meta property=\"og:image:type\" content=\"image\/jpeg\" \/>\n<meta name=\"author\" content=\"Mario Brandm\u00fcller\" \/>\n<meta name=\"twitter:card\" content=\"summary_large_image\" \/>\n<meta name=\"twitter:label1\" content=\"\u00c9crit par\" \/>\n\t<meta name=\"twitter:data1\" content=\"Mario Brandm\u00fcller\" \/>\n\t<meta name=\"twitter:label2\" content=\"Dur\u00e9e de lecture estim\u00e9e\" \/>\n\t<meta name=\"twitter:data2\" content=\"1 minute\" \/>\n<script type=\"application\/ld+json\" class=\"yoast-schema-graph\">{\"@context\":\"https:\/\/schema.org\",\"@graph\":[{\"@type\":\"Article\",\"@id\":\"https:\/\/stiftadmont.at\/blog\/13er-wallfahrt-am-13-mai-2024\/#article\",\"isPartOf\":{\"@id\":\"https:\/\/stiftadmont.at\/blog\/13er-wallfahrt-am-13-mai-2024\/\"},\"author\":{\"name\":\"Mario Brandm\u00fcller\",\"@id\":\"https:\/\/stiftadmont.at\/#\/schema\/person\/30535548b241d5f33a2e8b839db11869\"},\"headline\":\"13er Wallfahrt am 13. Mai 2024\",\"datePublished\":\"2024-05-13T20:00:47+00:00\",\"dateModified\":\"2024-07-16T09:14:27+00:00\",\"mainEntityOfPage\":{\"@id\":\"https:\/\/stiftadmont.at\/blog\/13er-wallfahrt-am-13-mai-2024\/\"},\"wordCount\":4,\"image\":{\"@id\":\"https:\/\/stiftadmont.at\/blog\/13er-wallfahrt-am-13-mai-2024\/#primaryimage\"},\"thumbnailUrl\":\"https:\/\/stiftadmont.at\/wp-content\/uploads\/Stift-Admont-13er-Wallfahrt-Mai-2024-1-scaled.jpg\",\"articleSection\":[\"Kloster aktuell\"],\"inLanguage\":\"fr-FR\"},{\"@type\":\"WebPage\",\"@id\":\"https:\/\/stiftadmont.at\/blog\/13er-wallfahrt-am-13-mai-2024\/\",\"url\":\"https:\/\/stiftadmont.at\/blog\/13er-wallfahrt-am-13-mai-2024\/\",\"name\":\"13er Wallfahrt am 13. Mai 2024 - Stift Admont\",\"isPartOf\":{\"@id\":\"https:\/\/stiftadmont.at\/#website\"},\"primaryImageOfPage\":{\"@id\":\"https:\/\/stiftadmont.at\/blog\/13er-wallfahrt-am-13-mai-2024\/#primaryimage\"},\"image\":{\"@id\":\"https:\/\/stiftadmont.at\/blog\/13er-wallfahrt-am-13-mai-2024\/#primaryimage\"},\"thumbnailUrl\":\"https:\/\/stiftadmont.at\/wp-content\/uploads\/Stift-Admont-13er-Wallfahrt-Mai-2024-1-scaled.jpg\",\"datePublished\":\"2024-05-13T20:00:47+00:00\",\"dateModified\":\"2024-07-16T09:14:27+00:00\",\"author\":{\"@id\":\"https:\/\/stiftadmont.at\/#\/schema\/person\/30535548b241d5f33a2e8b839db11869\"},\"description\":\"Lesen Sie aktuelle Informationen zum Thema 13er Wallfahrt am 13. Mai 2024 und vieles mehr aus dem Konvent und der Pfarre Admont.\",\"breadcrumb\":{\"@id\":\"https:\/\/stiftadmont.at\/blog\/13er-wallfahrt-am-13-mai-2024\/#breadcrumb\"},\"inLanguage\":\"fr-FR\",\"potentialAction\":[{\"@type\":\"ReadAction\",\"target\":[\"https:\/\/stiftadmont.at\/blog\/13er-wallfahrt-am-13-mai-2024\/\"]}]},{\"@type\":\"ImageObject\",\"inLanguage\":\"fr-FR\",\"@id\":\"https:\/\/stiftadmont.at\/blog\/13er-wallfahrt-am-13-mai-2024\/#primaryimage\",\"url\":\"https:\/\/stiftadmont.at\/wp-content\/uploads\/Stift-Admont-13er-Wallfahrt-Mai-2024-1-scaled.jpg\",\"contentUrl\":\"https:\/\/stiftadmont.at\/wp-content\/uploads\/Stift-Admont-13er-Wallfahrt-Mai-2024-1-scaled.jpg\",\"width\":2560,\"height\":1920,\"caption\":\"Stift Admont 13er Wallfahrt Mai 2024 (1)\"},{\"@type\":\"BreadcrumbList\",\"@id\":\"https:\/\/stiftadmont.at\/blog\/13er-wallfahrt-am-13-mai-2024\/#breadcrumb\",\"itemListElement\":[{\"@type\":\"ListItem\",\"position\":1,\"name\":\"Start\",\"item\":\"https:\/\/stiftadmont.at\/\"},{\"@type\":\"ListItem\",\"position\":2,\"name\":\"13er Wallfahrt am 13. Mai 2024\"}]},{\"@type\":\"WebSite\",\"@id\":\"https:\/\/stiftadmont.at\/#website\",\"url\":\"https:\/\/stiftadmont.at\/\",\"name\":\"Stift Admont\",\"description\":\"Benediktinerkloster und Sehensw\u00fcrdigkeit im Ges\u00e4use\",\"potentialAction\":[{\"@type\":\"SearchAction\",\"target\":{\"@type\":\"EntryPoint\",\"urlTemplate\":\"https:\/\/stiftadmont.at\/?s={search_term_string}\"},\"query-input\":{\"@type\":\"PropertyValueSpecification\",\"valueRequired\":true,\"valueName\":\"search_term_string\"}}],\"inLanguage\":\"fr-FR\"},{\"@type\":\"Person\",\"@id\":\"https:\/\/stiftadmont.at\/#\/schema\/person\/30535548b241d5f33a2e8b839db11869\",\"name\":\"Mario Brandm\u00fcller\"}]}<\/script>\n<!-- \/ Yoast SEO Premium plugin. -->","yoast_head_json":{"title":"P\u00e8lerinage des 13 le 13 mai 2024 - Stift Admont","description":"Lisez les informations actuelles sur le th\u00e8me du p\u00e8lerinage des 13 le 13 mai 2024 et bien d'autres informations sur le couvent et la paroisse d'Admont.","robots":{"index":"index","follow":"follow","max-snippet":"max-snippet:-1","max-image-preview":"max-image-preview:large","max-video-preview":"max-video-preview:-1"},"canonical":"https:\/\/stiftadmont.at\/fr\/blog\/pelerinage-des-13-en-mai-2024\/","og_locale":"fr_FR","og_type":"article","og_title":"13er Wallfahrt am 13. Mai 2024","og_description":"Lesen Sie aktuelle Informationen zum Thema 13er Wallfahrt am 13. Mai 2024 und vieles mehr aus dem Konvent und der Pfarre Admont.","og_url":"https:\/\/stiftadmont.at\/fr\/blog\/pelerinage-des-13-en-mai-2024\/","og_site_name":"Stift Admont","article_published_time":"2024-05-13T20:00:47+00:00","article_modified_time":"2024-07-16T09:14:27+00:00","og_image":[{"width":2560,"height":1920,"url":"https:\/\/stiftadmont.at\/wp-content\/uploads\/Stift-Admont-13er-Wallfahrt-Mai-2024-1-scaled.jpg","type":"image\/jpeg"}],"author":"Mario Brandm\u00fcller","twitter_card":"summary_large_image","twitter_misc":{"\u00c9crit par":"Mario Brandm\u00fcller","Dur\u00e9e de lecture estim\u00e9e":"1 minute"},"schema":{"@context":"https:\/\/schema.org","@graph":[{"@type":"Article","@id":"https:\/\/stiftadmont.at\/blog\/13er-wallfahrt-am-13-mai-2024\/#article","isPartOf":{"@id":"https:\/\/stiftadmont.at\/blog\/13er-wallfahrt-am-13-mai-2024\/"},"author":{"name":"Mario Brandm\u00fcller","@id":"https:\/\/stiftadmont.at\/#\/schema\/person\/30535548b241d5f33a2e8b839db11869"},"headline":"13er Wallfahrt am 13. Mai 2024","datePublished":"2024-05-13T20:00:47+00:00","dateModified":"2024-07-16T09:14:27+00:00","mainEntityOfPage":{"@id":"https:\/\/stiftadmont.at\/blog\/13er-wallfahrt-am-13-mai-2024\/"},"wordCount":4,"image":{"@id":"https:\/\/stiftadmont.at\/blog\/13er-wallfahrt-am-13-mai-2024\/#primaryimage"},"thumbnailUrl":"https:\/\/stiftadmont.at\/wp-content\/uploads\/Stift-Admont-13er-Wallfahrt-Mai-2024-1-scaled.jpg","articleSection":["Kloster aktuell"],"inLanguage":"fr-FR"},{"@type":"WebPage","@id":"https:\/\/stiftadmont.at\/blog\/13er-wallfahrt-am-13-mai-2024\/","url":"https:\/\/stiftadmont.at\/blog\/13er-wallfahrt-am-13-mai-2024\/","name":"P\u00e8lerinage des 13 le 13 mai 2024 - Stift Admont","isPartOf":{"@id":"https:\/\/stiftadmont.at\/#website"},"primaryImageOfPage":{"@id":"https:\/\/stiftadmont.at\/blog\/13er-wallfahrt-am-13-mai-2024\/#primaryimage"},"image":{"@id":"https:\/\/stiftadmont.at\/blog\/13er-wallfahrt-am-13-mai-2024\/#primaryimage"},"thumbnailUrl":"https:\/\/stiftadmont.at\/wp-content\/uploads\/Stift-Admont-13er-Wallfahrt-Mai-2024-1-scaled.jpg","datePublished":"2024-05-13T20:00:47+00:00","dateModified":"2024-07-16T09:14:27+00:00","author":{"@id":"https:\/\/stiftadmont.at\/#\/schema\/person\/30535548b241d5f33a2e8b839db11869"},"description":"Lisez les informations actuelles sur le th\u00e8me du p\u00e8lerinage des 13 le 13 mai 2024 et bien d'autres informations sur le couvent et la paroisse d'Admont.","breadcrumb":{"@id":"https:\/\/stiftadmont.at\/blog\/13er-wallfahrt-am-13-mai-2024\/#breadcrumb"},"inLanguage":"fr-FR","potentialAction":[{"@type":"ReadAction","target":["https:\/\/stiftadmont.at\/blog\/13er-wallfahrt-am-13-mai-2024\/"]}]},{"@type":"ImageObject","inLanguage":"fr-FR","@id":"https:\/\/stiftadmont.at\/blog\/13er-wallfahrt-am-13-mai-2024\/#primaryimage","url":"https:\/\/stiftadmont.at\/wp-content\/uploads\/Stift-Admont-13er-Wallfahrt-Mai-2024-1-scaled.jpg","contentUrl":"https:\/\/stiftadmont.at\/wp-content\/uploads\/Stift-Admont-13er-Wallfahrt-Mai-2024-1-scaled.jpg","width":2560,"height":1920,"caption":"Stift Admont 13er Wallfahrt Mai 2024 (1)"},{"@type":"BreadcrumbList","@id":"https:\/\/stiftadmont.at\/blog\/13er-wallfahrt-am-13-mai-2024\/#breadcrumb","itemListElement":[{"@type":"ListItem","position":1,"name":"Start","item":"https:\/\/stiftadmont.at\/"},{"@type":"ListItem","position":2,"name":"13er Wallfahrt am 13. Mai 2024"}]},{"@type":"WebSite","@id":"https:\/\/stiftadmont.at\/#website","url":"https:\/\/stiftadmont.at\/","name":"Abbaye d'Admont","description":"Monast\u00e8re b\u00e9n\u00e9dictin et attraction touristique dans le Ges\u00e4use","potentialAction":[{"@type":"SearchAction","target":{"@type":"EntryPoint","urlTemplate":"https:\/\/stiftadmont.at\/?s={search_term_string}"},"query-input":{"@type":"PropertyValueSpecification","valueRequired":true,"valueName":"search_term_string"}}],"inLanguage":"fr-FR"},{"@type":"Person","@id":"https:\/\/stiftadmont.at\/#\/schema\/person\/30535548b241d5f33a2e8b839db11869","name":"Mario Brandm\u00fcller"}]}},"_links":{"self":[{"href":"https:\/\/stiftadmont.at\/fr\/wp-json\/wp\/v2\/posts\/28349","targetHints":{"allow":["GET"]}}],"collection":[{"href":"https:\/\/stiftadmont.at\/fr\/wp-json\/wp\/v2\/posts"}],"about":[{"href":"https:\/\/stiftadmont.at\/fr\/wp-json\/wp\/v2\/types\/post"}],"author":[{"embeddable":true,"href":"https:\/\/stiftadmont.at\/fr\/wp-json\/wp\/v2\/users\/7"}],"replies":[{"embeddable":true,"href":"https:\/\/stiftadmont.at\/fr\/wp-json\/wp\/v2\/comments?post=28349"}],"version-history":[{"count":4,"href":"https:\/\/stiftadmont.at\/fr\/wp-json\/wp\/v2\/posts\/28349\/revisions"}],"predecessor-version":[{"id":29481,"href":"https:\/\/stiftadmont.at\/fr\/wp-json\/wp\/v2\/posts\/28349\/revisions\/29481"}],"wp:featuredmedia":[{"embeddable":true,"href":"https:\/\/stiftadmont.at\/fr\/wp-json\/wp\/v2\/media\/28348"}],"wp:attachment":[{"href":"https:\/\/stiftadmont.at\/fr\/wp-json\/wp\/v2\/media?parent=28349"}],"wp:term":[{"taxonomy":"category","embeddable":true,"href":"https:\/\/stiftadmont.at\/fr\/wp-json\/wp\/v2\/categories?post=28349"}],"curies":[{"name":"wp","href":"https:\/\/api.w.org\/{rel}","templated":true}]}}