{"id":31562,"date":"2024-12-17T13:18:33","date_gmt":"2024-12-17T11:18:33","guid":{"rendered":"https:\/\/stiftadmont.at\/?p=31562"},"modified":"2025-01-30T18:31:27","modified_gmt":"2025-01-30T16:31:27","slug":"annee-sainte-2025-pelerins-de-lesperance","status":"publish","type":"post","link":"https:\/\/stiftadmont.at\/fr\/blog\/heiliges-jahr-2025-pilger-der-hoffnung\/","title":{"rendered":"Ann\u00e9e sainte 2025 - P\u00e8lerins de l'espoir"},"content":{"rendered":"<section id='lightpress__section--block_8c6e2d0be6dd01dcaef5900b595d0dd2' class='lightpress__section--default-section-space lightpress__section lightpress__section--content'><div class=\"content__inner\"\n         x-init=\"initContentBlockAnim($el)\">\n        \n    <div class=\"content__grid content__grid\">\n                                            <div class=\"content__box content__box--one-hundred\"\n                 style=\"\">\n                                \n                \n                                            <div class=\"prose\"><h3 class=\"heading-xl line line-above line--gold\">Ann\u00e9e sainte 2025 - P\u00e8lerins de l'espoir\u00a0<\/h3>\n<p>\u00a0<\/p>\n<p>Dans notre dioc\u00e8se de Graz-Seckau, il existe 22 \"\u00e9glises de l'esp\u00e9rance\" qui reprennent les th\u00e8mes de l'Ann\u00e9e sainte de mani\u00e8re particuli\u00e8re et proposent de nombreuses offres. L'\u00e9v\u00eaque Wilhelm Krautwaschl a d\u00e9sign\u00e9 l'\u00e9glise paroissiale et de p\u00e8lerinage de Frauenberg an der Enns comme une de ces \"\u00e9glises de l'esp\u00e9rance\".<\/p>\n<p>\u00a0<\/p>\n<p>En savoir plus :\u00a0<\/p>\n<p><a href=\"https:\/\/stiftadmont.at\/wp-content\/uploads\/STA_Folder_Hl.-Jahr-2025_A5quer_prev3.pdf\" download=\"Heiliges Jahr 2025 - Pilger der Hoffnung \">Ann\u00e9e sainte 2025 - P\u00e8lerins de l'espoir <\/a>\u00a0<\/p>\n<\/div>\n                    \n                            <\/div>\n        \n            <\/div>\n<\/div>\n\n<\/section>","protected":false},"excerpt":{"rendered":"<p>Dans notre dioc\u00e8se de Graz-Seckau, il existe 22 \"\u00e9glises de l'esp\u00e9rance\" qui reprennent les th\u00e8mes de l'Ann\u00e9e sainte de mani\u00e8re particuli\u00e8re et proposent de nombreuses offres. L'\u00e9v\u00eaque Wilhelm Krautwaschl a fait de l'\u00e9glise paroissiale et de p\u00e8lerinage de Frauenberg an der Enns une de ces \"\u00e9glises de l'esp\u00e9rance\".<\/p>","protected":false},"author":25,"featured_media":31566,"comment_status":"closed","ping_status":"closed","sticky":false,"template":"","format":"standard","meta":{"_acf_changed":false,"footnotes":""},"categories":[22],"class_list":["post-31562","post","type-post","status-publish","format-standard","has-post-thumbnail","hentry","category-kloster-aktuell"],"acf":[],"yoast_head":"<!-- This site is optimized with the Yoast SEO Premium plugin v26.0 (Yoast SEO v26.8) - https:\/\/yoast.com\/product\/yoast-seo-premium-wordpress\/ -->\n<title>Heiliges Jahr 2025 \u2013 Pilger der Hoffnung - Stift Admont<\/title>\n<meta name=\"description\" content=\"Lesen Sie aktuelle Informationen zum Thema Heiliges Jahr 2025 \u2013 Pilger der Hoffnung und vieles mehr aus dem Konvent und der Pfarre Admont.\" \/>\n<meta name=\"robots\" content=\"index, follow, max-snippet:-1, max-image-preview:large, max-video-preview:-1\" \/>\n<link rel=\"canonical\" href=\"https:\/\/stiftadmont.at\/fr\/blog\/annee-sainte-2025-pelerins-de-lesperance\/\" \/>\n<meta property=\"og:locale\" content=\"fr_FR\" \/>\n<meta property=\"og:type\" content=\"article\" \/>\n<meta property=\"og:title\" content=\"Heiliges Jahr 2025 \u2013 Pilger der Hoffnung\" \/>\n<meta property=\"og:description\" content=\"Lesen Sie aktuelle Informationen zum Thema Heiliges Jahr 2025 \u2013 Pilger der Hoffnung und vieles mehr aus dem Konvent und der Pfarre Admont.\" \/>\n<meta property=\"og:url\" content=\"https:\/\/stiftadmont.at\/fr\/blog\/annee-sainte-2025-pelerins-de-lesperance\/\" \/>\n<meta property=\"og:site_name\" content=\"Stift Admont\" \/>\n<meta property=\"article:published_time\" content=\"2024-12-17T11:18:33+00:00\" \/>\n<meta property=\"article:modified_time\" content=\"2025-01-30T16:31:27+00:00\" \/>\n<meta property=\"og:image\" content=\"https:\/\/stiftadmont.at\/wp-content\/uploads\/STA_Folder_Hl.jpg\" \/>\n\t<meta property=\"og:image:width\" content=\"2480\" \/>\n\t<meta property=\"og:image:height\" content=\"1748\" \/>\n\t<meta property=\"og:image:type\" content=\"image\/jpeg\" \/>\n<meta name=\"author\" content=\"chdr\" \/>\n<meta name=\"twitter:card\" content=\"summary_large_image\" \/>\n<meta name=\"twitter:label1\" content=\"\u00c9crit par\" \/>\n\t<meta name=\"twitter:data1\" content=\"chdr\" \/>\n\t<meta name=\"twitter:label2\" content=\"Dur\u00e9e de lecture estim\u00e9e\" \/>\n\t<meta name=\"twitter:data2\" content=\"1 minute\" \/>\n<script type=\"application\/ld+json\" class=\"yoast-schema-graph\">{\"@context\":\"https:\/\/schema.org\",\"@graph\":[{\"@type\":\"Article\",\"@id\":\"https:\/\/stiftadmont.at\/blog\/heiliges-jahr-2025-pilger-der-hoffnung\/#article\",\"isPartOf\":{\"@id\":\"https:\/\/stiftadmont.at\/blog\/heiliges-jahr-2025-pilger-der-hoffnung\/\"},\"author\":{\"name\":\"chdr\",\"@id\":\"https:\/\/stiftadmont.at\/#\/schema\/person\/001c5426932eca540c4528775544dda0\"},\"headline\":\"Heiliges Jahr 2025 \u2013 Pilger der Hoffnung\",\"datePublished\":\"2024-12-17T11:18:33+00:00\",\"dateModified\":\"2025-01-30T16:31:27+00:00\",\"mainEntityOfPage\":{\"@id\":\"https:\/\/stiftadmont.at\/blog\/heiliges-jahr-2025-pilger-der-hoffnung\/\"},\"wordCount\":5,\"image\":{\"@id\":\"https:\/\/stiftadmont.at\/blog\/heiliges-jahr-2025-pilger-der-hoffnung\/#primaryimage\"},\"thumbnailUrl\":\"https:\/\/stiftadmont.at\/wp-content\/uploads\/STA_Folder_Hl.jpg\",\"articleSection\":[\"Kloster aktuell\"],\"inLanguage\":\"fr-FR\"},{\"@type\":\"WebPage\",\"@id\":\"https:\/\/stiftadmont.at\/blog\/heiliges-jahr-2025-pilger-der-hoffnung\/\",\"url\":\"https:\/\/stiftadmont.at\/blog\/heiliges-jahr-2025-pilger-der-hoffnung\/\",\"name\":\"Heiliges Jahr 2025 \u2013 Pilger der Hoffnung - Stift Admont\",\"isPartOf\":{\"@id\":\"https:\/\/stiftadmont.at\/#website\"},\"primaryImageOfPage\":{\"@id\":\"https:\/\/stiftadmont.at\/blog\/heiliges-jahr-2025-pilger-der-hoffnung\/#primaryimage\"},\"image\":{\"@id\":\"https:\/\/stiftadmont.at\/blog\/heiliges-jahr-2025-pilger-der-hoffnung\/#primaryimage\"},\"thumbnailUrl\":\"https:\/\/stiftadmont.at\/wp-content\/uploads\/STA_Folder_Hl.jpg\",\"datePublished\":\"2024-12-17T11:18:33+00:00\",\"dateModified\":\"2025-01-30T16:31:27+00:00\",\"author\":{\"@id\":\"https:\/\/stiftadmont.at\/#\/schema\/person\/001c5426932eca540c4528775544dda0\"},\"description\":\"Lesen Sie aktuelle Informationen zum Thema Heiliges Jahr 2025 \u2013 Pilger der Hoffnung und vieles mehr aus dem Konvent und der Pfarre Admont.\",\"breadcrumb\":{\"@id\":\"https:\/\/stiftadmont.at\/blog\/heiliges-jahr-2025-pilger-der-hoffnung\/#breadcrumb\"},\"inLanguage\":\"fr-FR\",\"potentialAction\":[{\"@type\":\"ReadAction\",\"target\":[\"https:\/\/stiftadmont.at\/blog\/heiliges-jahr-2025-pilger-der-hoffnung\/\"]}]},{\"@type\":\"ImageObject\",\"inLanguage\":\"fr-FR\",\"@id\":\"https:\/\/stiftadmont.at\/blog\/heiliges-jahr-2025-pilger-der-hoffnung\/#primaryimage\",\"url\":\"https:\/\/stiftadmont.at\/wp-content\/uploads\/STA_Folder_Hl.jpg\",\"contentUrl\":\"https:\/\/stiftadmont.at\/wp-content\/uploads\/STA_Folder_Hl.jpg\",\"width\":2480,\"height\":1748,\"caption\":\"STA Folder Hl\"},{\"@type\":\"BreadcrumbList\",\"@id\":\"https:\/\/stiftadmont.at\/blog\/heiliges-jahr-2025-pilger-der-hoffnung\/#breadcrumb\",\"itemListElement\":[{\"@type\":\"ListItem\",\"position\":1,\"name\":\"Start\",\"item\":\"https:\/\/stiftadmont.at\/\"},{\"@type\":\"ListItem\",\"position\":2,\"name\":\"Heiliges Jahr 2025 \u2013 Pilger der Hoffnung\"}]},{\"@type\":\"WebSite\",\"@id\":\"https:\/\/stiftadmont.at\/#website\",\"url\":\"https:\/\/stiftadmont.at\/\",\"name\":\"Stift Admont\",\"description\":\"Benediktinerkloster und Sehensw\u00fcrdigkeit im Ges\u00e4use\",\"potentialAction\":[{\"@type\":\"SearchAction\",\"target\":{\"@type\":\"EntryPoint\",\"urlTemplate\":\"https:\/\/stiftadmont.at\/?s={search_term_string}\"},\"query-input\":{\"@type\":\"PropertyValueSpecification\",\"valueRequired\":true,\"valueName\":\"search_term_string\"}}],\"inLanguage\":\"fr-FR\"},{\"@type\":\"Person\",\"@id\":\"https:\/\/stiftadmont.at\/#\/schema\/person\/001c5426932eca540c4528775544dda0\",\"name\":\"chdr\"}]}<\/script>\n<!-- \/ Yoast SEO Premium plugin. -->","yoast_head_json":{"title":"Ann\u00e9e sainte 2025 - P\u00e8lerins de l'esp\u00e9rance - Stift Admont","description":"Lisez les informations actuelles sur le th\u00e8me de l'ann\u00e9e sainte 2025 - P\u00e8lerins de l'esp\u00e9rance et bien d'autres choses encore sur le couvent et la paroisse d'Admont.","robots":{"index":"index","follow":"follow","max-snippet":"max-snippet:-1","max-image-preview":"max-image-preview:large","max-video-preview":"max-video-preview:-1"},"canonical":"https:\/\/stiftadmont.at\/fr\/blog\/annee-sainte-2025-pelerins-de-lesperance\/","og_locale":"fr_FR","og_type":"article","og_title":"Heiliges Jahr 2025 \u2013 Pilger der Hoffnung","og_description":"Lesen Sie aktuelle Informationen zum Thema Heiliges Jahr 2025 \u2013 Pilger der Hoffnung und vieles mehr aus dem Konvent und der Pfarre Admont.","og_url":"https:\/\/stiftadmont.at\/fr\/blog\/annee-sainte-2025-pelerins-de-lesperance\/","og_site_name":"Stift Admont","article_published_time":"2024-12-17T11:18:33+00:00","article_modified_time":"2025-01-30T16:31:27+00:00","og_image":[{"width":2480,"height":1748,"url":"https:\/\/stiftadmont.at\/wp-content\/uploads\/STA_Folder_Hl.jpg","type":"image\/jpeg"}],"author":"chdr","twitter_card":"summary_large_image","twitter_misc":{"\u00c9crit par":"chdr","Dur\u00e9e de lecture estim\u00e9e":"1 minute"},"schema":{"@context":"https:\/\/schema.org","@graph":[{"@type":"Article","@id":"https:\/\/stiftadmont.at\/blog\/heiliges-jahr-2025-pilger-der-hoffnung\/#article","isPartOf":{"@id":"https:\/\/stiftadmont.at\/blog\/heiliges-jahr-2025-pilger-der-hoffnung\/"},"author":{"name":"chdr","@id":"https:\/\/stiftadmont.at\/#\/schema\/person\/001c5426932eca540c4528775544dda0"},"headline":"Heiliges Jahr 2025 \u2013 Pilger der Hoffnung","datePublished":"2024-12-17T11:18:33+00:00","dateModified":"2025-01-30T16:31:27+00:00","mainEntityOfPage":{"@id":"https:\/\/stiftadmont.at\/blog\/heiliges-jahr-2025-pilger-der-hoffnung\/"},"wordCount":5,"image":{"@id":"https:\/\/stiftadmont.at\/blog\/heiliges-jahr-2025-pilger-der-hoffnung\/#primaryimage"},"thumbnailUrl":"https:\/\/stiftadmont.at\/wp-content\/uploads\/STA_Folder_Hl.jpg","articleSection":["Kloster aktuell"],"inLanguage":"fr-FR"},{"@type":"WebPage","@id":"https:\/\/stiftadmont.at\/blog\/heiliges-jahr-2025-pilger-der-hoffnung\/","url":"https:\/\/stiftadmont.at\/blog\/heiliges-jahr-2025-pilger-der-hoffnung\/","name":"Ann\u00e9e sainte 2025 - P\u00e8lerins de l'esp\u00e9rance - Stift Admont","isPartOf":{"@id":"https:\/\/stiftadmont.at\/#website"},"primaryImageOfPage":{"@id":"https:\/\/stiftadmont.at\/blog\/heiliges-jahr-2025-pilger-der-hoffnung\/#primaryimage"},"image":{"@id":"https:\/\/stiftadmont.at\/blog\/heiliges-jahr-2025-pilger-der-hoffnung\/#primaryimage"},"thumbnailUrl":"https:\/\/stiftadmont.at\/wp-content\/uploads\/STA_Folder_Hl.jpg","datePublished":"2024-12-17T11:18:33+00:00","dateModified":"2025-01-30T16:31:27+00:00","author":{"@id":"https:\/\/stiftadmont.at\/#\/schema\/person\/001c5426932eca540c4528775544dda0"},"description":"Lisez les informations actuelles sur le th\u00e8me de l'ann\u00e9e sainte 2025 - P\u00e8lerins de l'esp\u00e9rance et bien d'autres choses encore sur le couvent et la paroisse d'Admont.","breadcrumb":{"@id":"https:\/\/stiftadmont.at\/blog\/heiliges-jahr-2025-pilger-der-hoffnung\/#breadcrumb"},"inLanguage":"fr-FR","potentialAction":[{"@type":"ReadAction","target":["https:\/\/stiftadmont.at\/blog\/heiliges-jahr-2025-pilger-der-hoffnung\/"]}]},{"@type":"ImageObject","inLanguage":"fr-FR","@id":"https:\/\/stiftadmont.at\/blog\/heiliges-jahr-2025-pilger-der-hoffnung\/#primaryimage","url":"https:\/\/stiftadmont.at\/wp-content\/uploads\/STA_Folder_Hl.jpg","contentUrl":"https:\/\/stiftadmont.at\/wp-content\/uploads\/STA_Folder_Hl.jpg","width":2480,"height":1748,"caption":"STA Folder Hl"},{"@type":"BreadcrumbList","@id":"https:\/\/stiftadmont.at\/blog\/heiliges-jahr-2025-pilger-der-hoffnung\/#breadcrumb","itemListElement":[{"@type":"ListItem","position":1,"name":"Start","item":"https:\/\/stiftadmont.at\/"},{"@type":"ListItem","position":2,"name":"Heiliges Jahr 2025 \u2013 Pilger der Hoffnung"}]},{"@type":"WebSite","@id":"https:\/\/stiftadmont.at\/#website","url":"https:\/\/stiftadmont.at\/","name":"Abbaye d'Admont","description":"Monast\u00e8re b\u00e9n\u00e9dictin et attraction touristique dans le Ges\u00e4use","potentialAction":[{"@type":"SearchAction","target":{"@type":"EntryPoint","urlTemplate":"https:\/\/stiftadmont.at\/?s={search_term_string}"},"query-input":{"@type":"PropertyValueSpecification","valueRequired":true,"valueName":"search_term_string"}}],"inLanguage":"fr-FR"},{"@type":"Person","@id":"https:\/\/stiftadmont.at\/#\/schema\/person\/001c5426932eca540c4528775544dda0","name":"chdr"}]}},"_links":{"self":[{"href":"https:\/\/stiftadmont.at\/fr\/wp-json\/wp\/v2\/posts\/31562","targetHints":{"allow":["GET"]}}],"collection":[{"href":"https:\/\/stiftadmont.at\/fr\/wp-json\/wp\/v2\/posts"}],"about":[{"href":"https:\/\/stiftadmont.at\/fr\/wp-json\/wp\/v2\/types\/post"}],"author":[{"embeddable":true,"href":"https:\/\/stiftadmont.at\/fr\/wp-json\/wp\/v2\/users\/25"}],"replies":[{"embeddable":true,"href":"https:\/\/stiftadmont.at\/fr\/wp-json\/wp\/v2\/comments?post=31562"}],"version-history":[{"count":6,"href":"https:\/\/stiftadmont.at\/fr\/wp-json\/wp\/v2\/posts\/31562\/revisions"}],"predecessor-version":[{"id":32484,"href":"https:\/\/stiftadmont.at\/fr\/wp-json\/wp\/v2\/posts\/31562\/revisions\/32484"}],"wp:featuredmedia":[{"embeddable":true,"href":"https:\/\/stiftadmont.at\/fr\/wp-json\/wp\/v2\/media\/31566"}],"wp:attachment":[{"href":"https:\/\/stiftadmont.at\/fr\/wp-json\/wp\/v2\/media?parent=31562"}],"wp:term":[{"taxonomy":"category","embeddable":true,"href":"https:\/\/stiftadmont.at\/fr\/wp-json\/wp\/v2\/categories?post=31562"}],"curies":[{"name":"wp","href":"https:\/\/api.w.org\/{rel}","templated":true}]}}