{"id":31873,"date":"2025-01-15T14:25:16","date_gmt":"2025-01-15T12:25:16","guid":{"rendered":"https:\/\/stiftadmont.at\/?p=31873"},"modified":"2025-01-30T14:42:53","modified_gmt":"2025-01-30T12:42:53","slug":"diversite-et-orientation-vers-lavenir-le-stiftsgymnasium-mise-sur-une-large-offre-pour-le-premier-et-le-deuxieme-cycle-du-secondaire","status":"publish","type":"post","link":"https:\/\/stiftadmont.at\/fr\/blog\/vielfalt-und-zukunftsorientierung-stiftsgymnasium-setzt-auf-breites-angebot-fuer-unter-und-oberstufe\/","title":{"rendered":"Diversit\u00e9 et orientation vers l'avenir : le Stiftsgymnasium mise sur une offre large pour le premier et le second cycle"},"content":{"rendered":"<section id='lightpress__section--block_5b1000cd209d7a19e5f2c931b436a099' class='lightpress__section--default-section-space lightpress__section lightpress__section--content'><div class=\"content__inner\"\n         x-init=\"initContentBlockAnim($el)\">\n        \n    <div class=\"content__grid content__grid\">\n                                            <div class=\"content__box content__box--one-hundred\"\n                 style=\"\">\n                                \n                \n                                            <div class=\"prose\"><h3 class=\"heading-xl line line-above line--gold\">Vielfalt und Zukunftsorientierung: Stiftsgymnasium setzt auf breites Angebot f\u00fcr Unter- und Oberstufe<\/h3>\n<p>\u00a0<\/p>\n<p>Im Jubil\u00e4umsjahr 2024 sch\u00e4rfte das Stiftsgymnasium Admont sein Profil und nimmt ab Februar Anmeldungen f\u00fcr das kommende Schuljahr entgegen. Ein Einstieg in den neuen Sportzweig ist im Herbst f\u00fcr 10- und 14-J\u00e4hrige m\u00f6glich.<\/p>\n<p>\u00a0<\/p>\n<p>F\u00fcr viele Viertkl\u00e4sslerinnen und Viertkl\u00e4ssler \u2013 egal ob Volksschule oder Sekundarstufe \u2013 steht in wenigen Wochen eine Richtungsentscheidung an: Welche Schule w\u00e4hle ich f\u00fcr meine Zukunft? Das Stiftsgymnasium Admont bietet nicht nur die M\u00f6glichkeit zum Einstieg in die Unterstufe, sondern auch zum \u201eQuereinstieg\u201c in die Oberstufe und hat mit dem neuen Sportschwerpunkt eine zus\u00e4tzliche Ausbildungsschiene geschaffen. F\u00fcr interessierte Volkssch\u00fclerinnen und Volkssch\u00fcler, die das Gymnasium besser kennenlernen m\u00f6chten, wird am 25. J\u00e4nner ein \u201eSchnuppertag\u201c veranstaltet (Anmeldungen jeweils unter sekretariat@gymnasium-admont.at). Einblicke in das Oberstufenangebot, das auch Mittelsch\u00fclerinnen und Mittelsch\u00fclern zug\u00e4nglich ist, k\u00f6nnen jederzeit im Rahmen individueller Schulf\u00fchrungen erhalten werden.\u00a0<\/p>\n<\/div>\n                    \n                            <\/div>\n        \n            <\/div>\n<\/div>\n\n<\/section>\n\n<section id='lightpress__section--block_43fca201be4538795851c76c15c0667b' class='lightpress__section--default-section-space lightpress__section lightpress__section--content'><div class=\"content__inner\"\n         x-init=\"initContentBlockAnim($el)\">\n        \n    <div class=\"content__grid content__grid--fifty-fifty\">\n                                            <div class=\"content__box content__box\"\n                 style=\"\">\n                                \n                \n                                            <div class=\"prose\"><p>Neben dem neuen Sportzweig, der in der Unterstufe eine bunte Mischung von Sportarten und in der Oberstufe einen Outdoor-Schwerpunkt vorsieht, umfasst das Angebot: einen naturwissenschaftlichen Zweig, f\u00fcr den modernste Labore und Technik zur Verf\u00fcgung stehen, einen Musikzweig, der durch Instrumental- und Chorunterricht musikalische Talente optimal f\u00f6rdert, und einen sprachlichen Zweig mit Wahlm\u00f6glichkeiten aus Italienisch, Latein und Franz\u00f6sisch zus\u00e4tzlich zum Englischunterricht. Unabh\u00e4ngig von der Wahl des Zweiges k\u00f6nnen die Sch\u00fclerinnen und Sch\u00fcler durch eine Vielzahl an unverbindlichen \u00dcbungen (z. B. Fu\u00dfball, Schauspiel, Gesang, Klettern) ihre Interessen vertiefen. In der Oberstufe kann ein Teil der Stunden frei aus einem Kursangebot gew\u00e4hlt werden, damit und die Sch\u00fclerinnen und Sch\u00fcler ihr Skill-Profil f\u00fcr die Arbeitswelt der Zukunft sch\u00e4rfen k\u00f6nnen. Sie erwerben je nach Wahl der Kurse gezielt \u201epraktisch-projektbezogene\u201c, \u201esozial-kommunikative\u201c, \u201ekreativ-k\u00fcnstlerische\u201c, \u201eforschend-analytische\u201c und \u201eemotional-empathische\u201c F\u00e4higkeiten.<\/p>\n<p>\u00a0<\/p>\n<p>Bereits bei der Gr\u00fcndung vor 380 Jahren wurde dem Stiftsgymnasium Admont der klare Auftrag eingeschrieben, Bildungschancen f\u00fcr die Region zu schaffen. Dieser Verpflichtung m\u00f6chte die Schule auch heute noch nachkommen und vereint Tradition und Innovation.\u00a0<\/p>\n<p>\u00a0<\/p>\n<p>Am 17. Dezember 2024 lud das Gymnasium zu einem Festakt, bei dem neben R\u00fcckblicken auf die schulische Geschichte vor allem Einblicke in das moderne Profil und dessen Zukunftsorientierung geboten wurden. Ein Highlight des Abends: Die Pr\u00e4sentation des aufw\u00e4ndig in der Admonter Stiftsbibliothek produzierten Videos der Schul-Big-Band.<\/p>\n<\/div>\n                    \n                            <\/div>\n        \n                                                    <div class=\"content__box content__box--2\"\n                     >\n                                        \n                    \n                                                <div class=\"content__media stickyTo\" x-init=\"imageSticky($el)\">\n\n                                                                                    <picture\n                                    class=\"content__image sticky\">\n                                <source srcset=\"https:\/\/stiftadmont.at\/wp-content\/uploads\/Kettern_Gym-Admont-768x1024.webp\" type=\"image\/webp\">\n                                <source srcset=\"https:\/\/stiftadmont.at\/wp-content\/uploads\/Kettern_Gym-Admont-768x1024.jpg\" type=\"image\/jpeg\">\n                                <img decoding=\"async\" class=\"sticky\" loading=\"lazy\" src=\"https:\/\/stiftadmont.at\/wp-content\/uploads\/Kettern_Gym-Admont-768x1024.jpg\"\n                                     alt=\"Kettern Gym Admont\">\n\n                                                                                                                            <\/picture>\n\n                        <\/div>\n\n                                    <\/div>\n            \n            <\/div>\n<\/div>\n\n<\/section>\n\n<section id='lightpress__section--block_793185f60f0c98160a5b9a35ed662b00' class='lightpress__section--default-section-space lightpress__section lightpress__section--content'><div class=\"content__inner\"\n         x-init=\"initContentBlockAnim($el)\">\n        \n    <div class=\"content__grid content__grid--fifty-fifty\">\n                                            <div class=\"content__box content__box\"\n                 style=\"\">\n                                \n                                    \n                                            <a href=\"https:\/\/www.youtube.com\/watch?v=ykAj0mK_xHM\" class=\"content__video content__media\"\n                           x-data\n                           x-init=\"initContentLightBox('#lightpress__section--block_793185f60f0c98160a5b9a35ed662b00 .content__video')\">\n                                                                                                                <picture class=\"content__image\">\n                                <source srcset=\"https:\/\/stiftadmont.at\/wp-content\/uploads\/Bigband-5web-1024x683.webp\" type=\"image\/webp\">\n                                <source srcset=\"https:\/\/stiftadmont.at\/wp-content\/uploads\/Bigband-5web-1024x683.jpg\" type=\"image\/jpeg\">\n                                <img decoding=\"async\" class=\"content__image\" loading=\"lazy\" src=\"https:\/\/stiftadmont.at\/wp-content\/uploads\/Bigband-5web-1024x683.jpg\"\n                                     alt=\"Bigband\">\n                            <\/picture>\n\n                            <span class=\"overlay-dark\"><\/span>\n                            <span class=\"content-overlay\"><\/span>\n                            <div class=\"content__plaque\">\n                                <div class=\"content__plaque-inner\">\n                                    <span><i class=\"fas fa-play content__icon\"><\/i><\/span>\n                                    <p class=\"paragraph-m\">Play<\/p>\n                                <\/div>\n                            <\/div>\n                        <\/a>\n                    \n                            <\/div>\n        \n                                                    <div class=\"content__box content__box--2\"\n                     >\n                                        \n                    \n                                                    <div class=\"prose\"><p>Die vier schulischen Kernbereiche \u201eSprachen \u2013 Musik \u2013 Naturwissenschaften \u2013 Sport\u201c pr\u00e4sentierten ihr Programm, das insbesondere Sch\u00fclerinnen und Sch\u00fclern der Oberstufe die M\u00f6glichkeit bietet, innerhalb von vier Jahren eine fundierte und interessensbezogen gestaltbare Ausbildung zu erwerben. Der zeitgleich zum Festakt veranstaltete \u201eQuereinsteiger\u201c-Tag erm\u00f6glichte interessierten 12- bis 14-J\u00e4hrigen ein praxisnahes Hineinschnuppern in das Oberstufen-Angebot: Dabei konnten sie etwa das Arbeiten im naturwissenschaftlichen Labor ausprobieren, das im MINT-Zweig zum Schulalltag geh\u00f6rt, oder beim Parcours mit Lawinenkunde-Equipment am Au\u00dfengel\u00e4nde Einblicke in den Outdoor-Schwerpunkt des Sportzweiges gewinnen.<\/p>\n<p>\u00a0<\/p>\n<p>Anmeldungen f\u00fcr den Einstieg die Unter- und Oberstufe am Stiftsgymnasium werden in der Woche vom 24. bis 28. Februar entgegengenommen. F\u00fcr einen reibungslosen Ablauf ohne Wartezeiten werden f\u00fcr diese Anmeldewoche Terminfenster vergeben. N\u00e4here Informationen zur Anmeldung, zum Oberstufenprofil und zum Schnuppertag f\u00fcr Volkssch\u00fclerinnen und Volkssch\u00fcler erhalten Sie unter\u00a0<a href=\"mailto:sekretariat@gymnasium-admont.at\">sekretariat@gymnasium-admont.at<\/a>.<\/p>\n<\/div>\n                        \n                                    <\/div>\n            \n            <\/div>\n<\/div>\n\n<\/section>\n\n<section id='lightpress__section--block_11cf24ea4214f379ad4217d9f6fa0c22' class='lightpress__section--default-section-space lightpress__section lightpress__section--image-slider'>\n<div class=\"image-slider\"\n     x-data=\"{ gallery: null, shown: false }\"\n     x-init=\"gallery = initSliderGallery([{&quot;href&quot;:&quot;https:\\\/\\\/stiftadmont.at\\\/wp-content\\\/uploads\\\/Bigband-5web-1920x1281.jpg&quot;,&quot;type&quot;:&quot;image&quot;},{&quot;href&quot;:&quot;https:\\\/\\\/stiftadmont.at\\\/wp-content\\\/uploads\\\/38-Oberstufe-39-1920x1280.jpg&quot;,&quot;type&quot;:&quot;image&quot;},{&quot;href&quot;:&quot;https:\\\/\\\/stiftadmont.at\\\/wp-content\\\/uploads\\\/13-Oberstufe-14-Web-1920x1280.jpg&quot;,&quot;type&quot;:&quot;image&quot;},{&quot;href&quot;:&quot;https:\\\/\\\/stiftadmont.at\\\/wp-content\\\/uploads\\\/Kettern_Gym-Admont-1920x2560.jpg&quot;,&quot;type&quot;:&quot;image&quot;}]); initImageSliderBlockAnim($el);\">\n    <div class=\"image-slider__inner\">\n\n        <div class=\"swiper-container\" x-init=\"initImageSliderBlock($el, $refs.btnPrev, $refs.btnNext)\">\n            <div class=\"swiper-wrapper\">\n                                    <div class=\"swiper-slide\">\n                        <div class=\"image-slider__media\">\n                            <img decoding=\"async\" class=\"image-slider__image\"\n                                 src=\"https:\/\/stiftadmont.at\/wp-content\/uploads\/Bigband-5web-768x512.jpg\"\n                                 alt=\"Bigband\">\n                        <\/div>\n                    <\/div>\n                                    <div class=\"swiper-slide\">\n                        <div class=\"image-slider__media\">\n                            <img decoding=\"async\" class=\"image-slider__image\"\n                                 src=\"https:\/\/stiftadmont.at\/wp-content\/uploads\/38-Oberstufe-39-768x512.jpg\"\n                                 alt=\"Oberstufe\">\n                        <\/div>\n                    <\/div>\n                                    <div class=\"swiper-slide\">\n                        <div class=\"image-slider__media\">\n                            <img decoding=\"async\" class=\"image-slider__image\"\n                                 src=\"https:\/\/stiftadmont.at\/wp-content\/uploads\/13-Oberstufe-14-Web-768x512.jpg\"\n                                 alt=\"Oberstufe\">\n                        <\/div>\n                    <\/div>\n                                    <div class=\"swiper-slide\">\n                        <div class=\"image-slider__media\">\n                            <img decoding=\"async\" class=\"image-slider__image\"\n                                 src=\"https:\/\/stiftadmont.at\/wp-content\/uploads\/Kettern_Gym-Admont-768x1024.jpg\"\n                                 alt=\"Kettern Gym Admont\">\n                        <\/div>\n                    <\/div>\n                            <\/div>\n\n            <div class=\"swiper-nav-wrapper\">\n                <button class=\"swiper-button-prev slider-button--prev\" x-ref=\"btnPrev\"\n                        aria-label=\"Vorige Bilder anzeigen\">\n                    <img decoding=\"async\" src=\"\/wp-content\/themes\/stift-admont\/src\/assets\/img\/arrow-left-big-new.svg\" alt=\"Pfeil nach Links\">\n                <\/button>\n\n\n                <a class=\"image-slider__gallery\" @click=\"openGallery(gallery)\"><i class=\"fa-thin fa-plus\"><\/i><\/a>\n                <button class=\"swiper-button-next slider-button--next\"\n                        x-ref=\"btnNext\"\n                        aria-label=\"N\u00e4chste Bilder anzeigen\">\n                    <img decoding=\"async\" src=\"\/wp-content\/themes\/stift-admont\/src\/assets\/img\/arrow-right-big-new.svg\" alt=\"Pfeil nach Rechts\">\n                <\/button>\n            <\/div>\n        <\/div>\n    <\/div>\n\n\n<\/div><\/section>","protected":false},"excerpt":{"rendered":"<p>En 2024, ann\u00e9e de son jubil\u00e9, le Stiftsgymnasium Admont a affin\u00e9 son profil et accepte les inscriptions pour la prochaine ann\u00e9e scolaire \u00e0 partir de f\u00e9vrier. L'entr\u00e9e dans la nouvelle fili\u00e8re sportive est possible \u00e0 l'automne pour les jeunes de 10 et 14 ans.<\/p>","protected":false},"author":25,"featured_media":8137,"comment_status":"closed","ping_status":"closed","sticky":false,"template":"","format":"standard","meta":{"_acf_changed":false,"footnotes":""},"categories":[23],"class_list":["post-31873","post","type-post","status-publish","format-standard","has-post-thumbnail","hentry","category-einrichtungen-aktuell"],"acf":[],"yoast_head":"<!-- This site is optimized with the Yoast SEO Premium plugin v26.0 (Yoast SEO v26.8) - https:\/\/yoast.com\/product\/yoast-seo-premium-wordpress\/ -->\n<title>Vielfalt und Zukunftsorientierung: Stiftsgymnasium setzt auf breites Angebot f\u00fcr Unter- und Oberstufe - Stift Admont<\/title>\n<meta name=\"description\" content=\"Lesen Sie aktuelle Informationen zum Thema Vielfalt und Zukunftsorientierung: Stiftsgymnasium setzt auf breites Angebot f\u00fcr Unter- und Oberstufe und vieles mehr aus dem Konvent und der Pfarre Admont.\" \/>\n<meta name=\"robots\" content=\"index, follow, max-snippet:-1, max-image-preview:large, max-video-preview:-1\" \/>\n<link rel=\"canonical\" href=\"https:\/\/stiftadmont.at\/fr\/blog\/diversite-et-orientation-vers-lavenir-le-stiftsgymnasium-mise-sur-une-large-offre-pour-le-premier-et-le-deuxieme-cycle-du-secondaire\/\" \/>\n<meta property=\"og:locale\" content=\"fr_FR\" \/>\n<meta property=\"og:type\" content=\"article\" \/>\n<meta property=\"og:title\" content=\"Vielfalt und Zukunftsorientierung: Stiftsgymnasium setzt auf breites Angebot f\u00fcr Unter- und Oberstufe\" \/>\n<meta property=\"og:description\" content=\"Lesen Sie aktuelle Informationen zum Thema Vielfalt und Zukunftsorientierung: Stiftsgymnasium setzt auf breites Angebot f\u00fcr Unter- und Oberstufe und vieles mehr aus dem Konvent und der Pfarre Admont.\" \/>\n<meta property=\"og:url\" content=\"https:\/\/stiftadmont.at\/fr\/blog\/diversite-et-orientation-vers-lavenir-le-stiftsgymnasium-mise-sur-une-large-offre-pour-le-premier-et-le-deuxieme-cycle-du-secondaire\/\" \/>\n<meta property=\"og:site_name\" content=\"Stift Admont\" \/>\n<meta property=\"article:published_time\" content=\"2025-01-15T12:25:16+00:00\" \/>\n<meta property=\"article:modified_time\" content=\"2025-01-30T12:42:53+00:00\" \/>\n<meta property=\"og:image\" content=\"https:\/\/stiftadmont.at\/wp-content\/uploads\/aussenaufnahme-Gymnasium_@Thomas-Sattler-e1648799120729.jpg\" \/>\n\t<meta property=\"og:image:width\" content=\"2048\" \/>\n\t<meta property=\"og:image:height\" content=\"1365\" \/>\n\t<meta property=\"og:image:type\" content=\"image\/jpeg\" \/>\n<meta name=\"author\" content=\"chdr\" \/>\n<meta name=\"twitter:card\" content=\"summary_large_image\" \/>\n<meta name=\"twitter:label1\" content=\"\u00c9crit par\" \/>\n\t<meta name=\"twitter:data1\" content=\"chdr\" \/>\n\t<meta name=\"twitter:label2\" content=\"Dur\u00e9e de lecture estim\u00e9e\" \/>\n\t<meta name=\"twitter:data2\" content=\"1 minute\" \/>\n<script type=\"application\/ld+json\" class=\"yoast-schema-graph\">{\"@context\":\"https:\/\/schema.org\",\"@graph\":[{\"@type\":\"Article\",\"@id\":\"https:\/\/stiftadmont.at\/blog\/vielfalt-und-zukunftsorientierung-stiftsgymnasium-setzt-auf-breites-angebot-fuer-unter-und-oberstufe\/#article\",\"isPartOf\":{\"@id\":\"https:\/\/stiftadmont.at\/blog\/vielfalt-und-zukunftsorientierung-stiftsgymnasium-setzt-auf-breites-angebot-fuer-unter-und-oberstufe\/\"},\"author\":{\"name\":\"chdr\",\"@id\":\"https:\/\/stiftadmont.at\/#\/schema\/person\/001c5426932eca540c4528775544dda0\"},\"headline\":\"Vielfalt und Zukunftsorientierung: Stiftsgymnasium setzt auf breites Angebot f\u00fcr Unter- und Oberstufe\",\"datePublished\":\"2025-01-15T12:25:16+00:00\",\"dateModified\":\"2025-01-30T12:42:53+00:00\",\"mainEntityOfPage\":{\"@id\":\"https:\/\/stiftadmont.at\/blog\/vielfalt-und-zukunftsorientierung-stiftsgymnasium-setzt-auf-breites-angebot-fuer-unter-und-oberstufe\/\"},\"wordCount\":13,\"image\":{\"@id\":\"https:\/\/stiftadmont.at\/blog\/vielfalt-und-zukunftsorientierung-stiftsgymnasium-setzt-auf-breites-angebot-fuer-unter-und-oberstufe\/#primaryimage\"},\"thumbnailUrl\":\"https:\/\/stiftadmont.at\/wp-content\/uploads\/aussenaufnahme-Gymnasium_@Thomas-Sattler-e1648799120729.jpg\",\"articleSection\":[\"Einrichtungen aktuell\"],\"inLanguage\":\"fr-FR\"},{\"@type\":\"WebPage\",\"@id\":\"https:\/\/stiftadmont.at\/blog\/vielfalt-und-zukunftsorientierung-stiftsgymnasium-setzt-auf-breites-angebot-fuer-unter-und-oberstufe\/\",\"url\":\"https:\/\/stiftadmont.at\/blog\/vielfalt-und-zukunftsorientierung-stiftsgymnasium-setzt-auf-breites-angebot-fuer-unter-und-oberstufe\/\",\"name\":\"Vielfalt und Zukunftsorientierung: Stiftsgymnasium setzt auf breites Angebot f\u00fcr Unter- und Oberstufe - Stift Admont\",\"isPartOf\":{\"@id\":\"https:\/\/stiftadmont.at\/#website\"},\"primaryImageOfPage\":{\"@id\":\"https:\/\/stiftadmont.at\/blog\/vielfalt-und-zukunftsorientierung-stiftsgymnasium-setzt-auf-breites-angebot-fuer-unter-und-oberstufe\/#primaryimage\"},\"image\":{\"@id\":\"https:\/\/stiftadmont.at\/blog\/vielfalt-und-zukunftsorientierung-stiftsgymnasium-setzt-auf-breites-angebot-fuer-unter-und-oberstufe\/#primaryimage\"},\"thumbnailUrl\":\"https:\/\/stiftadmont.at\/wp-content\/uploads\/aussenaufnahme-Gymnasium_@Thomas-Sattler-e1648799120729.jpg\",\"datePublished\":\"2025-01-15T12:25:16+00:00\",\"dateModified\":\"2025-01-30T12:42:53+00:00\",\"author\":{\"@id\":\"https:\/\/stiftadmont.at\/#\/schema\/person\/001c5426932eca540c4528775544dda0\"},\"description\":\"Lesen Sie aktuelle Informationen zum Thema Vielfalt und Zukunftsorientierung: Stiftsgymnasium setzt auf breites Angebot f\u00fcr Unter- und Oberstufe und vieles mehr aus dem Konvent und der Pfarre Admont.\",\"breadcrumb\":{\"@id\":\"https:\/\/stiftadmont.at\/blog\/vielfalt-und-zukunftsorientierung-stiftsgymnasium-setzt-auf-breites-angebot-fuer-unter-und-oberstufe\/#breadcrumb\"},\"inLanguage\":\"fr-FR\",\"potentialAction\":[{\"@type\":\"ReadAction\",\"target\":[\"https:\/\/stiftadmont.at\/blog\/vielfalt-und-zukunftsorientierung-stiftsgymnasium-setzt-auf-breites-angebot-fuer-unter-und-oberstufe\/\"]}]},{\"@type\":\"ImageObject\",\"inLanguage\":\"fr-FR\",\"@id\":\"https:\/\/stiftadmont.at\/blog\/vielfalt-und-zukunftsorientierung-stiftsgymnasium-setzt-auf-breites-angebot-fuer-unter-und-oberstufe\/#primaryimage\",\"url\":\"https:\/\/stiftadmont.at\/wp-content\/uploads\/aussenaufnahme-Gymnasium_@Thomas-Sattler-e1648799120729.jpg\",\"contentUrl\":\"https:\/\/stiftadmont.at\/wp-content\/uploads\/aussenaufnahme-Gymnasium_@Thomas-Sattler-e1648799120729.jpg\",\"width\":2048,\"height\":1365,\"caption\":\"Stiftsymnasium Admont - Au\u00dfenaufnahme \u00a9 Thomas Sattler\"},{\"@type\":\"BreadcrumbList\",\"@id\":\"https:\/\/stiftadmont.at\/blog\/vielfalt-und-zukunftsorientierung-stiftsgymnasium-setzt-auf-breites-angebot-fuer-unter-und-oberstufe\/#breadcrumb\",\"itemListElement\":[{\"@type\":\"ListItem\",\"position\":1,\"name\":\"Start\",\"item\":\"https:\/\/stiftadmont.at\/\"},{\"@type\":\"ListItem\",\"position\":2,\"name\":\"Vielfalt und Zukunftsorientierung: Stiftsgymnasium setzt auf breites Angebot f\u00fcr Unter- und Oberstufe\"}]},{\"@type\":\"WebSite\",\"@id\":\"https:\/\/stiftadmont.at\/#website\",\"url\":\"https:\/\/stiftadmont.at\/\",\"name\":\"Stift Admont\",\"description\":\"Benediktinerkloster und Sehensw\u00fcrdigkeit im Ges\u00e4use\",\"potentialAction\":[{\"@type\":\"SearchAction\",\"target\":{\"@type\":\"EntryPoint\",\"urlTemplate\":\"https:\/\/stiftadmont.at\/?s={search_term_string}\"},\"query-input\":{\"@type\":\"PropertyValueSpecification\",\"valueRequired\":true,\"valueName\":\"search_term_string\"}}],\"inLanguage\":\"fr-FR\"},{\"@type\":\"Person\",\"@id\":\"https:\/\/stiftadmont.at\/#\/schema\/person\/001c5426932eca540c4528775544dda0\",\"name\":\"chdr\"}]}<\/script>\n<!-- \/ Yoast SEO Premium plugin. -->","yoast_head_json":{"title":"Diversit\u00e9 et orientation vers l'avenir : le Stiftsgymnasium mise sur une large offre pour le premier et le second cycle - Stift Admont","description":"Lisez les informations actuelles sur le th\u00e8me de la diversit\u00e9 et de l'orientation vers l'avenir : Le Stiftsgymnasium mise sur une large offre pour le premier et le second cycle et bien d'autres informations du couvent et de la paroisse d'Admont.","robots":{"index":"index","follow":"follow","max-snippet":"max-snippet:-1","max-image-preview":"max-image-preview:large","max-video-preview":"max-video-preview:-1"},"canonical":"https:\/\/stiftadmont.at\/fr\/blog\/diversite-et-orientation-vers-lavenir-le-stiftsgymnasium-mise-sur-une-large-offre-pour-le-premier-et-le-deuxieme-cycle-du-secondaire\/","og_locale":"fr_FR","og_type":"article","og_title":"Vielfalt und Zukunftsorientierung: Stiftsgymnasium setzt auf breites Angebot f\u00fcr Unter- und Oberstufe","og_description":"Lesen Sie aktuelle Informationen zum Thema Vielfalt und Zukunftsorientierung: Stiftsgymnasium setzt auf breites Angebot f\u00fcr Unter- und Oberstufe und vieles mehr aus dem Konvent und der Pfarre Admont.","og_url":"https:\/\/stiftadmont.at\/fr\/blog\/diversite-et-orientation-vers-lavenir-le-stiftsgymnasium-mise-sur-une-large-offre-pour-le-premier-et-le-deuxieme-cycle-du-secondaire\/","og_site_name":"Stift Admont","article_published_time":"2025-01-15T12:25:16+00:00","article_modified_time":"2025-01-30T12:42:53+00:00","og_image":[{"width":2048,"height":1365,"url":"https:\/\/stiftadmont.at\/wp-content\/uploads\/aussenaufnahme-Gymnasium_@Thomas-Sattler-e1648799120729.jpg","type":"image\/jpeg"}],"author":"chdr","twitter_card":"summary_large_image","twitter_misc":{"\u00c9crit par":"chdr","Dur\u00e9e de lecture estim\u00e9e":"1 minute"},"schema":{"@context":"https:\/\/schema.org","@graph":[{"@type":"Article","@id":"https:\/\/stiftadmont.at\/blog\/vielfalt-und-zukunftsorientierung-stiftsgymnasium-setzt-auf-breites-angebot-fuer-unter-und-oberstufe\/#article","isPartOf":{"@id":"https:\/\/stiftadmont.at\/blog\/vielfalt-und-zukunftsorientierung-stiftsgymnasium-setzt-auf-breites-angebot-fuer-unter-und-oberstufe\/"},"author":{"name":"chdr","@id":"https:\/\/stiftadmont.at\/#\/schema\/person\/001c5426932eca540c4528775544dda0"},"headline":"Vielfalt und Zukunftsorientierung: Stiftsgymnasium setzt auf breites Angebot f\u00fcr Unter- und Oberstufe","datePublished":"2025-01-15T12:25:16+00:00","dateModified":"2025-01-30T12:42:53+00:00","mainEntityOfPage":{"@id":"https:\/\/stiftadmont.at\/blog\/vielfalt-und-zukunftsorientierung-stiftsgymnasium-setzt-auf-breites-angebot-fuer-unter-und-oberstufe\/"},"wordCount":13,"image":{"@id":"https:\/\/stiftadmont.at\/blog\/vielfalt-und-zukunftsorientierung-stiftsgymnasium-setzt-auf-breites-angebot-fuer-unter-und-oberstufe\/#primaryimage"},"thumbnailUrl":"https:\/\/stiftadmont.at\/wp-content\/uploads\/aussenaufnahme-Gymnasium_@Thomas-Sattler-e1648799120729.jpg","articleSection":["Einrichtungen aktuell"],"inLanguage":"fr-FR"},{"@type":"WebPage","@id":"https:\/\/stiftadmont.at\/blog\/vielfalt-und-zukunftsorientierung-stiftsgymnasium-setzt-auf-breites-angebot-fuer-unter-und-oberstufe\/","url":"https:\/\/stiftadmont.at\/blog\/vielfalt-und-zukunftsorientierung-stiftsgymnasium-setzt-auf-breites-angebot-fuer-unter-und-oberstufe\/","name":"Diversit\u00e9 et orientation vers l'avenir : le Stiftsgymnasium mise sur une large offre pour le premier et le second cycle - Stift Admont","isPartOf":{"@id":"https:\/\/stiftadmont.at\/#website"},"primaryImageOfPage":{"@id":"https:\/\/stiftadmont.at\/blog\/vielfalt-und-zukunftsorientierung-stiftsgymnasium-setzt-auf-breites-angebot-fuer-unter-und-oberstufe\/#primaryimage"},"image":{"@id":"https:\/\/stiftadmont.at\/blog\/vielfalt-und-zukunftsorientierung-stiftsgymnasium-setzt-auf-breites-angebot-fuer-unter-und-oberstufe\/#primaryimage"},"thumbnailUrl":"https:\/\/stiftadmont.at\/wp-content\/uploads\/aussenaufnahme-Gymnasium_@Thomas-Sattler-e1648799120729.jpg","datePublished":"2025-01-15T12:25:16+00:00","dateModified":"2025-01-30T12:42:53+00:00","author":{"@id":"https:\/\/stiftadmont.at\/#\/schema\/person\/001c5426932eca540c4528775544dda0"},"description":"Lisez les informations actuelles sur le th\u00e8me de la diversit\u00e9 et de l'orientation vers l'avenir : Le Stiftsgymnasium mise sur une large offre pour le premier et le second cycle et bien d'autres informations du couvent et de la paroisse d'Admont.","breadcrumb":{"@id":"https:\/\/stiftadmont.at\/blog\/vielfalt-und-zukunftsorientierung-stiftsgymnasium-setzt-auf-breites-angebot-fuer-unter-und-oberstufe\/#breadcrumb"},"inLanguage":"fr-FR","potentialAction":[{"@type":"ReadAction","target":["https:\/\/stiftadmont.at\/blog\/vielfalt-und-zukunftsorientierung-stiftsgymnasium-setzt-auf-breites-angebot-fuer-unter-und-oberstufe\/"]}]},{"@type":"ImageObject","inLanguage":"fr-FR","@id":"https:\/\/stiftadmont.at\/blog\/vielfalt-und-zukunftsorientierung-stiftsgymnasium-setzt-auf-breites-angebot-fuer-unter-und-oberstufe\/#primaryimage","url":"https:\/\/stiftadmont.at\/wp-content\/uploads\/aussenaufnahme-Gymnasium_@Thomas-Sattler-e1648799120729.jpg","contentUrl":"https:\/\/stiftadmont.at\/wp-content\/uploads\/aussenaufnahme-Gymnasium_@Thomas-Sattler-e1648799120729.jpg","width":2048,"height":1365,"caption":"Stiftsymnasium Admont - Au\u00dfenaufnahme \u00a9 Thomas Sattler"},{"@type":"BreadcrumbList","@id":"https:\/\/stiftadmont.at\/blog\/vielfalt-und-zukunftsorientierung-stiftsgymnasium-setzt-auf-breites-angebot-fuer-unter-und-oberstufe\/#breadcrumb","itemListElement":[{"@type":"ListItem","position":1,"name":"Start","item":"https:\/\/stiftadmont.at\/"},{"@type":"ListItem","position":2,"name":"Vielfalt und Zukunftsorientierung: Stiftsgymnasium setzt auf breites Angebot f\u00fcr Unter- und Oberstufe"}]},{"@type":"WebSite","@id":"https:\/\/stiftadmont.at\/#website","url":"https:\/\/stiftadmont.at\/","name":"Abbaye d'Admont","description":"Monast\u00e8re b\u00e9n\u00e9dictin et attraction touristique dans le Ges\u00e4use","potentialAction":[{"@type":"SearchAction","target":{"@type":"EntryPoint","urlTemplate":"https:\/\/stiftadmont.at\/?s={search_term_string}"},"query-input":{"@type":"PropertyValueSpecification","valueRequired":true,"valueName":"search_term_string"}}],"inLanguage":"fr-FR"},{"@type":"Person","@id":"https:\/\/stiftadmont.at\/#\/schema\/person\/001c5426932eca540c4528775544dda0","name":"chdr"}]}},"_links":{"self":[{"href":"https:\/\/stiftadmont.at\/fr\/wp-json\/wp\/v2\/posts\/31873","targetHints":{"allow":["GET"]}}],"collection":[{"href":"https:\/\/stiftadmont.at\/fr\/wp-json\/wp\/v2\/posts"}],"about":[{"href":"https:\/\/stiftadmont.at\/fr\/wp-json\/wp\/v2\/types\/post"}],"author":[{"embeddable":true,"href":"https:\/\/stiftadmont.at\/fr\/wp-json\/wp\/v2\/users\/25"}],"replies":[{"embeddable":true,"href":"https:\/\/stiftadmont.at\/fr\/wp-json\/wp\/v2\/comments?post=31873"}],"version-history":[{"count":15,"href":"https:\/\/stiftadmont.at\/fr\/wp-json\/wp\/v2\/posts\/31873\/revisions"}],"predecessor-version":[{"id":32465,"href":"https:\/\/stiftadmont.at\/fr\/wp-json\/wp\/v2\/posts\/31873\/revisions\/32465"}],"wp:featuredmedia":[{"embeddable":true,"href":"https:\/\/stiftadmont.at\/fr\/wp-json\/wp\/v2\/media\/8137"}],"wp:attachment":[{"href":"https:\/\/stiftadmont.at\/fr\/wp-json\/wp\/v2\/media?parent=31873"}],"wp:term":[{"taxonomy":"category","embeddable":true,"href":"https:\/\/stiftadmont.at\/fr\/wp-json\/wp\/v2\/categories?post=31873"}],"curies":[{"name":"wp","href":"https:\/\/api.w.org\/{rel}","templated":true}]}}