{"id":33287,"date":"2025-03-10T12:29:18","date_gmt":"2025-03-10T10:29:18","guid":{"rendered":"https:\/\/stiftadmont.at\/?p=33287"},"modified":"2025-03-12T10:22:50","modified_gmt":"2025-03-12T08:22:50","slug":"nouvel-archeveque-de-st-peter","status":"publish","type":"post","link":"https:\/\/stiftadmont.at\/fr\/blog\/neuer-erzabt-von-st-peter\/","title":{"rendered":"P. Jakob Auer OSB est le nouvel archiabb\u00e9 de St."},"content":{"rendered":"<section id='lightpress__section--block_3a070da903795d7141e75f2b5f58f4e1' class='lightpress__section--default-section-space lightpress__section lightpress__section--content'><div class=\"content__inner\"\n         x-init=\"initContentBlockAnim($el)\">\n        \n    <div class=\"content__grid content__grid--fifty-fifty\">\n                                            <div class=\"content__box content__box\"\n                 style=\"\">\n                                \n                \n                                            <div class=\"prose\"><h5 class=\"heading-m line line-above line--gold\">Tous nos v\u0153ux et la b\u00e9n\u00e9diction de Dieu pour l'archiabb\u00e9 Jakob Auer OSB<\/h5>\n<h5 class=\"heading-m\">\u00a0<\/h5>\n<p data-start=\"61\" data-end=\"351\">C'est avec joie et gratitude que nous f\u00e9licitons l'archiabb\u00e9 Jakob Auer OSB pour son \u00e9lection en tant qu'archiabb\u00e9 de St. Que la b\u00e9n\u00e9diction de Dieu l'accompagne dans sa nouvelle fonction et lui donne sagesse, force et joie pour sa t\u00e2che. Nos pri\u00e8res et nos meilleurs v\u0153ux l'accompagnent sur son chemin.<\/p>\n<p>\u00a0<\/p>\n<p data-start=\"353\" data-end=\"373\" data-is-last-node=\"\" data-is-only-node=\"\"><strong data-start=\"353\" data-end=\"373\" data-is-last-node=\"\">Ad multos annos !<\/strong><\/p>\n<\/div>\n                    \n                            <\/div>\n        \n                                                    <div class=\"content__box content__box--2\"\n                     >\n                                        \n                    \n                                                <div class=\"content__media stickyTo\" x-init=\"imageSticky($el)\">\n\n                                                                                    <picture\n                                    class=\"content__image sticky\">\n                                <source srcset=\"https:\/\/stiftadmont.at\/wp-content\/uploads\/erzabt-st.-peter-1024x613.webp\" type=\"image\/webp\">\n                                <source srcset=\"https:\/\/stiftadmont.at\/wp-content\/uploads\/erzabt-st.-peter-1024x613.jpg\" type=\"image\/jpeg\">\n                                <img decoding=\"async\" class=\"sticky\" loading=\"lazy\" src=\"https:\/\/stiftadmont.at\/wp-content\/uploads\/erzabt-st.-peter-1024x613.jpg\" alt=\"archipr\u00eatre saint-pierre\" \/>\n\n                                                                                                                            <\/picture>\n\n                        <\/div>\n\n                                    <\/div>\n            \n            <\/div>\n<\/div>\n\n<\/section>","protected":false},"excerpt":{"rendered":"<p>P. JAKOB AUER OSB EST LE NOUVEL ARCHIABB\u00c9 DE ST. PETER<\/p>","protected":false},"author":23,"featured_media":33318,"comment_status":"closed","ping_status":"closed","sticky":false,"template":"","format":"standard","meta":{"_acf_changed":false,"footnotes":""},"categories":[22],"class_list":["post-33287","post","type-post","status-publish","format-standard","has-post-thumbnail","hentry","category-kloster-aktuell"],"acf":[],"yoast_head":"<!-- This site is optimized with the Yoast SEO Premium plugin v26.0 (Yoast SEO v26.8) - https:\/\/yoast.com\/product\/yoast-seo-premium-wordpress\/ -->\n<title>P. Jakob Auer OSB ist neuer Erzabt von St. Peter - Stift Admont<\/title>\n<meta name=\"description\" content=\"Lesen Sie aktuelle Informationen zum Thema P. Jakob Auer OSB ist neuer Erzabt von St. Peter und vieles mehr aus dem Konvent und der Pfarre Admont.\" \/>\n<meta name=\"robots\" content=\"index, follow, max-snippet:-1, max-image-preview:large, max-video-preview:-1\" \/>\n<link rel=\"canonical\" href=\"https:\/\/stiftadmont.at\/fr\/blog\/nouvel-archeveque-de-st-peter\/\" \/>\n<meta property=\"og:locale\" content=\"fr_FR\" \/>\n<meta property=\"og:type\" content=\"article\" \/>\n<meta property=\"og:title\" content=\"P. Jakob Auer OSB ist neuer Erzabt von St. Peter\" \/>\n<meta property=\"og:description\" content=\"Lesen Sie aktuelle Informationen zum Thema P. Jakob Auer OSB ist neuer Erzabt von St. Peter und vieles mehr aus dem Konvent und der Pfarre Admont.\" \/>\n<meta property=\"og:url\" content=\"https:\/\/stiftadmont.at\/fr\/blog\/nouvel-archeveque-de-st-peter\/\" \/>\n<meta property=\"og:site_name\" content=\"Stift Admont\" \/>\n<meta property=\"article:published_time\" content=\"2025-03-10T10:29:18+00:00\" \/>\n<meta property=\"article:modified_time\" content=\"2025-03-12T08:22:50+00:00\" \/>\n<meta property=\"og:image\" content=\"https:\/\/stiftadmont.at\/wp-content\/uploads\/erzabt-st.-peter.jpg\" \/>\n\t<meta property=\"og:image:width\" content=\"1120\" \/>\n\t<meta property=\"og:image:height\" content=\"671\" \/>\n\t<meta property=\"og:image:type\" content=\"image\/jpeg\" \/>\n<meta name=\"author\" content=\"P. Matth\u00e4us Cassian Konieczny\" \/>\n<meta name=\"twitter:card\" content=\"summary_large_image\" \/>\n<meta name=\"twitter:label1\" content=\"\u00c9crit par\" \/>\n\t<meta name=\"twitter:data1\" content=\"P. Matth\u00e4us Cassian Konieczny\" \/>\n\t<meta name=\"twitter:label2\" content=\"Dur\u00e9e de lecture estim\u00e9e\" \/>\n\t<meta name=\"twitter:data2\" content=\"1 minute\" \/>\n<script type=\"application\/ld+json\" class=\"yoast-schema-graph\">{\"@context\":\"https:\/\/schema.org\",\"@graph\":[{\"@type\":\"Article\",\"@id\":\"https:\/\/stiftadmont.at\/blog\/neuer-erzabt-von-st-peter\/#article\",\"isPartOf\":{\"@id\":\"https:\/\/stiftadmont.at\/blog\/neuer-erzabt-von-st-peter\/\"},\"author\":{\"name\":\"P. Matth\u00e4us Cassian Konieczny\",\"@id\":\"https:\/\/stiftadmont.at\/#\/schema\/person\/cdbea36a4aa000296d26a410e2228dce\"},\"headline\":\"P. Jakob Auer OSB ist neuer Erzabt von St. Peter\",\"datePublished\":\"2025-03-10T10:29:18+00:00\",\"dateModified\":\"2025-03-12T08:22:50+00:00\",\"mainEntityOfPage\":{\"@id\":\"https:\/\/stiftadmont.at\/blog\/neuer-erzabt-von-st-peter\/\"},\"wordCount\":10,\"image\":{\"@id\":\"https:\/\/stiftadmont.at\/blog\/neuer-erzabt-von-st-peter\/#primaryimage\"},\"thumbnailUrl\":\"https:\/\/stiftadmont.at\/wp-content\/uploads\/erzabt-st.-peter.jpg\",\"articleSection\":[\"Kloster aktuell\"],\"inLanguage\":\"fr-FR\"},{\"@type\":\"WebPage\",\"@id\":\"https:\/\/stiftadmont.at\/blog\/neuer-erzabt-von-st-peter\/\",\"url\":\"https:\/\/stiftadmont.at\/blog\/neuer-erzabt-von-st-peter\/\",\"name\":\"P. Jakob Auer OSB ist neuer Erzabt von St. Peter - Stift Admont\",\"isPartOf\":{\"@id\":\"https:\/\/stiftadmont.at\/#website\"},\"primaryImageOfPage\":{\"@id\":\"https:\/\/stiftadmont.at\/blog\/neuer-erzabt-von-st-peter\/#primaryimage\"},\"image\":{\"@id\":\"https:\/\/stiftadmont.at\/blog\/neuer-erzabt-von-st-peter\/#primaryimage\"},\"thumbnailUrl\":\"https:\/\/stiftadmont.at\/wp-content\/uploads\/erzabt-st.-peter.jpg\",\"datePublished\":\"2025-03-10T10:29:18+00:00\",\"dateModified\":\"2025-03-12T08:22:50+00:00\",\"author\":{\"@id\":\"https:\/\/stiftadmont.at\/#\/schema\/person\/cdbea36a4aa000296d26a410e2228dce\"},\"description\":\"Lesen Sie aktuelle Informationen zum Thema P. Jakob Auer OSB ist neuer Erzabt von St. Peter und vieles mehr aus dem Konvent und der Pfarre Admont.\",\"breadcrumb\":{\"@id\":\"https:\/\/stiftadmont.at\/blog\/neuer-erzabt-von-st-peter\/#breadcrumb\"},\"inLanguage\":\"fr-FR\",\"potentialAction\":[{\"@type\":\"ReadAction\",\"target\":[\"https:\/\/stiftadmont.at\/blog\/neuer-erzabt-von-st-peter\/\"]}]},{\"@type\":\"ImageObject\",\"inLanguage\":\"fr-FR\",\"@id\":\"https:\/\/stiftadmont.at\/blog\/neuer-erzabt-von-st-peter\/#primaryimage\",\"url\":\"https:\/\/stiftadmont.at\/wp-content\/uploads\/erzabt-st.-peter.jpg\",\"contentUrl\":\"https:\/\/stiftadmont.at\/wp-content\/uploads\/erzabt-st.-peter.jpg\",\"width\":1120,\"height\":671,\"caption\":\"erzabt st. peter\"},{\"@type\":\"BreadcrumbList\",\"@id\":\"https:\/\/stiftadmont.at\/blog\/neuer-erzabt-von-st-peter\/#breadcrumb\",\"itemListElement\":[{\"@type\":\"ListItem\",\"position\":1,\"name\":\"Start\",\"item\":\"https:\/\/stiftadmont.at\/\"},{\"@type\":\"ListItem\",\"position\":2,\"name\":\"P. Jakob Auer OSB ist neuer Erzabt von St. Peter\"}]},{\"@type\":\"WebSite\",\"@id\":\"https:\/\/stiftadmont.at\/#website\",\"url\":\"https:\/\/stiftadmont.at\/\",\"name\":\"Stift Admont\",\"description\":\"Benediktinerkloster und Sehensw\u00fcrdigkeit im Ges\u00e4use\",\"potentialAction\":[{\"@type\":\"SearchAction\",\"target\":{\"@type\":\"EntryPoint\",\"urlTemplate\":\"https:\/\/stiftadmont.at\/?s={search_term_string}\"},\"query-input\":{\"@type\":\"PropertyValueSpecification\",\"valueRequired\":true,\"valueName\":\"search_term_string\"}}],\"inLanguage\":\"fr-FR\"},{\"@type\":\"Person\",\"@id\":\"https:\/\/stiftadmont.at\/#\/schema\/person\/cdbea36a4aa000296d26a410e2228dce\",\"name\":\"P. Matth\u00e4us Cassian Konieczny\"}]}<\/script>\n<!-- \/ Yoast SEO Premium plugin. -->","yoast_head_json":{"title":"P. Jakob Auer OSB est le nouvel archev\u00eaque de St. Peter - Stift Admont","description":"Lisez les informations actuelles sur le th\u00e8me P. Jakob Auer OSB est le nouvel archiabb\u00e9 de St. Peter et bien d'autres choses encore sur le couvent et la paroisse d'Admont.","robots":{"index":"index","follow":"follow","max-snippet":"max-snippet:-1","max-image-preview":"max-image-preview:large","max-video-preview":"max-video-preview:-1"},"canonical":"https:\/\/stiftadmont.at\/fr\/blog\/nouvel-archeveque-de-st-peter\/","og_locale":"fr_FR","og_type":"article","og_title":"P. Jakob Auer OSB ist neuer Erzabt von St. Peter","og_description":"Lesen Sie aktuelle Informationen zum Thema P. Jakob Auer OSB ist neuer Erzabt von St. Peter und vieles mehr aus dem Konvent und der Pfarre Admont.","og_url":"https:\/\/stiftadmont.at\/fr\/blog\/nouvel-archeveque-de-st-peter\/","og_site_name":"Stift Admont","article_published_time":"2025-03-10T10:29:18+00:00","article_modified_time":"2025-03-12T08:22:50+00:00","og_image":[{"width":1120,"height":671,"url":"https:\/\/stiftadmont.at\/wp-content\/uploads\/erzabt-st.-peter.jpg","type":"image\/jpeg"}],"author":"P. Matth\u00e4us Cassian Konieczny","twitter_card":"summary_large_image","twitter_misc":{"\u00c9crit par":"P. Matth\u00e4us Cassian Konieczny","Dur\u00e9e de lecture estim\u00e9e":"1 minute"},"schema":{"@context":"https:\/\/schema.org","@graph":[{"@type":"Article","@id":"https:\/\/stiftadmont.at\/blog\/neuer-erzabt-von-st-peter\/#article","isPartOf":{"@id":"https:\/\/stiftadmont.at\/blog\/neuer-erzabt-von-st-peter\/"},"author":{"name":"P. Matth\u00e4us Cassian Konieczny","@id":"https:\/\/stiftadmont.at\/#\/schema\/person\/cdbea36a4aa000296d26a410e2228dce"},"headline":"P. Jakob Auer OSB ist neuer Erzabt von St. Peter","datePublished":"2025-03-10T10:29:18+00:00","dateModified":"2025-03-12T08:22:50+00:00","mainEntityOfPage":{"@id":"https:\/\/stiftadmont.at\/blog\/neuer-erzabt-von-st-peter\/"},"wordCount":10,"image":{"@id":"https:\/\/stiftadmont.at\/blog\/neuer-erzabt-von-st-peter\/#primaryimage"},"thumbnailUrl":"https:\/\/stiftadmont.at\/wp-content\/uploads\/erzabt-st.-peter.jpg","articleSection":["Kloster aktuell"],"inLanguage":"fr-FR"},{"@type":"WebPage","@id":"https:\/\/stiftadmont.at\/blog\/neuer-erzabt-von-st-peter\/","url":"https:\/\/stiftadmont.at\/blog\/neuer-erzabt-von-st-peter\/","name":"P. Jakob Auer OSB est le nouvel archev\u00eaque de St. Peter - Stift Admont","isPartOf":{"@id":"https:\/\/stiftadmont.at\/#website"},"primaryImageOfPage":{"@id":"https:\/\/stiftadmont.at\/blog\/neuer-erzabt-von-st-peter\/#primaryimage"},"image":{"@id":"https:\/\/stiftadmont.at\/blog\/neuer-erzabt-von-st-peter\/#primaryimage"},"thumbnailUrl":"https:\/\/stiftadmont.at\/wp-content\/uploads\/erzabt-st.-peter.jpg","datePublished":"2025-03-10T10:29:18+00:00","dateModified":"2025-03-12T08:22:50+00:00","author":{"@id":"https:\/\/stiftadmont.at\/#\/schema\/person\/cdbea36a4aa000296d26a410e2228dce"},"description":"Lisez les informations actuelles sur le th\u00e8me P. Jakob Auer OSB est le nouvel archiabb\u00e9 de St. Peter et bien d'autres choses encore sur le couvent et la paroisse d'Admont.","breadcrumb":{"@id":"https:\/\/stiftadmont.at\/blog\/neuer-erzabt-von-st-peter\/#breadcrumb"},"inLanguage":"fr-FR","potentialAction":[{"@type":"ReadAction","target":["https:\/\/stiftadmont.at\/blog\/neuer-erzabt-von-st-peter\/"]}]},{"@type":"ImageObject","inLanguage":"fr-FR","@id":"https:\/\/stiftadmont.at\/blog\/neuer-erzabt-von-st-peter\/#primaryimage","url":"https:\/\/stiftadmont.at\/wp-content\/uploads\/erzabt-st.-peter.jpg","contentUrl":"https:\/\/stiftadmont.at\/wp-content\/uploads\/erzabt-st.-peter.jpg","width":1120,"height":671,"caption":"erzabt st. peter"},{"@type":"BreadcrumbList","@id":"https:\/\/stiftadmont.at\/blog\/neuer-erzabt-von-st-peter\/#breadcrumb","itemListElement":[{"@type":"ListItem","position":1,"name":"Start","item":"https:\/\/stiftadmont.at\/"},{"@type":"ListItem","position":2,"name":"P. Jakob Auer OSB ist neuer Erzabt von St. Peter"}]},{"@type":"WebSite","@id":"https:\/\/stiftadmont.at\/#website","url":"https:\/\/stiftadmont.at\/","name":"Abbaye d'Admont","description":"Monast\u00e8re b\u00e9n\u00e9dictin et attraction touristique dans le Ges\u00e4use","potentialAction":[{"@type":"SearchAction","target":{"@type":"EntryPoint","urlTemplate":"https:\/\/stiftadmont.at\/?s={search_term_string}"},"query-input":{"@type":"PropertyValueSpecification","valueRequired":true,"valueName":"search_term_string"}}],"inLanguage":"fr-FR"},{"@type":"Person","@id":"https:\/\/stiftadmont.at\/#\/schema\/person\/cdbea36a4aa000296d26a410e2228dce","name":"P. Matth\u00e4us Cassian Konieczny"}]}},"_links":{"self":[{"href":"https:\/\/stiftadmont.at\/fr\/wp-json\/wp\/v2\/posts\/33287","targetHints":{"allow":["GET"]}}],"collection":[{"href":"https:\/\/stiftadmont.at\/fr\/wp-json\/wp\/v2\/posts"}],"about":[{"href":"https:\/\/stiftadmont.at\/fr\/wp-json\/wp\/v2\/types\/post"}],"author":[{"embeddable":true,"href":"https:\/\/stiftadmont.at\/fr\/wp-json\/wp\/v2\/users\/23"}],"replies":[{"embeddable":true,"href":"https:\/\/stiftadmont.at\/fr\/wp-json\/wp\/v2\/comments?post=33287"}],"version-history":[{"count":17,"href":"https:\/\/stiftadmont.at\/fr\/wp-json\/wp\/v2\/posts\/33287\/revisions"}],"predecessor-version":[{"id":33320,"href":"https:\/\/stiftadmont.at\/fr\/wp-json\/wp\/v2\/posts\/33287\/revisions\/33320"}],"wp:featuredmedia":[{"embeddable":true,"href":"https:\/\/stiftadmont.at\/fr\/wp-json\/wp\/v2\/media\/33318"}],"wp:attachment":[{"href":"https:\/\/stiftadmont.at\/fr\/wp-json\/wp\/v2\/media?parent=33287"}],"wp:term":[{"taxonomy":"category","embeddable":true,"href":"https:\/\/stiftadmont.at\/fr\/wp-json\/wp\/v2\/categories?post=33287"}],"curies":[{"name":"wp","href":"https:\/\/api.w.org\/{rel}","templated":true}]}}