{"id":34352,"date":"2025-04-13T11:00:00","date_gmt":"2025-04-13T09:00:00","guid":{"rendered":"https:\/\/stiftadmont.at\/?p=34352"},"modified":"2025-04-23T07:39:02","modified_gmt":"2025-04-23T05:39:02","slug":"dimanche-des-rameaux-2025","status":"publish","type":"post","link":"https:\/\/stiftadmont.at\/fr\/blog\/palmsonntag-2025\/","title":{"rendered":"Dimanche des Rameaux"},"content":{"rendered":"<section id='lightpress__section--block_99f2295bd6b2c0b5f2c671a219ef17fc' class='lightpress__section--default-section-space lightpress__section lightpress__section--content'><div class=\"content__inner\"\n         x-init=\"initContentBlockAnim($el)\">\n        \n    <div class=\"content__grid content__grid\">\n                                            <div class=\"content__box content__box--one-hundred\"\n                 style=\"\">\n                                \n                \n                                            <div class=\"prose\"><h5 class=\"heading-m line line-above line--gold\">Palmsonntag &#8211; Einzug Jesu in Jerusalem<\/h5>\n<p>\u00a0<\/p>\n<p><strong>Sonntag, 13. April 2025<\/strong><\/p>\n<p>\u00a0<\/p>\n<p>Am vergangenen Sonntag feierten zahlreiche Gl\u00e4ubige den Palmsonntag. Viele Menschen zogen mit Palmbuschen in einer feierlichen Prozession zur Kirche. Die Segnung der Palmzweige und der gemeinsame Gottesdienst bildeten den H\u00f6hepunkt der Feierlichkeiten.<\/p>\n<p>\u00a0<\/p>\n<p><strong>Zum Palmsonntag:\u00a0<\/strong><\/p>\n<p>\u00a0<\/p>\n<p>Der Palmsonntag ist der Sonntag vor Ostern und markiert den Beginn der Karwoche. Er erinnert an den Einzug Jesu in Jerusalem, bei dem die Menschen Palmzweige auf den Weg legten und ihn mit Jubel begr\u00fc\u00dften. Dieser Tag symbolisiert den triumphalen Einzug Jesu und wird in vielen christlichen Gemeinden mit besonderen Gottesdiensten gefeiert. Oft werden bei den Feiern Palmzweige oder -b\u00e4nder gesegnet und anschlie\u00dfend in Prozessionen getragen. Der Palmsonntag ist ein wichtiger Auftakt f\u00fcr die Osterwoche und erinnert an die Hoffnung und den Glauben an Jesu Sieg.<\/p>\n<\/div>\n                    \n                            <\/div>\n        \n            <\/div>\n<\/div>\n\n<\/section>\n\n<section id='lightpress__section--block_f24208fcc850cb1560faa65e2cfb48d5' class='lightpress__section--default-section-space lightpress__section lightpress__section--image-slider'>\n<div class=\"image-slider\"\n     x-data=\"{ gallery: null, shown: false }\"\n     x-init=\"gallery = initSliderGallery([{&quot;href&quot;:&quot;https:\\\/\\\/stiftadmont.at\\\/wp-content\\\/uploads\\\/IMG_6738-1920x1440.jpg&quot;,&quot;type&quot;:&quot;image&quot;},{&quot;href&quot;:&quot;https:\\\/\\\/stiftadmont.at\\\/wp-content\\\/uploads\\\/IMG_6734-1920x1440.jpg&quot;,&quot;type&quot;:&quot;image&quot;},{&quot;href&quot;:&quot;https:\\\/\\\/stiftadmont.at\\\/wp-content\\\/uploads\\\/IMG_6743-1920x1440.jpg&quot;,&quot;type&quot;:&quot;image&quot;},{&quot;href&quot;:&quot;https:\\\/\\\/stiftadmont.at\\\/wp-content\\\/uploads\\\/IMG_6745-1920x2560.jpg&quot;,&quot;type&quot;:&quot;image&quot;},{&quot;href&quot;:&quot;https:\\\/\\\/stiftadmont.at\\\/wp-content\\\/uploads\\\/IMG_6762-1920x1440.jpg&quot;,&quot;type&quot;:&quot;image&quot;},{&quot;href&quot;:&quot;https:\\\/\\\/stiftadmont.at\\\/wp-content\\\/uploads\\\/IMG_6756-1920x1440.jpg&quot;,&quot;type&quot;:&quot;image&quot;},{&quot;href&quot;:&quot;https:\\\/\\\/stiftadmont.at\\\/wp-content\\\/uploads\\\/IMG_6753-1920x2560.jpg&quot;,&quot;type&quot;:&quot;image&quot;},{&quot;href&quot;:&quot;https:\\\/\\\/stiftadmont.at\\\/wp-content\\\/uploads\\\/IMG_6798-1-1920x1440.jpg&quot;,&quot;type&quot;:&quot;image&quot;},{&quot;href&quot;:&quot;https:\\\/\\\/stiftadmont.at\\\/wp-content\\\/uploads\\\/IMG_6804-1-1920x1440.jpg&quot;,&quot;type&quot;:&quot;image&quot;},{&quot;href&quot;:&quot;https:\\\/\\\/stiftadmont.at\\\/wp-content\\\/uploads\\\/IMG_6793-1920x1440.jpg&quot;,&quot;type&quot;:&quot;image&quot;}]); initImageSliderBlockAnim($el);\">\n    <div class=\"image-slider__inner\">\n\n        <div class=\"swiper-container\" x-init=\"initImageSliderBlock($el, $refs.btnPrev, $refs.btnNext)\">\n            <div class=\"swiper-wrapper\">\n                                    <div class=\"swiper-slide\">\n                        <div class=\"image-slider__media\">\n                            <img decoding=\"async\" class=\"image-slider__image\"\n                                 src=\"https:\/\/stiftadmont.at\/wp-content\/uploads\/IMG_6738-768x576.jpg\"\n                                 alt=\"IMG 6738\">\n                        <\/div>\n                    <\/div>\n                                    <div class=\"swiper-slide\">\n                        <div class=\"image-slider__media\">\n                            <img decoding=\"async\" class=\"image-slider__image\"\n                                 src=\"https:\/\/stiftadmont.at\/wp-content\/uploads\/IMG_6734-768x576.jpg\"\n                                 alt=\"IMG 6734\">\n                        <\/div>\n                    <\/div>\n                                    <div class=\"swiper-slide\">\n                        <div class=\"image-slider__media\">\n                            <img decoding=\"async\" class=\"image-slider__image\"\n                                 src=\"https:\/\/stiftadmont.at\/wp-content\/uploads\/IMG_6743-768x576.jpg\"\n                                 alt=\"IMG 6743\">\n                        <\/div>\n                    <\/div>\n                                    <div class=\"swiper-slide\">\n                        <div class=\"image-slider__media\">\n                            <img decoding=\"async\" class=\"image-slider__image\"\n                                 src=\"https:\/\/stiftadmont.at\/wp-content\/uploads\/IMG_6745-768x1024.jpg\"\n                                 alt=\"IMG 6745\">\n                        <\/div>\n                    <\/div>\n                                    <div class=\"swiper-slide\">\n                        <div class=\"image-slider__media\">\n                            <img decoding=\"async\" class=\"image-slider__image\"\n                                 src=\"https:\/\/stiftadmont.at\/wp-content\/uploads\/IMG_6762-768x576.jpg\"\n                                 alt=\"IMG 6762\">\n                        <\/div>\n                    <\/div>\n                                    <div class=\"swiper-slide\">\n                        <div class=\"image-slider__media\">\n                            <img decoding=\"async\" class=\"image-slider__image\"\n                                 src=\"https:\/\/stiftadmont.at\/wp-content\/uploads\/IMG_6756-768x576.jpg\"\n                                 alt=\"IMG 6756\">\n                        <\/div>\n                    <\/div>\n                                    <div class=\"swiper-slide\">\n                        <div class=\"image-slider__media\">\n                            <img decoding=\"async\" class=\"image-slider__image\"\n                                 src=\"https:\/\/stiftadmont.at\/wp-content\/uploads\/IMG_6753-768x1024.jpg\"\n                                 alt=\"IMG 6753\">\n                        <\/div>\n                    <\/div>\n                                    <div class=\"swiper-slide\">\n                        <div class=\"image-slider__media\">\n                            <img decoding=\"async\" class=\"image-slider__image\"\n                                 src=\"https:\/\/stiftadmont.at\/wp-content\/uploads\/IMG_6798-1-768x576.jpg\"\n                                 alt=\"IMG 6798\">\n                        <\/div>\n                    <\/div>\n                                    <div class=\"swiper-slide\">\n                        <div class=\"image-slider__media\">\n                            <img decoding=\"async\" class=\"image-slider__image\"\n                                 src=\"https:\/\/stiftadmont.at\/wp-content\/uploads\/IMG_6804-1-768x576.jpg\"\n                                 alt=\"IMG 6804\">\n                        <\/div>\n                    <\/div>\n                                    <div class=\"swiper-slide\">\n                        <div class=\"image-slider__media\">\n                            <img decoding=\"async\" class=\"image-slider__image\"\n                                 src=\"https:\/\/stiftadmont.at\/wp-content\/uploads\/IMG_6793-768x576.jpg\"\n                                 alt=\"IMG 6793\">\n                        <\/div>\n                    <\/div>\n                            <\/div>\n\n            <div class=\"swiper-nav-wrapper\">\n                <button class=\"swiper-button-prev slider-button--prev\" x-ref=\"btnPrev\"\n                        aria-label=\"Vorige Bilder anzeigen\">\n                    <img decoding=\"async\" src=\"\/wp-content\/themes\/stift-admont\/src\/assets\/img\/arrow-left-big-new.svg\" alt=\"Pfeil nach Links\">\n                <\/button>\n\n\n                <a class=\"image-slider__gallery\" @click=\"openGallery(gallery)\"><i class=\"fa-thin fa-plus\"><\/i><\/a>\n                <button class=\"swiper-button-next slider-button--next\"\n                        x-ref=\"btnNext\"\n                        aria-label=\"N\u00e4chste Bilder anzeigen\">\n                    <img decoding=\"async\" src=\"\/wp-content\/themes\/stift-admont\/src\/assets\/img\/arrow-right-big-new.svg\" alt=\"Pfeil nach Rechts\">\n                <\/button>\n            <\/div>\n        <\/div>\n    <\/div>\n\n\n<\/div><\/section>","protected":false},"excerpt":{"rendered":"<p>Dimanche dernier, de nombreux fid\u00e8les ont c\u00e9l\u00e9br\u00e9 le dimanche des Rameaux.<\/p>","protected":false},"author":25,"featured_media":34349,"comment_status":"closed","ping_status":"closed","sticky":false,"template":"","format":"standard","meta":{"_acf_changed":false,"footnotes":""},"categories":[22],"class_list":["post-34352","post","type-post","status-publish","format-standard","has-post-thumbnail","hentry","category-kloster-aktuell"],"acf":[],"yoast_head":"<!-- This site is optimized with the Yoast SEO Premium plugin v26.0 (Yoast SEO v26.8) - https:\/\/yoast.com\/product\/yoast-seo-premium-wordpress\/ -->\n<title>Palmsonntag - Stift Admont<\/title>\n<meta name=\"description\" content=\"Lesen Sie aktuelle Informationen zum Thema Palmsonntag und vieles mehr aus dem Konvent und der Pfarre Admont.\" \/>\n<meta name=\"robots\" content=\"index, follow, max-snippet:-1, max-image-preview:large, max-video-preview:-1\" \/>\n<link rel=\"canonical\" href=\"https:\/\/stiftadmont.at\/fr\/blog\/dimanche-des-rameaux-2025\/\" \/>\n<meta property=\"og:locale\" content=\"fr_FR\" \/>\n<meta property=\"og:type\" content=\"article\" \/>\n<meta property=\"og:title\" content=\"Palmsonntag\" \/>\n<meta property=\"og:description\" content=\"Lesen Sie aktuelle Informationen zum Thema Palmsonntag und vieles mehr aus dem Konvent und der Pfarre Admont.\" \/>\n<meta property=\"og:url\" content=\"https:\/\/stiftadmont.at\/fr\/blog\/dimanche-des-rameaux-2025\/\" \/>\n<meta property=\"og:site_name\" content=\"Stift Admont\" \/>\n<meta property=\"article:published_time\" content=\"2025-04-13T09:00:00+00:00\" \/>\n<meta property=\"article:modified_time\" content=\"2025-04-23T05:39:02+00:00\" \/>\n<meta property=\"og:image\" content=\"https:\/\/stiftadmont.at\/wp-content\/uploads\/IMG_6738-scaled.jpg\" \/>\n\t<meta property=\"og:image:width\" content=\"2560\" \/>\n\t<meta property=\"og:image:height\" content=\"1920\" \/>\n\t<meta property=\"og:image:type\" content=\"image\/jpeg\" \/>\n<meta name=\"author\" content=\"chdr\" \/>\n<meta name=\"twitter:card\" content=\"summary_large_image\" \/>\n<meta name=\"twitter:label1\" content=\"\u00c9crit par\" \/>\n\t<meta name=\"twitter:data1\" content=\"chdr\" \/>\n\t<meta name=\"twitter:label2\" content=\"Dur\u00e9e de lecture estim\u00e9e\" \/>\n\t<meta name=\"twitter:data2\" content=\"1 minute\" \/>\n<script type=\"application\/ld+json\" class=\"yoast-schema-graph\">{\"@context\":\"https:\/\/schema.org\",\"@graph\":[{\"@type\":\"Article\",\"@id\":\"https:\/\/stiftadmont.at\/blog\/palmsonntag-2025\/#article\",\"isPartOf\":{\"@id\":\"https:\/\/stiftadmont.at\/blog\/palmsonntag-2025\/\"},\"author\":{\"name\":\"chdr\",\"@id\":\"https:\/\/stiftadmont.at\/#\/schema\/person\/001c5426932eca540c4528775544dda0\"},\"headline\":\"Palmsonntag\",\"datePublished\":\"2025-04-13T09:00:00+00:00\",\"dateModified\":\"2025-04-23T05:39:02+00:00\",\"mainEntityOfPage\":{\"@id\":\"https:\/\/stiftadmont.at\/blog\/palmsonntag-2025\/\"},\"wordCount\":1,\"image\":{\"@id\":\"https:\/\/stiftadmont.at\/blog\/palmsonntag-2025\/#primaryimage\"},\"thumbnailUrl\":\"https:\/\/stiftadmont.at\/wp-content\/uploads\/IMG_6738-scaled.jpg\",\"articleSection\":[\"Kloster aktuell\"],\"inLanguage\":\"fr-FR\"},{\"@type\":\"WebPage\",\"@id\":\"https:\/\/stiftadmont.at\/blog\/palmsonntag-2025\/\",\"url\":\"https:\/\/stiftadmont.at\/blog\/palmsonntag-2025\/\",\"name\":\"Palmsonntag - Stift Admont\",\"isPartOf\":{\"@id\":\"https:\/\/stiftadmont.at\/#website\"},\"primaryImageOfPage\":{\"@id\":\"https:\/\/stiftadmont.at\/blog\/palmsonntag-2025\/#primaryimage\"},\"image\":{\"@id\":\"https:\/\/stiftadmont.at\/blog\/palmsonntag-2025\/#primaryimage\"},\"thumbnailUrl\":\"https:\/\/stiftadmont.at\/wp-content\/uploads\/IMG_6738-scaled.jpg\",\"datePublished\":\"2025-04-13T09:00:00+00:00\",\"dateModified\":\"2025-04-23T05:39:02+00:00\",\"author\":{\"@id\":\"https:\/\/stiftadmont.at\/#\/schema\/person\/001c5426932eca540c4528775544dda0\"},\"description\":\"Lesen Sie aktuelle Informationen zum Thema Palmsonntag und vieles mehr aus dem Konvent und der Pfarre Admont.\",\"breadcrumb\":{\"@id\":\"https:\/\/stiftadmont.at\/blog\/palmsonntag-2025\/#breadcrumb\"},\"inLanguage\":\"fr-FR\",\"potentialAction\":[{\"@type\":\"ReadAction\",\"target\":[\"https:\/\/stiftadmont.at\/blog\/palmsonntag-2025\/\"]}]},{\"@type\":\"ImageObject\",\"inLanguage\":\"fr-FR\",\"@id\":\"https:\/\/stiftadmont.at\/blog\/palmsonntag-2025\/#primaryimage\",\"url\":\"https:\/\/stiftadmont.at\/wp-content\/uploads\/IMG_6738-scaled.jpg\",\"contentUrl\":\"https:\/\/stiftadmont.at\/wp-content\/uploads\/IMG_6738-scaled.jpg\",\"width\":2560,\"height\":1920,\"caption\":\"IMG 6738 (c) Christoph Draxl\"},{\"@type\":\"BreadcrumbList\",\"@id\":\"https:\/\/stiftadmont.at\/blog\/palmsonntag-2025\/#breadcrumb\",\"itemListElement\":[{\"@type\":\"ListItem\",\"position\":1,\"name\":\"Start\",\"item\":\"https:\/\/stiftadmont.at\/\"},{\"@type\":\"ListItem\",\"position\":2,\"name\":\"Palmsonntag\"}]},{\"@type\":\"WebSite\",\"@id\":\"https:\/\/stiftadmont.at\/#website\",\"url\":\"https:\/\/stiftadmont.at\/\",\"name\":\"Stift Admont\",\"description\":\"Benediktinerkloster und Sehensw\u00fcrdigkeit im Ges\u00e4use\",\"potentialAction\":[{\"@type\":\"SearchAction\",\"target\":{\"@type\":\"EntryPoint\",\"urlTemplate\":\"https:\/\/stiftadmont.at\/?s={search_term_string}\"},\"query-input\":{\"@type\":\"PropertyValueSpecification\",\"valueRequired\":true,\"valueName\":\"search_term_string\"}}],\"inLanguage\":\"fr-FR\"},{\"@type\":\"Person\",\"@id\":\"https:\/\/stiftadmont.at\/#\/schema\/person\/001c5426932eca540c4528775544dda0\",\"name\":\"chdr\"}]}<\/script>\n<!-- \/ Yoast SEO Premium plugin. -->","yoast_head_json":{"title":"Dimanche des Rameaux - Stift Admont","description":"Lisez les informations actuelles sur le th\u00e8me du dimanche des Rameaux et bien plus encore sur le couvent et la paroisse d'Admont.","robots":{"index":"index","follow":"follow","max-snippet":"max-snippet:-1","max-image-preview":"max-image-preview:large","max-video-preview":"max-video-preview:-1"},"canonical":"https:\/\/stiftadmont.at\/fr\/blog\/dimanche-des-rameaux-2025\/","og_locale":"fr_FR","og_type":"article","og_title":"Palmsonntag","og_description":"Lesen Sie aktuelle Informationen zum Thema Palmsonntag und vieles mehr aus dem Konvent und der Pfarre Admont.","og_url":"https:\/\/stiftadmont.at\/fr\/blog\/dimanche-des-rameaux-2025\/","og_site_name":"Stift Admont","article_published_time":"2025-04-13T09:00:00+00:00","article_modified_time":"2025-04-23T05:39:02+00:00","og_image":[{"width":2560,"height":1920,"url":"https:\/\/stiftadmont.at\/wp-content\/uploads\/IMG_6738-scaled.jpg","type":"image\/jpeg"}],"author":"chdr","twitter_card":"summary_large_image","twitter_misc":{"\u00c9crit par":"chdr","Dur\u00e9e de lecture estim\u00e9e":"1 minute"},"schema":{"@context":"https:\/\/schema.org","@graph":[{"@type":"Article","@id":"https:\/\/stiftadmont.at\/blog\/palmsonntag-2025\/#article","isPartOf":{"@id":"https:\/\/stiftadmont.at\/blog\/palmsonntag-2025\/"},"author":{"name":"chdr","@id":"https:\/\/stiftadmont.at\/#\/schema\/person\/001c5426932eca540c4528775544dda0"},"headline":"Palmsonntag","datePublished":"2025-04-13T09:00:00+00:00","dateModified":"2025-04-23T05:39:02+00:00","mainEntityOfPage":{"@id":"https:\/\/stiftadmont.at\/blog\/palmsonntag-2025\/"},"wordCount":1,"image":{"@id":"https:\/\/stiftadmont.at\/blog\/palmsonntag-2025\/#primaryimage"},"thumbnailUrl":"https:\/\/stiftadmont.at\/wp-content\/uploads\/IMG_6738-scaled.jpg","articleSection":["Kloster aktuell"],"inLanguage":"fr-FR"},{"@type":"WebPage","@id":"https:\/\/stiftadmont.at\/blog\/palmsonntag-2025\/","url":"https:\/\/stiftadmont.at\/blog\/palmsonntag-2025\/","name":"Dimanche des Rameaux - Stift Admont","isPartOf":{"@id":"https:\/\/stiftadmont.at\/#website"},"primaryImageOfPage":{"@id":"https:\/\/stiftadmont.at\/blog\/palmsonntag-2025\/#primaryimage"},"image":{"@id":"https:\/\/stiftadmont.at\/blog\/palmsonntag-2025\/#primaryimage"},"thumbnailUrl":"https:\/\/stiftadmont.at\/wp-content\/uploads\/IMG_6738-scaled.jpg","datePublished":"2025-04-13T09:00:00+00:00","dateModified":"2025-04-23T05:39:02+00:00","author":{"@id":"https:\/\/stiftadmont.at\/#\/schema\/person\/001c5426932eca540c4528775544dda0"},"description":"Lisez les informations actuelles sur le th\u00e8me du dimanche des Rameaux et bien plus encore sur le couvent et la paroisse d'Admont.","breadcrumb":{"@id":"https:\/\/stiftadmont.at\/blog\/palmsonntag-2025\/#breadcrumb"},"inLanguage":"fr-FR","potentialAction":[{"@type":"ReadAction","target":["https:\/\/stiftadmont.at\/blog\/palmsonntag-2025\/"]}]},{"@type":"ImageObject","inLanguage":"fr-FR","@id":"https:\/\/stiftadmont.at\/blog\/palmsonntag-2025\/#primaryimage","url":"https:\/\/stiftadmont.at\/wp-content\/uploads\/IMG_6738-scaled.jpg","contentUrl":"https:\/\/stiftadmont.at\/wp-content\/uploads\/IMG_6738-scaled.jpg","width":2560,"height":1920,"caption":"IMG 6738 (c) Christoph Draxl"},{"@type":"BreadcrumbList","@id":"https:\/\/stiftadmont.at\/blog\/palmsonntag-2025\/#breadcrumb","itemListElement":[{"@type":"ListItem","position":1,"name":"Start","item":"https:\/\/stiftadmont.at\/"},{"@type":"ListItem","position":2,"name":"Palmsonntag"}]},{"@type":"WebSite","@id":"https:\/\/stiftadmont.at\/#website","url":"https:\/\/stiftadmont.at\/","name":"Abbaye d'Admont","description":"Monast\u00e8re b\u00e9n\u00e9dictin et attraction touristique dans le Ges\u00e4use","potentialAction":[{"@type":"SearchAction","target":{"@type":"EntryPoint","urlTemplate":"https:\/\/stiftadmont.at\/?s={search_term_string}"},"query-input":{"@type":"PropertyValueSpecification","valueRequired":true,"valueName":"search_term_string"}}],"inLanguage":"fr-FR"},{"@type":"Person","@id":"https:\/\/stiftadmont.at\/#\/schema\/person\/001c5426932eca540c4528775544dda0","name":"chdr"}]}},"_links":{"self":[{"href":"https:\/\/stiftadmont.at\/fr\/wp-json\/wp\/v2\/posts\/34352","targetHints":{"allow":["GET"]}}],"collection":[{"href":"https:\/\/stiftadmont.at\/fr\/wp-json\/wp\/v2\/posts"}],"about":[{"href":"https:\/\/stiftadmont.at\/fr\/wp-json\/wp\/v2\/types\/post"}],"author":[{"embeddable":true,"href":"https:\/\/stiftadmont.at\/fr\/wp-json\/wp\/v2\/users\/25"}],"replies":[{"embeddable":true,"href":"https:\/\/stiftadmont.at\/fr\/wp-json\/wp\/v2\/comments?post=34352"}],"version-history":[{"count":7,"href":"https:\/\/stiftadmont.at\/fr\/wp-json\/wp\/v2\/posts\/34352\/revisions"}],"predecessor-version":[{"id":34571,"href":"https:\/\/stiftadmont.at\/fr\/wp-json\/wp\/v2\/posts\/34352\/revisions\/34571"}],"wp:featuredmedia":[{"embeddable":true,"href":"https:\/\/stiftadmont.at\/fr\/wp-json\/wp\/v2\/media\/34349"}],"wp:attachment":[{"href":"https:\/\/stiftadmont.at\/fr\/wp-json\/wp\/v2\/media?parent=34352"}],"wp:term":[{"taxonomy":"category","embeddable":true,"href":"https:\/\/stiftadmont.at\/fr\/wp-json\/wp\/v2\/categories?post=34352"}],"curies":[{"name":"wp","href":"https:\/\/api.w.org\/{rel}","templated":true}]}}