{"id":34389,"date":"2025-04-21T10:05:40","date_gmt":"2025-04-21T08:05:40","guid":{"rendered":"https:\/\/stiftadmont.at\/?p=34389"},"modified":"2025-05-12T09:16:04","modified_gmt":"2025-05-12T07:16:04","slug":"pape-francois","status":"publish","type":"post","link":"https:\/\/stiftadmont.at\/fr\/blog\/papst-franziskus\/","title":{"rendered":"Le pape Fran\u00e7ois"},"content":{"rendered":"<section id='lightpress__section--block_ebe816531e90391a132cf35f81432edc' class='lightpress__section--default-section-space lightpress__section lightpress__section--content'><div class=\"content__inner\"\n         x-init=\"initContentBlockAnim($el)\">\n        \n    <div class=\"content__grid content__grid\">\n                                            <div class=\"content__box content__box--one-hundred\"\n                 style=\"\">\n                                \n                \n                                            <div class=\"prose\"><p>Am Ostermontag Morgen, dem 21. April 2025 ist der Bischof von Rom, Papst Franziskus, ins Haus des Vaters heimgekehrt! RIP!<\/p>\n<p>\u00a0<\/p>\n<p>Zu Papst Franziskus:\u00a0<\/p>\n<p>\u00a0<\/p>\n<p>Papst Franziskus, mit b\u00fcrgerlichem Namen Jorge Mario Bergoglio, wurde am 17. Dezember 1936 in Buenos Aires, Argentinien, geboren. Er war der 266. Papst der r\u00f6misch-katholischen Kirche und wurde am 13. M\u00e4rz 2013 gew\u00e4hlt. Er war bekannt f\u00fcr seinen bescheidenen Lebensstil, seine soziale Engagement und seine Bem\u00fchungen, die Kirche n\u00e4her an die Menschen zu bringen. Vor seiner Papstwahl war er Erzbischof von Buenos Aires und Kardinal. Papst Franziskus setzte sich besonders f\u00fcr Themen wie Armut, Umwelt und soziale Gerechtigkeit ein.<\/p>\n<p>\u00a0<\/p>\n<p>Beten wir f\u00fcr ihn in Gedenken an sein Wirken f\u00fcr unsere Kirche und die Welt!<\/p>\n<\/div>\n                    \n                            <\/div>\n        \n            <\/div>\n<\/div>\n\n<\/section>\n\n<section id='lightpress__section--block_7a22fa222de080b1a653fa989bf9b5d4' class='lightpress__section--default-section-space lightpress__section lightpress__section--image-slider'>\n<div class=\"image-slider\"\n     x-data=\"{ gallery: null, shown: false }\"\n     x-init=\"gallery = initSliderGallery([{&quot;href&quot;:&quot;https:\\\/\\\/stiftadmont.at\\\/wp-content\\\/uploads\\\/492492173_1082865773881646_8440730555797286793_n.jpg&quot;,&quot;type&quot;:&quot;image&quot;},{&quot;href&quot;:&quot;https:\\\/\\\/stiftadmont.at\\\/wp-content\\\/uploads\\\/491986767_1082868620548028_578617519032750236_n.jpg&quot;,&quot;type&quot;:&quot;image&quot;}]); initImageSliderBlockAnim($el);\">\n    <div class=\"image-slider__inner\">\n\n        <div class=\"swiper-container\" x-init=\"initImageSliderBlock($el, $refs.btnPrev, $refs.btnNext)\">\n            <div class=\"swiper-wrapper\">\n                                    <div class=\"swiper-slide\">\n                        <div class=\"image-slider__media\">\n                            <img decoding=\"async\" class=\"image-slider__image\"\n                                 src=\"https:\/\/stiftadmont.at\/wp-content\/uploads\/492492173_1082865773881646_8440730555797286793_n-768x576.jpg\"\n                                 alt=\"492492173 1082865773881646 8440730555797286793 n\">\n                        <\/div>\n                    <\/div>\n                                    <div class=\"swiper-slide\">\n                        <div class=\"image-slider__media\">\n                            <img decoding=\"async\" class=\"image-slider__image\"\n                                 src=\"https:\/\/stiftadmont.at\/wp-content\/uploads\/491986767_1082868620548028_578617519032750236_n-768x1050.jpg\"\n                                 alt=\"491986767 1082868620548028 578617519032750236 n\">\n                        <\/div>\n                    <\/div>\n                            <\/div>\n\n            <div class=\"swiper-nav-wrapper\">\n                <button class=\"swiper-button-prev slider-button--prev\" x-ref=\"btnPrev\"\n                        aria-label=\"Vorige Bilder anzeigen\">\n                    <img decoding=\"async\" src=\"\/wp-content\/themes\/stift-admont\/src\/assets\/img\/arrow-left-big-new.svg\" alt=\"Pfeil nach Links\">\n                <\/button>\n\n\n                <a class=\"image-slider__gallery\" @click=\"openGallery(gallery)\"><i class=\"fa-thin fa-plus\"><\/i><\/a>\n                <button class=\"swiper-button-next slider-button--next\"\n                        x-ref=\"btnNext\"\n                        aria-label=\"N\u00e4chste Bilder anzeigen\">\n                    <img decoding=\"async\" src=\"\/wp-content\/themes\/stift-admont\/src\/assets\/img\/arrow-right-big-new.svg\" alt=\"Pfeil nach Rechts\">\n                <\/button>\n            <\/div>\n        <\/div>\n    <\/div>\n\n\n<\/div><\/section>","protected":false},"excerpt":{"rendered":"<p>Prions pour lui en souvenir de son action pour notre \u00c9glise et pour le monde !<\/p>","protected":false},"author":25,"featured_media":34758,"comment_status":"closed","ping_status":"closed","sticky":false,"template":"","format":"standard","meta":{"_acf_changed":false,"footnotes":""},"categories":[22],"class_list":["post-34389","post","type-post","status-publish","format-standard","has-post-thumbnail","hentry","category-kloster-aktuell"],"acf":[],"yoast_head":"<!-- This site is optimized with the Yoast SEO Premium plugin v26.0 (Yoast SEO v26.8) - https:\/\/yoast.com\/product\/yoast-seo-premium-wordpress\/ -->\n<title>Papst Franziskus - Stift Admont<\/title>\n<meta name=\"description\" content=\"Lesen Sie aktuelle Informationen zum Thema Papst Franziskus und vieles mehr aus dem Konvent und der Pfarre Admont.\" \/>\n<meta name=\"robots\" content=\"index, follow, max-snippet:-1, max-image-preview:large, max-video-preview:-1\" \/>\n<link rel=\"canonical\" href=\"https:\/\/stiftadmont.at\/fr\/blog\/pape-francois\/\" \/>\n<meta property=\"og:locale\" content=\"fr_FR\" \/>\n<meta property=\"og:type\" content=\"article\" \/>\n<meta property=\"og:title\" content=\"Papst Franziskus\" \/>\n<meta property=\"og:description\" content=\"Lesen Sie aktuelle Informationen zum Thema Papst Franziskus und vieles mehr aus dem Konvent und der Pfarre Admont.\" \/>\n<meta property=\"og:url\" content=\"https:\/\/stiftadmont.at\/fr\/blog\/pape-francois\/\" \/>\n<meta property=\"og:site_name\" content=\"Stift Admont\" \/>\n<meta property=\"article:published_time\" content=\"2025-04-21T08:05:40+00:00\" \/>\n<meta property=\"article:modified_time\" content=\"2025-05-12T07:16:04+00:00\" \/>\n<meta property=\"og:image\" content=\"https:\/\/stiftadmont.at\/wp-content\/uploads\/Papst-Franziskus-Kopie-pate-1.jpg\" \/>\n\t<meta property=\"og:image:width\" content=\"1214\" \/>\n\t<meta property=\"og:image:height\" content=\"830\" \/>\n\t<meta property=\"og:image:type\" content=\"image\/jpeg\" \/>\n<meta name=\"author\" content=\"chdr\" \/>\n<meta name=\"twitter:card\" content=\"summary_large_image\" \/>\n<meta name=\"twitter:label1\" content=\"\u00c9crit par\" \/>\n\t<meta name=\"twitter:data1\" content=\"chdr\" \/>\n\t<meta name=\"twitter:label2\" content=\"Dur\u00e9e de lecture estim\u00e9e\" \/>\n\t<meta name=\"twitter:data2\" content=\"1 minute\" \/>\n<script type=\"application\/ld+json\" class=\"yoast-schema-graph\">{\"@context\":\"https:\/\/schema.org\",\"@graph\":[{\"@type\":\"Article\",\"@id\":\"https:\/\/stiftadmont.at\/blog\/papst-franziskus\/#article\",\"isPartOf\":{\"@id\":\"https:\/\/stiftadmont.at\/blog\/papst-franziskus\/\"},\"author\":{\"name\":\"chdr\",\"@id\":\"https:\/\/stiftadmont.at\/#\/schema\/person\/001c5426932eca540c4528775544dda0\"},\"headline\":\"Papst Franziskus\",\"datePublished\":\"2025-04-21T08:05:40+00:00\",\"dateModified\":\"2025-05-12T07:16:04+00:00\",\"mainEntityOfPage\":{\"@id\":\"https:\/\/stiftadmont.at\/blog\/papst-franziskus\/\"},\"wordCount\":2,\"image\":{\"@id\":\"https:\/\/stiftadmont.at\/blog\/papst-franziskus\/#primaryimage\"},\"thumbnailUrl\":\"https:\/\/stiftadmont.at\/wp-content\/uploads\/Papst-Franziskus-Kopie-pate-1.jpg\",\"articleSection\":[\"Kloster aktuell\"],\"inLanguage\":\"fr-FR\"},{\"@type\":\"WebPage\",\"@id\":\"https:\/\/stiftadmont.at\/blog\/papst-franziskus\/\",\"url\":\"https:\/\/stiftadmont.at\/blog\/papst-franziskus\/\",\"name\":\"Papst Franziskus - Stift Admont\",\"isPartOf\":{\"@id\":\"https:\/\/stiftadmont.at\/#website\"},\"primaryImageOfPage\":{\"@id\":\"https:\/\/stiftadmont.at\/blog\/papst-franziskus\/#primaryimage\"},\"image\":{\"@id\":\"https:\/\/stiftadmont.at\/blog\/papst-franziskus\/#primaryimage\"},\"thumbnailUrl\":\"https:\/\/stiftadmont.at\/wp-content\/uploads\/Papst-Franziskus-Kopie-pate-1.jpg\",\"datePublished\":\"2025-04-21T08:05:40+00:00\",\"dateModified\":\"2025-05-12T07:16:04+00:00\",\"author\":{\"@id\":\"https:\/\/stiftadmont.at\/#\/schema\/person\/001c5426932eca540c4528775544dda0\"},\"description\":\"Lesen Sie aktuelle Informationen zum Thema Papst Franziskus und vieles mehr aus dem Konvent und der Pfarre Admont.\",\"breadcrumb\":{\"@id\":\"https:\/\/stiftadmont.at\/blog\/papst-franziskus\/#breadcrumb\"},\"inLanguage\":\"fr-FR\",\"potentialAction\":[{\"@type\":\"ReadAction\",\"target\":[\"https:\/\/stiftadmont.at\/blog\/papst-franziskus\/\"]}]},{\"@type\":\"ImageObject\",\"inLanguage\":\"fr-FR\",\"@id\":\"https:\/\/stiftadmont.at\/blog\/papst-franziskus\/#primaryimage\",\"url\":\"https:\/\/stiftadmont.at\/wp-content\/uploads\/Papst-Franziskus-Kopie-pate-1.jpg\",\"contentUrl\":\"https:\/\/stiftadmont.at\/wp-content\/uploads\/Papst-Franziskus-Kopie-pate-1.jpg\",\"width\":1214,\"height\":830,\"caption\":\"Papst Franziskus Kopie pate\"},{\"@type\":\"BreadcrumbList\",\"@id\":\"https:\/\/stiftadmont.at\/blog\/papst-franziskus\/#breadcrumb\",\"itemListElement\":[{\"@type\":\"ListItem\",\"position\":1,\"name\":\"Start\",\"item\":\"https:\/\/stiftadmont.at\/\"},{\"@type\":\"ListItem\",\"position\":2,\"name\":\"Papst Franziskus\"}]},{\"@type\":\"WebSite\",\"@id\":\"https:\/\/stiftadmont.at\/#website\",\"url\":\"https:\/\/stiftadmont.at\/\",\"name\":\"Stift Admont\",\"description\":\"Benediktinerkloster und Sehensw\u00fcrdigkeit im Ges\u00e4use\",\"potentialAction\":[{\"@type\":\"SearchAction\",\"target\":{\"@type\":\"EntryPoint\",\"urlTemplate\":\"https:\/\/stiftadmont.at\/?s={search_term_string}\"},\"query-input\":{\"@type\":\"PropertyValueSpecification\",\"valueRequired\":true,\"valueName\":\"search_term_string\"}}],\"inLanguage\":\"fr-FR\"},{\"@type\":\"Person\",\"@id\":\"https:\/\/stiftadmont.at\/#\/schema\/person\/001c5426932eca540c4528775544dda0\",\"name\":\"chdr\"}]}<\/script>\n<!-- \/ Yoast SEO Premium plugin. -->","yoast_head_json":{"title":"Pape Fran\u00e7ois - Abbaye d'Admont","description":"Lisez les informations actuelles sur le th\u00e8me du pape Fran\u00e7ois et bien plus encore sur le couvent et la paroisse d'Admont.","robots":{"index":"index","follow":"follow","max-snippet":"max-snippet:-1","max-image-preview":"max-image-preview:large","max-video-preview":"max-video-preview:-1"},"canonical":"https:\/\/stiftadmont.at\/fr\/blog\/pape-francois\/","og_locale":"fr_FR","og_type":"article","og_title":"Papst Franziskus","og_description":"Lesen Sie aktuelle Informationen zum Thema Papst Franziskus und vieles mehr aus dem Konvent und der Pfarre Admont.","og_url":"https:\/\/stiftadmont.at\/fr\/blog\/pape-francois\/","og_site_name":"Stift Admont","article_published_time":"2025-04-21T08:05:40+00:00","article_modified_time":"2025-05-12T07:16:04+00:00","og_image":[{"width":1214,"height":830,"url":"https:\/\/stiftadmont.at\/wp-content\/uploads\/Papst-Franziskus-Kopie-pate-1.jpg","type":"image\/jpeg"}],"author":"chdr","twitter_card":"summary_large_image","twitter_misc":{"\u00c9crit par":"chdr","Dur\u00e9e de lecture estim\u00e9e":"1 minute"},"schema":{"@context":"https:\/\/schema.org","@graph":[{"@type":"Article","@id":"https:\/\/stiftadmont.at\/blog\/papst-franziskus\/#article","isPartOf":{"@id":"https:\/\/stiftadmont.at\/blog\/papst-franziskus\/"},"author":{"name":"chdr","@id":"https:\/\/stiftadmont.at\/#\/schema\/person\/001c5426932eca540c4528775544dda0"},"headline":"Papst Franziskus","datePublished":"2025-04-21T08:05:40+00:00","dateModified":"2025-05-12T07:16:04+00:00","mainEntityOfPage":{"@id":"https:\/\/stiftadmont.at\/blog\/papst-franziskus\/"},"wordCount":2,"image":{"@id":"https:\/\/stiftadmont.at\/blog\/papst-franziskus\/#primaryimage"},"thumbnailUrl":"https:\/\/stiftadmont.at\/wp-content\/uploads\/Papst-Franziskus-Kopie-pate-1.jpg","articleSection":["Kloster aktuell"],"inLanguage":"fr-FR"},{"@type":"WebPage","@id":"https:\/\/stiftadmont.at\/blog\/papst-franziskus\/","url":"https:\/\/stiftadmont.at\/blog\/papst-franziskus\/","name":"Pape Fran\u00e7ois - Abbaye d'Admont","isPartOf":{"@id":"https:\/\/stiftadmont.at\/#website"},"primaryImageOfPage":{"@id":"https:\/\/stiftadmont.at\/blog\/papst-franziskus\/#primaryimage"},"image":{"@id":"https:\/\/stiftadmont.at\/blog\/papst-franziskus\/#primaryimage"},"thumbnailUrl":"https:\/\/stiftadmont.at\/wp-content\/uploads\/Papst-Franziskus-Kopie-pate-1.jpg","datePublished":"2025-04-21T08:05:40+00:00","dateModified":"2025-05-12T07:16:04+00:00","author":{"@id":"https:\/\/stiftadmont.at\/#\/schema\/person\/001c5426932eca540c4528775544dda0"},"description":"Lisez les informations actuelles sur le th\u00e8me du pape Fran\u00e7ois et bien plus encore sur le couvent et la paroisse d'Admont.","breadcrumb":{"@id":"https:\/\/stiftadmont.at\/blog\/papst-franziskus\/#breadcrumb"},"inLanguage":"fr-FR","potentialAction":[{"@type":"ReadAction","target":["https:\/\/stiftadmont.at\/blog\/papst-franziskus\/"]}]},{"@type":"ImageObject","inLanguage":"fr-FR","@id":"https:\/\/stiftadmont.at\/blog\/papst-franziskus\/#primaryimage","url":"https:\/\/stiftadmont.at\/wp-content\/uploads\/Papst-Franziskus-Kopie-pate-1.jpg","contentUrl":"https:\/\/stiftadmont.at\/wp-content\/uploads\/Papst-Franziskus-Kopie-pate-1.jpg","width":1214,"height":830,"caption":"Papst Franziskus Kopie pate"},{"@type":"BreadcrumbList","@id":"https:\/\/stiftadmont.at\/blog\/papst-franziskus\/#breadcrumb","itemListElement":[{"@type":"ListItem","position":1,"name":"Start","item":"https:\/\/stiftadmont.at\/"},{"@type":"ListItem","position":2,"name":"Papst Franziskus"}]},{"@type":"WebSite","@id":"https:\/\/stiftadmont.at\/#website","url":"https:\/\/stiftadmont.at\/","name":"Abbaye d'Admont","description":"Monast\u00e8re b\u00e9n\u00e9dictin et attraction touristique dans le Ges\u00e4use","potentialAction":[{"@type":"SearchAction","target":{"@type":"EntryPoint","urlTemplate":"https:\/\/stiftadmont.at\/?s={search_term_string}"},"query-input":{"@type":"PropertyValueSpecification","valueRequired":true,"valueName":"search_term_string"}}],"inLanguage":"fr-FR"},{"@type":"Person","@id":"https:\/\/stiftadmont.at\/#\/schema\/person\/001c5426932eca540c4528775544dda0","name":"chdr"}]}},"_links":{"self":[{"href":"https:\/\/stiftadmont.at\/fr\/wp-json\/wp\/v2\/posts\/34389","targetHints":{"allow":["GET"]}}],"collection":[{"href":"https:\/\/stiftadmont.at\/fr\/wp-json\/wp\/v2\/posts"}],"about":[{"href":"https:\/\/stiftadmont.at\/fr\/wp-json\/wp\/v2\/types\/post"}],"author":[{"embeddable":true,"href":"https:\/\/stiftadmont.at\/fr\/wp-json\/wp\/v2\/users\/25"}],"replies":[{"embeddable":true,"href":"https:\/\/stiftadmont.at\/fr\/wp-json\/wp\/v2\/comments?post=34389"}],"version-history":[{"count":3,"href":"https:\/\/stiftadmont.at\/fr\/wp-json\/wp\/v2\/posts\/34389\/revisions"}],"predecessor-version":[{"id":34556,"href":"https:\/\/stiftadmont.at\/fr\/wp-json\/wp\/v2\/posts\/34389\/revisions\/34556"}],"wp:featuredmedia":[{"embeddable":true,"href":"https:\/\/stiftadmont.at\/fr\/wp-json\/wp\/v2\/media\/34758"}],"wp:attachment":[{"href":"https:\/\/stiftadmont.at\/fr\/wp-json\/wp\/v2\/media?parent=34389"}],"wp:term":[{"taxonomy":"category","embeddable":true,"href":"https:\/\/stiftadmont.at\/fr\/wp-json\/wp\/v2\/categories?post=34389"}],"curies":[{"name":"wp","href":"https:\/\/api.w.org\/{rel}","templated":true}]}}