{"id":34676,"date":"2025-04-29T11:16:48","date_gmt":"2025-04-29T09:16:48","guid":{"rendered":"https:\/\/stiftadmont.at\/?p=34676"},"modified":"2025-04-29T15:03:59","modified_gmt":"2025-04-29T13:03:59","slug":"marche-des-specialites","status":"publish","type":"post","link":"https:\/\/stiftadmont.at\/fr\/blog\/spezialitatenmarkt\/","title":{"rendered":"March\u00e9 de sp\u00e9cialit\u00e9s du Ges\u00e4use \u00e0 l'abbaye d'Admont"},"content":{"rendered":"<section id='lightpress__section--block_30890f3b08f2b302b35c286b18f29c02' class='lightpress__section--default-section-space lightpress__section lightpress__section--content'><div class=\"content__inner\"\n         x-init=\"initContentBlockAnim($el)\">\n        \n    <div class=\"content__grid content__grid\">\n                                            <div class=\"content__box content__box--one-hundred\"\n                 style=\"\">\n                                \n                \n                                            <div class=\"prose\"><h5 class=\"heading-m line line-above line--gold\"><span data-mce-type=\"bookmark\" style=\"display: inline-block; width: 0px; overflow: hidden; line-height: 0;\" class=\"mce_SELRES_start\"><\/span>March\u00e9 de sp\u00e9cialit\u00e9s \u00e0 l'abbaye d'Admont<\/h5>\n<p>\u00a0<\/p>\n<p class=\"paragraph-m\">Pour succ\u00e9der aux journ\u00e9es du march\u00e9 monastique, l'abbaye d'Admont a cr\u00e9\u00e9 le march\u00e9 des sp\u00e9cialit\u00e9s du Ges\u00e4use en coop\u00e9ration avec la cave de l'abbaye. Diff\u00e9rence essentielle par rapport \u00e0 l'ancienne grande manifestation : l'offre provient exclusivement de la r\u00e9gion du Ges\u00e4use.<\/p>\n<p>\u00a0<\/p>\n<p>Des cidres prim\u00e9s au gibier noble de Xeis, en passant par le pain \u00e0 la bi\u00e8re et les marzizoni : outre la nature intacte du seul parc national de Styrie et l'h\u00e9ritage culturel du monast\u00e8re b\u00e9n\u00e9dictin d'Admont, le Ges\u00e4use a \u00e9galement beaucoup \u00e0 offrir sur le plan culinaire. \u00c0 l'avenir, les sp\u00e9cialit\u00e9s r\u00e9gionales et les produits alimentaires locaux ne seront plus uniquement vendus dans les magasins \u00e0 la ferme et les boutiques s\u00e9lectionn\u00e9es, mais \u00e9galement sur le march\u00e9 des sp\u00e9cialit\u00e9s du Ges\u00e4use. Avantage : \" Si vous souhaitez acheter des produits r\u00e9gionaux, vous n'aurez plus besoin de vous d\u00e9placer d'un producteur \u00e0 l'autre, car le march\u00e9 des sp\u00e9cialit\u00e9s du Ges\u00e4use vous permettra de trouver toute la diversit\u00e9 de la r\u00e9gion en un seul endroit \", explique Mario Brandm\u00fcller, directeur de la culture, du tourisme et des relations publiques de l'abbaye d'Admont.<\/p>\n<p>\u00a0<\/p>\n<\/div>\n                    \n                            <\/div>\n        \n            <\/div>\n<\/div>\n\n<\/section>\n\n<section id='lightpress__section--block_dbad5e74b11dab9eac50b4a974bcc307' class='bg--beige lightpress__section--colored-bg lightpress__section--default-section-space lightpress__section lightpress__section--content'><div class=\"content__inner\"\n         x-init=\"initContentBlockAnim($el)\">\n        \n    <div class=\"content__grid content__grid\">\n                                            <div class=\"content__box content__box--one-hundred\"\n                 style=\"\">\n                                \n                \n                                            <div class=\"prose\"><h5 class=\"heading-m line line-above line--gold\"><strong>Soutenir les producteurs locaux<\/strong><\/h5>\n<p>\u00a0<\/p>\n<p>Le march\u00e9 des sp\u00e9cialit\u00e9s du Ges\u00e4use suit de grandes traces, puisqu'il est le successeur direct des traditionnels Klostermarkttage, qui ont eu lieu pour la derni\u00e8re fois l'ann\u00e9e derni\u00e8re. Malgr\u00e9 le succ\u00e8s de ce grand \u00e9v\u00e9nement annuel, la d\u00e9cision de cr\u00e9er un nouveau format a \u00e9t\u00e9 prise en toute connaissance de cause, explique Brandm\u00fcller : \" Avec le march\u00e9 des sp\u00e9cialit\u00e9s du Ges\u00e4use, nous cr\u00e9ons pour la premi\u00e8re fois la possibilit\u00e9 de soutenir exclusivement les producteurs locaux dans leur commercialisation directe \". Cela a \u00e9galement pour cons\u00e9quence que \"les sp\u00e9cialit\u00e9s du Ges\u00e4use gagnent en notori\u00e9t\u00e9, tant ici qu'au-del\u00e0 de nos fronti\u00e8res\", comme le souligne Ulrich Matlschweiger de la cave de l'abbaye.<\/p>\n<\/div>\n                    \n                            <\/div>\n        \n            <\/div>\n<\/div>\n\n    <div class=\"background__container background__container--beige\">\n    <\/div>\n\n<\/section>\n\n<section id='lightpress__section--block_b27423e4d3b9336b1b5c5de244ac04eb' class='lightpress__section--default-section-space lightpress__section lightpress__section--content'><div class=\"content__inner\"\n         x-init=\"initContentBlockAnim($el)\">\n        \n    <div class=\"content__grid content__grid\">\n                                            <div class=\"content__box content__box--one-hundred\"\n                 style=\"\">\n                                \n                \n                                            <div class=\"prose\"><h5 class=\"heading-m line line-above line--gold\">Construire un avenir durable<\/h5>\n<p>\u00a0<\/p>\n<p>Pour Ulrich Matlschweiger, il est essentiel de \"pouvoir construire un avenir durable si l'on prend conscience de l'importance des produits alimentaires locaux\", explique le g\u00e9rant de la cave de l'abbaye et coorganisateur du nouveau march\u00e9 de sp\u00e9cialit\u00e9s du Ges\u00e4use. En fin de compte, on peut ainsi contribuer non seulement \u00e0 la pr\u00e9servation du paysage culturel local, mais aussi \u00e0 la sauvegarde de l'artisanat traditionnel et de la production alimentaire de qualit\u00e9, comme le souligne Matlschweiger.<\/p>\n<p>\u00a0<\/p>\n<p><strong>Dates du march\u00e9 des sp\u00e9cialit\u00e9s du Ges\u00e4use : de mai \u00e0 septembre, chaque premier samedi du mois, de 10h00 \u00e0 16h00, \u00e0 l'entr\u00e9e de la roseraie de l'abbaye b\u00e9n\u00e9dictine d'Admont.\u00a0<\/strong><\/p>\n<p>\u00a0<\/p>\n<\/div>\n                    \n                            <\/div>\n        \n            <\/div>\n<\/div>\n\n<\/section>","protected":false},"excerpt":{"rendered":"","protected":false},"author":7,"featured_media":29902,"comment_status":"closed","ping_status":"closed","sticky":false,"template":"","format":"standard","meta":{"_acf_changed":false,"footnotes":""},"categories":[23],"class_list":["post-34676","post","type-post","status-publish","format-standard","has-post-thumbnail","hentry","category-einrichtungen-aktuell"],"acf":[],"yoast_head":"<!-- This site is optimized with the Yoast SEO Premium plugin v26.0 (Yoast SEO v26.8) - https:\/\/yoast.com\/product\/yoast-seo-premium-wordpress\/ -->\n<title>Ges\u00e4use Spezialit\u00e4tenmarkt im Stift Admont - Stift Admont<\/title>\n<meta name=\"description\" content=\"Lesen Sie aktuelle Informationen zum Thema Ges\u00e4use Spezialit\u00e4tenmarkt im Stift Admont und vieles mehr aus dem Konvent und der Pfarre Admont.\" \/>\n<meta name=\"robots\" content=\"index, follow, max-snippet:-1, max-image-preview:large, max-video-preview:-1\" \/>\n<link rel=\"canonical\" href=\"https:\/\/stiftadmont.at\/fr\/blog\/marche-des-specialites\/\" \/>\n<meta property=\"og:locale\" content=\"fr_FR\" \/>\n<meta property=\"og:type\" content=\"article\" \/>\n<meta property=\"og:title\" content=\"Ges\u00e4use Spezialit\u00e4tenmarkt im Stift Admont\" \/>\n<meta property=\"og:description\" content=\"Lesen Sie aktuelle Informationen zum Thema Ges\u00e4use Spezialit\u00e4tenmarkt im Stift Admont und vieles mehr aus dem Konvent und der Pfarre Admont.\" \/>\n<meta property=\"og:url\" content=\"https:\/\/stiftadmont.at\/fr\/blog\/marche-des-specialites\/\" \/>\n<meta property=\"og:site_name\" content=\"Stift Admont\" \/>\n<meta property=\"article:published_time\" content=\"2025-04-29T09:16:48+00:00\" \/>\n<meta property=\"article:modified_time\" content=\"2025-04-29T13:03:59+00:00\" \/>\n<meta property=\"og:image\" content=\"https:\/\/stiftadmont.at\/wp-content\/uploads\/Klostermarkt-2024-cBrunthaler-Tanja_Stift-Admont-25-www-scaled.jpg\" \/>\n\t<meta property=\"og:image:width\" content=\"2560\" \/>\n\t<meta property=\"og:image:height\" content=\"1706\" \/>\n\t<meta property=\"og:image:type\" content=\"image\/jpeg\" \/>\n<meta name=\"author\" content=\"Mario Brandm\u00fcller\" \/>\n<meta name=\"twitter:card\" content=\"summary_large_image\" \/>\n<meta name=\"twitter:label1\" content=\"\u00c9crit par\" \/>\n\t<meta name=\"twitter:data1\" content=\"Mario Brandm\u00fcller\" \/>\n\t<meta name=\"twitter:label2\" content=\"Dur\u00e9e de lecture estim\u00e9e\" \/>\n\t<meta name=\"twitter:data2\" content=\"1 minute\" \/>\n<script type=\"application\/ld+json\" class=\"yoast-schema-graph\">{\"@context\":\"https:\/\/schema.org\",\"@graph\":[{\"@type\":\"Article\",\"@id\":\"https:\/\/stiftadmont.at\/blog\/spezialitatenmarkt\/#article\",\"isPartOf\":{\"@id\":\"https:\/\/stiftadmont.at\/blog\/spezialitatenmarkt\/\"},\"author\":{\"name\":\"Mario Brandm\u00fcller\",\"@id\":\"https:\/\/stiftadmont.at\/#\/schema\/person\/30535548b241d5f33a2e8b839db11869\"},\"headline\":\"Ges\u00e4use Spezialit\u00e4tenmarkt im Stift Admont\",\"datePublished\":\"2025-04-29T09:16:48+00:00\",\"dateModified\":\"2025-04-29T13:03:59+00:00\",\"mainEntityOfPage\":{\"@id\":\"https:\/\/stiftadmont.at\/blog\/spezialitatenmarkt\/\"},\"wordCount\":7,\"image\":{\"@id\":\"https:\/\/stiftadmont.at\/blog\/spezialitatenmarkt\/#primaryimage\"},\"thumbnailUrl\":\"https:\/\/stiftadmont.at\/wp-content\/uploads\/Klostermarkt-2024-cBrunthaler-Tanja_Stift-Admont-25-www-scaled.jpg\",\"articleSection\":[\"Einrichtungen aktuell\"],\"inLanguage\":\"fr-FR\"},{\"@type\":\"WebPage\",\"@id\":\"https:\/\/stiftadmont.at\/blog\/spezialitatenmarkt\/\",\"url\":\"https:\/\/stiftadmont.at\/blog\/spezialitatenmarkt\/\",\"name\":\"Ges\u00e4use Spezialit\u00e4tenmarkt im Stift Admont - Stift Admont\",\"isPartOf\":{\"@id\":\"https:\/\/stiftadmont.at\/#website\"},\"primaryImageOfPage\":{\"@id\":\"https:\/\/stiftadmont.at\/blog\/spezialitatenmarkt\/#primaryimage\"},\"image\":{\"@id\":\"https:\/\/stiftadmont.at\/blog\/spezialitatenmarkt\/#primaryimage\"},\"thumbnailUrl\":\"https:\/\/stiftadmont.at\/wp-content\/uploads\/Klostermarkt-2024-cBrunthaler-Tanja_Stift-Admont-25-www-scaled.jpg\",\"datePublished\":\"2025-04-29T09:16:48+00:00\",\"dateModified\":\"2025-04-29T13:03:59+00:00\",\"author\":{\"@id\":\"https:\/\/stiftadmont.at\/#\/schema\/person\/30535548b241d5f33a2e8b839db11869\"},\"description\":\"Lesen Sie aktuelle Informationen zum Thema Ges\u00e4use Spezialit\u00e4tenmarkt im Stift Admont und vieles mehr aus dem Konvent und der Pfarre Admont.\",\"breadcrumb\":{\"@id\":\"https:\/\/stiftadmont.at\/blog\/spezialitatenmarkt\/#breadcrumb\"},\"inLanguage\":\"fr-FR\",\"potentialAction\":[{\"@type\":\"ReadAction\",\"target\":[\"https:\/\/stiftadmont.at\/blog\/spezialitatenmarkt\/\"]}]},{\"@type\":\"ImageObject\",\"inLanguage\":\"fr-FR\",\"@id\":\"https:\/\/stiftadmont.at\/blog\/spezialitatenmarkt\/#primaryimage\",\"url\":\"https:\/\/stiftadmont.at\/wp-content\/uploads\/Klostermarkt-2024-cBrunthaler-Tanja_Stift-Admont-25-www-scaled.jpg\",\"contentUrl\":\"https:\/\/stiftadmont.at\/wp-content\/uploads\/Klostermarkt-2024-cBrunthaler-Tanja_Stift-Admont-25-www-scaled.jpg\",\"width\":2560,\"height\":1706,\"caption\":\"Klostermarkt 2024 (c)Brunthaler Tanja Stift Admont (25) www\"},{\"@type\":\"BreadcrumbList\",\"@id\":\"https:\/\/stiftadmont.at\/blog\/spezialitatenmarkt\/#breadcrumb\",\"itemListElement\":[{\"@type\":\"ListItem\",\"position\":1,\"name\":\"Start\",\"item\":\"https:\/\/stiftadmont.at\/\"},{\"@type\":\"ListItem\",\"position\":2,\"name\":\"Ges\u00e4use Spezialit\u00e4tenmarkt im Stift Admont\"}]},{\"@type\":\"WebSite\",\"@id\":\"https:\/\/stiftadmont.at\/#website\",\"url\":\"https:\/\/stiftadmont.at\/\",\"name\":\"Stift Admont\",\"description\":\"Benediktinerkloster und Sehensw\u00fcrdigkeit im Ges\u00e4use\",\"potentialAction\":[{\"@type\":\"SearchAction\",\"target\":{\"@type\":\"EntryPoint\",\"urlTemplate\":\"https:\/\/stiftadmont.at\/?s={search_term_string}\"},\"query-input\":{\"@type\":\"PropertyValueSpecification\",\"valueRequired\":true,\"valueName\":\"search_term_string\"}}],\"inLanguage\":\"fr-FR\"},{\"@type\":\"Person\",\"@id\":\"https:\/\/stiftadmont.at\/#\/schema\/person\/30535548b241d5f33a2e8b839db11869\",\"name\":\"Mario Brandm\u00fcller\"}]}<\/script>\n<!-- \/ Yoast SEO Premium plugin. -->","yoast_head_json":{"title":"March\u00e9 des sp\u00e9cialit\u00e9s du Ges\u00e4use \u00e0 l'abbaye d'Admont - Stift Admont","description":"Lisez les informations actuelles sur le th\u00e8me du march\u00e9 des sp\u00e9cialit\u00e9s du Ges\u00e4use \u00e0 l'abbaye d'Admont et bien d'autres informations sur le couvent et la paroisse d'Admont.","robots":{"index":"index","follow":"follow","max-snippet":"max-snippet:-1","max-image-preview":"max-image-preview:large","max-video-preview":"max-video-preview:-1"},"canonical":"https:\/\/stiftadmont.at\/fr\/blog\/marche-des-specialites\/","og_locale":"fr_FR","og_type":"article","og_title":"Ges\u00e4use Spezialit\u00e4tenmarkt im Stift Admont","og_description":"Lesen Sie aktuelle Informationen zum Thema Ges\u00e4use Spezialit\u00e4tenmarkt im Stift Admont und vieles mehr aus dem Konvent und der Pfarre Admont.","og_url":"https:\/\/stiftadmont.at\/fr\/blog\/marche-des-specialites\/","og_site_name":"Stift Admont","article_published_time":"2025-04-29T09:16:48+00:00","article_modified_time":"2025-04-29T13:03:59+00:00","og_image":[{"width":2560,"height":1706,"url":"https:\/\/stiftadmont.at\/wp-content\/uploads\/Klostermarkt-2024-cBrunthaler-Tanja_Stift-Admont-25-www-scaled.jpg","type":"image\/jpeg"}],"author":"Mario Brandm\u00fcller","twitter_card":"summary_large_image","twitter_misc":{"\u00c9crit par":"Mario Brandm\u00fcller","Dur\u00e9e de lecture estim\u00e9e":"1 minute"},"schema":{"@context":"https:\/\/schema.org","@graph":[{"@type":"Article","@id":"https:\/\/stiftadmont.at\/blog\/spezialitatenmarkt\/#article","isPartOf":{"@id":"https:\/\/stiftadmont.at\/blog\/spezialitatenmarkt\/"},"author":{"name":"Mario Brandm\u00fcller","@id":"https:\/\/stiftadmont.at\/#\/schema\/person\/30535548b241d5f33a2e8b839db11869"},"headline":"Ges\u00e4use Spezialit\u00e4tenmarkt im Stift Admont","datePublished":"2025-04-29T09:16:48+00:00","dateModified":"2025-04-29T13:03:59+00:00","mainEntityOfPage":{"@id":"https:\/\/stiftadmont.at\/blog\/spezialitatenmarkt\/"},"wordCount":7,"image":{"@id":"https:\/\/stiftadmont.at\/blog\/spezialitatenmarkt\/#primaryimage"},"thumbnailUrl":"https:\/\/stiftadmont.at\/wp-content\/uploads\/Klostermarkt-2024-cBrunthaler-Tanja_Stift-Admont-25-www-scaled.jpg","articleSection":["Einrichtungen aktuell"],"inLanguage":"fr-FR"},{"@type":"WebPage","@id":"https:\/\/stiftadmont.at\/blog\/spezialitatenmarkt\/","url":"https:\/\/stiftadmont.at\/blog\/spezialitatenmarkt\/","name":"March\u00e9 des sp\u00e9cialit\u00e9s du Ges\u00e4use \u00e0 l'abbaye d'Admont - Stift Admont","isPartOf":{"@id":"https:\/\/stiftadmont.at\/#website"},"primaryImageOfPage":{"@id":"https:\/\/stiftadmont.at\/blog\/spezialitatenmarkt\/#primaryimage"},"image":{"@id":"https:\/\/stiftadmont.at\/blog\/spezialitatenmarkt\/#primaryimage"},"thumbnailUrl":"https:\/\/stiftadmont.at\/wp-content\/uploads\/Klostermarkt-2024-cBrunthaler-Tanja_Stift-Admont-25-www-scaled.jpg","datePublished":"2025-04-29T09:16:48+00:00","dateModified":"2025-04-29T13:03:59+00:00","author":{"@id":"https:\/\/stiftadmont.at\/#\/schema\/person\/30535548b241d5f33a2e8b839db11869"},"description":"Lisez les informations actuelles sur le th\u00e8me du march\u00e9 des sp\u00e9cialit\u00e9s du Ges\u00e4use \u00e0 l'abbaye d'Admont et bien d'autres informations sur le couvent et la paroisse d'Admont.","breadcrumb":{"@id":"https:\/\/stiftadmont.at\/blog\/spezialitatenmarkt\/#breadcrumb"},"inLanguage":"fr-FR","potentialAction":[{"@type":"ReadAction","target":["https:\/\/stiftadmont.at\/blog\/spezialitatenmarkt\/"]}]},{"@type":"ImageObject","inLanguage":"fr-FR","@id":"https:\/\/stiftadmont.at\/blog\/spezialitatenmarkt\/#primaryimage","url":"https:\/\/stiftadmont.at\/wp-content\/uploads\/Klostermarkt-2024-cBrunthaler-Tanja_Stift-Admont-25-www-scaled.jpg","contentUrl":"https:\/\/stiftadmont.at\/wp-content\/uploads\/Klostermarkt-2024-cBrunthaler-Tanja_Stift-Admont-25-www-scaled.jpg","width":2560,"height":1706,"caption":"Klostermarkt 2024 (c)Brunthaler Tanja Stift Admont (25) www"},{"@type":"BreadcrumbList","@id":"https:\/\/stiftadmont.at\/blog\/spezialitatenmarkt\/#breadcrumb","itemListElement":[{"@type":"ListItem","position":1,"name":"Start","item":"https:\/\/stiftadmont.at\/"},{"@type":"ListItem","position":2,"name":"Ges\u00e4use Spezialit\u00e4tenmarkt im Stift Admont"}]},{"@type":"WebSite","@id":"https:\/\/stiftadmont.at\/#website","url":"https:\/\/stiftadmont.at\/","name":"Abbaye d'Admont","description":"Monast\u00e8re b\u00e9n\u00e9dictin et attraction touristique dans le Ges\u00e4use","potentialAction":[{"@type":"SearchAction","target":{"@type":"EntryPoint","urlTemplate":"https:\/\/stiftadmont.at\/?s={search_term_string}"},"query-input":{"@type":"PropertyValueSpecification","valueRequired":true,"valueName":"search_term_string"}}],"inLanguage":"fr-FR"},{"@type":"Person","@id":"https:\/\/stiftadmont.at\/#\/schema\/person\/30535548b241d5f33a2e8b839db11869","name":"Mario Brandm\u00fcller"}]}},"_links":{"self":[{"href":"https:\/\/stiftadmont.at\/fr\/wp-json\/wp\/v2\/posts\/34676","targetHints":{"allow":["GET"]}}],"collection":[{"href":"https:\/\/stiftadmont.at\/fr\/wp-json\/wp\/v2\/posts"}],"about":[{"href":"https:\/\/stiftadmont.at\/fr\/wp-json\/wp\/v2\/types\/post"}],"author":[{"embeddable":true,"href":"https:\/\/stiftadmont.at\/fr\/wp-json\/wp\/v2\/users\/7"}],"replies":[{"embeddable":true,"href":"https:\/\/stiftadmont.at\/fr\/wp-json\/wp\/v2\/comments?post=34676"}],"version-history":[{"count":14,"href":"https:\/\/stiftadmont.at\/fr\/wp-json\/wp\/v2\/posts\/34676\/revisions"}],"predecessor-version":[{"id":34693,"href":"https:\/\/stiftadmont.at\/fr\/wp-json\/wp\/v2\/posts\/34676\/revisions\/34693"}],"wp:featuredmedia":[{"embeddable":true,"href":"https:\/\/stiftadmont.at\/fr\/wp-json\/wp\/v2\/media\/29902"}],"wp:attachment":[{"href":"https:\/\/stiftadmont.at\/fr\/wp-json\/wp\/v2\/media?parent=34676"}],"wp:term":[{"taxonomy":"category","embeddable":true,"href":"https:\/\/stiftadmont.at\/fr\/wp-json\/wp\/v2\/categories?post=34676"}],"curies":[{"name":"wp","href":"https:\/\/api.w.org\/{rel}","templated":true}]}}