{"id":35521,"date":"2025-06-11T11:29:53","date_gmt":"2025-06-11T09:29:53","guid":{"rendered":"https:\/\/stiftadmont.at\/?p=35521"},"modified":"2025-06-11T12:01:47","modified_gmt":"2025-06-11T10:01:47","slug":"marche-des-specialites-juin-2025","status":"publish","type":"post","link":"https:\/\/stiftadmont.at\/fr\/blog\/spezialitaetenmarkt-juni-2025\/","title":{"rendered":"Vivre la r\u00e9gion - savourer la qualit\u00e9 !"},"content":{"rendered":"<section id='lightpress__section--block_98ab67d7f1b5c3d19ad73b314d09aaf4' class='lightpress__section--default-section-space lightpress__section lightpress__section--content'><div class=\"content__inner\"\n         x-init=\"initContentBlockAnim($el)\">\n        \n    <div class=\"content__grid content__grid--fifty-fifty\">\n                                            <div class=\"content__box content__box\"\n                 style=\"\">\n                                \n                \n                                            <div class=\"prose\"><p>Le samedi 7 juin 2025, le march\u00e9 des sp\u00e9cialit\u00e9s du Ges\u00e4use a apport\u00e9 les tr\u00e9sors culinaires de notre r\u00e9gion directement sur la place du march\u00e9 !<\/p>\n<p>\u00a0<\/p>\n<p>En collaboration avec l'abbaye d'Admont et la cave de l'abbaye, les exposants suivants ont pr\u00e9sent\u00e9 une s\u00e9lection vari\u00e9e de d\u00e9lices r\u00e9gionaux :<\/p>\n<p>\u00a0<\/p>\n<p>-<span style=\"white-space: pre;\"> <\/span>cidre frais et jus de pomme de Veitlbauer<\/p>\n<p>-<span style=\"white-space: pre;\"> <\/span>bi\u00e8re aromatique des fr\u00e8res Hop<\/p>\n<p>-<span style=\"white-space: pre;\"> <\/span>Miel, produits \u00e0 base de miel, propolis et la fameuse perle du Ges\u00e4use de Gerry Kettner<\/p>\n<p>-<span style=\"white-space: pre;\"> <\/span>c\u00e9ramique artisanale de Michaela Weissensteiner\u00a0<\/p>\n<p>-<span style=\"white-space: pre;\"> <\/span>sels pr\u00e9cieux de Marion Feuchter\u00a0<\/p>\n<p>-<span style=\"white-space: pre;\"> <\/span>Produits en feutre de Doris Remschak<\/p>\n<p>-<span style=\"white-space: pre;\"> <\/span>poisson frais de Daniel Braunsteiner<\/p>\n<p>-<span style=\"white-space: pre;\"> <\/span>Viande et charcuterie de la boucherie Pfeiler<\/p>\n<p>-<span style=\"white-space: pre;\"> <\/span>\u0152ufs et p\u00e2tes de Markus Riemelmoser<\/p>\n<p>-<span style=\"white-space: pre;\"> <\/span>\u00c9pices de Matthias M\u00fcndler<\/p>\n<p>-<span style=\"white-space: pre;\"> <\/span>Produits laitiers de Striezelberger<\/p>\n<p>-<span style=\"white-space: pre;\"> <\/span>Produits carn\u00e9s du Steinhauser Hof<\/p>\n<p>\u00a0<\/p>\n<p><strong>Profitez de la diversit\u00e9 de notre r\u00e9gion et d\u00e9couvrez la qualit\u00e9 des produits locaux !<\/strong><\/p>\n<p>\u00a0<\/p>\n<p>\ud83d\uddd3\ufe0f Autres dates : 5 juillet | 2 ao\u00fbt | 6 septembre<\/p>\n<p>\ud83d\udd59 Horaires : de 10h00 \u00e0 16h00<\/p>\n<p>\u00a0<\/p>\n<p><em>Photos et vid\u00e9o (c) Tanja Brunthaler<\/em><\/p>\n<\/div>\n                    \n                            <\/div>\n        \n                                                    <div class=\"content__box content__box--2\"\n                     >\n                                        \n                                            \n                                                    <a href=\"https:\/\/stiftadmont.at\/wp-content\/uploads\/Spezialitaetenmarkt-.mp4\" class=\"content__video content__media\"\n                               x-data\n x-init=\"initContentLightBox('#lightpress__section--block_98ab67d7f1b5c3d19ad73b314d09aaf4 .content__video')\">\n                                                                                                                                <picture class=\"content__image\">\n                                    <source srcset=\"https:\/\/stiftadmont.at\/wp-content\/uploads\/Foto-Spezialitaetenmarkt-2025-1024x753.webp\" type=\"image\/webp\">\n                                    <source srcset=\"https:\/\/stiftadmont.at\/wp-content\/uploads\/Foto-Spezialitaetenmarkt-2025-1024x753.jpg\" type=\"image\/jpeg\">\n                                    <img decoding=\"async\" class=\"content__image\" loading=\"lazy\" src=\"https:\/\/stiftadmont.at\/wp-content\/uploads\/Foto-Spezialitaetenmarkt-2025-1024x753.png\" alt=\"Photo march\u00e9 des sp\u00e9cialit\u00e9s 2025\" width=\"600\" height=\"450\" \/>\n                                <\/picture>\n\n                                <span class=\"overlay-dark\"><\/span>\n                                <span class=\"content-overlay\"><\/span>\n                                <div class=\"content__plaque\">\n                                    <div class=\"content__plaque-inner\">\n                                        <span><i class=\"fas fa-play content__icon\"><\/i><\/span>\n                                        <p class=\"paragraph-m\">Jouer<\/p>\n                                    <\/div>\n                                <\/div>\n                            <\/a>\n                        \n                                    <\/div>\n            \n            <\/div>\n<\/div>\n\n<\/section>","protected":false},"excerpt":{"rendered":"<p>Le samedi 7 juin 2025, le march\u00e9 des sp\u00e9cialit\u00e9s du Ges\u00e4use a apport\u00e9 les tr\u00e9sors culinaires de notre r\u00e9gion directement sur la place du march\u00e9 !<\/p>","protected":false},"author":7,"featured_media":35522,"comment_status":"closed","ping_status":"closed","sticky":false,"template":"","format":"standard","meta":{"_acf_changed":false,"footnotes":""},"categories":[22],"class_list":["post-35521","post","type-post","status-publish","format-standard","has-post-thumbnail","hentry","category-kloster-aktuell"],"acf":[],"yoast_head":"<!-- This site is optimized with the Yoast SEO Premium plugin v26.0 (Yoast SEO v26.8) - https:\/\/yoast.com\/product\/yoast-seo-premium-wordpress\/ -->\n<title>Regionalit\u00e4t erleben \u2013 Qualit\u00e4t genie\u00dfen! - Stift Admont<\/title>\n<meta name=\"description\" content=\"Lesen Sie aktuelle Informationen zum Thema Regionalit\u00e4t erleben \u2013 Qualit\u00e4t genie\u00dfen! und vieles mehr aus dem Konvent und der Pfarre Admont.\" \/>\n<meta name=\"robots\" content=\"index, follow, max-snippet:-1, max-image-preview:large, max-video-preview:-1\" \/>\n<link rel=\"canonical\" href=\"https:\/\/stiftadmont.at\/fr\/blog\/marche-des-specialites-juin-2025\/\" \/>\n<meta property=\"og:locale\" content=\"fr_FR\" \/>\n<meta property=\"og:type\" content=\"article\" \/>\n<meta property=\"og:title\" content=\"Regionalit\u00e4t erleben \u2013 Qualit\u00e4t genie\u00dfen!\" \/>\n<meta property=\"og:description\" content=\"Lesen Sie aktuelle Informationen zum Thema Regionalit\u00e4t erleben \u2013 Qualit\u00e4t genie\u00dfen! und vieles mehr aus dem Konvent und der Pfarre Admont.\" \/>\n<meta property=\"og:url\" content=\"https:\/\/stiftadmont.at\/fr\/blog\/marche-des-specialites-juin-2025\/\" \/>\n<meta property=\"og:site_name\" content=\"Stift Admont\" \/>\n<meta property=\"article:published_time\" content=\"2025-06-11T09:29:53+00:00\" \/>\n<meta property=\"article:modified_time\" content=\"2025-06-11T10:01:47+00:00\" \/>\n<meta property=\"og:image\" content=\"https:\/\/stiftadmont.at\/wp-content\/uploads\/Foto-Spezialitaetenmarkt-2025-1024x753.png\" \/>\n\t<meta property=\"og:image:width\" content=\"1024\" \/>\n\t<meta property=\"og:image:height\" content=\"753\" \/>\n\t<meta property=\"og:image:type\" content=\"image\/png\" \/>\n<meta name=\"author\" content=\"Mario Brandm\u00fcller\" \/>\n<meta name=\"twitter:card\" content=\"summary_large_image\" \/>\n<meta name=\"twitter:label1\" content=\"\u00c9crit par\" \/>\n\t<meta name=\"twitter:data1\" content=\"Mario Brandm\u00fcller\" \/>\n\t<meta name=\"twitter:label2\" content=\"Dur\u00e9e de lecture estim\u00e9e\" \/>\n\t<meta name=\"twitter:data2\" content=\"1 minute\" \/>\n<script type=\"application\/ld+json\" class=\"yoast-schema-graph\">{\"@context\":\"https:\/\/schema.org\",\"@graph\":[{\"@type\":\"Article\",\"@id\":\"https:\/\/stiftadmont.at\/blog\/spezialitaetenmarkt-juni-2025\/#article\",\"isPartOf\":{\"@id\":\"https:\/\/stiftadmont.at\/blog\/spezialitaetenmarkt-juni-2025\/\"},\"author\":{\"name\":\"Mario Brandm\u00fcller\",\"@id\":\"https:\/\/stiftadmont.at\/#\/schema\/person\/30535548b241d5f33a2e8b839db11869\"},\"headline\":\"Regionalit\u00e4t erleben \u2013 Qualit\u00e4t genie\u00dfen!\",\"datePublished\":\"2025-06-11T09:29:53+00:00\",\"dateModified\":\"2025-06-11T10:01:47+00:00\",\"mainEntityOfPage\":{\"@id\":\"https:\/\/stiftadmont.at\/blog\/spezialitaetenmarkt-juni-2025\/\"},\"wordCount\":7,\"image\":{\"@id\":\"https:\/\/stiftadmont.at\/blog\/spezialitaetenmarkt-juni-2025\/#primaryimage\"},\"thumbnailUrl\":\"https:\/\/stiftadmont.at\/wp-content\/uploads\/Foto-Spezialitaetenmarkt-2025.png\",\"articleSection\":[\"Kloster aktuell\"],\"inLanguage\":\"fr-FR\"},{\"@type\":\"WebPage\",\"@id\":\"https:\/\/stiftadmont.at\/blog\/spezialitaetenmarkt-juni-2025\/\",\"url\":\"https:\/\/stiftadmont.at\/blog\/spezialitaetenmarkt-juni-2025\/\",\"name\":\"Regionalit\u00e4t erleben \u2013 Qualit\u00e4t genie\u00dfen! - Stift Admont\",\"isPartOf\":{\"@id\":\"https:\/\/stiftadmont.at\/#website\"},\"primaryImageOfPage\":{\"@id\":\"https:\/\/stiftadmont.at\/blog\/spezialitaetenmarkt-juni-2025\/#primaryimage\"},\"image\":{\"@id\":\"https:\/\/stiftadmont.at\/blog\/spezialitaetenmarkt-juni-2025\/#primaryimage\"},\"thumbnailUrl\":\"https:\/\/stiftadmont.at\/wp-content\/uploads\/Foto-Spezialitaetenmarkt-2025.png\",\"datePublished\":\"2025-06-11T09:29:53+00:00\",\"dateModified\":\"2025-06-11T10:01:47+00:00\",\"author\":{\"@id\":\"https:\/\/stiftadmont.at\/#\/schema\/person\/30535548b241d5f33a2e8b839db11869\"},\"description\":\"Lesen Sie aktuelle Informationen zum Thema Regionalit\u00e4t erleben \u2013 Qualit\u00e4t genie\u00dfen! und vieles mehr aus dem Konvent und der Pfarre Admont.\",\"breadcrumb\":{\"@id\":\"https:\/\/stiftadmont.at\/blog\/spezialitaetenmarkt-juni-2025\/#breadcrumb\"},\"inLanguage\":\"fr-FR\",\"potentialAction\":[{\"@type\":\"ReadAction\",\"target\":[\"https:\/\/stiftadmont.at\/blog\/spezialitaetenmarkt-juni-2025\/\"]}]},{\"@type\":\"ImageObject\",\"inLanguage\":\"fr-FR\",\"@id\":\"https:\/\/stiftadmont.at\/blog\/spezialitaetenmarkt-juni-2025\/#primaryimage\",\"url\":\"https:\/\/stiftadmont.at\/wp-content\/uploads\/Foto-Spezialitaetenmarkt-2025.png\",\"contentUrl\":\"https:\/\/stiftadmont.at\/wp-content\/uploads\/Foto-Spezialitaetenmarkt-2025.png\",\"width\":1215,\"height\":894,\"caption\":\"Foto Spezialit\u00e4tenmarkt 2025\"},{\"@type\":\"BreadcrumbList\",\"@id\":\"https:\/\/stiftadmont.at\/blog\/spezialitaetenmarkt-juni-2025\/#breadcrumb\",\"itemListElement\":[{\"@type\":\"ListItem\",\"position\":1,\"name\":\"Start\",\"item\":\"https:\/\/stiftadmont.at\/\"},{\"@type\":\"ListItem\",\"position\":2,\"name\":\"Regionalit\u00e4t erleben \u2013 Qualit\u00e4t genie\u00dfen!\"}]},{\"@type\":\"WebSite\",\"@id\":\"https:\/\/stiftadmont.at\/#website\",\"url\":\"https:\/\/stiftadmont.at\/\",\"name\":\"Stift Admont\",\"description\":\"Benediktinerkloster und Sehensw\u00fcrdigkeit im Ges\u00e4use\",\"potentialAction\":[{\"@type\":\"SearchAction\",\"target\":{\"@type\":\"EntryPoint\",\"urlTemplate\":\"https:\/\/stiftadmont.at\/?s={search_term_string}\"},\"query-input\":{\"@type\":\"PropertyValueSpecification\",\"valueRequired\":true,\"valueName\":\"search_term_string\"}}],\"inLanguage\":\"fr-FR\"},{\"@type\":\"Person\",\"@id\":\"https:\/\/stiftadmont.at\/#\/schema\/person\/30535548b241d5f33a2e8b839db11869\",\"name\":\"Mario Brandm\u00fcller\"}]}<\/script>\n<!-- \/ Yoast SEO Premium plugin. -->","yoast_head_json":{"title":"Vivre le terroir - savourer la qualit\u00e9 ! - L'abbaye d'Admont","description":"Lisez les derni\u00e8res informations sur le th\u00e8me \"Vivre le terroir - appr\u00e9cier la qualit\u00e9 !\" et bien d'autres choses encore sur le couvent et la paroisse d'Admont.","robots":{"index":"index","follow":"follow","max-snippet":"max-snippet:-1","max-image-preview":"max-image-preview:large","max-video-preview":"max-video-preview:-1"},"canonical":"https:\/\/stiftadmont.at\/fr\/blog\/marche-des-specialites-juin-2025\/","og_locale":"fr_FR","og_type":"article","og_title":"Regionalit\u00e4t erleben \u2013 Qualit\u00e4t genie\u00dfen!","og_description":"Lesen Sie aktuelle Informationen zum Thema Regionalit\u00e4t erleben \u2013 Qualit\u00e4t genie\u00dfen! und vieles mehr aus dem Konvent und der Pfarre Admont.","og_url":"https:\/\/stiftadmont.at\/fr\/blog\/marche-des-specialites-juin-2025\/","og_site_name":"Stift Admont","article_published_time":"2025-06-11T09:29:53+00:00","article_modified_time":"2025-06-11T10:01:47+00:00","og_image":[{"width":1024,"height":753,"url":"https:\/\/stiftadmont.at\/wp-content\/uploads\/Foto-Spezialitaetenmarkt-2025-1024x753.png","type":"image\/png"}],"author":"Mario Brandm\u00fcller","twitter_card":"summary_large_image","twitter_misc":{"\u00c9crit par":"Mario Brandm\u00fcller","Dur\u00e9e de lecture estim\u00e9e":"1 minute"},"schema":{"@context":"https:\/\/schema.org","@graph":[{"@type":"Article","@id":"https:\/\/stiftadmont.at\/blog\/spezialitaetenmarkt-juni-2025\/#article","isPartOf":{"@id":"https:\/\/stiftadmont.at\/blog\/spezialitaetenmarkt-juni-2025\/"},"author":{"name":"Mario Brandm\u00fcller","@id":"https:\/\/stiftadmont.at\/#\/schema\/person\/30535548b241d5f33a2e8b839db11869"},"headline":"Regionalit\u00e4t erleben \u2013 Qualit\u00e4t genie\u00dfen!","datePublished":"2025-06-11T09:29:53+00:00","dateModified":"2025-06-11T10:01:47+00:00","mainEntityOfPage":{"@id":"https:\/\/stiftadmont.at\/blog\/spezialitaetenmarkt-juni-2025\/"},"wordCount":7,"image":{"@id":"https:\/\/stiftadmont.at\/blog\/spezialitaetenmarkt-juni-2025\/#primaryimage"},"thumbnailUrl":"https:\/\/stiftadmont.at\/wp-content\/uploads\/Foto-Spezialitaetenmarkt-2025.png","articleSection":["Kloster aktuell"],"inLanguage":"fr-FR"},{"@type":"WebPage","@id":"https:\/\/stiftadmont.at\/blog\/spezialitaetenmarkt-juni-2025\/","url":"https:\/\/stiftadmont.at\/blog\/spezialitaetenmarkt-juni-2025\/","name":"Vivre le terroir - savourer la qualit\u00e9 ! - L'abbaye d'Admont","isPartOf":{"@id":"https:\/\/stiftadmont.at\/#website"},"primaryImageOfPage":{"@id":"https:\/\/stiftadmont.at\/blog\/spezialitaetenmarkt-juni-2025\/#primaryimage"},"image":{"@id":"https:\/\/stiftadmont.at\/blog\/spezialitaetenmarkt-juni-2025\/#primaryimage"},"thumbnailUrl":"https:\/\/stiftadmont.at\/wp-content\/uploads\/Foto-Spezialitaetenmarkt-2025.png","datePublished":"2025-06-11T09:29:53+00:00","dateModified":"2025-06-11T10:01:47+00:00","author":{"@id":"https:\/\/stiftadmont.at\/#\/schema\/person\/30535548b241d5f33a2e8b839db11869"},"description":"Lisez les derni\u00e8res informations sur le th\u00e8me \"Vivre le terroir - appr\u00e9cier la qualit\u00e9 !\" et bien d'autres choses encore sur le couvent et la paroisse d'Admont.","breadcrumb":{"@id":"https:\/\/stiftadmont.at\/blog\/spezialitaetenmarkt-juni-2025\/#breadcrumb"},"inLanguage":"fr-FR","potentialAction":[{"@type":"ReadAction","target":["https:\/\/stiftadmont.at\/blog\/spezialitaetenmarkt-juni-2025\/"]}]},{"@type":"ImageObject","inLanguage":"fr-FR","@id":"https:\/\/stiftadmont.at\/blog\/spezialitaetenmarkt-juni-2025\/#primaryimage","url":"https:\/\/stiftadmont.at\/wp-content\/uploads\/Foto-Spezialitaetenmarkt-2025.png","contentUrl":"https:\/\/stiftadmont.at\/wp-content\/uploads\/Foto-Spezialitaetenmarkt-2025.png","width":1215,"height":894,"caption":"Foto Spezialit\u00e4tenmarkt 2025"},{"@type":"BreadcrumbList","@id":"https:\/\/stiftadmont.at\/blog\/spezialitaetenmarkt-juni-2025\/#breadcrumb","itemListElement":[{"@type":"ListItem","position":1,"name":"Start","item":"https:\/\/stiftadmont.at\/"},{"@type":"ListItem","position":2,"name":"Regionalit\u00e4t erleben \u2013 Qualit\u00e4t genie\u00dfen!"}]},{"@type":"WebSite","@id":"https:\/\/stiftadmont.at\/#website","url":"https:\/\/stiftadmont.at\/","name":"Abbaye d'Admont","description":"Monast\u00e8re b\u00e9n\u00e9dictin et attraction touristique dans le Ges\u00e4use","potentialAction":[{"@type":"SearchAction","target":{"@type":"EntryPoint","urlTemplate":"https:\/\/stiftadmont.at\/?s={search_term_string}"},"query-input":{"@type":"PropertyValueSpecification","valueRequired":true,"valueName":"search_term_string"}}],"inLanguage":"fr-FR"},{"@type":"Person","@id":"https:\/\/stiftadmont.at\/#\/schema\/person\/30535548b241d5f33a2e8b839db11869","name":"Mario Brandm\u00fcller"}]}},"_links":{"self":[{"href":"https:\/\/stiftadmont.at\/fr\/wp-json\/wp\/v2\/posts\/35521","targetHints":{"allow":["GET"]}}],"collection":[{"href":"https:\/\/stiftadmont.at\/fr\/wp-json\/wp\/v2\/posts"}],"about":[{"href":"https:\/\/stiftadmont.at\/fr\/wp-json\/wp\/v2\/types\/post"}],"author":[{"embeddable":true,"href":"https:\/\/stiftadmont.at\/fr\/wp-json\/wp\/v2\/users\/7"}],"replies":[{"embeddable":true,"href":"https:\/\/stiftadmont.at\/fr\/wp-json\/wp\/v2\/comments?post=35521"}],"version-history":[{"count":12,"href":"https:\/\/stiftadmont.at\/fr\/wp-json\/wp\/v2\/posts\/35521\/revisions"}],"predecessor-version":[{"id":35553,"href":"https:\/\/stiftadmont.at\/fr\/wp-json\/wp\/v2\/posts\/35521\/revisions\/35553"}],"wp:featuredmedia":[{"embeddable":true,"href":"https:\/\/stiftadmont.at\/fr\/wp-json\/wp\/v2\/media\/35522"}],"wp:attachment":[{"href":"https:\/\/stiftadmont.at\/fr\/wp-json\/wp\/v2\/media?parent=35521"}],"wp:term":[{"taxonomy":"category","embeddable":true,"href":"https:\/\/stiftadmont.at\/fr\/wp-json\/wp\/v2\/categories?post=35521"}],"curies":[{"name":"wp","href":"https:\/\/api.w.org\/{rel}","templated":true}]}}