{"id":36856,"date":"2025-07-21T08:31:55","date_gmt":"2025-07-21T06:31:55","guid":{"rendered":"https:\/\/stiftadmont.at\/?p=36856"},"modified":"2025-07-25T10:14:43","modified_gmt":"2025-07-25T08:14:43","slug":"visite-guidee-speciale-tresor-des-livres","status":"publish","type":"post","link":"https:\/\/stiftadmont.at\/fr\/blog\/spezialfuehrung-buecherschatz\/","title":{"rendered":"Visite guid\u00e9e sp\u00e9ciale \"Bergidyll trifft B\u00fccherschatz\" (L'idylle de la montagne rencontre le tr\u00e9sor des livres)"},"content":{"rendered":"<section id='lightpress__section--block_af1016286537dd71a4f45ef79d7718a2' class='lightpress__section--default-section-space lightpress__section lightpress__section--content'><div class=\"content__inner\"\n         x-init=\"initContentBlockAnim($el)\">\n        \n    <div class=\"content__grid content__grid--fifty-fifty\">\n                                            <div class=\"content__box content__box\"\n                 style=\"\">\n                                \n                \n                                            <div class=\"prose\"><p>Von wem stammt der allererste Eintrag im G\u00e4stebuch der Stiftsbibliothek? Was wurde einem Touristen im Ges\u00e4use vor 150 Jahren geboten? Und von welchen abenteuerlichen Berg- und Reiseerlebnissen wissen die M\u00f6nche zu berichten?<\/p>\n<p>\u00a0<\/p>\n<p>Antworten auf diese und viele weitere Fragen gibt es am 25. Juli um 17:00 Uhr bei einer Spezialf\u00fchrung in der Stiftsbibliothek.<\/p>\n<p>Mitten in der Hochsaison des Sommertourismus gew\u00e4hrt die zweite Veranstaltung aus der Reihe \u201eBlick ins Buch\u201c spannende Einblicke in Bibliothekssch\u00e4tze rund um Gebirgswelten, Reisen und Tourismusgeschichte.\u00a0<\/p>\n<p>\u00a0<\/p>\n<p>Anmeldungen: <a class=\"email\" href=\"mailto:bibliothek@stiftadmont.at\">bibliothek@stiftadmont.at<\/a><\/p>\n<p>\u00a0<\/p>\n<p>Preis: <strong>\u20ac 15,00<\/strong> <em>(Erm\u00e4\u00dfigung f\u00fcr Museumsbesucher und Museumsbesucherinnen)<\/em><\/p>\n<\/div>\n                    \n                            <\/div>\n        \n                                                    <div class=\"content__box content__box--2\"\n                     >\n                                        \n                    \n                                                <div class=\"content__media stickyTo\" x-init=\"imageSticky($el)\">\n\n                                                                                    <picture\n                                    class=\"content__image sticky\">\n                                <source srcset=\"https:\/\/stiftadmont.at\/wp-content\/uploads\/IMG_5385-642x1024.webp\" type=\"image\/webp\">\n                                <source srcset=\"https:\/\/stiftadmont.at\/wp-content\/uploads\/IMG_5385-642x1024.jpg\" type=\"image\/jpeg\">\n                                <img decoding=\"async\" class=\"sticky\" loading=\"lazy\" src=\"https:\/\/stiftadmont.at\/wp-content\/uploads\/IMG_5385-642x1024.jpg\"\n                                     alt=\"IMG\">\n\n                                                                                                                            <\/picture>\n\n                        <\/div>\n\n                                    <\/div>\n            \n            <\/div>\n<\/div>\n\n<\/section>\n\n<section id='lightpress__section--block_a875d66bdff325903ac7fb50e9663a7d' class='lightpress__section--default-section-space lightpress__section lightpress__section--image-slider'>\n<div class=\"image-slider\"\n     x-data=\"{ gallery: null, shown: false }\"\n     x-init=\"gallery = initSliderGallery([{&quot;href&quot;:&quot;https:\\\/\\\/stiftadmont.at\\\/wp-content\\\/uploads\\\/IMG_5384-1920x3071.jpg&quot;,&quot;type&quot;:&quot;image&quot;},{&quot;href&quot;:&quot;https:\\\/\\\/stiftadmont.at\\\/wp-content\\\/uploads\\\/IMG_5383-1920x1440.jpg&quot;,&quot;type&quot;:&quot;image&quot;},{&quot;href&quot;:&quot;https:\\\/\\\/stiftadmont.at\\\/wp-content\\\/uploads\\\/IMG_5378-1920x1234.jpg&quot;,&quot;type&quot;:&quot;image&quot;},{&quot;href&quot;:&quot;https:\\\/\\\/stiftadmont.at\\\/wp-content\\\/uploads\\\/IMG_5385-1920x3064.jpg&quot;,&quot;type&quot;:&quot;image&quot;}]); initImageSliderBlockAnim($el);\">\n    <div class=\"image-slider__inner\">\n\n        <div class=\"swiper-container\" x-init=\"initImageSliderBlock($el, $refs.btnPrev, $refs.btnNext)\">\n            <div class=\"swiper-wrapper\">\n                                    <div class=\"swiper-slide\">\n                        <div class=\"image-slider__media\">\n                            <img decoding=\"async\" class=\"image-slider__image\"\n                                 src=\"https:\/\/stiftadmont.at\/wp-content\/uploads\/IMG_5384-768x1229.jpg\"\n                                 alt=\"IMG\">\n                        <\/div>\n                    <\/div>\n                                    <div class=\"swiper-slide\">\n                        <div class=\"image-slider__media\">\n                            <img decoding=\"async\" class=\"image-slider__image\"\n                                 src=\"https:\/\/stiftadmont.at\/wp-content\/uploads\/IMG_5383-768x576.jpg\"\n                                 alt=\"IMG\">\n                        <\/div>\n                    <\/div>\n                                    <div class=\"swiper-slide\">\n                        <div class=\"image-slider__media\">\n                            <img decoding=\"async\" class=\"image-slider__image\"\n                                 src=\"https:\/\/stiftadmont.at\/wp-content\/uploads\/IMG_5378-768x493.jpg\"\n                                 alt=\"IMG\">\n                        <\/div>\n                    <\/div>\n                                    <div class=\"swiper-slide\">\n                        <div class=\"image-slider__media\">\n                            <img decoding=\"async\" class=\"image-slider__image\"\n                                 src=\"https:\/\/stiftadmont.at\/wp-content\/uploads\/IMG_5385-768x1226.jpg\"\n                                 alt=\"IMG\">\n                        <\/div>\n                    <\/div>\n                            <\/div>\n\n            <div class=\"swiper-nav-wrapper\">\n                <button class=\"swiper-button-prev slider-button--prev\" x-ref=\"btnPrev\"\n                        aria-label=\"Vorige Bilder anzeigen\">\n                    <img decoding=\"async\" src=\"\/wp-content\/themes\/stift-admont\/src\/assets\/img\/arrow-left-big-new.svg\" alt=\"Pfeil nach Links\">\n                <\/button>\n\n\n                <a class=\"image-slider__gallery\" @click=\"openGallery(gallery)\"><i class=\"fa-thin fa-plus\"><\/i><\/a>\n                <button class=\"swiper-button-next slider-button--next\"\n                        x-ref=\"btnNext\"\n                        aria-label=\"N\u00e4chste Bilder anzeigen\">\n                    <img decoding=\"async\" src=\"\/wp-content\/themes\/stift-admont\/src\/assets\/img\/arrow-right-big-new.svg\" alt=\"Pfeil nach Rechts\">\n                <\/button>\n            <\/div>\n        <\/div>\n    <\/div>\n\n\n<\/div><\/section>","protected":false},"excerpt":{"rendered":"<p>Qui a r\u00e9dig\u00e9 la toute premi\u00e8re inscription dans le livre d'or de la biblioth\u00e8que de l'abbaye ? Que proposait le Ges\u00e4use \u00e0 un touriste il y a 150 ans ? Et quelles aventures de montagne et de voyage les moines ont-ils racont\u00e9es ?<\/p>","protected":false},"author":7,"featured_media":36859,"comment_status":"closed","ping_status":"closed","sticky":false,"template":"","format":"standard","meta":{"_acf_changed":false,"footnotes":""},"categories":[23],"class_list":["post-36856","post","type-post","status-publish","format-standard","has-post-thumbnail","hentry","category-einrichtungen-aktuell"],"acf":[],"yoast_head":"<!-- This site is optimized with the Yoast SEO Premium plugin v26.0 (Yoast SEO v26.8) - https:\/\/yoast.com\/product\/yoast-seo-premium-wordpress\/ -->\n<title>Spezialf\u00fchrung \u201eBergidyll trifft B\u00fccherschatz\u201c - Stift Admont<\/title>\n<meta name=\"description\" content=\"Lesen Sie aktuelle Informationen zum Thema Spezialf\u00fchrung \u201eBergidyll trifft B\u00fccherschatz\u201c und vieles mehr aus dem Konvent und der Pfarre Admont.\" \/>\n<meta name=\"robots\" content=\"index, follow, max-snippet:-1, max-image-preview:large, max-video-preview:-1\" \/>\n<link rel=\"canonical\" href=\"https:\/\/stiftadmont.at\/fr\/blog\/visite-guidee-speciale-tresor-des-livres\/\" \/>\n<meta property=\"og:locale\" content=\"fr_FR\" \/>\n<meta property=\"og:type\" content=\"article\" \/>\n<meta property=\"og:title\" content=\"Spezialf\u00fchrung \u201eBergidyll trifft B\u00fccherschatz\u201c\" \/>\n<meta property=\"og:description\" content=\"Lesen Sie aktuelle Informationen zum Thema Spezialf\u00fchrung \u201eBergidyll trifft B\u00fccherschatz\u201c und vieles mehr aus dem Konvent und der Pfarre Admont.\" \/>\n<meta property=\"og:url\" content=\"https:\/\/stiftadmont.at\/fr\/blog\/visite-guidee-speciale-tresor-des-livres\/\" \/>\n<meta property=\"og:site_name\" content=\"Stift Admont\" \/>\n<meta property=\"article:published_time\" content=\"2025-07-21T06:31:55+00:00\" \/>\n<meta property=\"article:modified_time\" content=\"2025-07-25T08:14:43+00:00\" \/>\n<meta property=\"og:image\" content=\"https:\/\/stiftadmont.at\/wp-content\/uploads\/IMG_5383-scaled.jpg\" \/>\n\t<meta property=\"og:image:width\" content=\"2560\" \/>\n\t<meta property=\"og:image:height\" content=\"1920\" \/>\n\t<meta property=\"og:image:type\" content=\"image\/jpeg\" \/>\n<meta name=\"author\" content=\"Mario Brandm\u00fcller\" \/>\n<meta name=\"twitter:card\" content=\"summary_large_image\" \/>\n<meta name=\"twitter:label1\" content=\"\u00c9crit par\" \/>\n\t<meta name=\"twitter:data1\" content=\"Mario Brandm\u00fcller\" \/>\n\t<meta name=\"twitter:label2\" content=\"Dur\u00e9e de lecture estim\u00e9e\" \/>\n\t<meta name=\"twitter:data2\" content=\"1 minute\" \/>\n<script type=\"application\/ld+json\" class=\"yoast-schema-graph\">{\"@context\":\"https:\/\/schema.org\",\"@graph\":[{\"@type\":\"Article\",\"@id\":\"https:\/\/stiftadmont.at\/blog\/spezialfuehrung-buecherschatz\/#article\",\"isPartOf\":{\"@id\":\"https:\/\/stiftadmont.at\/blog\/spezialfuehrung-buecherschatz\/\"},\"author\":{\"name\":\"Mario Brandm\u00fcller\",\"@id\":\"https:\/\/stiftadmont.at\/#\/schema\/person\/30535548b241d5f33a2e8b839db11869\"},\"headline\":\"Spezialf\u00fchrung \u201eBergidyll trifft B\u00fccherschatz\u201c\",\"datePublished\":\"2025-07-21T06:31:55+00:00\",\"dateModified\":\"2025-07-25T08:14:43+00:00\",\"mainEntityOfPage\":{\"@id\":\"https:\/\/stiftadmont.at\/blog\/spezialfuehrung-buecherschatz\/\"},\"wordCount\":6,\"image\":{\"@id\":\"https:\/\/stiftadmont.at\/blog\/spezialfuehrung-buecherschatz\/#primaryimage\"},\"thumbnailUrl\":\"https:\/\/stiftadmont.at\/wp-content\/uploads\/IMG_5383-scaled.jpg\",\"articleSection\":[\"Einrichtungen aktuell\"],\"inLanguage\":\"fr-FR\"},{\"@type\":\"WebPage\",\"@id\":\"https:\/\/stiftadmont.at\/blog\/spezialfuehrung-buecherschatz\/\",\"url\":\"https:\/\/stiftadmont.at\/blog\/spezialfuehrung-buecherschatz\/\",\"name\":\"Spezialf\u00fchrung \u201eBergidyll trifft B\u00fccherschatz\u201c - Stift Admont\",\"isPartOf\":{\"@id\":\"https:\/\/stiftadmont.at\/#website\"},\"primaryImageOfPage\":{\"@id\":\"https:\/\/stiftadmont.at\/blog\/spezialfuehrung-buecherschatz\/#primaryimage\"},\"image\":{\"@id\":\"https:\/\/stiftadmont.at\/blog\/spezialfuehrung-buecherschatz\/#primaryimage\"},\"thumbnailUrl\":\"https:\/\/stiftadmont.at\/wp-content\/uploads\/IMG_5383-scaled.jpg\",\"datePublished\":\"2025-07-21T06:31:55+00:00\",\"dateModified\":\"2025-07-25T08:14:43+00:00\",\"author\":{\"@id\":\"https:\/\/stiftadmont.at\/#\/schema\/person\/30535548b241d5f33a2e8b839db11869\"},\"description\":\"Lesen Sie aktuelle Informationen zum Thema Spezialf\u00fchrung \u201eBergidyll trifft B\u00fccherschatz\u201c und vieles mehr aus dem Konvent und der Pfarre Admont.\",\"breadcrumb\":{\"@id\":\"https:\/\/stiftadmont.at\/blog\/spezialfuehrung-buecherschatz\/#breadcrumb\"},\"inLanguage\":\"fr-FR\",\"potentialAction\":[{\"@type\":\"ReadAction\",\"target\":[\"https:\/\/stiftadmont.at\/blog\/spezialfuehrung-buecherschatz\/\"]}]},{\"@type\":\"ImageObject\",\"inLanguage\":\"fr-FR\",\"@id\":\"https:\/\/stiftadmont.at\/blog\/spezialfuehrung-buecherschatz\/#primaryimage\",\"url\":\"https:\/\/stiftadmont.at\/wp-content\/uploads\/IMG_5383-scaled.jpg\",\"contentUrl\":\"https:\/\/stiftadmont.at\/wp-content\/uploads\/IMG_5383-scaled.jpg\",\"width\":2560,\"height\":1920,\"caption\":\"IMG\"},{\"@type\":\"BreadcrumbList\",\"@id\":\"https:\/\/stiftadmont.at\/blog\/spezialfuehrung-buecherschatz\/#breadcrumb\",\"itemListElement\":[{\"@type\":\"ListItem\",\"position\":1,\"name\":\"Start\",\"item\":\"https:\/\/stiftadmont.at\/\"},{\"@type\":\"ListItem\",\"position\":2,\"name\":\"Spezialf\u00fchrung \u201eBergidyll trifft B\u00fccherschatz\u201c\"}]},{\"@type\":\"WebSite\",\"@id\":\"https:\/\/stiftadmont.at\/#website\",\"url\":\"https:\/\/stiftadmont.at\/\",\"name\":\"Stift Admont\",\"description\":\"Benediktinerkloster und Sehensw\u00fcrdigkeit im Ges\u00e4use\",\"potentialAction\":[{\"@type\":\"SearchAction\",\"target\":{\"@type\":\"EntryPoint\",\"urlTemplate\":\"https:\/\/stiftadmont.at\/?s={search_term_string}\"},\"query-input\":{\"@type\":\"PropertyValueSpecification\",\"valueRequired\":true,\"valueName\":\"search_term_string\"}}],\"inLanguage\":\"fr-FR\"},{\"@type\":\"Person\",\"@id\":\"https:\/\/stiftadmont.at\/#\/schema\/person\/30535548b241d5f33a2e8b839db11869\",\"name\":\"Mario Brandm\u00fcller\"}]}<\/script>\n<!-- \/ Yoast SEO Premium plugin. -->","yoast_head_json":{"title":"Visite guid\u00e9e sp\u00e9ciale \"Bergidyll trifft B\u00fccherschatz\" - Abbaye d'Admont","description":"Lisez les informations actuelles sur le th\u00e8me de la visite guid\u00e9e sp\u00e9ciale \"Bergidyll trifft B\u00fccherschatz\" (L'idylle de la montagne rencontre le tr\u00e9sor des livres) et bien d'autres informations sur le couvent et la paroisse d'Admont.","robots":{"index":"index","follow":"follow","max-snippet":"max-snippet:-1","max-image-preview":"max-image-preview:large","max-video-preview":"max-video-preview:-1"},"canonical":"https:\/\/stiftadmont.at\/fr\/blog\/visite-guidee-speciale-tresor-des-livres\/","og_locale":"fr_FR","og_type":"article","og_title":"Spezialf\u00fchrung \u201eBergidyll trifft B\u00fccherschatz\u201c","og_description":"Lesen Sie aktuelle Informationen zum Thema Spezialf\u00fchrung \u201eBergidyll trifft B\u00fccherschatz\u201c und vieles mehr aus dem Konvent und der Pfarre Admont.","og_url":"https:\/\/stiftadmont.at\/fr\/blog\/visite-guidee-speciale-tresor-des-livres\/","og_site_name":"Stift Admont","article_published_time":"2025-07-21T06:31:55+00:00","article_modified_time":"2025-07-25T08:14:43+00:00","og_image":[{"width":2560,"height":1920,"url":"https:\/\/stiftadmont.at\/wp-content\/uploads\/IMG_5383-scaled.jpg","type":"image\/jpeg"}],"author":"Mario Brandm\u00fcller","twitter_card":"summary_large_image","twitter_misc":{"\u00c9crit par":"Mario Brandm\u00fcller","Dur\u00e9e de lecture estim\u00e9e":"1 minute"},"schema":{"@context":"https:\/\/schema.org","@graph":[{"@type":"Article","@id":"https:\/\/stiftadmont.at\/blog\/spezialfuehrung-buecherschatz\/#article","isPartOf":{"@id":"https:\/\/stiftadmont.at\/blog\/spezialfuehrung-buecherschatz\/"},"author":{"name":"Mario Brandm\u00fcller","@id":"https:\/\/stiftadmont.at\/#\/schema\/person\/30535548b241d5f33a2e8b839db11869"},"headline":"Spezialf\u00fchrung \u201eBergidyll trifft B\u00fccherschatz\u201c","datePublished":"2025-07-21T06:31:55+00:00","dateModified":"2025-07-25T08:14:43+00:00","mainEntityOfPage":{"@id":"https:\/\/stiftadmont.at\/blog\/spezialfuehrung-buecherschatz\/"},"wordCount":6,"image":{"@id":"https:\/\/stiftadmont.at\/blog\/spezialfuehrung-buecherschatz\/#primaryimage"},"thumbnailUrl":"https:\/\/stiftadmont.at\/wp-content\/uploads\/IMG_5383-scaled.jpg","articleSection":["Einrichtungen aktuell"],"inLanguage":"fr-FR"},{"@type":"WebPage","@id":"https:\/\/stiftadmont.at\/blog\/spezialfuehrung-buecherschatz\/","url":"https:\/\/stiftadmont.at\/blog\/spezialfuehrung-buecherschatz\/","name":"Visite guid\u00e9e sp\u00e9ciale \"Bergidyll trifft B\u00fccherschatz\" - Abbaye d'Admont","isPartOf":{"@id":"https:\/\/stiftadmont.at\/#website"},"primaryImageOfPage":{"@id":"https:\/\/stiftadmont.at\/blog\/spezialfuehrung-buecherschatz\/#primaryimage"},"image":{"@id":"https:\/\/stiftadmont.at\/blog\/spezialfuehrung-buecherschatz\/#primaryimage"},"thumbnailUrl":"https:\/\/stiftadmont.at\/wp-content\/uploads\/IMG_5383-scaled.jpg","datePublished":"2025-07-21T06:31:55+00:00","dateModified":"2025-07-25T08:14:43+00:00","author":{"@id":"https:\/\/stiftadmont.at\/#\/schema\/person\/30535548b241d5f33a2e8b839db11869"},"description":"Lisez les informations actuelles sur le th\u00e8me de la visite guid\u00e9e sp\u00e9ciale \"Bergidyll trifft B\u00fccherschatz\" (L'idylle de la montagne rencontre le tr\u00e9sor des livres) et bien d'autres informations sur le couvent et la paroisse d'Admont.","breadcrumb":{"@id":"https:\/\/stiftadmont.at\/blog\/spezialfuehrung-buecherschatz\/#breadcrumb"},"inLanguage":"fr-FR","potentialAction":[{"@type":"ReadAction","target":["https:\/\/stiftadmont.at\/blog\/spezialfuehrung-buecherschatz\/"]}]},{"@type":"ImageObject","inLanguage":"fr-FR","@id":"https:\/\/stiftadmont.at\/blog\/spezialfuehrung-buecherschatz\/#primaryimage","url":"https:\/\/stiftadmont.at\/wp-content\/uploads\/IMG_5383-scaled.jpg","contentUrl":"https:\/\/stiftadmont.at\/wp-content\/uploads\/IMG_5383-scaled.jpg","width":2560,"height":1920,"caption":"IMG"},{"@type":"BreadcrumbList","@id":"https:\/\/stiftadmont.at\/blog\/spezialfuehrung-buecherschatz\/#breadcrumb","itemListElement":[{"@type":"ListItem","position":1,"name":"Start","item":"https:\/\/stiftadmont.at\/"},{"@type":"ListItem","position":2,"name":"Spezialf\u00fchrung \u201eBergidyll trifft B\u00fccherschatz\u201c"}]},{"@type":"WebSite","@id":"https:\/\/stiftadmont.at\/#website","url":"https:\/\/stiftadmont.at\/","name":"Abbaye d'Admont","description":"Monast\u00e8re b\u00e9n\u00e9dictin et attraction touristique dans le Ges\u00e4use","potentialAction":[{"@type":"SearchAction","target":{"@type":"EntryPoint","urlTemplate":"https:\/\/stiftadmont.at\/?s={search_term_string}"},"query-input":{"@type":"PropertyValueSpecification","valueRequired":true,"valueName":"search_term_string"}}],"inLanguage":"fr-FR"},{"@type":"Person","@id":"https:\/\/stiftadmont.at\/#\/schema\/person\/30535548b241d5f33a2e8b839db11869","name":"Mario Brandm\u00fcller"}]}},"_links":{"self":[{"href":"https:\/\/stiftadmont.at\/fr\/wp-json\/wp\/v2\/posts\/36856","targetHints":{"allow":["GET"]}}],"collection":[{"href":"https:\/\/stiftadmont.at\/fr\/wp-json\/wp\/v2\/posts"}],"about":[{"href":"https:\/\/stiftadmont.at\/fr\/wp-json\/wp\/v2\/types\/post"}],"author":[{"embeddable":true,"href":"https:\/\/stiftadmont.at\/fr\/wp-json\/wp\/v2\/users\/7"}],"replies":[{"embeddable":true,"href":"https:\/\/stiftadmont.at\/fr\/wp-json\/wp\/v2\/comments?post=36856"}],"version-history":[{"count":5,"href":"https:\/\/stiftadmont.at\/fr\/wp-json\/wp\/v2\/posts\/36856\/revisions"}],"predecessor-version":[{"id":36948,"href":"https:\/\/stiftadmont.at\/fr\/wp-json\/wp\/v2\/posts\/36856\/revisions\/36948"}],"wp:featuredmedia":[{"embeddable":true,"href":"https:\/\/stiftadmont.at\/fr\/wp-json\/wp\/v2\/media\/36859"}],"wp:attachment":[{"href":"https:\/\/stiftadmont.at\/fr\/wp-json\/wp\/v2\/media?parent=36856"}],"wp:term":[{"taxonomy":"category","embeddable":true,"href":"https:\/\/stiftadmont.at\/fr\/wp-json\/wp\/v2\/categories?post=36856"}],"curies":[{"name":"wp","href":"https:\/\/api.w.org\/{rel}","templated":true}]}}