{"id":37181,"date":"2025-08-26T14:37:18","date_gmt":"2025-08-26T12:37:18","guid":{"rendered":"https:\/\/stiftadmont.at\/?p=37181"},"modified":"2025-08-29T14:20:06","modified_gmt":"2025-08-29T12:20:06","slug":"automne-bruyant-2025","status":"publish","type":"post","link":"https:\/\/stiftadmont.at\/fr\/blog\/lautenherbst-2025\/","title":{"rendered":"11e Automne du luth d'Admont"},"content":{"rendered":"<section id='lightpress__section--block_d191e48127f27aaa7f331747d9f0ef01' class='lightpress__section--default-section-space lightpress__section lightpress__section--content'><div class=\"content__inner\"\n         x-init=\"initContentBlockAnim($el)\">\n        \n    <div class=\"content__grid content__grid--fifty-fifty\">\n                                            <div class=\"content__box content__box\"\n                 style=\"\">\n                                \n                \n                                        <div class=\"content__media stickyTo\" x-init=\"imageSticky($el)\">\n\n                                                                                                <picture\n                                class=\"content__image sticky\">\n                            <source srcset=\"https:\/\/stiftadmont.at\/wp-content\/uploads\/Lautenherbst-2025-c-Christoph-Draxl-www-7-min-1024x683.jpg\"\n                                    type=\"image\/webp\">\n                            <source srcset=\"https:\/\/stiftadmont.at\/wp-content\/uploads\/Lautenherbst-2025-c-Christoph-Draxl-www-7-min-1024x683.jpg\"\n                                    type=\"image\/jpeg\">\n                            <img decoding=\"async\" loading=\"lazy\"\n                                 src=\"https:\/\/stiftadmont.at\/wp-content\/uploads\/Lautenherbst-2025-c-Christoph-Draxl-www-7-min-1024x683.jpg\"\n                                 alt=\"Lautenherbst (c) Christoph Draxl www min\" width=\"600\" height=\"450\">\n                                                                                                            <\/picture>\n\n                    <\/div>\n\n                            <\/div>\n        \n                                                    <div class=\"content__box content__box--2\"\n                     >\n                                        \n                    \n                                                    <div class=\"prose\"><h5 class=\"heading-m line line-above line--gold\">11. Admonter Lautenherbst vom 27. \u2013 31. August 2025<\/h5>\n<p>\u00a0<\/p>\n<p>Nach dem gro\u00dfen Jubil\u00e4umsjahr 2024, das gemeinsam mit dem Stift Admont gefeiert wurde, geht der Admonter Lautenherbst nun in seine 11. Ausgabe. Von 27. bis 31. August 2025 steht Admont erneut ganz im Zeichen der Alten Musik.<\/p>\n<p>Der im Oktober 2013 von Dagmar Fischer-Riedel gegr\u00fcndete Admonter Lautenherbst hat sich in den vergangenen Jahren zu einem Fixpunkt im \u00f6sterreichischen Kulturkalender entwickelt.<\/p>\n<\/div>\n                        \n                                    <\/div>\n            \n            <\/div>\n<\/div>\n\n<\/section>\n\n<section id='lightpress__section--block_08f213cfded070e6ef9288ca2e5b54de' class='bg--beige lightpress__section--colored-bg lightpress__section--default-section-space lightpress__section lightpress__section--content'><div class=\"content__inner\"\n         x-init=\"initContentBlockAnim($el)\">\n        \n    <div class=\"content__grid content__grid--fifty-fifty\">\n                                            <div class=\"content__box content__box\"\n                 style=\"\">\n                                \n                \n                                            <div class=\"prose\"><p>Die Initiative, Alte Musik in der obersteirischen Region nachhaltig zu verankern, tr\u00e4gt Jahr f\u00fcr Jahr Fr\u00fcchte: internationale K\u00fcnstlerinnen und K\u00fcnstler sowie Teilnehmerinnen und Teilnehmer aus aller Welt finden sich ein, um in der einzigartigen Atmosph\u00e4re des Benediktinerstifts Admont gemeinsam zu musizieren, zu lernen und aufzutreten.<\/p>\n<p>Workshops und Masterclasses zu historischen Lauteninstrumenten, Viola da gamba und Gesang (solistisch und in Ensembles) bilden das Herzst\u00fcck der Veranstaltung. Den musikalischen H\u00f6hepunkt bilden wie immer zwei \u00f6ffentliche Konzerte, zu denen herzlich eingeladen wird&#8230;<\/p>\n<\/div>\n                    \n                            <\/div>\n        \n                                                    <div class=\"content__box content__box--2\"\n                     >\n                                        \n                    \n                                                <div class=\"content__media stickyTo\" x-init=\"imageSticky($el)\">\n\n                                                                                    <picture\n                                    class=\"content__image sticky\">\n                                <source srcset=\"https:\/\/stiftadmont.at\/wp-content\/uploads\/Lautenherbst-2025-c-Christoph-Draxl-www-75-min-1024x683.webp\" type=\"image\/webp\">\n                                <source srcset=\"https:\/\/stiftadmont.at\/wp-content\/uploads\/Lautenherbst-2025-c-Christoph-Draxl-www-75-min-1024x683.jpg\" type=\"image\/jpeg\">\n                                <img decoding=\"async\" class=\"sticky\" loading=\"lazy\" src=\"https:\/\/stiftadmont.at\/wp-content\/uploads\/Lautenherbst-2025-c-Christoph-Draxl-www-75-min-1024x683.jpg\"\n                                     alt=\"Lautenherbst (c) Christoph Draxl www min\">\n\n                                                                                                                            <\/picture>\n\n                        <\/div>\n\n                                    <\/div>\n            \n            <\/div>\n<\/div>\n\n    <div class=\"background__container background__container--beige\">\n    <\/div>\n\n<\/section>\n\n<section id='lightpress__section--block_318b6eba976e3dcab9a5a28694919ab7' class='lightpress__section--default-section-space lightpress__section lightpress__section--content'><div class=\"content__inner\"\n         x-init=\"initContentBlockAnim($el)\">\n        \n    <div class=\"content__grid content__grid--fifty-fifty\">\n                                            <div class=\"content__box content__box\"\n                 style=\"\">\n                                \n                \n                                        <div class=\"content__media stickyTo\" x-init=\"imageSticky($el)\">\n\n                                                                                                <picture\n                                class=\"content__image sticky\">\n                            <source srcset=\"https:\/\/stiftadmont.at\/wp-content\/uploads\/Lautenherbst-2025-c-Christoph-Draxl-www-26-min-1024x683.jpg\"\n                                    type=\"image\/webp\">\n                            <source srcset=\"https:\/\/stiftadmont.at\/wp-content\/uploads\/Lautenherbst-2025-c-Christoph-Draxl-www-26-min-1024x683.jpg\"\n                                    type=\"image\/jpeg\">\n                            <img decoding=\"async\" loading=\"lazy\"\n                                 src=\"https:\/\/stiftadmont.at\/wp-content\/uploads\/Lautenherbst-2025-c-Christoph-Draxl-www-26-min-1024x683.jpg\"\n                                 alt=\"Lautenherbst (c) Christoph Draxl www min\" width=\"600\" height=\"450\">\n                                                                                                            <\/picture>\n\n                    <\/div>\n\n                            <\/div>\n        \n                                                    <div class=\"content__box content__box--2\"\n                     >\n                                        \n                    \n                                                    <div class=\"prose\"><p>\u2022<span style=\"white-space: pre;\"> <\/span><strong>Mittwoch, 27. August, 19:00 Uhr:<\/strong><\/p>\n<p>Er\u00f6ffnungskonzert der DozentInnen in der Amanduskirche<\/p>\n<p><em>(Eintritt: freiwillige Spende)<\/em><\/p>\n<p>\u00a0<\/p>\n<p>\u2022<span style=\"white-space: pre;\"> <\/span><strong>Sonntag, 31. August, 11:30 Uhr:<\/strong><\/p>\n<p>Abschlusskonzert der TeilnehmerInnen gemeinsam mit den DozentInnen in der Stiftskirche Admont<\/p>\n<p><em>(Eintritt: freiwillige Spende)<\/em><\/p>\n<p>\u00a0<\/p>\n<p>Veranstalterin Dagmar Fischer-Riedel betont die enge Zusammenarbeit mit dem Stift Admont:\u00a0<em>\u201eDas Stift Admont unter Abt Gerhard Hafner unterst\u00fctzt den Lautenherbst in jeder Hinsicht wohlwollend. Daf\u00fcr geb\u00fchrt ihm gr\u00f6\u00dfter Dank, denn ohne seine Hilfe w\u00e4re dieses wundervolle Event gar nicht m\u00f6glich.\u201c<\/em><\/p>\n<p>\u00a0<\/p>\n<p>Weitere Informationen sowie Anmeldem\u00f6glichkeiten sind unter <a href=\"http:\/\/www.lautenherbst.at\" target=\"_blank\" rel=\"noopener\">www.lautenherbst.at <\/a>abrufbar.<\/p>\n<p>\u00a0<\/p>\n<\/div>\n                        \n                                    <\/div>\n            \n            <\/div>\n<\/div>\n\n<\/section>\n\n<section id='lightpress__section--block_718c1fce3b278837902b4176b616e214' class='lightpress__section--default-section-space lightpress__section lightpress__section--image-slider'>\n<div class=\"image-slider\"\n     x-data=\"{ gallery: null, shown: false }\"\n     x-init=\"gallery = initSliderGallery([{&quot;href&quot;:&quot;https:\\\/\\\/stiftadmont.at\\\/wp-content\\\/uploads\\\/Lautenherbst-2025-c-Christoph-Draxl-www-7-min-1920x1280.jpg&quot;,&quot;type&quot;:&quot;image&quot;},{&quot;href&quot;:&quot;https:\\\/\\\/stiftadmont.at\\\/wp-content\\\/uploads\\\/Lautenherbst-2025-c-Christoph-Draxl-www-70-min-1920x1280.jpg&quot;,&quot;type&quot;:&quot;image&quot;},{&quot;href&quot;:&quot;https:\\\/\\\/stiftadmont.at\\\/wp-content\\\/uploads\\\/Lautenherbst-2025-c-Christoph-Draxl-www-71-min-1920x1280.jpg&quot;,&quot;type&quot;:&quot;image&quot;},{&quot;href&quot;:&quot;https:\\\/\\\/stiftadmont.at\\\/wp-content\\\/uploads\\\/Lautenherbst-2025-c-Christoph-Draxl-www-11-min-1920x1280.jpg&quot;,&quot;type&quot;:&quot;image&quot;},{&quot;href&quot;:&quot;https:\\\/\\\/stiftadmont.at\\\/wp-content\\\/uploads\\\/Lautenherbst-2025-c-Christoph-Draxl-www-75-min-1920x1280.jpg&quot;,&quot;type&quot;:&quot;image&quot;},{&quot;href&quot;:&quot;https:\\\/\\\/stiftadmont.at\\\/wp-content\\\/uploads\\\/Lautenherbst-2025-c-Christoph-Draxl-www-14-min-1920x1280.jpg&quot;,&quot;type&quot;:&quot;image&quot;},{&quot;href&quot;:&quot;https:\\\/\\\/stiftadmont.at\\\/wp-content\\\/uploads\\\/Lautenherbst-2025-c-Christoph-Draxl-www-77-min-1920x1280.jpg&quot;,&quot;type&quot;:&quot;image&quot;},{&quot;href&quot;:&quot;https:\\\/\\\/stiftadmont.at\\\/wp-content\\\/uploads\\\/Lautenherbst-2025-c-Christoph-Draxl-www-16-min-1920x1280.jpg&quot;,&quot;type&quot;:&quot;image&quot;},{&quot;href&quot;:&quot;https:\\\/\\\/stiftadmont.at\\\/wp-content\\\/uploads\\\/Lautenherbst-2025-c-Christoph-Draxl-www-2-min-1920x2880.jpg&quot;,&quot;type&quot;:&quot;image&quot;},{&quot;href&quot;:&quot;https:\\\/\\\/stiftadmont.at\\\/wp-content\\\/uploads\\\/Lautenherbst-2025-c-Christoph-Draxl-www-18-min-1920x2880.jpg&quot;,&quot;type&quot;:&quot;image&quot;},{&quot;href&quot;:&quot;https:\\\/\\\/stiftadmont.at\\\/wp-content\\\/uploads\\\/Lautenherbst-2025-c-Christoph-Draxl-www-6-min-1920x2880.jpg&quot;,&quot;type&quot;:&quot;image&quot;},{&quot;href&quot;:&quot;https:\\\/\\\/stiftadmont.at\\\/wp-content\\\/uploads\\\/Lautenherbst-2025-c-Christoph-Draxl-www-21-min-1920x2880.jpg&quot;,&quot;type&quot;:&quot;image&quot;},{&quot;href&quot;:&quot;https:\\\/\\\/stiftadmont.at\\\/wp-content\\\/uploads\\\/Lautenherbst-2025-c-Christoph-Draxl-www-65-min-1920x1280.jpg&quot;,&quot;type&quot;:&quot;image&quot;},{&quot;href&quot;:&quot;https:\\\/\\\/stiftadmont.at\\\/wp-content\\\/uploads\\\/Lautenherbst-2025-c-Christoph-Draxl-www-28-min-1920x2880.jpg&quot;,&quot;type&quot;:&quot;image&quot;},{&quot;href&quot;:&quot;https:\\\/\\\/stiftadmont.at\\\/wp-content\\\/uploads\\\/Lautenherbst-2025-c-Christoph-Draxl-www-27-min-1920x2880.jpg&quot;,&quot;type&quot;:&quot;image&quot;},{&quot;href&quot;:&quot;https:\\\/\\\/stiftadmont.at\\\/wp-content\\\/uploads\\\/Lautenherbst-2025-c-Christoph-Draxl-www-26-min-1920x1280.jpg&quot;,&quot;type&quot;:&quot;image&quot;},{&quot;href&quot;:&quot;https:\\\/\\\/stiftadmont.at\\\/wp-content\\\/uploads\\\/Lautenherbst-2025-c-Christoph-Draxl-www-24-min-1920x2880.jpg&quot;,&quot;type&quot;:&quot;image&quot;},{&quot;href&quot;:&quot;https:\\\/\\\/stiftadmont.at\\\/wp-content\\\/uploads\\\/Lautenherbst-2025-c-Christoph-Draxl-www-22-min-1920x2880.jpg&quot;,&quot;type&quot;:&quot;image&quot;}]); initImageSliderBlockAnim($el);\">\n    <div class=\"image-slider__inner\">\n\n        <div class=\"swiper-container\" x-init=\"initImageSliderBlock($el, $refs.btnPrev, $refs.btnNext)\">\n            <div class=\"swiper-wrapper\">\n                                    <div class=\"swiper-slide\">\n                        <div class=\"image-slider__media\">\n                            <img decoding=\"async\" class=\"image-slider__image\"\n                                 src=\"https:\/\/stiftadmont.at\/wp-content\/uploads\/Lautenherbst-2025-c-Christoph-Draxl-www-7-min-768x512.jpg\"\n                                 alt=\"Lautenherbst (c) Christoph Draxl www min\">\n                        <\/div>\n                    <\/div>\n                                    <div class=\"swiper-slide\">\n                        <div class=\"image-slider__media\">\n                            <img decoding=\"async\" class=\"image-slider__image\"\n                                 src=\"https:\/\/stiftadmont.at\/wp-content\/uploads\/Lautenherbst-2025-c-Christoph-Draxl-www-70-min-768x512.jpg\"\n                                 alt=\"Lautenherbst (c) Christoph Draxl www min\">\n                        <\/div>\n                    <\/div>\n                                    <div class=\"swiper-slide\">\n                        <div class=\"image-slider__media\">\n                            <img decoding=\"async\" class=\"image-slider__image\"\n                                 src=\"https:\/\/stiftadmont.at\/wp-content\/uploads\/Lautenherbst-2025-c-Christoph-Draxl-www-71-min-768x512.jpg\"\n                                 alt=\"Lautenherbst (c) Christoph Draxl www min\">\n                        <\/div>\n                    <\/div>\n                                    <div class=\"swiper-slide\">\n                        <div class=\"image-slider__media\">\n                            <img decoding=\"async\" class=\"image-slider__image\"\n                                 src=\"https:\/\/stiftadmont.at\/wp-content\/uploads\/Lautenherbst-2025-c-Christoph-Draxl-www-11-min-768x512.jpg\"\n                                 alt=\"Lautenherbst (c) Christoph Draxl www min\">\n                        <\/div>\n                    <\/div>\n                                    <div class=\"swiper-slide\">\n                        <div class=\"image-slider__media\">\n                            <img decoding=\"async\" class=\"image-slider__image\"\n                                 src=\"https:\/\/stiftadmont.at\/wp-content\/uploads\/Lautenherbst-2025-c-Christoph-Draxl-www-75-min-768x512.jpg\"\n                                 alt=\"Lautenherbst (c) Christoph Draxl www min\">\n                        <\/div>\n                    <\/div>\n                                    <div class=\"swiper-slide\">\n                        <div class=\"image-slider__media\">\n                            <img decoding=\"async\" class=\"image-slider__image\"\n                                 src=\"https:\/\/stiftadmont.at\/wp-content\/uploads\/Lautenherbst-2025-c-Christoph-Draxl-www-14-min-768x512.jpg\"\n                                 alt=\"Lautenherbst (c) Christoph Draxl www min\">\n                        <\/div>\n                    <\/div>\n                                    <div class=\"swiper-slide\">\n                        <div class=\"image-slider__media\">\n                            <img decoding=\"async\" class=\"image-slider__image\"\n                                 src=\"https:\/\/stiftadmont.at\/wp-content\/uploads\/Lautenherbst-2025-c-Christoph-Draxl-www-77-min-768x512.jpg\"\n                                 alt=\"Lautenherbst (c) Christoph Draxl www min\">\n                        <\/div>\n                    <\/div>\n                                    <div class=\"swiper-slide\">\n                        <div class=\"image-slider__media\">\n                            <img decoding=\"async\" class=\"image-slider__image\"\n                                 src=\"https:\/\/stiftadmont.at\/wp-content\/uploads\/Lautenherbst-2025-c-Christoph-Draxl-www-16-min-768x512.jpg\"\n                                 alt=\"Lautenherbst (c) Christoph Draxl www min\">\n                        <\/div>\n                    <\/div>\n                                    <div class=\"swiper-slide\">\n                        <div class=\"image-slider__media\">\n                            <img decoding=\"async\" class=\"image-slider__image\"\n                                 src=\"https:\/\/stiftadmont.at\/wp-content\/uploads\/Lautenherbst-2025-c-Christoph-Draxl-www-2-min-768x1152.jpg\"\n                                 alt=\"Lautenherbst (c) Christoph Draxl www min\">\n                        <\/div>\n                    <\/div>\n                                    <div class=\"swiper-slide\">\n                        <div class=\"image-slider__media\">\n                            <img decoding=\"async\" class=\"image-slider__image\"\n                                 src=\"https:\/\/stiftadmont.at\/wp-content\/uploads\/Lautenherbst-2025-c-Christoph-Draxl-www-18-min-768x1152.jpg\"\n                                 alt=\"Lautenherbst (c) Christoph Draxl www min\">\n                        <\/div>\n                    <\/div>\n                                    <div class=\"swiper-slide\">\n                        <div class=\"image-slider__media\">\n                            <img decoding=\"async\" class=\"image-slider__image\"\n                                 src=\"https:\/\/stiftadmont.at\/wp-content\/uploads\/Lautenherbst-2025-c-Christoph-Draxl-www-6-min-768x1152.jpg\"\n                                 alt=\"Lautenherbst (c) Christoph Draxl www min\">\n                        <\/div>\n                    <\/div>\n                                    <div class=\"swiper-slide\">\n                        <div class=\"image-slider__media\">\n                            <img decoding=\"async\" class=\"image-slider__image\"\n                                 src=\"https:\/\/stiftadmont.at\/wp-content\/uploads\/Lautenherbst-2025-c-Christoph-Draxl-www-21-min-768x1152.jpg\"\n                                 alt=\"Lautenherbst (c) Christoph Draxl www min\">\n                        <\/div>\n                    <\/div>\n                                    <div class=\"swiper-slide\">\n                        <div class=\"image-slider__media\">\n                            <img decoding=\"async\" class=\"image-slider__image\"\n                                 src=\"https:\/\/stiftadmont.at\/wp-content\/uploads\/Lautenherbst-2025-c-Christoph-Draxl-www-65-min-768x512.jpg\"\n                                 alt=\"Lautenherbst (c) Christoph Draxl www min\">\n                        <\/div>\n                    <\/div>\n                                    <div class=\"swiper-slide\">\n                        <div class=\"image-slider__media\">\n                            <img decoding=\"async\" class=\"image-slider__image\"\n                                 src=\"https:\/\/stiftadmont.at\/wp-content\/uploads\/Lautenherbst-2025-c-Christoph-Draxl-www-28-min-768x1152.jpg\"\n                                 alt=\"Lautenherbst (c) Christoph Draxl www min\">\n                        <\/div>\n                    <\/div>\n                                    <div class=\"swiper-slide\">\n                        <div class=\"image-slider__media\">\n                            <img decoding=\"async\" class=\"image-slider__image\"\n                                 src=\"https:\/\/stiftadmont.at\/wp-content\/uploads\/Lautenherbst-2025-c-Christoph-Draxl-www-27-min-768x1152.jpg\"\n                                 alt=\"Lautenherbst (c) Christoph Draxl www min\">\n                        <\/div>\n                    <\/div>\n                                    <div class=\"swiper-slide\">\n                        <div class=\"image-slider__media\">\n                            <img decoding=\"async\" class=\"image-slider__image\"\n                                 src=\"https:\/\/stiftadmont.at\/wp-content\/uploads\/Lautenherbst-2025-c-Christoph-Draxl-www-26-min-768x512.jpg\"\n                                 alt=\"Lautenherbst (c) Christoph Draxl www min\">\n                        <\/div>\n                    <\/div>\n                                    <div class=\"swiper-slide\">\n                        <div class=\"image-slider__media\">\n                            <img decoding=\"async\" class=\"image-slider__image\"\n                                 src=\"https:\/\/stiftadmont.at\/wp-content\/uploads\/Lautenherbst-2025-c-Christoph-Draxl-www-24-min-768x1152.jpg\"\n                                 alt=\"Lautenherbst (c) Christoph Draxl www min\">\n                        <\/div>\n                    <\/div>\n                                    <div class=\"swiper-slide\">\n                        <div class=\"image-slider__media\">\n                            <img decoding=\"async\" class=\"image-slider__image\"\n                                 src=\"https:\/\/stiftadmont.at\/wp-content\/uploads\/Lautenherbst-2025-c-Christoph-Draxl-www-22-min-768x1152.jpg\"\n                                 alt=\"Lautenherbst (c) Christoph Draxl www min\">\n                        <\/div>\n                    <\/div>\n                            <\/div>\n\n            <div class=\"swiper-nav-wrapper\">\n                <button class=\"swiper-button-prev slider-button--prev\" x-ref=\"btnPrev\"\n                        aria-label=\"Vorige Bilder anzeigen\">\n                    <img decoding=\"async\" src=\"\/wp-content\/themes\/stift-admont\/src\/assets\/img\/arrow-left-big-new.svg\" alt=\"Pfeil nach Links\">\n                <\/button>\n\n\n                <a class=\"image-slider__gallery\" @click=\"openGallery(gallery)\"><i class=\"fa-thin fa-plus\"><\/i><\/a>\n                <button class=\"swiper-button-next slider-button--next\"\n                        x-ref=\"btnNext\"\n                        aria-label=\"N\u00e4chste Bilder anzeigen\">\n                    <img decoding=\"async\" src=\"\/wp-content\/themes\/stift-admont\/src\/assets\/img\/arrow-right-big-new.svg\" alt=\"Pfeil nach Rechts\">\n                <\/button>\n            <\/div>\n        <\/div>\n    <\/div>\n\n\n<\/div><\/section>","protected":false},"excerpt":{"rendered":"<p>Apr\u00e8s le grand jubil\u00e9 de 2024, c\u00e9l\u00e9br\u00e9 conjointement avec l'abbaye d'Admont, l'automne du luth d'Admont en est \u00e0 sa 11e \u00e9dition.<\/p>","protected":false},"author":7,"featured_media":5710,"comment_status":"closed","ping_status":"closed","sticky":false,"template":"","format":"standard","meta":{"_acf_changed":false,"footnotes":""},"categories":[23],"class_list":["post-37181","post","type-post","status-publish","format-standard","has-post-thumbnail","hentry","category-einrichtungen-aktuell"],"acf":[],"yoast_head":"<!-- This site is optimized with the Yoast SEO Premium plugin v26.0 (Yoast SEO v26.8) - https:\/\/yoast.com\/product\/yoast-seo-premium-wordpress\/ -->\n<title>11. Admonter Lautenherbst - Stift Admont<\/title>\n<meta name=\"description\" content=\"Lesen Sie aktuelle Informationen zum Thema 11. Admonter Lautenherbst und vieles mehr aus dem Konvent und der Pfarre Admont.\" \/>\n<meta name=\"robots\" content=\"index, follow, max-snippet:-1, max-image-preview:large, max-video-preview:-1\" \/>\n<link rel=\"canonical\" href=\"https:\/\/stiftadmont.at\/fr\/blog\/automne-bruyant-2025\/\" \/>\n<meta property=\"og:locale\" content=\"fr_FR\" \/>\n<meta property=\"og:type\" content=\"article\" \/>\n<meta property=\"og:title\" content=\"11. Admonter Lautenherbst\" \/>\n<meta property=\"og:description\" content=\"Lesen Sie aktuelle Informationen zum Thema 11. Admonter Lautenherbst und vieles mehr aus dem Konvent und der Pfarre Admont.\" \/>\n<meta property=\"og:url\" content=\"https:\/\/stiftadmont.at\/fr\/blog\/automne-bruyant-2025\/\" \/>\n<meta property=\"og:site_name\" content=\"Stift Admont\" \/>\n<meta property=\"article:published_time\" content=\"2025-08-26T12:37:18+00:00\" \/>\n<meta property=\"article:modified_time\" content=\"2025-08-29T12:20:06+00:00\" \/>\n<meta property=\"og:image\" content=\"https:\/\/stiftadmont.at\/wp-content\/uploads\/Lautenherbst-2019_\u00a9Thomas-Sattler-38-scaled.jpg\" \/>\n\t<meta property=\"og:image:width\" content=\"2560\" \/>\n\t<meta property=\"og:image:height\" content=\"1707\" \/>\n\t<meta property=\"og:image:type\" content=\"image\/jpeg\" \/>\n<meta name=\"author\" content=\"Mario Brandm\u00fcller\" \/>\n<meta name=\"twitter:card\" content=\"summary_large_image\" \/>\n<meta name=\"twitter:label1\" content=\"\u00c9crit par\" \/>\n\t<meta name=\"twitter:data1\" content=\"Mario Brandm\u00fcller\" \/>\n\t<meta name=\"twitter:label2\" content=\"Dur\u00e9e de lecture estim\u00e9e\" \/>\n\t<meta name=\"twitter:data2\" content=\"1 minute\" \/>\n<script type=\"application\/ld+json\" class=\"yoast-schema-graph\">{\"@context\":\"https:\/\/schema.org\",\"@graph\":[{\"@type\":\"Article\",\"@id\":\"https:\/\/stiftadmont.at\/blog\/lautenherbst-2025\/#article\",\"isPartOf\":{\"@id\":\"https:\/\/stiftadmont.at\/blog\/lautenherbst-2025\/\"},\"author\":{\"name\":\"Mario Brandm\u00fcller\",\"@id\":\"https:\/\/stiftadmont.at\/#\/schema\/person\/30535548b241d5f33a2e8b839db11869\"},\"headline\":\"11. Admonter Lautenherbst\",\"datePublished\":\"2025-08-26T12:37:18+00:00\",\"dateModified\":\"2025-08-29T12:20:06+00:00\",\"mainEntityOfPage\":{\"@id\":\"https:\/\/stiftadmont.at\/blog\/lautenherbst-2025\/\"},\"wordCount\":2,\"image\":{\"@id\":\"https:\/\/stiftadmont.at\/blog\/lautenherbst-2025\/#primaryimage\"},\"thumbnailUrl\":\"https:\/\/stiftadmont.at\/wp-content\/uploads\/Lautenherbst-2019_\u00a9Thomas-Sattler-38-scaled.jpg\",\"articleSection\":[\"Einrichtungen aktuell\"],\"inLanguage\":\"fr-FR\"},{\"@type\":\"WebPage\",\"@id\":\"https:\/\/stiftadmont.at\/blog\/lautenherbst-2025\/\",\"url\":\"https:\/\/stiftadmont.at\/blog\/lautenherbst-2025\/\",\"name\":\"11. Admonter Lautenherbst - Stift Admont\",\"isPartOf\":{\"@id\":\"https:\/\/stiftadmont.at\/#website\"},\"primaryImageOfPage\":{\"@id\":\"https:\/\/stiftadmont.at\/blog\/lautenherbst-2025\/#primaryimage\"},\"image\":{\"@id\":\"https:\/\/stiftadmont.at\/blog\/lautenherbst-2025\/#primaryimage\"},\"thumbnailUrl\":\"https:\/\/stiftadmont.at\/wp-content\/uploads\/Lautenherbst-2019_\u00a9Thomas-Sattler-38-scaled.jpg\",\"datePublished\":\"2025-08-26T12:37:18+00:00\",\"dateModified\":\"2025-08-29T12:20:06+00:00\",\"author\":{\"@id\":\"https:\/\/stiftadmont.at\/#\/schema\/person\/30535548b241d5f33a2e8b839db11869\"},\"description\":\"Lesen Sie aktuelle Informationen zum Thema 11. Admonter Lautenherbst und vieles mehr aus dem Konvent und der Pfarre Admont.\",\"breadcrumb\":{\"@id\":\"https:\/\/stiftadmont.at\/blog\/lautenherbst-2025\/#breadcrumb\"},\"inLanguage\":\"fr-FR\",\"potentialAction\":[{\"@type\":\"ReadAction\",\"target\":[\"https:\/\/stiftadmont.at\/blog\/lautenherbst-2025\/\"]}]},{\"@type\":\"ImageObject\",\"inLanguage\":\"fr-FR\",\"@id\":\"https:\/\/stiftadmont.at\/blog\/lautenherbst-2025\/#primaryimage\",\"url\":\"https:\/\/stiftadmont.at\/wp-content\/uploads\/Lautenherbst-2019_\u00a9Thomas-Sattler-38-scaled.jpg\",\"contentUrl\":\"https:\/\/stiftadmont.at\/wp-content\/uploads\/Lautenherbst-2019_\u00a9Thomas-Sattler-38-scaled.jpg\",\"width\":2560,\"height\":1707,\"caption\":\"Lautenherbst 2019 \u00a9Thomas Sattler 38 scaled\"},{\"@type\":\"BreadcrumbList\",\"@id\":\"https:\/\/stiftadmont.at\/blog\/lautenherbst-2025\/#breadcrumb\",\"itemListElement\":[{\"@type\":\"ListItem\",\"position\":1,\"name\":\"Start\",\"item\":\"https:\/\/stiftadmont.at\/\"},{\"@type\":\"ListItem\",\"position\":2,\"name\":\"11. Admonter Lautenherbst\"}]},{\"@type\":\"WebSite\",\"@id\":\"https:\/\/stiftadmont.at\/#website\",\"url\":\"https:\/\/stiftadmont.at\/\",\"name\":\"Stift Admont\",\"description\":\"Benediktinerkloster und Sehensw\u00fcrdigkeit im Ges\u00e4use\",\"potentialAction\":[{\"@type\":\"SearchAction\",\"target\":{\"@type\":\"EntryPoint\",\"urlTemplate\":\"https:\/\/stiftadmont.at\/?s={search_term_string}\"},\"query-input\":{\"@type\":\"PropertyValueSpecification\",\"valueRequired\":true,\"valueName\":\"search_term_string\"}}],\"inLanguage\":\"fr-FR\"},{\"@type\":\"Person\",\"@id\":\"https:\/\/stiftadmont.at\/#\/schema\/person\/30535548b241d5f33a2e8b839db11869\",\"name\":\"Mario Brandm\u00fcller\"}]}<\/script>\n<!-- \/ Yoast SEO Premium plugin. -->","yoast_head_json":{"title":"11e Automne du luth d'Admont - Abbaye d'Admont","description":"Lisez les informations actuelles sur le th\u00e8me du 11e Admonter Lautenherbst et bien d'autres choses encore sur le couvent et la paroisse d'Admont.","robots":{"index":"index","follow":"follow","max-snippet":"max-snippet:-1","max-image-preview":"max-image-preview:large","max-video-preview":"max-video-preview:-1"},"canonical":"https:\/\/stiftadmont.at\/fr\/blog\/automne-bruyant-2025\/","og_locale":"fr_FR","og_type":"article","og_title":"11. Admonter Lautenherbst","og_description":"Lesen Sie aktuelle Informationen zum Thema 11. Admonter Lautenherbst und vieles mehr aus dem Konvent und der Pfarre Admont.","og_url":"https:\/\/stiftadmont.at\/fr\/blog\/automne-bruyant-2025\/","og_site_name":"Stift Admont","article_published_time":"2025-08-26T12:37:18+00:00","article_modified_time":"2025-08-29T12:20:06+00:00","og_image":[{"width":2560,"height":1707,"url":"https:\/\/stiftadmont.at\/wp-content\/uploads\/Lautenherbst-2019_\u00a9Thomas-Sattler-38-scaled.jpg","type":"image\/jpeg"}],"author":"Mario Brandm\u00fcller","twitter_card":"summary_large_image","twitter_misc":{"\u00c9crit par":"Mario Brandm\u00fcller","Dur\u00e9e de lecture estim\u00e9e":"1 minute"},"schema":{"@context":"https:\/\/schema.org","@graph":[{"@type":"Article","@id":"https:\/\/stiftadmont.at\/blog\/lautenherbst-2025\/#article","isPartOf":{"@id":"https:\/\/stiftadmont.at\/blog\/lautenherbst-2025\/"},"author":{"name":"Mario Brandm\u00fcller","@id":"https:\/\/stiftadmont.at\/#\/schema\/person\/30535548b241d5f33a2e8b839db11869"},"headline":"11. Admonter Lautenherbst","datePublished":"2025-08-26T12:37:18+00:00","dateModified":"2025-08-29T12:20:06+00:00","mainEntityOfPage":{"@id":"https:\/\/stiftadmont.at\/blog\/lautenherbst-2025\/"},"wordCount":2,"image":{"@id":"https:\/\/stiftadmont.at\/blog\/lautenherbst-2025\/#primaryimage"},"thumbnailUrl":"https:\/\/stiftadmont.at\/wp-content\/uploads\/Lautenherbst-2019_\u00a9Thomas-Sattler-38-scaled.jpg","articleSection":["Einrichtungen aktuell"],"inLanguage":"fr-FR"},{"@type":"WebPage","@id":"https:\/\/stiftadmont.at\/blog\/lautenherbst-2025\/","url":"https:\/\/stiftadmont.at\/blog\/lautenherbst-2025\/","name":"11e Automne du luth d'Admont - Abbaye d'Admont","isPartOf":{"@id":"https:\/\/stiftadmont.at\/#website"},"primaryImageOfPage":{"@id":"https:\/\/stiftadmont.at\/blog\/lautenherbst-2025\/#primaryimage"},"image":{"@id":"https:\/\/stiftadmont.at\/blog\/lautenherbst-2025\/#primaryimage"},"thumbnailUrl":"https:\/\/stiftadmont.at\/wp-content\/uploads\/Lautenherbst-2019_\u00a9Thomas-Sattler-38-scaled.jpg","datePublished":"2025-08-26T12:37:18+00:00","dateModified":"2025-08-29T12:20:06+00:00","author":{"@id":"https:\/\/stiftadmont.at\/#\/schema\/person\/30535548b241d5f33a2e8b839db11869"},"description":"Lisez les informations actuelles sur le th\u00e8me du 11e Admonter Lautenherbst et bien d'autres choses encore sur le couvent et la paroisse d'Admont.","breadcrumb":{"@id":"https:\/\/stiftadmont.at\/blog\/lautenherbst-2025\/#breadcrumb"},"inLanguage":"fr-FR","potentialAction":[{"@type":"ReadAction","target":["https:\/\/stiftadmont.at\/blog\/lautenherbst-2025\/"]}]},{"@type":"ImageObject","inLanguage":"fr-FR","@id":"https:\/\/stiftadmont.at\/blog\/lautenherbst-2025\/#primaryimage","url":"https:\/\/stiftadmont.at\/wp-content\/uploads\/Lautenherbst-2019_\u00a9Thomas-Sattler-38-scaled.jpg","contentUrl":"https:\/\/stiftadmont.at\/wp-content\/uploads\/Lautenherbst-2019_\u00a9Thomas-Sattler-38-scaled.jpg","width":2560,"height":1707,"caption":"Lautenherbst 2019 \u00a9Thomas Sattler 38 scaled"},{"@type":"BreadcrumbList","@id":"https:\/\/stiftadmont.at\/blog\/lautenherbst-2025\/#breadcrumb","itemListElement":[{"@type":"ListItem","position":1,"name":"Start","item":"https:\/\/stiftadmont.at\/"},{"@type":"ListItem","position":2,"name":"11. Admonter Lautenherbst"}]},{"@type":"WebSite","@id":"https:\/\/stiftadmont.at\/#website","url":"https:\/\/stiftadmont.at\/","name":"Abbaye d'Admont","description":"Monast\u00e8re b\u00e9n\u00e9dictin et attraction touristique dans le Ges\u00e4use","potentialAction":[{"@type":"SearchAction","target":{"@type":"EntryPoint","urlTemplate":"https:\/\/stiftadmont.at\/?s={search_term_string}"},"query-input":{"@type":"PropertyValueSpecification","valueRequired":true,"valueName":"search_term_string"}}],"inLanguage":"fr-FR"},{"@type":"Person","@id":"https:\/\/stiftadmont.at\/#\/schema\/person\/30535548b241d5f33a2e8b839db11869","name":"Mario Brandm\u00fcller"}]}},"_links":{"self":[{"href":"https:\/\/stiftadmont.at\/fr\/wp-json\/wp\/v2\/posts\/37181","targetHints":{"allow":["GET"]}}],"collection":[{"href":"https:\/\/stiftadmont.at\/fr\/wp-json\/wp\/v2\/posts"}],"about":[{"href":"https:\/\/stiftadmont.at\/fr\/wp-json\/wp\/v2\/types\/post"}],"author":[{"embeddable":true,"href":"https:\/\/stiftadmont.at\/fr\/wp-json\/wp\/v2\/users\/7"}],"replies":[{"embeddable":true,"href":"https:\/\/stiftadmont.at\/fr\/wp-json\/wp\/v2\/comments?post=37181"}],"version-history":[{"count":8,"href":"https:\/\/stiftadmont.at\/fr\/wp-json\/wp\/v2\/posts\/37181\/revisions"}],"predecessor-version":[{"id":37263,"href":"https:\/\/stiftadmont.at\/fr\/wp-json\/wp\/v2\/posts\/37181\/revisions\/37263"}],"wp:featuredmedia":[{"embeddable":true,"href":"https:\/\/stiftadmont.at\/fr\/wp-json\/wp\/v2\/media\/5710"}],"wp:attachment":[{"href":"https:\/\/stiftadmont.at\/fr\/wp-json\/wp\/v2\/media?parent=37181"}],"wp:term":[{"taxonomy":"category","embeddable":true,"href":"https:\/\/stiftadmont.at\/fr\/wp-json\/wp\/v2\/categories?post=37181"}],"curies":[{"name":"wp","href":"https:\/\/api.w.org\/{rel}","templated":true}]}}