{"id":39755,"date":"2026-02-20T09:35:12","date_gmt":"2026-02-20T07:35:12","guid":{"rendered":"https:\/\/stiftadmont.at\/?p=39755"},"modified":"2026-02-20T11:04:05","modified_gmt":"2026-02-20T09:04:05","slug":"le-nouveau-programme-annuel-2026-est-en-ligne","status":"publish","type":"post","link":"https:\/\/stiftadmont.at\/fr\/blog\/neues-jahresprogramm-2026-ist-online\/","title":{"rendered":"Le nouveau programme annuel 2026 est en ligne !"},"content":{"rendered":"<section id='lightpress__section--block_3f31c2b57985eb602e480adf7465b985' class='lightpress__section--default-section-space lightpress__section lightpress__section--content'><div class=\"content__inner\"\n         x-init=\"initContentBlockAnim($el)\">\n        \n    <div class=\"content__grid content__grid--fifty-fifty\">\n                                            <div class=\"content__box content__box\"\n                 style=\"\">\n                                \n                \n                                            <div class=\"prose\"><h5 class=\"heading-m line line-above line--gold\">Ensemble tout au long de l'ann\u00e9e 2026 - Festif, vivant, inspirant<\/h5>\n<p>\u00a0<\/p>\n<p>C'est avec grand plaisir que nous vous pr\u00e9sentons notre programme annuel 2026 - d\u00e8s \u00e0 pr\u00e9sent disponible en ligne pour vous !<\/p>\n<p>\u00a0<\/p>\n<p>R\u00e9jouissez-vous d'une ann\u00e9e vari\u00e9e et vivante avec de nombreux cultes et c\u00e9l\u00e9brations festives qui renforcent notre foi commune et permettent des moments de pause particuliers. En outre, un programme vari\u00e9 de manifestations vous attend, avec des conf\u00e9rences, des concerts, des rencontres et des temps forts culturels.<\/p>\n<p>\u00a0<\/p>\n<p>Un \u00e9v\u00e9nement tr\u00e8s particulier projette ses rayons en 2026 : la biblioth\u00e8que de notre monast\u00e8re f\u00eate son 250e anniversaire ! Depuis un quart de mill\u00e9naire, elle est un lieu de savoir, de spiritualit\u00e9 et d'histoire.\u00a0<\/p>\n<\/div>\n                    \n                            <\/div>\n        \n                                                    <div class=\"content__box content__box--2\"\n                     >\n                                        \n                    \n                                                    <div class=\"prose\"><p>Nos mus\u00e9es invitent \u00e9galement \u00e0 la d\u00e9couverte et \u00e0 l'\u00e9merveillement avec de nouvelles expositions temporaires. Des pr\u00e9sentations soigneusement organis\u00e9es ouvrent des perspectives passionnantes sur l'art, l'histoire et la vie monastique.<\/p>\n<p>\u00a0<\/p>\n<p>Nous avons \u00e9galement pr\u00e9par\u00e9 un programme formidable pour nos plus jeunes visiteurs : Un programme vari\u00e9 pour les enfants dans le mus\u00e9e, avec des ateliers, des activit\u00e9s participatives et des visites guid\u00e9es passionnantes, leur permettra de vivre des exp\u00e9riences cr\u00e9atives et joyeuses.<\/p>\n<p>\u00a0<\/p>\n<p>Feuilletez notre nouveau programme annuel 2026 et laissez-vous inspirer.<\/p>\n<p>\u00a0<\/p>\n<p>Nous nous r\u00e9jouissons de vous accueillir lors de nos \u00e9v\u00e9nements !<\/p>\n<p>\u00a0<\/p>\n<p><strong>Nous vous souhaitons beaucoup de plaisir \u00e0 les d\u00e9couvrir !<\/strong><\/p>\n<\/div>\n                        \n                                    <\/div>\n            \n            <\/div>\n<\/div>\n\n<\/section>\n\n<section id='lightpress__section--block_2e57ea3648e25124b3864bb5093ba082' class='lightpress__section--default-section-space lightpress__section lightpress__section--content'><div class=\"content__inner\"\n         x-init=\"initContentBlockAnim($el)\">\n        \n    <div class=\"content__grid content__grid\">\n                                            <div class=\"content__box content__box--one-hundred\"\n                 style=\"\">\n                                \n                \n                                            <div class=\"prose\"><p><span style=\"color: #555555; font-family: Nunito, sans-serif; font-size: 13px; background-color: rgba(153, 153, 153, 0.1);\"><div class=\"_df_book df-lite\" id=\"df_39749\"  _slug=\"jahresprogramm-2026-museum\" data-title=\"jahresprogramm-2026-museum\" wpoptions=\"true\" thumbtype=\"\" ><\/div><script class=\"df-shortcode-script\" nowprocket type=\"application\/javascript\">window.option_df_39749 = {\"outline\":[],\"autoEnableOutline\":\"false\",\"autoEnableThumbnail\":\"false\",\"overwritePDFOutline\":\"false\",\"direction\":\"1\",\"pageSize\":\"0\",\"source\":\"https:\\\/\\\/stiftadmont.at\\\/wp-content\\\/uploads\\\/STIFT_Jahresprogramm-2026_A5quer_prevFin.pdf\",\"wpOptions\":\"true\"}; if(window.DFLIP && window.DFLIP.parseBooks){window.DFLIP.parseBooks();}<\/script><\/span><\/p>\n<\/div>\n                    \n                            <\/div>\n        \n            <\/div>\n<\/div>\n\n<\/section>","protected":false},"excerpt":{"rendered":"<p>C'est avec grand plaisir que nous vous pr\u00e9sentons notre programme annuel 2026 - d\u00e8s \u00e0 pr\u00e9sent disponible en ligne pour vous !<\/p>","protected":false},"author":7,"featured_media":15141,"comment_status":"closed","ping_status":"closed","sticky":false,"template":"","format":"standard","meta":{"_acf_changed":false,"footnotes":""},"categories":[23],"class_list":["post-39755","post","type-post","status-publish","format-standard","has-post-thumbnail","hentry","category-einrichtungen-aktuell"],"acf":[],"yoast_head":"<!-- This site is optimized with the Yoast SEO Premium plugin v26.0 (Yoast SEO v26.8) - https:\/\/yoast.com\/product\/yoast-seo-premium-wordpress\/ -->\n<title>Neues Jahresprogramm 2026 ist online! - Stift Admont<\/title>\n<meta name=\"description\" content=\"Lesen Sie aktuelle Informationen zum Thema Neues Jahresprogramm 2026 ist online! und vieles mehr aus dem Konvent und der Pfarre Admont.\" \/>\n<meta name=\"robots\" content=\"index, follow, max-snippet:-1, max-image-preview:large, max-video-preview:-1\" \/>\n<link rel=\"canonical\" href=\"https:\/\/stiftadmont.at\/fr\/blog\/le-nouveau-programme-annuel-2026-est-en-ligne\/\" \/>\n<meta property=\"og:locale\" content=\"fr_FR\" \/>\n<meta property=\"og:type\" content=\"article\" \/>\n<meta property=\"og:title\" content=\"Neues Jahresprogramm 2026 ist online!\" \/>\n<meta property=\"og:description\" content=\"Lesen Sie aktuelle Informationen zum Thema Neues Jahresprogramm 2026 ist online! und vieles mehr aus dem Konvent und der Pfarre Admont.\" \/>\n<meta property=\"og:url\" content=\"https:\/\/stiftadmont.at\/fr\/blog\/le-nouveau-programme-annuel-2026-est-en-ligne\/\" \/>\n<meta property=\"og:site_name\" content=\"Stift Admont\" \/>\n<meta property=\"article:published_time\" content=\"2026-02-20T07:35:12+00:00\" \/>\n<meta property=\"article:modified_time\" content=\"2026-02-20T09:04:05+00:00\" \/>\n<meta property=\"og:image\" content=\"https:\/\/stiftadmont.at\/wp-content\/uploads\/\u00a9Thomas-Sattler_Kinder-Bibliothek-1024x682.jpg\" \/>\n\t<meta property=\"og:image:width\" content=\"1024\" \/>\n\t<meta property=\"og:image:height\" content=\"682\" \/>\n\t<meta property=\"og:image:type\" content=\"image\/jpeg\" \/>\n<meta name=\"author\" content=\"Mario Brandm\u00fcller\" \/>\n<meta name=\"twitter:card\" content=\"summary_large_image\" \/>\n<meta name=\"twitter:label1\" content=\"\u00c9crit par\" \/>\n\t<meta name=\"twitter:data1\" content=\"Mario Brandm\u00fcller\" \/>\n\t<meta name=\"twitter:label2\" content=\"Dur\u00e9e de lecture estim\u00e9e\" \/>\n\t<meta name=\"twitter:data2\" content=\"1 minute\" \/>\n<script type=\"application\/ld+json\" class=\"yoast-schema-graph\">{\"@context\":\"https:\/\/schema.org\",\"@graph\":[{\"@type\":\"Article\",\"@id\":\"https:\/\/stiftadmont.at\/blog\/neues-jahresprogramm-2026-ist-online\/#article\",\"isPartOf\":{\"@id\":\"https:\/\/stiftadmont.at\/blog\/neues-jahresprogramm-2026-ist-online\/\"},\"author\":{\"name\":\"Mario Brandm\u00fcller\",\"@id\":\"https:\/\/stiftadmont.at\/#\/schema\/person\/30535548b241d5f33a2e8b839db11869\"},\"headline\":\"Neues Jahresprogramm 2026 ist online!\",\"datePublished\":\"2026-02-20T07:35:12+00:00\",\"dateModified\":\"2026-02-20T09:04:05+00:00\",\"mainEntityOfPage\":{\"@id\":\"https:\/\/stiftadmont.at\/blog\/neues-jahresprogramm-2026-ist-online\/\"},\"wordCount\":4,\"image\":{\"@id\":\"https:\/\/stiftadmont.at\/blog\/neues-jahresprogramm-2026-ist-online\/#primaryimage\"},\"thumbnailUrl\":\"https:\/\/stiftadmont.at\/wp-content\/uploads\/\u00a9Thomas-Sattler_Kinder-Bibliothek.jpg\",\"articleSection\":[\"Einrichtungen aktuell\"],\"inLanguage\":\"fr-FR\"},{\"@type\":\"WebPage\",\"@id\":\"https:\/\/stiftadmont.at\/blog\/neues-jahresprogramm-2026-ist-online\/\",\"url\":\"https:\/\/stiftadmont.at\/blog\/neues-jahresprogramm-2026-ist-online\/\",\"name\":\"Neues Jahresprogramm 2026 ist online! - Stift Admont\",\"isPartOf\":{\"@id\":\"https:\/\/stiftadmont.at\/#website\"},\"primaryImageOfPage\":{\"@id\":\"https:\/\/stiftadmont.at\/blog\/neues-jahresprogramm-2026-ist-online\/#primaryimage\"},\"image\":{\"@id\":\"https:\/\/stiftadmont.at\/blog\/neues-jahresprogramm-2026-ist-online\/#primaryimage\"},\"thumbnailUrl\":\"https:\/\/stiftadmont.at\/wp-content\/uploads\/\u00a9Thomas-Sattler_Kinder-Bibliothek.jpg\",\"datePublished\":\"2026-02-20T07:35:12+00:00\",\"dateModified\":\"2026-02-20T09:04:05+00:00\",\"author\":{\"@id\":\"https:\/\/stiftadmont.at\/#\/schema\/person\/30535548b241d5f33a2e8b839db11869\"},\"description\":\"Lesen Sie aktuelle Informationen zum Thema Neues Jahresprogramm 2026 ist online! und vieles mehr aus dem Konvent und der Pfarre Admont.\",\"breadcrumb\":{\"@id\":\"https:\/\/stiftadmont.at\/blog\/neues-jahresprogramm-2026-ist-online\/#breadcrumb\"},\"inLanguage\":\"fr-FR\",\"potentialAction\":[{\"@type\":\"ReadAction\",\"target\":[\"https:\/\/stiftadmont.at\/blog\/neues-jahresprogramm-2026-ist-online\/\"]}]},{\"@type\":\"ImageObject\",\"inLanguage\":\"fr-FR\",\"@id\":\"https:\/\/stiftadmont.at\/blog\/neues-jahresprogramm-2026-ist-online\/#primaryimage\",\"url\":\"https:\/\/stiftadmont.at\/wp-content\/uploads\/\u00a9Thomas-Sattler_Kinder-Bibliothek.jpg\",\"contentUrl\":\"https:\/\/stiftadmont.at\/wp-content\/uploads\/\u00a9Thomas-Sattler_Kinder-Bibliothek.jpg\",\"width\":1732,\"height\":1154,\"caption\":\"\u00a9Thomas Sattler Kinder Bibliothek\"},{\"@type\":\"BreadcrumbList\",\"@id\":\"https:\/\/stiftadmont.at\/blog\/neues-jahresprogramm-2026-ist-online\/#breadcrumb\",\"itemListElement\":[{\"@type\":\"ListItem\",\"position\":1,\"name\":\"Start\",\"item\":\"https:\/\/stiftadmont.at\/\"},{\"@type\":\"ListItem\",\"position\":2,\"name\":\"Neues Jahresprogramm 2026 ist online!\"}]},{\"@type\":\"WebSite\",\"@id\":\"https:\/\/stiftadmont.at\/#website\",\"url\":\"https:\/\/stiftadmont.at\/\",\"name\":\"Stift Admont\",\"description\":\"Benediktinerkloster und Sehensw\u00fcrdigkeit im Ges\u00e4use\",\"potentialAction\":[{\"@type\":\"SearchAction\",\"target\":{\"@type\":\"EntryPoint\",\"urlTemplate\":\"https:\/\/stiftadmont.at\/?s={search_term_string}\"},\"query-input\":{\"@type\":\"PropertyValueSpecification\",\"valueRequired\":true,\"valueName\":\"search_term_string\"}}],\"inLanguage\":\"fr-FR\"},{\"@type\":\"Person\",\"@id\":\"https:\/\/stiftadmont.at\/#\/schema\/person\/30535548b241d5f33a2e8b839db11869\",\"name\":\"Mario Brandm\u00fcller\"}]}<\/script>\n<!-- \/ Yoast SEO Premium plugin. -->","yoast_head_json":{"title":"Le nouveau programme annuel 2026 est en ligne ! - Abbaye d'Admont","description":"Lisez les derni\u00e8res informations sur le th\u00e8me Le nouveau programme annuel 2026 est en ligne ! et bien d'autres choses encore sur le couvent et la paroisse d'Admont.","robots":{"index":"index","follow":"follow","max-snippet":"max-snippet:-1","max-image-preview":"max-image-preview:large","max-video-preview":"max-video-preview:-1"},"canonical":"https:\/\/stiftadmont.at\/fr\/blog\/le-nouveau-programme-annuel-2026-est-en-ligne\/","og_locale":"fr_FR","og_type":"article","og_title":"Neues Jahresprogramm 2026 ist online!","og_description":"Lesen Sie aktuelle Informationen zum Thema Neues Jahresprogramm 2026 ist online! und vieles mehr aus dem Konvent und der Pfarre Admont.","og_url":"https:\/\/stiftadmont.at\/fr\/blog\/le-nouveau-programme-annuel-2026-est-en-ligne\/","og_site_name":"Stift Admont","article_published_time":"2026-02-20T07:35:12+00:00","article_modified_time":"2026-02-20T09:04:05+00:00","og_image":[{"width":1024,"height":682,"url":"https:\/\/stiftadmont.at\/wp-content\/uploads\/\u00a9Thomas-Sattler_Kinder-Bibliothek-1024x682.jpg","type":"image\/jpeg"}],"author":"Mario Brandm\u00fcller","twitter_card":"summary_large_image","twitter_misc":{"\u00c9crit par":"Mario Brandm\u00fcller","Dur\u00e9e de lecture estim\u00e9e":"1 minute"},"schema":{"@context":"https:\/\/schema.org","@graph":[{"@type":"Article","@id":"https:\/\/stiftadmont.at\/blog\/neues-jahresprogramm-2026-ist-online\/#article","isPartOf":{"@id":"https:\/\/stiftadmont.at\/blog\/neues-jahresprogramm-2026-ist-online\/"},"author":{"name":"Mario Brandm\u00fcller","@id":"https:\/\/stiftadmont.at\/#\/schema\/person\/30535548b241d5f33a2e8b839db11869"},"headline":"Neues Jahresprogramm 2026 ist online!","datePublished":"2026-02-20T07:35:12+00:00","dateModified":"2026-02-20T09:04:05+00:00","mainEntityOfPage":{"@id":"https:\/\/stiftadmont.at\/blog\/neues-jahresprogramm-2026-ist-online\/"},"wordCount":4,"image":{"@id":"https:\/\/stiftadmont.at\/blog\/neues-jahresprogramm-2026-ist-online\/#primaryimage"},"thumbnailUrl":"https:\/\/stiftadmont.at\/wp-content\/uploads\/\u00a9Thomas-Sattler_Kinder-Bibliothek.jpg","articleSection":["Einrichtungen aktuell"],"inLanguage":"fr-FR"},{"@type":"WebPage","@id":"https:\/\/stiftadmont.at\/blog\/neues-jahresprogramm-2026-ist-online\/","url":"https:\/\/stiftadmont.at\/blog\/neues-jahresprogramm-2026-ist-online\/","name":"Le nouveau programme annuel 2026 est en ligne ! - Abbaye d'Admont","isPartOf":{"@id":"https:\/\/stiftadmont.at\/#website"},"primaryImageOfPage":{"@id":"https:\/\/stiftadmont.at\/blog\/neues-jahresprogramm-2026-ist-online\/#primaryimage"},"image":{"@id":"https:\/\/stiftadmont.at\/blog\/neues-jahresprogramm-2026-ist-online\/#primaryimage"},"thumbnailUrl":"https:\/\/stiftadmont.at\/wp-content\/uploads\/\u00a9Thomas-Sattler_Kinder-Bibliothek.jpg","datePublished":"2026-02-20T07:35:12+00:00","dateModified":"2026-02-20T09:04:05+00:00","author":{"@id":"https:\/\/stiftadmont.at\/#\/schema\/person\/30535548b241d5f33a2e8b839db11869"},"description":"Lisez les derni\u00e8res informations sur le th\u00e8me Le nouveau programme annuel 2026 est en ligne ! et bien d'autres choses encore sur le couvent et la paroisse d'Admont.","breadcrumb":{"@id":"https:\/\/stiftadmont.at\/blog\/neues-jahresprogramm-2026-ist-online\/#breadcrumb"},"inLanguage":"fr-FR","potentialAction":[{"@type":"ReadAction","target":["https:\/\/stiftadmont.at\/blog\/neues-jahresprogramm-2026-ist-online\/"]}]},{"@type":"ImageObject","inLanguage":"fr-FR","@id":"https:\/\/stiftadmont.at\/blog\/neues-jahresprogramm-2026-ist-online\/#primaryimage","url":"https:\/\/stiftadmont.at\/wp-content\/uploads\/\u00a9Thomas-Sattler_Kinder-Bibliothek.jpg","contentUrl":"https:\/\/stiftadmont.at\/wp-content\/uploads\/\u00a9Thomas-Sattler_Kinder-Bibliothek.jpg","width":1732,"height":1154,"caption":"\u00a9Thomas Sattler Kinder Bibliothek"},{"@type":"BreadcrumbList","@id":"https:\/\/stiftadmont.at\/blog\/neues-jahresprogramm-2026-ist-online\/#breadcrumb","itemListElement":[{"@type":"ListItem","position":1,"name":"Start","item":"https:\/\/stiftadmont.at\/"},{"@type":"ListItem","position":2,"name":"Neues Jahresprogramm 2026 ist online!"}]},{"@type":"WebSite","@id":"https:\/\/stiftadmont.at\/#website","url":"https:\/\/stiftadmont.at\/","name":"Abbaye d'Admont","description":"Monast\u00e8re b\u00e9n\u00e9dictin et attraction touristique dans le Ges\u00e4use","potentialAction":[{"@type":"SearchAction","target":{"@type":"EntryPoint","urlTemplate":"https:\/\/stiftadmont.at\/?s={search_term_string}"},"query-input":{"@type":"PropertyValueSpecification","valueRequired":true,"valueName":"search_term_string"}}],"inLanguage":"fr-FR"},{"@type":"Person","@id":"https:\/\/stiftadmont.at\/#\/schema\/person\/30535548b241d5f33a2e8b839db11869","name":"Mario Brandm\u00fcller"}]}},"_links":{"self":[{"href":"https:\/\/stiftadmont.at\/fr\/wp-json\/wp\/v2\/posts\/39755","targetHints":{"allow":["GET"]}}],"collection":[{"href":"https:\/\/stiftadmont.at\/fr\/wp-json\/wp\/v2\/posts"}],"about":[{"href":"https:\/\/stiftadmont.at\/fr\/wp-json\/wp\/v2\/types\/post"}],"author":[{"embeddable":true,"href":"https:\/\/stiftadmont.at\/fr\/wp-json\/wp\/v2\/users\/7"}],"replies":[{"embeddable":true,"href":"https:\/\/stiftadmont.at\/fr\/wp-json\/wp\/v2\/comments?post=39755"}],"version-history":[{"count":5,"href":"https:\/\/stiftadmont.at\/fr\/wp-json\/wp\/v2\/posts\/39755\/revisions"}],"predecessor-version":[{"id":39760,"href":"https:\/\/stiftadmont.at\/fr\/wp-json\/wp\/v2\/posts\/39755\/revisions\/39760"}],"wp:featuredmedia":[{"embeddable":true,"href":"https:\/\/stiftadmont.at\/fr\/wp-json\/wp\/v2\/media\/15141"}],"wp:attachment":[{"href":"https:\/\/stiftadmont.at\/fr\/wp-json\/wp\/v2\/media?parent=39755"}],"wp:term":[{"taxonomy":"category","embeddable":true,"href":"https:\/\/stiftadmont.at\/fr\/wp-json\/wp\/v2\/categories?post=39755"}],"curies":[{"name":"wp","href":"https:\/\/api.w.org\/{rel}","templated":true}]}}