{"id":42847,"date":"2026-09-01T15:21:06","date_gmt":"2026-09-01T13:21:06","guid":{"rendered":"https:\/\/stiftadmont.at\/?p=42847"},"modified":"2026-09-01T15:25:54","modified_gmt":"2026-09-01T13:25:54","slug":"luniversite-dadmont-et-luniversite-des-mines-de-leoben-suscitent-lenthousiasme-pour-la-technologie","status":"publish","type":"post","link":"https:\/\/stiftadmont.at\/fr\/blog\/admonter-und-montanuniversitaet-leoben-begeistern-fuer-technik\/","title":{"rendered":"Admonter et l'universit\u00e9 Montan de Leoben suscitent l'enthousiasme\u2026"},"content":{"rendered":"<section id='lightpress__section--block_22380d86691581781e55746e8ec05de8' class='lightpress__section--default-section-space lightpress__section lightpress__section--content'><div class=\"content__inner\"\n         x-init=\"initContentBlockAnim($el)\">\n        \n    <div class=\"content__grid content__grid--fifty-fifty\">\n                                            <div class=\"content__box content__box\"\n                 style=\"\">\n                                \n                \n                                            <div class=\"prose\"><h5 class=\"heading-m line line-above line--gold\">Construire l'avenir ensemble<\/h5>\n<p>\u00a0<\/p>\n<p>Au cours de la prochaine ann\u00e9e scolaire, l'industrie du bois d'Admont comptera parmi les rares entreprises du district de Liezen \u00e0 participer \u00e0 la mati\u00e8re optionnelle obligatoire \u201e Technique et innovation dans la r\u00e9gion \u201c (TIR). Il s\u2019agit d\u2019une coop\u00e9ration innovante entre le lyc\u00e9e Stiftsgymnasium d\u2019Admont, l\u2019universit\u00e9 des mines de Leoben et le secteur industriel. L\u2019entreprise envoie ainsi un signal fort en faveur de la formation de personnel technique qualifi\u00e9 et de l\u2019avenir de la Haute-Styrie en tant que p\u00f4le \u00e9conomique.<\/p>\n<p>Cette mati\u00e8re obligatoire \u00e0 option s'adresse aux \u00e9l\u00e8ves de la 6e \u00e0 la 8e classe de l'AHS (10e \u00e0 12e niveau scolaire) et associe, d'octobre \u00e0 avril, l'\u00e9cole, l'universit\u00e9 et le monde de l'entreprise. Apr\u00e8s une s\u00e9ance d'introduction \u00e0 l'universit\u00e9 des mines de Leoben, le programme comprend des visites d'entreprises ainsi que des modules p\u00e9dagogiques pr\u00e9paratoires et d'approfondissement. Les jeunes consacrent chacun environ un tiers de leur temps de cours \u00e0 l'\u00e9cole, \u00e0 l'universit\u00e9 et dans les entreprises partenaires.<\/p>\n<\/div>\n                    \n                            <\/div>\n        \n                                                    <div class=\"content__box content__box--2\"\n                     >\n                                        \n                    \n                                                <div class=\"content__media stickyTo\" x-init=\"imageSticky($el)\">\n\n                                                                                    <picture\n                                    class=\"content__image sticky\">\n                                <source srcset=\"https:\/\/stiftadmont.at\/wp-content\/uploads\/Admonter-und-Montanuniversitaet-Leoben_Technik-1024x675.webp\" type=\"image\/webp\">\n                                <source srcset=\"https:\/\/stiftadmont.at\/wp-content\/uploads\/Admonter-und-Montanuniversitaet-Leoben_Technik-1024x675.jpg\" type=\"image\/jpeg\">\n                                <img decoding=\"async\" class=\"sticky\" loading=\"lazy\" src=\"https:\/\/stiftadmont.at\/wp-content\/uploads\/Admonter-und-Montanuniversitaet-Leoben_Technik-1024x675.png\" alt=\"Admonter et l&#039;Universit\u00e9 des mines de Leoben - Ing\u00e9nierie\" \/>\n\n                                                                                                                            <\/picture>\n\n                        <\/div>\n\n                                    <\/div>\n            \n            <\/div>\n<\/div>\n\n<\/section>\n\n<section id='lightpress__section--block_868467092d4f7f8457db866ac2537d2f' class='bg--beige lightpress__section--colored-bg lightpress__section--default-section-space lightpress__section lightpress__section--content'><div class=\"content__inner\"\n         x-init=\"initContentBlockAnim($el)\">\n        \n    <div class=\"content__grid content__grid\">\n                                            <div class=\"content__box content__box--one-hundred\"\n                 style=\"\">\n                                \n                \n                                            <div class=\"prose\"><p class=\"text-center\">L'industrie du bois d'Admont utilise cette plateforme pour se pr\u00e9senter comme un employeur innovant et susciter l'int\u00e9r\u00eat des lyc\u00e9ennes et des bacheli\u00e8res en particulier pour les m\u00e9tiers techniques. Parall\u00e8lement, divers parcours de formation et de carri\u00e8re sont pr\u00e9sent\u00e9s, allant par exemple des \u00e9tudes universitaires \u00e0 l'Acad\u00e9mie duale. Le projet aide les jeunes \u00e0 d\u00e9couvrir leurs centres d'int\u00e9r\u00eat et leurs points forts, leur ouvre des perspectives de formation et de carri\u00e8re apr\u00e8s le baccalaur\u00e9at ou leur pr\u00e9sente des parcours de formation alternatifs \u2013 y compris pour les jeunes ayant des parcours scolaires vari\u00e9s.<\/p>\n<p>\u00a0<\/p>\n<p><strong>Admonter favorise l'attachement \u00e0 la r\u00e9gion et met en avant des opportunit\u00e9s de carri\u00e8re attrayantes en Haute-Styrie.<\/strong><\/p>\n<\/div>\n                    \n                            <\/div>\n        \n            <\/div>\n<\/div>\n\n    <div class=\"background__container background__container--beige\">\n    <\/div>\n\n<\/section>","protected":false},"excerpt":{"rendered":"<p>Die Admonter Holzindustrie z\u00e4hlt im kommenden Schuljahr zu den wenigen Unternehmen im Bezirk Liezen, die am Wahlpflichtfach \u201eTechnik und Innovation in der Region\u201c (TIR) mitwirken.<\/p>","protected":false},"author":7,"featured_media":42848,"comment_status":"closed","ping_status":"closed","sticky":false,"template":"","format":"standard","meta":{"_acf_changed":false,"footnotes":""},"categories":[23],"class_list":["post-42847","post","type-post","status-publish","format-standard","has-post-thumbnail","hentry","category-einrichtungen-aktuell"],"acf":[],"yoast_head":"<!-- This site is optimized with the Yoast SEO Premium plugin v28.0 (Yoast SEO v28.3) - https:\/\/yoast.com\/product\/yoast-seo-premium-wordpress\/ -->\n<title>Admonter und Montan-Uni Leoben begeistern \u2026 - Stift Admont<\/title>\n<meta name=\"description\" content=\"Lesen Sie aktuelle Informationen zum Thema Admonter und Montan-Uni Leoben begeistern \u2026 und vieles mehr aus dem Konvent und der Pfarre Admont.\" \/>\n<meta name=\"robots\" content=\"index, follow, max-snippet:-1, max-image-preview:large, max-video-preview:-1\" \/>\n<link rel=\"canonical\" href=\"https:\/\/stiftadmont.at\/fr\/blog\/luniversite-dadmont-et-luniversite-des-mines-de-leoben-suscitent-lenthousiasme-pour-la-technologie\/\" \/>\n<meta property=\"og:locale\" content=\"fr_FR\" \/>\n<meta property=\"og:type\" content=\"article\" \/>\n<meta property=\"og:title\" content=\"Admonter und Montan-Uni Leoben begeistern \u2026\" \/>\n<meta property=\"og:description\" content=\"Lesen Sie aktuelle Informationen zum Thema Admonter und Montan-Uni Leoben begeistern \u2026 und vieles mehr aus dem Konvent und der Pfarre Admont.\" \/>\n<meta property=\"og:url\" content=\"https:\/\/stiftadmont.at\/fr\/blog\/luniversite-dadmont-et-luniversite-des-mines-de-leoben-suscitent-lenthousiasme-pour-la-technologie\/\" \/>\n<meta property=\"og:site_name\" content=\"Stift Admont\" \/>\n<meta property=\"article:published_time\" content=\"2026-09-01T13:21:06+00:00\" \/>\n<meta property=\"article:modified_time\" content=\"2026-09-01T13:25:54+00:00\" \/>\n<meta property=\"og:image\" content=\"https:\/\/stiftadmont.at\/wp-content\/uploads\/Admonter-und-Montanuniversitaet-Leoben_Technik-1024x675.png\" \/>\n\t<meta property=\"og:image:width\" content=\"1024\" \/>\n\t<meta property=\"og:image:height\" content=\"675\" \/>\n\t<meta property=\"og:image:type\" content=\"image\/png\" \/>\n<meta name=\"author\" content=\"Mario Brandm\u00fcller\" \/>\n<meta name=\"twitter:card\" content=\"summary_large_image\" \/>\n<meta name=\"twitter:label1\" content=\"\u00c9crit par\" \/>\n\t<meta name=\"twitter:data1\" content=\"Mario Brandm\u00fcller\" \/>\n\t<meta name=\"twitter:label2\" content=\"Dur\u00e9e de lecture estim\u00e9e\" \/>\n\t<meta name=\"twitter:data2\" content=\"1 minute\" \/>\n<script type=\"application\/ld+json\" class=\"yoast-schema-graph\">{\"@context\":\"https:\\\/\\\/schema.org\",\"@graph\":[{\"@type\":\"Article\",\"@id\":\"https:\\\/\\\/stiftadmont.at\\\/blog\\\/admonter-und-montanuniversitaet-leoben-begeistern-fuer-technik\\\/#article\",\"isPartOf\":{\"@id\":\"https:\\\/\\\/stiftadmont.at\\\/blog\\\/admonter-und-montanuniversitaet-leoben-begeistern-fuer-technik\\\/\"},\"author\":{\"name\":\"Mario Brandm\u00fcller\",\"@id\":\"https:\\\/\\\/stiftadmont.at\\\/#\\\/schema\\\/person\\\/30535548b241d5f33a2e8b839db11869\"},\"headline\":\"Admonter und Montan-Uni Leoben begeistern \u2026\",\"datePublished\":\"2026-09-01T13:21:06+00:00\",\"dateModified\":\"2026-09-01T13:25:54+00:00\",\"mainEntityOfPage\":{\"@id\":\"https:\\\/\\\/stiftadmont.at\\\/blog\\\/admonter-und-montanuniversitaet-leoben-begeistern-fuer-technik\\\/\"},\"wordCount\":5,\"image\":{\"@id\":\"https:\\\/\\\/stiftadmont.at\\\/blog\\\/admonter-und-montanuniversitaet-leoben-begeistern-fuer-technik\\\/#primaryimage\"},\"thumbnailUrl\":\"https:\\\/\\\/stiftadmont.at\\\/wp-content\\\/uploads\\\/Admonter-und-Montanuniversitaet-Leoben_Technik.png\",\"articleSection\":[\"Einrichtungen aktuell\"],\"inLanguage\":\"fr-FR\"},{\"@type\":\"WebPage\",\"@id\":\"https:\\\/\\\/stiftadmont.at\\\/blog\\\/admonter-und-montanuniversitaet-leoben-begeistern-fuer-technik\\\/\",\"url\":\"https:\\\/\\\/stiftadmont.at\\\/blog\\\/admonter-und-montanuniversitaet-leoben-begeistern-fuer-technik\\\/\",\"name\":\"Admonter und Montan-Uni Leoben begeistern \u2026 - Stift Admont\",\"isPartOf\":{\"@id\":\"https:\\\/\\\/stiftadmont.at\\\/#website\"},\"primaryImageOfPage\":{\"@id\":\"https:\\\/\\\/stiftadmont.at\\\/blog\\\/admonter-und-montanuniversitaet-leoben-begeistern-fuer-technik\\\/#primaryimage\"},\"image\":{\"@id\":\"https:\\\/\\\/stiftadmont.at\\\/blog\\\/admonter-und-montanuniversitaet-leoben-begeistern-fuer-technik\\\/#primaryimage\"},\"thumbnailUrl\":\"https:\\\/\\\/stiftadmont.at\\\/wp-content\\\/uploads\\\/Admonter-und-Montanuniversitaet-Leoben_Technik.png\",\"datePublished\":\"2026-09-01T13:21:06+00:00\",\"dateModified\":\"2026-09-01T13:25:54+00:00\",\"author\":{\"@id\":\"https:\\\/\\\/stiftadmont.at\\\/#\\\/schema\\\/person\\\/30535548b241d5f33a2e8b839db11869\"},\"description\":\"Lesen Sie aktuelle Informationen zum Thema Admonter und Montan-Uni Leoben begeistern \u2026 und vieles mehr aus dem Konvent und der Pfarre Admont.\",\"breadcrumb\":{\"@id\":\"https:\\\/\\\/stiftadmont.at\\\/blog\\\/admonter-und-montanuniversitaet-leoben-begeistern-fuer-technik\\\/#breadcrumb\"},\"inLanguage\":\"fr-FR\",\"potentialAction\":[{\"@type\":\"ReadAction\",\"target\":[\"https:\\\/\\\/stiftadmont.at\\\/blog\\\/admonter-und-montanuniversitaet-leoben-begeistern-fuer-technik\\\/\"]}]},{\"@type\":\"ImageObject\",\"inLanguage\":\"fr-FR\",\"@id\":\"https:\\\/\\\/stiftadmont.at\\\/blog\\\/admonter-und-montanuniversitaet-leoben-begeistern-fuer-technik\\\/#primaryimage\",\"url\":\"https:\\\/\\\/stiftadmont.at\\\/wp-content\\\/uploads\\\/Admonter-und-Montanuniversitaet-Leoben_Technik.png\",\"contentUrl\":\"https:\\\/\\\/stiftadmont.at\\\/wp-content\\\/uploads\\\/Admonter-und-Montanuniversitaet-Leoben_Technik.png\",\"width\":1372,\"height\":905,\"caption\":\"Admonter und Montanuniversit\u00e4t Leoben Technik\"},{\"@type\":\"BreadcrumbList\",\"@id\":\"https:\\\/\\\/stiftadmont.at\\\/blog\\\/admonter-und-montanuniversitaet-leoben-begeistern-fuer-technik\\\/#breadcrumb\",\"itemListElement\":[{\"@type\":\"ListItem\",\"position\":1,\"name\":\"Start\",\"item\":\"https:\\\/\\\/stiftadmont.at\\\/\"},{\"@type\":\"ListItem\",\"position\":2,\"name\":\"Admonter und Montan-Uni Leoben begeistern \u2026\"}]},{\"@type\":\"WebSite\",\"@id\":\"https:\\\/\\\/stiftadmont.at\\\/#website\",\"url\":\"https:\\\/\\\/stiftadmont.at\\\/\",\"name\":\"Stift Admont\",\"description\":\"Benediktinerkloster und Sehensw\u00fcrdigkeit im Ges\u00e4use\",\"potentialAction\":[{\"@type\":\"SearchAction\",\"target\":{\"@type\":\"EntryPoint\",\"urlTemplate\":\"https:\\\/\\\/stiftadmont.at\\\/?s={search_term_string}\"},\"query-input\":{\"@type\":\"PropertyValueSpecification\",\"valueRequired\":true,\"valueName\":\"search_term_string\"}}],\"inLanguage\":\"fr-FR\"},{\"@type\":\"Person\",\"@id\":\"https:\\\/\\\/stiftadmont.at\\\/#\\\/schema\\\/person\\\/30535548b241d5f33a2e8b839db11869\",\"name\":\"Mario Brandm\u00fcller\"}]}<\/script>\n<!-- \/ Yoast SEO Premium plugin. -->","yoast_head_json":{"title":"Admont et l'universit\u00e9 Montan de Leoben suscitent l'enthousiasme\u2026 - Abbaye d'Admont","description":"D\u00e9couvrez les derni\u00e8res actualit\u00e9s concernant Admonter et l'universit\u00e9 Montan de Leoben\u2026 ainsi que bien d'autres informations sur le couvent et la paroisse d'Admont.","robots":{"index":"index","follow":"follow","max-snippet":"max-snippet:-1","max-image-preview":"max-image-preview:large","max-video-preview":"max-video-preview:-1"},"canonical":"https:\/\/stiftadmont.at\/fr\/blog\/luniversite-dadmont-et-luniversite-des-mines-de-leoben-suscitent-lenthousiasme-pour-la-technologie\/","og_locale":"fr_FR","og_type":"article","og_title":"Admonter und Montan-Uni Leoben begeistern \u2026","og_description":"Lesen Sie aktuelle Informationen zum Thema Admonter und Montan-Uni Leoben begeistern \u2026 und vieles mehr aus dem Konvent und der Pfarre Admont.","og_url":"https:\/\/stiftadmont.at\/fr\/blog\/luniversite-dadmont-et-luniversite-des-mines-de-leoben-suscitent-lenthousiasme-pour-la-technologie\/","og_site_name":"Stift Admont","article_published_time":"2026-09-01T13:21:06+00:00","article_modified_time":"2026-09-01T13:25:54+00:00","og_image":[{"width":1024,"height":675,"url":"https:\/\/stiftadmont.at\/wp-content\/uploads\/Admonter-und-Montanuniversitaet-Leoben_Technik-1024x675.png","type":"image\/png"}],"author":"Mario Brandm\u00fcller","twitter_card":"summary_large_image","twitter_misc":{"\u00c9crit par":"Mario Brandm\u00fcller","Dur\u00e9e de lecture estim\u00e9e":"1 minute"},"schema":{"@context":"https:\/\/schema.org","@graph":[{"@type":"Article","@id":"https:\/\/stiftadmont.at\/blog\/admonter-und-montanuniversitaet-leoben-begeistern-fuer-technik\/#article","isPartOf":{"@id":"https:\/\/stiftadmont.at\/blog\/admonter-und-montanuniversitaet-leoben-begeistern-fuer-technik\/"},"author":{"name":"Mario Brandm\u00fcller","@id":"https:\/\/stiftadmont.at\/#\/schema\/person\/30535548b241d5f33a2e8b839db11869"},"headline":"Admonter und Montan-Uni Leoben begeistern \u2026","datePublished":"2026-09-01T13:21:06+00:00","dateModified":"2026-09-01T13:25:54+00:00","mainEntityOfPage":{"@id":"https:\/\/stiftadmont.at\/blog\/admonter-und-montanuniversitaet-leoben-begeistern-fuer-technik\/"},"wordCount":5,"image":{"@id":"https:\/\/stiftadmont.at\/blog\/admonter-und-montanuniversitaet-leoben-begeistern-fuer-technik\/#primaryimage"},"thumbnailUrl":"https:\/\/stiftadmont.at\/wp-content\/uploads\/Admonter-und-Montanuniversitaet-Leoben_Technik.png","articleSection":["Einrichtungen aktuell"],"inLanguage":"fr-FR"},{"@type":"WebPage","@id":"https:\/\/stiftadmont.at\/blog\/admonter-und-montanuniversitaet-leoben-begeistern-fuer-technik\/","url":"https:\/\/stiftadmont.at\/blog\/admonter-und-montanuniversitaet-leoben-begeistern-fuer-technik\/","name":"Admont et l'universit\u00e9 Montan de Leoben suscitent l'enthousiasme\u2026 - Abbaye d'Admont","isPartOf":{"@id":"https:\/\/stiftadmont.at\/#website"},"primaryImageOfPage":{"@id":"https:\/\/stiftadmont.at\/blog\/admonter-und-montanuniversitaet-leoben-begeistern-fuer-technik\/#primaryimage"},"image":{"@id":"https:\/\/stiftadmont.at\/blog\/admonter-und-montanuniversitaet-leoben-begeistern-fuer-technik\/#primaryimage"},"thumbnailUrl":"https:\/\/stiftadmont.at\/wp-content\/uploads\/Admonter-und-Montanuniversitaet-Leoben_Technik.png","datePublished":"2026-09-01T13:21:06+00:00","dateModified":"2026-09-01T13:25:54+00:00","author":{"@id":"https:\/\/stiftadmont.at\/#\/schema\/person\/30535548b241d5f33a2e8b839db11869"},"description":"D\u00e9couvrez les derni\u00e8res actualit\u00e9s concernant Admonter et l'universit\u00e9 Montan de Leoben\u2026 ainsi que bien d'autres informations sur le couvent et la paroisse d'Admont.","breadcrumb":{"@id":"https:\/\/stiftadmont.at\/blog\/admonter-und-montanuniversitaet-leoben-begeistern-fuer-technik\/#breadcrumb"},"inLanguage":"fr-FR","potentialAction":[{"@type":"ReadAction","target":["https:\/\/stiftadmont.at\/blog\/admonter-und-montanuniversitaet-leoben-begeistern-fuer-technik\/"]}]},{"@type":"ImageObject","inLanguage":"fr-FR","@id":"https:\/\/stiftadmont.at\/blog\/admonter-und-montanuniversitaet-leoben-begeistern-fuer-technik\/#primaryimage","url":"https:\/\/stiftadmont.at\/wp-content\/uploads\/Admonter-und-Montanuniversitaet-Leoben_Technik.png","contentUrl":"https:\/\/stiftadmont.at\/wp-content\/uploads\/Admonter-und-Montanuniversitaet-Leoben_Technik.png","width":1372,"height":905,"caption":"Admonter und Montanuniversit\u00e4t Leoben Technik"},{"@type":"BreadcrumbList","@id":"https:\/\/stiftadmont.at\/blog\/admonter-und-montanuniversitaet-leoben-begeistern-fuer-technik\/#breadcrumb","itemListElement":[{"@type":"ListItem","position":1,"name":"Start","item":"https:\/\/stiftadmont.at\/"},{"@type":"ListItem","position":2,"name":"Admonter und Montan-Uni Leoben begeistern \u2026"}]},{"@type":"WebSite","@id":"https:\/\/stiftadmont.at\/#website","url":"https:\/\/stiftadmont.at\/","name":"Abbaye d'Admont","description":"Monast\u00e8re b\u00e9n\u00e9dictin et attraction touristique dans le Ges\u00e4use","potentialAction":[{"@type":"SearchAction","target":{"@type":"EntryPoint","urlTemplate":"https:\/\/stiftadmont.at\/?s={search_term_string}"},"query-input":{"@type":"PropertyValueSpecification","valueRequired":true,"valueName":"search_term_string"}}],"inLanguage":"fr-FR"},{"@type":"Person","@id":"https:\/\/stiftadmont.at\/#\/schema\/person\/30535548b241d5f33a2e8b839db11869","name":"Mario Brandm\u00fcller"}]}},"_links":{"self":[{"href":"https:\/\/stiftadmont.at\/fr\/wp-json\/wp\/v2\/posts\/42847","targetHints":{"allow":["GET"]}}],"collection":[{"href":"https:\/\/stiftadmont.at\/fr\/wp-json\/wp\/v2\/posts"}],"about":[{"href":"https:\/\/stiftadmont.at\/fr\/wp-json\/wp\/v2\/types\/post"}],"author":[{"embeddable":true,"href":"https:\/\/stiftadmont.at\/fr\/wp-json\/wp\/v2\/users\/7"}],"replies":[{"embeddable":true,"href":"https:\/\/stiftadmont.at\/fr\/wp-json\/wp\/v2\/comments?post=42847"}],"version-history":[{"count":6,"href":"https:\/\/stiftadmont.at\/fr\/wp-json\/wp\/v2\/posts\/42847\/revisions"}],"predecessor-version":[{"id":42854,"href":"https:\/\/stiftadmont.at\/fr\/wp-json\/wp\/v2\/posts\/42847\/revisions\/42854"}],"wp:featuredmedia":[{"embeddable":true,"href":"https:\/\/stiftadmont.at\/fr\/wp-json\/wp\/v2\/media\/42848"}],"wp:attachment":[{"href":"https:\/\/stiftadmont.at\/fr\/wp-json\/wp\/v2\/media?parent=42847"}],"wp:term":[{"taxonomy":"category","embeddable":true,"href":"https:\/\/stiftadmont.at\/fr\/wp-json\/wp\/v2\/categories?post=42847"}],"curies":[{"name":"wp","href":"https:\/\/api.w.org\/{rel}","templated":true}]}}