{"id":42856,"date":"2026-09-03T10:48:51","date_gmt":"2026-09-03T08:48:51","guid":{"rendered":"https:\/\/stiftadmont.at\/?p=42856"},"modified":"2026-09-03T11:09:41","modified_gmt":"2026-09-03T09:09:41","slug":"la-connaissance-cree-de-lespace-slam-de-poesie-et-concours-decriture","status":"publish","type":"post","link":"https:\/\/stiftadmont.at\/fr\/blog\/wissen-macht-raum-poetry-slam-und-schreibwettbewerb\/","title":{"rendered":"Slam po\u00e9tique et concours d'\u00e9criture"},"content":{"rendered":"<section id='lightpress__section--block_489bc5865c3ca41e749b3eb1eb474a42' class='lightpress__section--default-section-space lightpress__section lightpress__section--content'><div class=\"content__inner\"\n         x-init=\"initContentBlockAnim($el)\">\n        \n    <div class=\"content__grid content__grid--fifty-fifty\">\n                                            <div class=\"content__box content__box\"\n                 style=\"\">\n                                \n                \n                                            <div class=\"prose\"><h5 class=\"heading-m line line-above line--gold\">La valeur du savoir est mise en avant. Et devient un sujet de d\u00e9bat.<\/h5>\n<p>\u00a0<\/p>\n<p>Depuis des si\u00e8cles, le savoir humain est soumis \u00e0 une mise \u00e0 jour constante par de nouvelles d\u00e9couvertes, et pourtant, il semble aujourd\u2019hui plus fragile et plus instable que jamais. Les limites de sa disponibilit\u00e9 sont balay\u00e9es, sa validit\u00e9 remise en question \u00e0 chaque instant. L'\u00e9quation \u201e savoir = pouvoir \u201c peut-elle encore s'appliquer ici ?<\/p>\n<p>\u00a0<\/p>\n<p>Se rendre dans une biblioth\u00e8que, c'est comme faire un voyage dans le temps. Ici, le savoir est mat\u00e9rialis\u00e9. Les livres servent \u00e0 mettre en sc\u00e8ne l'\u00e9ducation, la sagesse et\u2026 le pouvoir. La biblioth\u00e8que abbatiale d\u2019Admont symbolise cela mieux que tout autre lieu. Elle a \u00e9t\u00e9 cr\u00e9\u00e9e il y a 250 ans afin d\u2019exposer le tr\u00e9sor de connaissances de l\u2019abbaye et, par l\u00e0 m\u00eame, sa richesse (spirituelle).\u00a0<\/p>\n<\/div>\n                    \n                            <\/div>\n        \n                                                    <div class=\"content__box content__box--2\"\n                     >\n                                        \n                    \n                                                <div class=\"content__media stickyTo\" x-init=\"imageSticky($el)\">\n\n                                                                                    <picture\n                                    class=\"content__image sticky\">\n                                <source srcset=\"https:\/\/stiftadmont.at\/wp-content\/uploads\/Bibliothek-details_CHristoph-Draxl-1024x683.webp\" type=\"image\/webp\">\n                                <source srcset=\"https:\/\/stiftadmont.at\/wp-content\/uploads\/Bibliothek-details_CHristoph-Draxl-1024x683.jpg\" type=\"image\/jpeg\">\n                                <img decoding=\"async\" class=\"sticky\" loading=\"lazy\" src=\"https:\/\/stiftadmont.at\/wp-content\/uploads\/Bibliothek-details_CHristoph-Draxl-1024x683.jpg\"\n                                     alt=\"D\u00e9tails de la biblioth\u00e8que : Christoph Draxl\">\n\n                                                                                                                            <\/picture>\n\n                        <\/div>\n\n                                    <\/div>\n            \n            <\/div>\n<\/div>\n\n<\/section>\n\n<section id='lightpress__section--block_1e212c55aef8068f84e5d09ec92d8b74' class='bg--beige lightpress__section--colored-bg lightpress__section--default-section-space lightpress__section lightpress__section--content'><div class=\"content__inner\"\n         x-init=\"initContentBlockAnim($el)\">\n        \n    <div class=\"content__grid content__grid--fifty-fifty\">\n                                            <div class=\"content__box content__box\"\n                 style=\"\">\n                                \n                \n                                        <div class=\"content__media stickyTo\" x-init=\"imageSticky($el)\">\n\n                                                                                                <picture\n                                class=\"content__image sticky\">\n                            <source srcset=\"https:\/\/stiftadmont.at\/wp-content\/uploads\/Bibliothek-details-7_Christoph-Draxl-1024x683.jpg\"\n                                    type=\"image\/webp\">\n                            <source srcset=\"https:\/\/stiftadmont.at\/wp-content\/uploads\/Bibliothek-details-7_Christoph-Draxl-1024x683.jpg\"\n                                    type=\"image\/jpeg\">\n                            <img decoding=\"async\" loading=\"lazy\"\n                                 src=\"https:\/\/stiftadmont.at\/wp-content\/uploads\/Bibliothek-details-7_Christoph-Draxl-1024x683.jpg\"\n                                 alt=\"D\u00e9tails de la biblioth\u00e8que de Christoph Draxl\" width=\"600\" height=\"450\">\n                                                                                                            <\/picture>\n\n                    <\/div>\n\n                            <\/div>\n        \n                                                    <div class=\"content__box content__box--2\"\n                     >\n                                        \n                    \n                                                    <div class=\"prose\"><p>Quiconque y p\u00e9n\u00e8tre ressent cette qu\u00eate d'illumination, mais se retrouve \u00e9galement transport\u00e9 \u00e0 une \u00e9poque o\u00f9 l'acc\u00e8s au savoir \u00e9tait un privil\u00e8ge d\u00e9pendant du statut social, de l'origine et du sexe.<\/p>\n<p>\u00a0<\/p>\n<p>L'infinit\u00e9 des connaissances actuelles, en revanche, est source de d\u00e9mocratisation\u2026 mais aussi de d\u00e9sorientation ? Que devons-nous, que pouvons-nous encore savoir ? Et quel r\u00f4le les livres jouent-ils encore dans ce contexte ? La biblioth\u00e8que perd-elle son r\u00f4le de<\/p>\n<p>S\u2019agit-il d\u2019un symbole de statut social ou devient-il un espace nostalgique qui suscite la nostalgie ? Quelles questions faut-il se poser face \u00e0 un lieu tel que la biblioth\u00e8que abbatiale, qui incarne dans un espace gigantesque l\u2019\u00e9quation autrefois incontestable \u201e savoir = pouvoir \u201c ?<\/p>\n<p>\u00a0<\/p>\n<p><strong>Tu as quelque chose \u00e0 dire ? Tu aimes \u00e9crire, tu manies habilement la langue, ou tu aimes simplement philosopher tout seul ?\u00a0<\/strong><strong>Alors, impressionne le public lors du slam de po\u00e9sie par ton \u00e9loquence ou participe au concours d'\u00e9criture avec ton texte !<\/strong><\/p>\n<\/div>\n                        \n                                    <\/div>\n            \n            <\/div>\n<\/div>\n\n    <div class=\"background__container background__container--beige\">\n    <\/div>\n\n<\/section>\n\n<section id='lightpress__section--block_407a150c5e7f1e94696d5ad38aa82bfd' class='align-center lightpress__section--default-section-space lightpress__section lightpress__section--headline'><div class=\"headline__container\">\n            <h2 class=\"headline text--40 text-medium line line--gold line-above line-middle\">Brochure de l'\u00e9v\u00e9nement <\/h2>\n        <p class=\"text-center text-gold text--20 text-medium text--uppercase\">Vous trouverez toutes les informations concernant le slam po\u00e9tique et le concours d'\u00e9criture dans la brochure ci-dessous<\/p>\n        <div class=\"spacer--40\"><\/div>\n<\/div>\n\n<\/section>\n\n<section id='lightpress__section--block_3e4379c4911c12bea035ca4d1cc58fa3' class='lightpress__section--default-section-space lightpress__section lightpress__section--content'><div class=\"content__inner\"\n         x-init=\"initContentBlockAnim($el)\">\n        \n    <div class=\"content__grid content__grid\">\n                                            <div class=\"content__box content__box--one-hundred\"\n                 style=\"\">\n                                \n                \n                                            <div class=\"prose\"><p><span style=\"color: #555555; font-family: Nunito, sans-serif; font-size: 13px; background-color: #ffffff;\"><div class=\"_df_book df-lite\" id=\"df_42861\"  _slug=\"42861\" data-title=\"\" wpoptions=\"true\" thumbtype=\"\" ><\/div><script class=\"df-shortcode-script\" nowprocket type=\"application\/javascript\">window.option_df_42861 = {\"outline\":[],\"autoEnableOutline\":\"false\",\"autoEnableThumbnail\":\"false\",\"overwritePDFOutline\":\"false\",\"direction\":\"1\",\"pageSize\":\"0\",\"source\":\"https:\\\/\\\/stiftadmont.at\\\/wp-content\\\/uploads\\\/Admont-Schreibwettbewerb-und-Slam.pdf\",\"wpOptions\":\"true\"}; if(window.DFLIP && window.DFLIP.parseBooks){window.DFLIP.parseBooks();}<\/script><\/span><\/p>\n<\/div>\n                    \n                            <\/div>\n        \n            <\/div>\n<\/div>\n\n<\/section>","protected":false},"excerpt":{"rendered":"<p>Depuis des si\u00e8cles, le savoir humain est soumis \u00e0 une actualisation constante par de nouvelles d\u00e9couvertes, et pourtant, il semble aujourd'hui plus fragile et plus instable que jamais. Les limites de son accessibilit\u00e9 sont balay\u00e9es, sa validit\u00e9 remise en question \u00e0 chaque instant. L'\u00e9quation \u201e savoir = pouvoir \u201c peut-elle encore s'appliquer ici ?<\/p>","protected":false},"author":7,"featured_media":42041,"comment_status":"closed","ping_status":"closed","sticky":false,"template":"","format":"standard","meta":{"_acf_changed":false,"footnotes":""},"categories":[23],"class_list":["post-42856","post","type-post","status-publish","format-standard","has-post-thumbnail","hentry","category-einrichtungen-aktuell"],"acf":[],"yoast_head":"<!-- This site is optimized with the Yoast SEO Premium plugin v28.0 (Yoast SEO v28.4) - https:\/\/yoast.com\/product\/yoast-seo-premium-wordpress\/ -->\n<title>Poetry Slam und Schreibwettbewerb - Stift Admont<\/title>\n<meta name=\"description\" content=\"Lesen Sie aktuelle Informationen zum Thema Poetry Slam und Schreibwettbewerb und vieles mehr aus dem Konvent und der Pfarre Admont.\" \/>\n<meta name=\"robots\" content=\"index, follow, max-snippet:-1, max-image-preview:large, max-video-preview:-1\" \/>\n<link rel=\"canonical\" href=\"https:\/\/stiftadmont.at\/fr\/blog\/la-connaissance-cree-de-lespace-slam-de-poesie-et-concours-decriture\/\" \/>\n<meta property=\"og:locale\" content=\"fr_FR\" \/>\n<meta property=\"og:type\" content=\"article\" \/>\n<meta property=\"og:title\" content=\"Poetry Slam und Schreibwettbewerb\" \/>\n<meta property=\"og:description\" content=\"Lesen Sie aktuelle Informationen zum Thema Poetry Slam und Schreibwettbewerb und vieles mehr aus dem Konvent und der Pfarre Admont.\" \/>\n<meta property=\"og:url\" content=\"https:\/\/stiftadmont.at\/fr\/blog\/la-connaissance-cree-de-lespace-slam-de-poesie-et-concours-decriture\/\" \/>\n<meta property=\"og:site_name\" content=\"Stift Admont\" \/>\n<meta property=\"article:published_time\" content=\"2026-09-03T08:48:51+00:00\" \/>\n<meta property=\"article:modified_time\" content=\"2026-09-03T09:09:41+00:00\" \/>\n<meta property=\"og:image\" content=\"https:\/\/stiftadmont.at\/wp-content\/uploads\/Bibliothek-details-8_Christoph-Draxl-scaled.jpg\" \/>\n\t<meta property=\"og:image:width\" content=\"2560\" \/>\n\t<meta property=\"og:image:height\" content=\"1707\" \/>\n\t<meta property=\"og:image:type\" content=\"image\/jpeg\" \/>\n<meta name=\"author\" content=\"Mario Brandm\u00fcller\" \/>\n<meta name=\"twitter:card\" content=\"summary_large_image\" \/>\n<meta name=\"twitter:label1\" content=\"\u00c9crit par\" \/>\n\t<meta name=\"twitter:data1\" content=\"Mario Brandm\u00fcller\" \/>\n\t<meta name=\"twitter:label2\" content=\"Dur\u00e9e de lecture estim\u00e9e\" \/>\n\t<meta name=\"twitter:data2\" content=\"1 minute\" \/>\n<script type=\"application\/ld+json\" class=\"yoast-schema-graph\">{\"@context\":\"https:\\\/\\\/schema.org\",\"@graph\":[{\"@type\":\"Article\",\"@id\":\"https:\\\/\\\/stiftadmont.at\\\/blog\\\/wissen-macht-raum-poetry-slam-und-schreibwettbewerb\\\/#article\",\"isPartOf\":{\"@id\":\"https:\\\/\\\/stiftadmont.at\\\/blog\\\/wissen-macht-raum-poetry-slam-und-schreibwettbewerb\\\/\"},\"author\":{\"name\":\"Mario Brandm\u00fcller\",\"@id\":\"https:\\\/\\\/stiftadmont.at\\\/#\\\/schema\\\/person\\\/30535548b241d5f33a2e8b839db11869\"},\"headline\":\"Poetry Slam und Schreibwettbewerb\",\"datePublished\":\"2026-09-03T08:48:51+00:00\",\"dateModified\":\"2026-09-03T09:09:41+00:00\",\"mainEntityOfPage\":{\"@id\":\"https:\\\/\\\/stiftadmont.at\\\/blog\\\/wissen-macht-raum-poetry-slam-und-schreibwettbewerb\\\/\"},\"wordCount\":4,\"image\":{\"@id\":\"https:\\\/\\\/stiftadmont.at\\\/blog\\\/wissen-macht-raum-poetry-slam-und-schreibwettbewerb\\\/#primaryimage\"},\"thumbnailUrl\":\"https:\\\/\\\/stiftadmont.at\\\/wp-content\\\/uploads\\\/Bibliothek-details-8_Christoph-Draxl-scaled.jpg\",\"articleSection\":[\"Einrichtungen aktuell\"],\"inLanguage\":\"fr-FR\"},{\"@type\":\"WebPage\",\"@id\":\"https:\\\/\\\/stiftadmont.at\\\/blog\\\/wissen-macht-raum-poetry-slam-und-schreibwettbewerb\\\/\",\"url\":\"https:\\\/\\\/stiftadmont.at\\\/blog\\\/wissen-macht-raum-poetry-slam-und-schreibwettbewerb\\\/\",\"name\":\"Poetry Slam und Schreibwettbewerb - Stift Admont\",\"isPartOf\":{\"@id\":\"https:\\\/\\\/stiftadmont.at\\\/#website\"},\"primaryImageOfPage\":{\"@id\":\"https:\\\/\\\/stiftadmont.at\\\/blog\\\/wissen-macht-raum-poetry-slam-und-schreibwettbewerb\\\/#primaryimage\"},\"image\":{\"@id\":\"https:\\\/\\\/stiftadmont.at\\\/blog\\\/wissen-macht-raum-poetry-slam-und-schreibwettbewerb\\\/#primaryimage\"},\"thumbnailUrl\":\"https:\\\/\\\/stiftadmont.at\\\/wp-content\\\/uploads\\\/Bibliothek-details-8_Christoph-Draxl-scaled.jpg\",\"datePublished\":\"2026-09-03T08:48:51+00:00\",\"dateModified\":\"2026-09-03T09:09:41+00:00\",\"author\":{\"@id\":\"https:\\\/\\\/stiftadmont.at\\\/#\\\/schema\\\/person\\\/30535548b241d5f33a2e8b839db11869\"},\"description\":\"Lesen Sie aktuelle Informationen zum Thema Poetry Slam und Schreibwettbewerb und vieles mehr aus dem Konvent und der Pfarre Admont.\",\"breadcrumb\":{\"@id\":\"https:\\\/\\\/stiftadmont.at\\\/blog\\\/wissen-macht-raum-poetry-slam-und-schreibwettbewerb\\\/#breadcrumb\"},\"inLanguage\":\"fr-FR\",\"potentialAction\":[{\"@type\":\"ReadAction\",\"target\":[\"https:\\\/\\\/stiftadmont.at\\\/blog\\\/wissen-macht-raum-poetry-slam-und-schreibwettbewerb\\\/\"]}]},{\"@type\":\"ImageObject\",\"inLanguage\":\"fr-FR\",\"@id\":\"https:\\\/\\\/stiftadmont.at\\\/blog\\\/wissen-macht-raum-poetry-slam-und-schreibwettbewerb\\\/#primaryimage\",\"url\":\"https:\\\/\\\/stiftadmont.at\\\/wp-content\\\/uploads\\\/Bibliothek-details-8_Christoph-Draxl-scaled.jpg\",\"contentUrl\":\"https:\\\/\\\/stiftadmont.at\\\/wp-content\\\/uploads\\\/Bibliothek-details-8_Christoph-Draxl-scaled.jpg\",\"width\":2560,\"height\":1707,\"caption\":\"Bibliothek details Christoph Draxl\"},{\"@type\":\"BreadcrumbList\",\"@id\":\"https:\\\/\\\/stiftadmont.at\\\/blog\\\/wissen-macht-raum-poetry-slam-und-schreibwettbewerb\\\/#breadcrumb\",\"itemListElement\":[{\"@type\":\"ListItem\",\"position\":1,\"name\":\"Start\",\"item\":\"https:\\\/\\\/stiftadmont.at\\\/\"},{\"@type\":\"ListItem\",\"position\":2,\"name\":\"Poetry Slam und Schreibwettbewerb\"}]},{\"@type\":\"WebSite\",\"@id\":\"https:\\\/\\\/stiftadmont.at\\\/#website\",\"url\":\"https:\\\/\\\/stiftadmont.at\\\/\",\"name\":\"Stift Admont\",\"description\":\"Benediktinerkloster und Sehensw\u00fcrdigkeit im Ges\u00e4use\",\"potentialAction\":[{\"@type\":\"SearchAction\",\"target\":{\"@type\":\"EntryPoint\",\"urlTemplate\":\"https:\\\/\\\/stiftadmont.at\\\/?s={search_term_string}\"},\"query-input\":{\"@type\":\"PropertyValueSpecification\",\"valueRequired\":true,\"valueName\":\"search_term_string\"}}],\"inLanguage\":\"fr-FR\"},{\"@type\":\"Person\",\"@id\":\"https:\\\/\\\/stiftadmont.at\\\/#\\\/schema\\\/person\\\/30535548b241d5f33a2e8b839db11869\",\"name\":\"Mario Brandm\u00fcller\"}]}<\/script>\n<!-- \/ Yoast SEO Premium plugin. -->","yoast_head_json":{"title":"Slam po\u00e9tique et concours d'\u00e9criture - Abbaye d'Admont","description":"D\u00e9couvrez les derni\u00e8res actualit\u00e9s concernant le slam po\u00e9tique et le concours d'\u00e9criture, ainsi que bien d'autres informations provenant du monast\u00e8re et de la paroisse d'Admont.","robots":{"index":"index","follow":"follow","max-snippet":"max-snippet:-1","max-image-preview":"max-image-preview:large","max-video-preview":"max-video-preview:-1"},"canonical":"https:\/\/stiftadmont.at\/fr\/blog\/la-connaissance-cree-de-lespace-slam-de-poesie-et-concours-decriture\/","og_locale":"fr_FR","og_type":"article","og_title":"Poetry Slam und Schreibwettbewerb","og_description":"Lesen Sie aktuelle Informationen zum Thema Poetry Slam und Schreibwettbewerb und vieles mehr aus dem Konvent und der Pfarre Admont.","og_url":"https:\/\/stiftadmont.at\/fr\/blog\/la-connaissance-cree-de-lespace-slam-de-poesie-et-concours-decriture\/","og_site_name":"Stift Admont","article_published_time":"2026-09-03T08:48:51+00:00","article_modified_time":"2026-09-03T09:09:41+00:00","og_image":[{"width":2560,"height":1707,"url":"https:\/\/stiftadmont.at\/wp-content\/uploads\/Bibliothek-details-8_Christoph-Draxl-scaled.jpg","type":"image\/jpeg"}],"author":"Mario Brandm\u00fcller","twitter_card":"summary_large_image","twitter_misc":{"\u00c9crit par":"Mario Brandm\u00fcller","Dur\u00e9e de lecture estim\u00e9e":"1 minute"},"schema":{"@context":"https:\/\/schema.org","@graph":[{"@type":"Article","@id":"https:\/\/stiftadmont.at\/blog\/wissen-macht-raum-poetry-slam-und-schreibwettbewerb\/#article","isPartOf":{"@id":"https:\/\/stiftadmont.at\/blog\/wissen-macht-raum-poetry-slam-und-schreibwettbewerb\/"},"author":{"name":"Mario Brandm\u00fcller","@id":"https:\/\/stiftadmont.at\/#\/schema\/person\/30535548b241d5f33a2e8b839db11869"},"headline":"Poetry Slam und Schreibwettbewerb","datePublished":"2026-09-03T08:48:51+00:00","dateModified":"2026-09-03T09:09:41+00:00","mainEntityOfPage":{"@id":"https:\/\/stiftadmont.at\/blog\/wissen-macht-raum-poetry-slam-und-schreibwettbewerb\/"},"wordCount":4,"image":{"@id":"https:\/\/stiftadmont.at\/blog\/wissen-macht-raum-poetry-slam-und-schreibwettbewerb\/#primaryimage"},"thumbnailUrl":"https:\/\/stiftadmont.at\/wp-content\/uploads\/Bibliothek-details-8_Christoph-Draxl-scaled.jpg","articleSection":["Einrichtungen aktuell"],"inLanguage":"fr-FR"},{"@type":"WebPage","@id":"https:\/\/stiftadmont.at\/blog\/wissen-macht-raum-poetry-slam-und-schreibwettbewerb\/","url":"https:\/\/stiftadmont.at\/blog\/wissen-macht-raum-poetry-slam-und-schreibwettbewerb\/","name":"Slam po\u00e9tique et concours d'\u00e9criture - Abbaye d'Admont","isPartOf":{"@id":"https:\/\/stiftadmont.at\/#website"},"primaryImageOfPage":{"@id":"https:\/\/stiftadmont.at\/blog\/wissen-macht-raum-poetry-slam-und-schreibwettbewerb\/#primaryimage"},"image":{"@id":"https:\/\/stiftadmont.at\/blog\/wissen-macht-raum-poetry-slam-und-schreibwettbewerb\/#primaryimage"},"thumbnailUrl":"https:\/\/stiftadmont.at\/wp-content\/uploads\/Bibliothek-details-8_Christoph-Draxl-scaled.jpg","datePublished":"2026-09-03T08:48:51+00:00","dateModified":"2026-09-03T09:09:41+00:00","author":{"@id":"https:\/\/stiftadmont.at\/#\/schema\/person\/30535548b241d5f33a2e8b839db11869"},"description":"D\u00e9couvrez les derni\u00e8res actualit\u00e9s concernant le slam po\u00e9tique et le concours d'\u00e9criture, ainsi que bien d'autres informations provenant du monast\u00e8re et de la paroisse d'Admont.","breadcrumb":{"@id":"https:\/\/stiftadmont.at\/blog\/wissen-macht-raum-poetry-slam-und-schreibwettbewerb\/#breadcrumb"},"inLanguage":"fr-FR","potentialAction":[{"@type":"ReadAction","target":["https:\/\/stiftadmont.at\/blog\/wissen-macht-raum-poetry-slam-und-schreibwettbewerb\/"]}]},{"@type":"ImageObject","inLanguage":"fr-FR","@id":"https:\/\/stiftadmont.at\/blog\/wissen-macht-raum-poetry-slam-und-schreibwettbewerb\/#primaryimage","url":"https:\/\/stiftadmont.at\/wp-content\/uploads\/Bibliothek-details-8_Christoph-Draxl-scaled.jpg","contentUrl":"https:\/\/stiftadmont.at\/wp-content\/uploads\/Bibliothek-details-8_Christoph-Draxl-scaled.jpg","width":2560,"height":1707,"caption":"Bibliothek details Christoph Draxl"},{"@type":"BreadcrumbList","@id":"https:\/\/stiftadmont.at\/blog\/wissen-macht-raum-poetry-slam-und-schreibwettbewerb\/#breadcrumb","itemListElement":[{"@type":"ListItem","position":1,"name":"Start","item":"https:\/\/stiftadmont.at\/"},{"@type":"ListItem","position":2,"name":"Poetry Slam und Schreibwettbewerb"}]},{"@type":"WebSite","@id":"https:\/\/stiftadmont.at\/#website","url":"https:\/\/stiftadmont.at\/","name":"Abbaye d'Admont","description":"Monast\u00e8re b\u00e9n\u00e9dictin et attraction touristique dans le Ges\u00e4use","potentialAction":[{"@type":"SearchAction","target":{"@type":"EntryPoint","urlTemplate":"https:\/\/stiftadmont.at\/?s={search_term_string}"},"query-input":{"@type":"PropertyValueSpecification","valueRequired":true,"valueName":"search_term_string"}}],"inLanguage":"fr-FR"},{"@type":"Person","@id":"https:\/\/stiftadmont.at\/#\/schema\/person\/30535548b241d5f33a2e8b839db11869","name":"Mario Brandm\u00fcller"}]}},"_links":{"self":[{"href":"https:\/\/stiftadmont.at\/fr\/wp-json\/wp\/v2\/posts\/42856","targetHints":{"allow":["GET"]}}],"collection":[{"href":"https:\/\/stiftadmont.at\/fr\/wp-json\/wp\/v2\/posts"}],"about":[{"href":"https:\/\/stiftadmont.at\/fr\/wp-json\/wp\/v2\/types\/post"}],"author":[{"embeddable":true,"href":"https:\/\/stiftadmont.at\/fr\/wp-json\/wp\/v2\/users\/7"}],"replies":[{"embeddable":true,"href":"https:\/\/stiftadmont.at\/fr\/wp-json\/wp\/v2\/comments?post=42856"}],"version-history":[{"count":6,"href":"https:\/\/stiftadmont.at\/fr\/wp-json\/wp\/v2\/posts\/42856\/revisions"}],"predecessor-version":[{"id":42867,"href":"https:\/\/stiftadmont.at\/fr\/wp-json\/wp\/v2\/posts\/42856\/revisions\/42867"}],"wp:featuredmedia":[{"embeddable":true,"href":"https:\/\/stiftadmont.at\/fr\/wp-json\/wp\/v2\/media\/42041"}],"wp:attachment":[{"href":"https:\/\/stiftadmont.at\/fr\/wp-json\/wp\/v2\/media?parent=42856"}],"wp:term":[{"taxonomy":"category","embeddable":true,"href":"https:\/\/stiftadmont.at\/fr\/wp-json\/wp\/v2\/categories?post=42856"}],"curies":[{"name":"wp","href":"https:\/\/api.w.org\/{rel}","templated":true}]}}