{"id":4368,"date":"2021-07-27T14:32:00","date_gmt":"2021-07-27T12:32:00","guid":{"rendered":"https:\/\/stiftadmont.at\/?p=4368"},"modified":"2023-04-27T08:53:15","modified_gmt":"2023-04-27T06:53:15","slug":"automne-bruyant","status":"publish","type":"post","link":"https:\/\/stiftadmont.at\/fr\/blog\/lautenherbst\/","title":{"rendered":"Automne du luth \u00e0 l'abbaye d'Admont"},"content":{"rendered":"<section id='lightpress__section--block_60fffc62833ef' class='lightpress__section--default-section-space lightpress__section lightpress__section--content'><div class=\"content__inner\"\n         x-init=\"initContentBlockAnim($el)\">\n        \n    <div class=\"content__grid content__grid\">\n                                            <div class=\"content__box content__box--one-hundred\"\n                 style=\"\">\n                                \n                \n                                            <div class=\"prose\"><h2 class=\"heading-xxl line line--gold\">7e Automne du luth d'Admont<\/h2>\n<p class=\"paragraph-m\">Pour la 7e fois, l'abbaye b\u00e9n\u00e9dictine d'Admont accueille une f\u00eate du luth et du chant. Cette ann\u00e9e, elle sera prolong\u00e9e et proposera des concerts de haut niveau auxquels vous \u00eates cordialement invit\u00e9s :<\/p>\n<h4 class=\"heading-l\">Mercredi 1. 9. 2021, 19h00 Abbaye d'Admont<\/h4>\n<p class=\"paragraph-m\">\"Baroque meets Folk\" Concert d'ouverture avec \"I Zefirelli\" Un concert des superlatifs d'un jeune ensemble de six musiciens de Hambourg\/Br\u00eame. Il est synonyme d'id\u00e9es de concert innovantes et de vent frais dans la musique ancienne. Fond\u00e9 en 2011, le groupe a d\u00e9j\u00e0 remport\u00e9 de nombreux prix lors de concours internationaux de musique de chambre. En 2013, \"I Zefirelli\" a \u00e9t\u00e9 nomm\u00e9 orchestre de la cour de Rheinsberg. Vivant, p\u00e9tillant, unique !<\/p>\n<p class=\"paragraph-m\">Entr\u00e9e : caisse du soir 35,-Euro, \/15,-Euro pour les participants aux cours<\/p>\n<p><a class=\"admont-button admont-button--secondary\" href=\"https:\/\/web5.deskline.net\/GESAUSE\/29b5c78a-0c51-4865-8f79-e2e7dcde3e37\/de\/erlebnisse\/AT1\/6fab4cdf-7f12-47f6-ad67-17bc6996c3a2\/admonter-lautenherbst--baroque-meets-folk-\" target=\"_blank\" rel=\"noopener\">R\u00e9servation de billets<\/a> <a class=\"admont-button admont-button--secondary\" href=\"https:\/\/www.youtube.com\/watch?v=EutF8zGP9f0\" target=\"_blank\" rel=\"noopener\">D\u00e9gustation musicale<\/a><\/p>\n<h4 class=\"heading-l\">Vendredi 3. 9. 2021, 19h00 Abbaye d'Admont<\/h4>\n<p class=\"paragraph-m\">Lamenti et musique pour luth Concert des professeurs Puisant dans leurs r\u00e9pertoires de solistes, Evangelina Mascardi (luth et th\u00e9orbe), Bettina Pahn (soprano) Cornelia Demmer (luth baroque) et Bernhard Ehrenfellner (r\u00e9p\u00e9titions) entra\u00eenent le public dans les sonorit\u00e9s merveilleusement nobles de la musique ancienne.<\/p>\n<p class=\"paragraph-m\">Entr\u00e9e : caisse du soir 25,- Euro \/ 10,-Euro pour les participants aux cours<\/p>\n<p><a class=\"admont-button admont-button--secondary\" href=\"https:\/\/web5.deskline.net\/GESAUSE\/29b5c78a-0c51-4865-8f79-e2e7dcde3e37\/de\/erlebnisse\/AT1\/fbdbaec9-b156-4dc3-bcf2-80c9e46e0199\/konzert--lamenti-und-lautenmusik-\" target=\"_blank\" rel=\"noopener\"> R\u00e9servation de billets<\/a><\/p>\n<h4 class=\"heading-l\">Dimanche 5. 9. 2021, 11:00 heures Petite salle des f\u00eates de l'abbaye d'Admont<\/h4>\n<p class=\"paragraph-m\">Matin\u00e9e de cl\u00f4ture des participants On peut \u00e0 nouveau se r\u00e9jouir d'un concert passionnant. Bernhard Ehrenfellner corrige les chants artistiques, certains chanteurs sont accompagn\u00e9s par les luthistes et font ainsi entendre ce qu'ils ont travaill\u00e9. On sent ici de la joie, du plaisir et beaucoup de trac !<\/p>\n<p class=\"paragraph-m\">Entr\u00e9e : dons volontaires<\/p>\n<h4 class=\"heading-l\">Les artistes<\/h4>\n<p class=\"paragraph-m\">L'ensemble I Zefirelli est synonyme d'id\u00e9es de concert innovantes et d'un vent de fra\u00eecheur dans la musique ancienne. En 2011 d\u00e9j\u00e0, I Zefirelli a \u00e9t\u00e9 invit\u00e9 au festival de musique de Potsdam-Sanssouci. La m\u00eame ann\u00e9e, les jeunes musiciens ont remport\u00e9 un prix sp\u00e9cial lors du concours de musique de chambre enviaM, \u00e0 la suite duquel l'ensemble a \u00e9t\u00e9 invit\u00e9 au MDR Musiksommer 2012 et a pu donner un concert avec des musiciens de l'Orchestre symphonique du MDR. Pour l'ann\u00e9e 2013, I Zefirelli a \u00e9t\u00e9 nomm\u00e9 \u00e0 l'orchestre de la cour de Rheinsberg. Apr\u00e8s des phases de travail intensives, l'ensemble a donn\u00e9 trois concerts au th\u00e9\u00e2tre du ch\u00e2teau de Rheinsberg. Avec leur programme de concert Mr. H\u00e4ndel im Pub, les 6 jeunes musiciens ont remport\u00e9 en 2017 une subvention du Career Center de l'\u00c9cole sup\u00e9rieure de musique et de th\u00e9\u00e2tre de Hambourg lors du concours interne \u00e0 l'\u00c9cole sup\u00e9rieure \"Konzert der Zukunft\". Lors du concours international H.I.F. Biber 2019, I Zefirelli a remport\u00e9 le prix sp\u00e9cial de WDR 3.<\/p>\n<p class=\"paragraph-m\">Luise Catenhusen | fl\u00fbte \u00e0 bec <br \/>Mar\u00eda Carrasco | Violon baroque <br \/>Jakob Kuchenbuch | Violoncelle baroque <br \/>Tobias Tietze | luth &amp; guitare baroque <br \/>Jeroen Finke | percussion &amp; baryton <br \/>Tilmann Albrecht | clavecin &amp; percussions<\/p>\n<\/div>\n                    \n                            <\/div>\n        \n            <\/div>\n<\/div>\n\n<\/section>\n\n<section id='lightpress__section--block_610a80bf41e94' class='lightpress__section--default-section-space lightpress__section lightpress__section--content'><div class=\"content__inner\"\n         x-init=\"initContentBlockAnim($el)\">\n        \n    <div class=\"content__grid content__grid\">\n                                            <div class=\"content__box content__box--one-hundred\"\n                 style=\"margin-top: -5em;\">\n                                \n                                    \n                                            <a href=\"https:\/\/www.youtube.com\/watch?v=EutF8zGP9f0&#038;feature=emb_title\" class=\"content__video content__media\"\n                           x-data\n x-init=\"initContentLightBox('#lightpress__section--block_610a80bf41e94 .content__video')\">\n                                                                                                                <picture class=\"content__image\">\n                                <source srcset=\"https:\/\/stiftadmont.at\/wp-content\/uploads\/Lautenherbst-2019_\u00a9Thomas-Sattler-38-1024x683.webp\" type=\"image\/webp\">\n                                <source srcset=\"https:\/\/stiftadmont.at\/wp-content\/uploads\/Lautenherbst-2019_\u00a9Thomas-Sattler-38-1024x683.jpg\" type=\"image\/jpeg\">\n                                <img decoding=\"async\" class=\"content__image\" loading=\"lazy\" src=\"https:\/\/stiftadmont.at\/wp-content\/uploads\/Lautenherbst-2019_\u00a9Thomas-Sattler-38-1024x683.jpg\"\n                                     alt=\"Automne du luth 2019 \u00a9Thomas Sattler 38 scaled\">\n                            <\/picture>\n\n                            <span class=\"overlay-dark\"><\/span>\n                            <span class=\"content-overlay\"><\/span>\n                            <div class=\"content__plaque\">\n                                <div class=\"content__plaque-inner\">\n                                    <span><i class=\"fas fa-play content__icon\"><\/i><\/span>\n                                    <p class=\"paragraph-m\">Jouer<\/p>\n                                <\/div>\n                            <\/div>\n                        <\/a>\n                    \n                            <\/div>\n        \n            <\/div>\n<\/div>\n\n<\/section>\n\n<section id='lightpress__section--block_610a801c41e8f' class='lightpress__section--default-section-space lightpress__section lightpress__section--content'><div class=\"content__inner\"\n         x-init=\"initContentBlockAnim($el)\">\n        \n    <div class=\"content__grid content__grid--fifty-fifty\">\n                                            <div class=\"content__box content__box\"\n                 style=\"\">\n                                \n                \n                                            <div class=\"prose\"><h4 class=\"heading-l line line--gold\">Evangelina Mascardi<\/h4>\n<p class=\"paragraph-m\">est n\u00e9e \u00e0 Buenos Aires. Elle a \u00e9tudi\u00e9 la guitare \u00e0 la \"Escuela Nacional de Musica J.P. Espanola\" avant d'entrer en 1997 dans la classe de luth de Hopkinson Smith \u00e0 la Scola Cantorum Basiliensis en Suisse. Elle y a obtenu son dipl\u00f4me de soliste en 2001. En 2004, elle obtient le dipl\u00f4me de luth au \"Conservatorio di Musica Benedetto Marcello di Venezia\". En tant que soliste, elle est invit\u00e9e \u00e0 participer \u00e0 des festivals dans toute l'Europe. Plusieurs productions de CD sont consacr\u00e9es aux \u0153uvres de Bach, Wei\u00df et Castaldi, Saint-Luc, etc. En tant que continuiste, elle s'est produite en tant qu'artiste tr\u00e8s demand\u00e9e avec les ensembles \"Zefiro\", \"Monteverdi Choir and Orchestra\" et \"Il Giardino Armonico\" et a enregistr\u00e9 plus de 30 CD avec ces ensembles. Elle joue dans de nombreuses productions d'op\u00e9ra renomm\u00e9es \u00e0 Francfort, B\u00e2le, Buenos Aires, New York, Carnegie Hall, Paris, Tokyo et au Teatro La Fenice \u00e0 Venise. Evangelina Mascardi enseigne la mati\u00e8re principale luth \u00e0 l'ISSM \"Conservatorio A. Vivaldi\" \u00e0 Alessandria\/Italie.<\/p>\n<h4 class=\"heading-l line line--red\">Bettina Pahn<\/h4>\n<p class=\"paragraph-m\">a \u00e9tudi\u00e9 le violoncelle \u00e0 la Hochschule f\u00fcr Musik de Berlin. Formation de chant pour le lied, l'oratorio et la p\u00e9dagogie musicale \u00e0 la Hochschule f\u00fcr Musik und Theater de Francfort-sur-le-Main. Activit\u00e9 de concert internationale de longue date, nombreuses productions de CD sous la direction du maestro Ton Koopman. Invitation pour l'automne 2021 \u00e0 une s\u00e9rie de conf\u00e9rences et de concerts dans le cadre de la plateforme Early Music du congr\u00e8s de l'AEC \u00e0 T\u00fcbingen. Cours de chant baroque \u00e0 Bertinoro, Italie et Kunin, R\u00e9publique tch\u00e8que. Cours de chant baroque \u00e0 la Jerusalem Academy of Music. Bettina Pahn occupe actuellement une chaire de chant de musique ancienne \u00e0 la Hochschule der K\u00fcnste de Br\u00eame.<\/p>\n<\/div>\n                    \n                            <\/div>\n        \n                                                    <div class=\"content__box content__box--2\"\n                     >\n                                        \n                    \n                                                    <div class=\"prose\"><h4 class=\"heading-l line line--red\">Cornelia Demmer<\/h4>\n<p class=\"paragraph-m\">Cornelia Demmer est n\u00e9e \u00e0 Vienne. Elle a suivi avec succ\u00e8s des \u00e9tudes de musicologie aux universit\u00e9s de Vienne et de B\u00e2le, ainsi que des \u00e9tudes de pratique d'ex\u00e9cution historique, mati\u00e8re principale luth, \u00e0 la Hochschule f. Musik und Theater de Munich avec Evangelina Mascardi. Au semestre d'\u00e9t\u00e9 2021, elle obtiendra son Master of Performance (luth) \u00e0 la Scola Cantorum Basiliensis avec Peter Croton et Julian Behr. Elle a fond\u00e9 le Casaluna Lute Consort (quatuors de luth du XVIIe si\u00e8cle) et le Radolt Ensemble (sp\u00e9cialis\u00e9 dans la musique de chambre avec luth oblig\u00e9). Outre ses activit\u00e9s de concertiste internationale en tant que soliste et continuiste, elle a \u00e9galement enregistr\u00e9 des CD pour les labels Naxos et Coviello Classics. Depuis 2013, elle est vice-pr\u00e9sidente de l'\u00d6LG et s'engage pour une meilleure perception publique des instruments de luth. \u00c0 partir de l'automne 2021, elle poursuivra ses \u00e9tudes avec un master en p\u00e9dagogie \u00e0 la Scola Basiliensis.<\/p>\n<h4 class=\"heading-l line line--gold\">Bernhard Ehrenfellner<\/h4>\n<p class=\"paragraph-m\">est n\u00e9 \u00e0 Salzbourg et a \u00e9tudi\u00e9 le piano, le chant, la direction d'orchestre et l'\u00e9ducation musicale \u00e0 Vienne. Il est tr\u00e8s actif en tant que chanteur, accompagnateur de lieder et musicien de chambre. Il est professeur de musique et d'instruments au coll\u00e8ge d'Admont et dirige des ensembles vocaux, des formations de musique folklorique et de jazz.<\/p>\n<\/div>\n                        \n                                    <\/div>\n            \n            <\/div>\n<\/div>\n\n<\/section>\n\n<section id='lightpress__section--block_610a808641e90' class='lightpress__section--default-section-space lightpress__section lightpress__section--content'><div class=\"content__inner\"\n         x-init=\"initContentBlockAnim($el)\">\n        \n    <div class=\"content__grid content__grid\">\n                                            <div class=\"content__box content__box--one-hundred\"\n                 style=\"\">\n                                \n                \n                                            <div class=\"prose\"><h3 class=\"heading-xl line line--gold\">Information<\/h3>\n<p class=\"paragraph-m\">Dagmar Fischer-Riedel<\/p>\n<p><a class=\"email\" href=\"mailto:dagmus@gmx.at\"><span class=\"icon-outer\"><span class=\"email-icon\"><\/span><\/span>dagmus@gmx.at<\/a> <a class=\"phone\" href=\"tel:0664-1972598\"><span class=\"icon-outer\"><span class=\"phone-icon\"><\/span><\/span>0664-1972598<\/a><\/p>\n<p>\u00a0<\/p>\n<p class=\"paragraph-m\">Karin Schamberger, docteur en m\u00e9decine\u00a0<\/p>\n<p><a class=\"email\" href=\"mailto:karin.schamberger@stiftadmont.at\"><span class=\"icon-outer\"><span class=\"email-icon\"><\/span><\/span>karin.schamberger@stiftadmont.at<\/a><\/p>\n<p>\u00a0<\/p>\n<div class=\"info info--warn\">\n<p>Toutes les manifestations se d\u00e9roulent dans le respect des r\u00e8gles coronariennes actuelles.<\/p>\n<\/div>\n<p>\u00a0<\/p>\n<h3 class=\"heading-xl line line--red\">T\u00c9L\u00c9CHARGEMENT<\/h3>\n<p class=\"paragraph-m\"><a href=\"\/wp-content\/uploads\/Lautenherbst_2021.pdf\" target=\"_blank\" rel=\"noopener\">Automne du luth 2021<\/a><\/p>\n<\/div>\n                    \n                            <\/div>\n        \n            <\/div>\n<\/div>\n\n<\/section>","protected":false},"excerpt":{"rendered":"<p>7\u00e8me Admonter Lautenherbst du 01 au 05 septembre 2021<\/p>","protected":false},"author":7,"featured_media":4371,"comment_status":"closed","ping_status":"closed","sticky":false,"template":"","format":"standard","meta":{"_acf_changed":false,"footnotes":""},"categories":[23],"class_list":["post-4368","post","type-post","status-publish","format-standard","has-post-thumbnail","hentry","category-einrichtungen-aktuell"],"acf":[],"yoast_head":"<!-- This site is optimized with the Yoast SEO Premium plugin v26.0 (Yoast SEO v26.8) - https:\/\/yoast.com\/product\/yoast-seo-premium-wordpress\/ -->\n<title>Lautenherbst im Stift Admont - Stift Admont<\/title>\n<meta name=\"description\" content=\"Lesen Sie aktuelle Informationen zum Thema Lautenherbst im Stift Admont und vieles mehr aus dem Konvent und der Pfarre Admont.\" \/>\n<meta name=\"robots\" content=\"index, follow, max-snippet:-1, max-image-preview:large, max-video-preview:-1\" \/>\n<link rel=\"canonical\" href=\"https:\/\/stiftadmont.at\/fr\/blog\/automne-bruyant\/\" \/>\n<meta property=\"og:locale\" content=\"fr_FR\" \/>\n<meta property=\"og:type\" content=\"article\" \/>\n<meta property=\"og:title\" content=\"Lautenherbst im Stift Admont\" \/>\n<meta property=\"og:description\" content=\"Lesen Sie aktuelle Informationen zum Thema Lautenherbst im Stift Admont und vieles mehr aus dem Konvent und der Pfarre Admont.\" \/>\n<meta property=\"og:url\" content=\"https:\/\/stiftadmont.at\/fr\/blog\/automne-bruyant\/\" \/>\n<meta property=\"og:site_name\" content=\"Stift Admont\" \/>\n<meta property=\"article:published_time\" content=\"2021-07-27T12:32:00+00:00\" \/>\n<meta property=\"article:modified_time\" content=\"2023-04-27T06:53:15+00:00\" \/>\n<meta property=\"og:image\" content=\"https:\/\/stiftadmont.at\/wp-content\/uploads\/3.jpg\" \/>\n\t<meta property=\"og:image:width\" content=\"1130\" \/>\n\t<meta property=\"og:image:height\" content=\"754\" \/>\n\t<meta property=\"og:image:type\" content=\"image\/jpeg\" \/>\n<meta name=\"author\" content=\"Mario Brandm\u00fcller\" \/>\n<meta name=\"twitter:card\" content=\"summary_large_image\" \/>\n<meta name=\"twitter:label1\" content=\"\u00c9crit par\" \/>\n\t<meta name=\"twitter:data1\" content=\"Mario Brandm\u00fcller\" \/>\n<script type=\"application\/ld+json\" class=\"yoast-schema-graph\">{\"@context\":\"https:\/\/schema.org\",\"@graph\":[{\"@type\":\"Article\",\"@id\":\"https:\/\/stiftadmont.at\/blog\/lautenherbst\/#article\",\"isPartOf\":{\"@id\":\"https:\/\/stiftadmont.at\/blog\/lautenherbst\/\"},\"author\":{\"name\":\"Mario Brandm\u00fcller\",\"@id\":\"https:\/\/stiftadmont.at\/#\/schema\/person\/30535548b241d5f33a2e8b839db11869\"},\"headline\":\"Lautenherbst im Stift Admont\",\"datePublished\":\"2021-07-27T12:32:00+00:00\",\"dateModified\":\"2023-04-27T06:53:15+00:00\",\"mainEntityOfPage\":{\"@id\":\"https:\/\/stiftadmont.at\/blog\/lautenherbst\/\"},\"wordCount\":4,\"image\":{\"@id\":\"https:\/\/stiftadmont.at\/blog\/lautenherbst\/#primaryimage\"},\"thumbnailUrl\":\"https:\/\/stiftadmont.at\/wp-content\/uploads\/3.jpg\",\"articleSection\":[\"Einrichtungen aktuell\"],\"inLanguage\":\"fr-FR\"},{\"@type\":\"WebPage\",\"@id\":\"https:\/\/stiftadmont.at\/blog\/lautenherbst\/\",\"url\":\"https:\/\/stiftadmont.at\/blog\/lautenherbst\/\",\"name\":\"Lautenherbst im Stift Admont - Stift Admont\",\"isPartOf\":{\"@id\":\"https:\/\/stiftadmont.at\/#website\"},\"primaryImageOfPage\":{\"@id\":\"https:\/\/stiftadmont.at\/blog\/lautenherbst\/#primaryimage\"},\"image\":{\"@id\":\"https:\/\/stiftadmont.at\/blog\/lautenherbst\/#primaryimage\"},\"thumbnailUrl\":\"https:\/\/stiftadmont.at\/wp-content\/uploads\/3.jpg\",\"datePublished\":\"2021-07-27T12:32:00+00:00\",\"dateModified\":\"2023-04-27T06:53:15+00:00\",\"author\":{\"@id\":\"https:\/\/stiftadmont.at\/#\/schema\/person\/30535548b241d5f33a2e8b839db11869\"},\"description\":\"Lesen Sie aktuelle Informationen zum Thema Lautenherbst im Stift Admont und vieles mehr aus dem Konvent und der Pfarre Admont.\",\"breadcrumb\":{\"@id\":\"https:\/\/stiftadmont.at\/blog\/lautenherbst\/#breadcrumb\"},\"inLanguage\":\"fr-FR\",\"potentialAction\":[{\"@type\":\"ReadAction\",\"target\":[\"https:\/\/stiftadmont.at\/blog\/lautenherbst\/\"]}]},{\"@type\":\"ImageObject\",\"inLanguage\":\"fr-FR\",\"@id\":\"https:\/\/stiftadmont.at\/blog\/lautenherbst\/#primaryimage\",\"url\":\"https:\/\/stiftadmont.at\/wp-content\/uploads\/3.jpg\",\"contentUrl\":\"https:\/\/stiftadmont.at\/wp-content\/uploads\/3.jpg\",\"width\":1130,\"height\":754,\"caption\":\"Lautenherbst im Stift Admont 2021\"},{\"@type\":\"BreadcrumbList\",\"@id\":\"https:\/\/stiftadmont.at\/blog\/lautenherbst\/#breadcrumb\",\"itemListElement\":[{\"@type\":\"ListItem\",\"position\":1,\"name\":\"Start\",\"item\":\"https:\/\/stiftadmont.at\/\"},{\"@type\":\"ListItem\",\"position\":2,\"name\":\"Lautenherbst im Stift Admont\"}]},{\"@type\":\"WebSite\",\"@id\":\"https:\/\/stiftadmont.at\/#website\",\"url\":\"https:\/\/stiftadmont.at\/\",\"name\":\"Stift Admont\",\"description\":\"Benediktinerkloster und Sehensw\u00fcrdigkeit im Ges\u00e4use\",\"potentialAction\":[{\"@type\":\"SearchAction\",\"target\":{\"@type\":\"EntryPoint\",\"urlTemplate\":\"https:\/\/stiftadmont.at\/?s={search_term_string}\"},\"query-input\":{\"@type\":\"PropertyValueSpecification\",\"valueRequired\":true,\"valueName\":\"search_term_string\"}}],\"inLanguage\":\"fr-FR\"},{\"@type\":\"Person\",\"@id\":\"https:\/\/stiftadmont.at\/#\/schema\/person\/30535548b241d5f33a2e8b839db11869\",\"name\":\"Mario Brandm\u00fcller\"}]}<\/script>\n<!-- \/ Yoast SEO Premium plugin. -->","yoast_head_json":{"title":"Automne du luth \u00e0 l'abbaye d'Admont - Stift Admont","description":"Lisez les informations actuelles sur le th\u00e8me de l'automne des luths \u00e0 l'abbaye d'Admont et bien d'autres choses encore sur le couvent et la paroisse d'Admont.","robots":{"index":"index","follow":"follow","max-snippet":"max-snippet:-1","max-image-preview":"max-image-preview:large","max-video-preview":"max-video-preview:-1"},"canonical":"https:\/\/stiftadmont.at\/fr\/blog\/automne-bruyant\/","og_locale":"fr_FR","og_type":"article","og_title":"Lautenherbst im Stift Admont","og_description":"Lesen Sie aktuelle Informationen zum Thema Lautenherbst im Stift Admont und vieles mehr aus dem Konvent und der Pfarre Admont.","og_url":"https:\/\/stiftadmont.at\/fr\/blog\/automne-bruyant\/","og_site_name":"Stift Admont","article_published_time":"2021-07-27T12:32:00+00:00","article_modified_time":"2023-04-27T06:53:15+00:00","og_image":[{"width":1130,"height":754,"url":"https:\/\/stiftadmont.at\/wp-content\/uploads\/3.jpg","type":"image\/jpeg"}],"author":"Mario Brandm\u00fcller","twitter_card":"summary_large_image","twitter_misc":{"\u00c9crit par":"Mario Brandm\u00fcller"},"schema":{"@context":"https:\/\/schema.org","@graph":[{"@type":"Article","@id":"https:\/\/stiftadmont.at\/blog\/lautenherbst\/#article","isPartOf":{"@id":"https:\/\/stiftadmont.at\/blog\/lautenherbst\/"},"author":{"name":"Mario Brandm\u00fcller","@id":"https:\/\/stiftadmont.at\/#\/schema\/person\/30535548b241d5f33a2e8b839db11869"},"headline":"Lautenherbst im Stift Admont","datePublished":"2021-07-27T12:32:00+00:00","dateModified":"2023-04-27T06:53:15+00:00","mainEntityOfPage":{"@id":"https:\/\/stiftadmont.at\/blog\/lautenherbst\/"},"wordCount":4,"image":{"@id":"https:\/\/stiftadmont.at\/blog\/lautenherbst\/#primaryimage"},"thumbnailUrl":"https:\/\/stiftadmont.at\/wp-content\/uploads\/3.jpg","articleSection":["Einrichtungen aktuell"],"inLanguage":"fr-FR"},{"@type":"WebPage","@id":"https:\/\/stiftadmont.at\/blog\/lautenherbst\/","url":"https:\/\/stiftadmont.at\/blog\/lautenherbst\/","name":"Automne du luth \u00e0 l'abbaye d'Admont - Stift Admont","isPartOf":{"@id":"https:\/\/stiftadmont.at\/#website"},"primaryImageOfPage":{"@id":"https:\/\/stiftadmont.at\/blog\/lautenherbst\/#primaryimage"},"image":{"@id":"https:\/\/stiftadmont.at\/blog\/lautenherbst\/#primaryimage"},"thumbnailUrl":"https:\/\/stiftadmont.at\/wp-content\/uploads\/3.jpg","datePublished":"2021-07-27T12:32:00+00:00","dateModified":"2023-04-27T06:53:15+00:00","author":{"@id":"https:\/\/stiftadmont.at\/#\/schema\/person\/30535548b241d5f33a2e8b839db11869"},"description":"Lisez les informations actuelles sur le th\u00e8me de l'automne des luths \u00e0 l'abbaye d'Admont et bien d'autres choses encore sur le couvent et la paroisse d'Admont.","breadcrumb":{"@id":"https:\/\/stiftadmont.at\/blog\/lautenherbst\/#breadcrumb"},"inLanguage":"fr-FR","potentialAction":[{"@type":"ReadAction","target":["https:\/\/stiftadmont.at\/blog\/lautenherbst\/"]}]},{"@type":"ImageObject","inLanguage":"fr-FR","@id":"https:\/\/stiftadmont.at\/blog\/lautenherbst\/#primaryimage","url":"https:\/\/stiftadmont.at\/wp-content\/uploads\/3.jpg","contentUrl":"https:\/\/stiftadmont.at\/wp-content\/uploads\/3.jpg","width":1130,"height":754,"caption":"Lautenherbst im Stift Admont 2021"},{"@type":"BreadcrumbList","@id":"https:\/\/stiftadmont.at\/blog\/lautenherbst\/#breadcrumb","itemListElement":[{"@type":"ListItem","position":1,"name":"Start","item":"https:\/\/stiftadmont.at\/"},{"@type":"ListItem","position":2,"name":"Lautenherbst im Stift Admont"}]},{"@type":"WebSite","@id":"https:\/\/stiftadmont.at\/#website","url":"https:\/\/stiftadmont.at\/","name":"Abbaye d'Admont","description":"Monast\u00e8re b\u00e9n\u00e9dictin et attraction touristique dans le Ges\u00e4use","potentialAction":[{"@type":"SearchAction","target":{"@type":"EntryPoint","urlTemplate":"https:\/\/stiftadmont.at\/?s={search_term_string}"},"query-input":{"@type":"PropertyValueSpecification","valueRequired":true,"valueName":"search_term_string"}}],"inLanguage":"fr-FR"},{"@type":"Person","@id":"https:\/\/stiftadmont.at\/#\/schema\/person\/30535548b241d5f33a2e8b839db11869","name":"Mario Brandm\u00fcller"}]}},"_links":{"self":[{"href":"https:\/\/stiftadmont.at\/fr\/wp-json\/wp\/v2\/posts\/4368","targetHints":{"allow":["GET"]}}],"collection":[{"href":"https:\/\/stiftadmont.at\/fr\/wp-json\/wp\/v2\/posts"}],"about":[{"href":"https:\/\/stiftadmont.at\/fr\/wp-json\/wp\/v2\/types\/post"}],"author":[{"embeddable":true,"href":"https:\/\/stiftadmont.at\/fr\/wp-json\/wp\/v2\/users\/7"}],"replies":[{"embeddable":true,"href":"https:\/\/stiftadmont.at\/fr\/wp-json\/wp\/v2\/comments?post=4368"}],"version-history":[{"count":40,"href":"https:\/\/stiftadmont.at\/fr\/wp-json\/wp\/v2\/posts\/4368\/revisions"}],"predecessor-version":[{"id":17859,"href":"https:\/\/stiftadmont.at\/fr\/wp-json\/wp\/v2\/posts\/4368\/revisions\/17859"}],"wp:featuredmedia":[{"embeddable":true,"href":"https:\/\/stiftadmont.at\/fr\/wp-json\/wp\/v2\/media\/4371"}],"wp:attachment":[{"href":"https:\/\/stiftadmont.at\/fr\/wp-json\/wp\/v2\/media?parent=4368"}],"wp:term":[{"taxonomy":"category","embeddable":true,"href":"https:\/\/stiftadmont.at\/fr\/wp-json\/wp\/v2\/categories?post=4368"}],"curies":[{"name":"wp","href":"https:\/\/api.w.org\/{rel}","templated":true}]}}