{"id":6843,"date":"2021-08-28T17:23:38","date_gmt":"2021-08-28T15:23:38","guid":{"rendered":"https:\/\/stiftadmont.at\/?p=6843"},"modified":"2023-04-27T08:55:03","modified_gmt":"2023-04-27T06:55:03","slug":"semaine-thematique","status":"publish","type":"post","link":"https:\/\/stiftadmont.at\/fr\/blog\/themenwoche\/","title":{"rendered":"Semaine th\u00e9matique sur la profession solennelle (perp\u00e9tuelle) du fr. Rupert Schwarz OSB"},"content":{"rendered":"<section id='lightpress__section--block_6155d5c191106' class='lightpress__section--default-section-space lightpress__section lightpress__section--content'><div class=\"content__inner\"\n         x-init=\"initContentBlockAnim($el)\">\n        \n    <div class=\"content__grid content__grid\">\n                                            <div class=\"content__box content__box--one-hundred\"\n                 style=\"\">\n                                \n                \n                                            <div class=\"prose\"><h2 class=\"heading-xxl line line--gold\">Themenwoche zur Feierlichen (ewigen) Profess von fr. Rupert Schwarz OSB Sonntag, 22.08.2021<\/h2>\n<p class=\"paragraph-m\">Heute in einer Woche wird unser fr. Rupert seine feierliche (ewige) Profess ablegen. Wir bezeichnen damit die Gel\u00fcbde auf Lebenszeit. In der kommenden Woche wollen wir uns im Rahmen einer Themenwoche n\u00e4her damit besch\u00e4ftigen und Ihnen einen Einblick in diese Feier geben.<\/p>\n<p class=\"paragraph-m\"><strong>Montag, 23.08.2021 <\/strong><\/p>\n<p class=\"paragraph-m\">Der Hl. Benedikt beschreibt die Aufnahme von neuen Br\u00fcdern im 58. Kapitel seiner Regel. Dort finden wir auch die drei benediktinischen Gel\u00fcbde, die fr. Rupert am Sonntag f\u00fcr sein Leben ablegen wird. Es sind dies Best\u00e4ndigkeit in der Gemeinschaft, kl\u00f6sterlicher Lebenswandel sowie Gehorsam.<\/p>\n<p class=\"paragraph-m\"><strong>Dienstag, 24.08.2021 <\/strong><\/p>\n<p class=\"paragraph-m\">Bevor der eigentliche Professakt beginnt, wird mit dem Hymnus \u201eVeni creator spiritus\u201c der Hl. Geist auf uns herabgerufen. Er soll fr. Rupert bei dieser Feier und in seinem ganzen Leben beistehen.<\/p>\n<p class=\"paragraph-m\"><strong>Mittwoch, 25.08.2021 <\/strong><\/p>\n<p class=\"paragraph-m\">Nachdem fr. Rupert seine Bereitschaft bekundet hat, werden in der Allerheiligenlitanei die Heiligen in unsere Mitte gerufen. Wenn jemand seine ewigen Gel\u00fcbde ablegt, dann ist die ganze Gemeinschaft der Kirche vertreten, die durch die Heiligen repr\u00e4sentiert wird.<\/p>\n<p class=\"paragraph-m\"><strong>Donnerstag, 26.08.2021 <\/strong><\/p>\n<p class=\"paragraph-m\">Der wichtigste Akt der Profess ist das Vorlesen und Unterschreiben der Professurkunde. Danach legt fr. Rupert seine eigenh\u00e4ndig geschriebene Professurkunde am Altar nieder. Es ist dies das Zeichen der Ganzhingabe an Jesus Christus. Im Anschluss stimmt er den uralten M\u00f6nchsgesang, das \u201eSuscipe me, Domine\u201c (\u201eNimm mich an, o Herr\u201c) an.<\/p>\n<p class=\"paragraph-m\"><strong>Freitag, 27.08.2021 <\/strong><\/p>\n<p class=\"paragraph-m\">Nach dem \u201eSuscipe me, Domine\u201c wird fr. Rupert mit der Kukulle, dem eigentlichen M\u00f6nchsgewand, bekleidet. In unserem Kloster d\u00fcrfen dieses Gewand nur M\u00f6nche mit feierlicher (ewiger) Profess tragen.<\/p>\n<p class=\"paragraph-m\"><strong>Samstag, 28.08.2021 <\/strong><\/p>\n<p class=\"paragraph-m\">Mit der feierlichen (ewigen) Profess ist der M\u00f6nch verpflichtet, t\u00e4gliches das Lob Gottes im Stundengebet der Kirche anzustimmen. Als Zeichen daf\u00fcr wird ihm das Monastische Stundenbuch, das Gebetbuch f\u00fcr das Stundengebet, \u00fcberreicht.<\/p>\n<p class=\"paragraph-m\"><strong>Sonntag, 29.08.2021 <\/strong><\/p>\n<p class=\"paragraph-m\">Heute um 14:00 Uhr wird unser fr. Rupert seine feierliche (ewige) Profess in unserem Kloster ablegen und sich so f\u00fcr sein ganzen Leben an die benediktinische Gemeinschaft von Admont binden. Bitte begleiten Sie unseren Mitbruder heute in besonderer Weise mit ihrem Gebet.<\/p>\n<p class=\"paragraph-m\">Die Teilnahme an der Feier ist nur mit g\u00fcltigem 3G-Nachweis m\u00f6glich.<\/p>\n<p class=\"paragraph-m\">Fotos: Fabian Hasler<\/p>\n<\/div>\n                    \n                            <\/div>\n        \n            <\/div>\n<\/div>\n\n<\/section>\n\n<section id='lightpress__section--block_6155d5c891108' class='lightpress__section--default-section-space lightpress__section lightpress__section--image-slider'>\n<div class=\"image-slider\"\n     x-data=\"{ gallery: null, shown: false }\"\n     x-init=\"gallery = initSliderGallery([{&quot;href&quot;:&quot;https:\\\/\\\/stiftadmont.at\\\/wp-content\\\/uploads\\\/2-1-1920x1280.jpg&quot;,&quot;type&quot;:&quot;image&quot;},{&quot;href&quot;:&quot;https:\\\/\\\/stiftadmont.at\\\/wp-content\\\/uploads\\\/1-1-1920x1280.jpg&quot;,&quot;type&quot;:&quot;image&quot;},{&quot;href&quot;:&quot;https:\\\/\\\/stiftadmont.at\\\/wp-content\\\/uploads\\\/7-1920x1280.jpg&quot;,&quot;type&quot;:&quot;image&quot;},{&quot;href&quot;:&quot;https:\\\/\\\/stiftadmont.at\\\/wp-content\\\/uploads\\\/3-1-1920x1280.jpg&quot;,&quot;type&quot;:&quot;image&quot;}]); initImageSliderBlockAnim($el);\">\n    <div class=\"image-slider__inner\">\n\n        <div class=\"swiper-container\" x-init=\"initImageSliderBlock($el, $refs.btnPrev, $refs.btnNext)\">\n            <div class=\"swiper-wrapper\">\n                                    <div class=\"swiper-slide\">\n                        <div class=\"image-slider__media\">\n                            <img decoding=\"async\" class=\"image-slider__image\"\n                                 src=\"https:\/\/stiftadmont.at\/wp-content\/uploads\/2-1-768x512.jpg\"\n                                 alt=\"2 1 scaled\">\n                        <\/div>\n                    <\/div>\n                                    <div class=\"swiper-slide\">\n                        <div class=\"image-slider__media\">\n                            <img decoding=\"async\" class=\"image-slider__image\"\n                                 src=\"https:\/\/stiftadmont.at\/wp-content\/uploads\/1-1-768x512.jpg\"\n                                 alt=\"1 1 scaled\">\n                        <\/div>\n                    <\/div>\n                                    <div class=\"swiper-slide\">\n                        <div class=\"image-slider__media\">\n                            <img decoding=\"async\" class=\"image-slider__image\"\n                                 src=\"https:\/\/stiftadmont.at\/wp-content\/uploads\/7-768x512.jpg\"\n                                 alt=\"7 scaled\">\n                        <\/div>\n                    <\/div>\n                                    <div class=\"swiper-slide\">\n                        <div class=\"image-slider__media\">\n                            <img decoding=\"async\" class=\"image-slider__image\"\n                                 src=\"https:\/\/stiftadmont.at\/wp-content\/uploads\/3-1-768x512.jpg\"\n                                 alt=\"3 1 scaled\">\n                        <\/div>\n                    <\/div>\n                            <\/div>\n\n            <div class=\"swiper-nav-wrapper\">\n                <button class=\"swiper-button-prev slider-button--prev\" x-ref=\"btnPrev\"\n                        aria-label=\"Vorige Bilder anzeigen\">\n                    <img decoding=\"async\" src=\"\/wp-content\/themes\/stift-admont\/src\/assets\/img\/arrow-left-big-new.svg\" alt=\"Pfeil nach Links\">\n                <\/button>\n\n\n                <a class=\"image-slider__gallery\" @click=\"openGallery(gallery)\"><i class=\"fa-thin fa-plus\"><\/i><\/a>\n                <button class=\"swiper-button-next slider-button--next\"\n                        x-ref=\"btnNext\"\n                        aria-label=\"N\u00e4chste Bilder anzeigen\">\n                    <img decoding=\"async\" src=\"\/wp-content\/themes\/stift-admont\/src\/assets\/img\/arrow-right-big-new.svg\" alt=\"Pfeil nach Rechts\">\n                <\/button>\n            <\/div>\n        <\/div>\n    <\/div>\n\n\n<\/div><\/section>","protected":false},"excerpt":{"rendered":"<p>Apprenez-en plus sur la profession solennelle (perp\u00e9tuelle) de fr. Rupert dans la semaine th\u00e9matique. <\/p>","protected":false},"author":7,"featured_media":6844,"comment_status":"closed","ping_status":"closed","sticky":false,"template":"","format":"standard","meta":{"_acf_changed":false,"footnotes":""},"categories":[22],"class_list":["post-6843","post","type-post","status-publish","format-standard","has-post-thumbnail","hentry","category-kloster-aktuell"],"acf":[],"yoast_head":"<!-- This site is optimized with the Yoast SEO Premium plugin v26.0 (Yoast SEO v26.8) - https:\/\/yoast.com\/product\/yoast-seo-premium-wordpress\/ -->\n<title>Themenwoche zur Feierlichen (ewigen) Profess von fr. Rupert Schwarz OSB - Stift Admont<\/title>\n<meta name=\"description\" content=\"Lesen Sie aktuelle Informationen zum Thema Themenwoche zur Feierlichen (ewigen) Profess von fr. Rupert Schwarz OSB und vieles mehr aus dem Konvent und der Pfarre Admont.\" \/>\n<meta name=\"robots\" content=\"index, follow, max-snippet:-1, max-image-preview:large, max-video-preview:-1\" \/>\n<link rel=\"canonical\" href=\"https:\/\/stiftadmont.at\/fr\/blog\/semaine-thematique\/\" \/>\n<meta property=\"og:locale\" content=\"fr_FR\" \/>\n<meta property=\"og:type\" content=\"article\" \/>\n<meta property=\"og:title\" content=\"Themenwoche zur Feierlichen (ewigen) Profess von fr. Rupert Schwarz OSB\" \/>\n<meta property=\"og:description\" content=\"Lesen Sie aktuelle Informationen zum Thema Themenwoche zur Feierlichen (ewigen) Profess von fr. Rupert Schwarz OSB und vieles mehr aus dem Konvent und der Pfarre Admont.\" \/>\n<meta property=\"og:url\" content=\"https:\/\/stiftadmont.at\/fr\/blog\/semaine-thematique\/\" \/>\n<meta property=\"og:site_name\" content=\"Stift Admont\" \/>\n<meta property=\"article:published_time\" content=\"2021-08-28T15:23:38+00:00\" \/>\n<meta property=\"article:modified_time\" content=\"2023-04-27T06:55:03+00:00\" \/>\n<meta property=\"og:image\" content=\"https:\/\/stiftadmont.at\/wp-content\/uploads\/1-1-scaled.jpg\" \/>\n\t<meta property=\"og:image:width\" content=\"2560\" \/>\n\t<meta property=\"og:image:height\" content=\"1707\" \/>\n\t<meta property=\"og:image:type\" content=\"image\/jpeg\" \/>\n<meta name=\"author\" content=\"Mario Brandm\u00fcller\" \/>\n<meta name=\"twitter:card\" content=\"summary_large_image\" \/>\n<meta name=\"twitter:label1\" content=\"\u00c9crit par\" \/>\n\t<meta name=\"twitter:data1\" content=\"Mario Brandm\u00fcller\" \/>\n<script type=\"application\/ld+json\" class=\"yoast-schema-graph\">{\"@context\":\"https:\/\/schema.org\",\"@graph\":[{\"@type\":\"Article\",\"@id\":\"https:\/\/stiftadmont.at\/blog\/themenwoche\/#article\",\"isPartOf\":{\"@id\":\"https:\/\/stiftadmont.at\/blog\/themenwoche\/\"},\"author\":{\"name\":\"Mario Brandm\u00fcller\",\"@id\":\"https:\/\/stiftadmont.at\/#\/schema\/person\/30535548b241d5f33a2e8b839db11869\"},\"headline\":\"Themenwoche zur Feierlichen (ewigen) Profess von fr. Rupert Schwarz OSB\",\"datePublished\":\"2021-08-28T15:23:38+00:00\",\"dateModified\":\"2023-04-27T06:55:03+00:00\",\"mainEntityOfPage\":{\"@id\":\"https:\/\/stiftadmont.at\/blog\/themenwoche\/\"},\"wordCount\":10,\"image\":{\"@id\":\"https:\/\/stiftadmont.at\/blog\/themenwoche\/#primaryimage\"},\"thumbnailUrl\":\"https:\/\/stiftadmont.at\/wp-content\/uploads\/1-1-scaled.jpg\",\"articleSection\":[\"Kloster aktuell\"],\"inLanguage\":\"fr-FR\"},{\"@type\":\"WebPage\",\"@id\":\"https:\/\/stiftadmont.at\/blog\/themenwoche\/\",\"url\":\"https:\/\/stiftadmont.at\/blog\/themenwoche\/\",\"name\":\"Themenwoche zur Feierlichen (ewigen) Profess von fr. Rupert Schwarz OSB - Stift Admont\",\"isPartOf\":{\"@id\":\"https:\/\/stiftadmont.at\/#website\"},\"primaryImageOfPage\":{\"@id\":\"https:\/\/stiftadmont.at\/blog\/themenwoche\/#primaryimage\"},\"image\":{\"@id\":\"https:\/\/stiftadmont.at\/blog\/themenwoche\/#primaryimage\"},\"thumbnailUrl\":\"https:\/\/stiftadmont.at\/wp-content\/uploads\/1-1-scaled.jpg\",\"datePublished\":\"2021-08-28T15:23:38+00:00\",\"dateModified\":\"2023-04-27T06:55:03+00:00\",\"author\":{\"@id\":\"https:\/\/stiftadmont.at\/#\/schema\/person\/30535548b241d5f33a2e8b839db11869\"},\"description\":\"Lesen Sie aktuelle Informationen zum Thema Themenwoche zur Feierlichen (ewigen) Profess von fr. Rupert Schwarz OSB und vieles mehr aus dem Konvent und der Pfarre Admont.\",\"breadcrumb\":{\"@id\":\"https:\/\/stiftadmont.at\/blog\/themenwoche\/#breadcrumb\"},\"inLanguage\":\"fr-FR\",\"potentialAction\":[{\"@type\":\"ReadAction\",\"target\":[\"https:\/\/stiftadmont.at\/blog\/themenwoche\/\"]}]},{\"@type\":\"ImageObject\",\"inLanguage\":\"fr-FR\",\"@id\":\"https:\/\/stiftadmont.at\/blog\/themenwoche\/#primaryimage\",\"url\":\"https:\/\/stiftadmont.at\/wp-content\/uploads\/1-1-scaled.jpg\",\"contentUrl\":\"https:\/\/stiftadmont.at\/wp-content\/uploads\/1-1-scaled.jpg\",\"width\":2560,\"height\":1707,\"caption\":\"1 1 scaled\"},{\"@type\":\"BreadcrumbList\",\"@id\":\"https:\/\/stiftadmont.at\/blog\/themenwoche\/#breadcrumb\",\"itemListElement\":[{\"@type\":\"ListItem\",\"position\":1,\"name\":\"Start\",\"item\":\"https:\/\/stiftadmont.at\/\"},{\"@type\":\"ListItem\",\"position\":2,\"name\":\"Themenwoche zur Feierlichen (ewigen) Profess von fr. Rupert Schwarz OSB\"}]},{\"@type\":\"WebSite\",\"@id\":\"https:\/\/stiftadmont.at\/#website\",\"url\":\"https:\/\/stiftadmont.at\/\",\"name\":\"Stift Admont\",\"description\":\"Benediktinerkloster und Sehensw\u00fcrdigkeit im Ges\u00e4use\",\"potentialAction\":[{\"@type\":\"SearchAction\",\"target\":{\"@type\":\"EntryPoint\",\"urlTemplate\":\"https:\/\/stiftadmont.at\/?s={search_term_string}\"},\"query-input\":{\"@type\":\"PropertyValueSpecification\",\"valueRequired\":true,\"valueName\":\"search_term_string\"}}],\"inLanguage\":\"fr-FR\"},{\"@type\":\"Person\",\"@id\":\"https:\/\/stiftadmont.at\/#\/schema\/person\/30535548b241d5f33a2e8b839db11869\",\"name\":\"Mario Brandm\u00fcller\"}]}<\/script>\n<!-- \/ Yoast SEO Premium plugin. -->","yoast_head_json":{"title":"Semaine th\u00e9matique sur la profession solennelle (perp\u00e9tuelle) du fr. Rupert Schwarz OSB - Stift Admont","description":"Lisez les informations actuelles sur le th\u00e8me de la semaine th\u00e9matique de la profession solennelle (perp\u00e9tuelle) du fr. Rupert Schwarz OSB et bien d'autres informations sur le couvent et la paroisse d'Admont.","robots":{"index":"index","follow":"follow","max-snippet":"max-snippet:-1","max-image-preview":"max-image-preview:large","max-video-preview":"max-video-preview:-1"},"canonical":"https:\/\/stiftadmont.at\/fr\/blog\/semaine-thematique\/","og_locale":"fr_FR","og_type":"article","og_title":"Themenwoche zur Feierlichen (ewigen) Profess von fr. Rupert Schwarz OSB","og_description":"Lesen Sie aktuelle Informationen zum Thema Themenwoche zur Feierlichen (ewigen) Profess von fr. Rupert Schwarz OSB und vieles mehr aus dem Konvent und der Pfarre Admont.","og_url":"https:\/\/stiftadmont.at\/fr\/blog\/semaine-thematique\/","og_site_name":"Stift Admont","article_published_time":"2021-08-28T15:23:38+00:00","article_modified_time":"2023-04-27T06:55:03+00:00","og_image":[{"width":2560,"height":1707,"url":"https:\/\/stiftadmont.at\/wp-content\/uploads\/1-1-scaled.jpg","type":"image\/jpeg"}],"author":"Mario Brandm\u00fcller","twitter_card":"summary_large_image","twitter_misc":{"\u00c9crit par":"Mario Brandm\u00fcller"},"schema":{"@context":"https:\/\/schema.org","@graph":[{"@type":"Article","@id":"https:\/\/stiftadmont.at\/blog\/themenwoche\/#article","isPartOf":{"@id":"https:\/\/stiftadmont.at\/blog\/themenwoche\/"},"author":{"name":"Mario Brandm\u00fcller","@id":"https:\/\/stiftadmont.at\/#\/schema\/person\/30535548b241d5f33a2e8b839db11869"},"headline":"Themenwoche zur Feierlichen (ewigen) Profess von fr. Rupert Schwarz OSB","datePublished":"2021-08-28T15:23:38+00:00","dateModified":"2023-04-27T06:55:03+00:00","mainEntityOfPage":{"@id":"https:\/\/stiftadmont.at\/blog\/themenwoche\/"},"wordCount":10,"image":{"@id":"https:\/\/stiftadmont.at\/blog\/themenwoche\/#primaryimage"},"thumbnailUrl":"https:\/\/stiftadmont.at\/wp-content\/uploads\/1-1-scaled.jpg","articleSection":["Kloster aktuell"],"inLanguage":"fr-FR"},{"@type":"WebPage","@id":"https:\/\/stiftadmont.at\/blog\/themenwoche\/","url":"https:\/\/stiftadmont.at\/blog\/themenwoche\/","name":"Semaine th\u00e9matique sur la profession solennelle (perp\u00e9tuelle) du fr. Rupert Schwarz OSB - Stift Admont","isPartOf":{"@id":"https:\/\/stiftadmont.at\/#website"},"primaryImageOfPage":{"@id":"https:\/\/stiftadmont.at\/blog\/themenwoche\/#primaryimage"},"image":{"@id":"https:\/\/stiftadmont.at\/blog\/themenwoche\/#primaryimage"},"thumbnailUrl":"https:\/\/stiftadmont.at\/wp-content\/uploads\/1-1-scaled.jpg","datePublished":"2021-08-28T15:23:38+00:00","dateModified":"2023-04-27T06:55:03+00:00","author":{"@id":"https:\/\/stiftadmont.at\/#\/schema\/person\/30535548b241d5f33a2e8b839db11869"},"description":"Lisez les informations actuelles sur le th\u00e8me de la semaine th\u00e9matique de la profession solennelle (perp\u00e9tuelle) du fr. Rupert Schwarz OSB et bien d'autres informations sur le couvent et la paroisse d'Admont.","breadcrumb":{"@id":"https:\/\/stiftadmont.at\/blog\/themenwoche\/#breadcrumb"},"inLanguage":"fr-FR","potentialAction":[{"@type":"ReadAction","target":["https:\/\/stiftadmont.at\/blog\/themenwoche\/"]}]},{"@type":"ImageObject","inLanguage":"fr-FR","@id":"https:\/\/stiftadmont.at\/blog\/themenwoche\/#primaryimage","url":"https:\/\/stiftadmont.at\/wp-content\/uploads\/1-1-scaled.jpg","contentUrl":"https:\/\/stiftadmont.at\/wp-content\/uploads\/1-1-scaled.jpg","width":2560,"height":1707,"caption":"1 1 scaled"},{"@type":"BreadcrumbList","@id":"https:\/\/stiftadmont.at\/blog\/themenwoche\/#breadcrumb","itemListElement":[{"@type":"ListItem","position":1,"name":"Start","item":"https:\/\/stiftadmont.at\/"},{"@type":"ListItem","position":2,"name":"Themenwoche zur Feierlichen (ewigen) Profess von fr. Rupert Schwarz OSB"}]},{"@type":"WebSite","@id":"https:\/\/stiftadmont.at\/#website","url":"https:\/\/stiftadmont.at\/","name":"Abbaye d'Admont","description":"Monast\u00e8re b\u00e9n\u00e9dictin et attraction touristique dans le Ges\u00e4use","potentialAction":[{"@type":"SearchAction","target":{"@type":"EntryPoint","urlTemplate":"https:\/\/stiftadmont.at\/?s={search_term_string}"},"query-input":{"@type":"PropertyValueSpecification","valueRequired":true,"valueName":"search_term_string"}}],"inLanguage":"fr-FR"},{"@type":"Person","@id":"https:\/\/stiftadmont.at\/#\/schema\/person\/30535548b241d5f33a2e8b839db11869","name":"Mario Brandm\u00fcller"}]}},"_links":{"self":[{"href":"https:\/\/stiftadmont.at\/fr\/wp-json\/wp\/v2\/posts\/6843","targetHints":{"allow":["GET"]}}],"collection":[{"href":"https:\/\/stiftadmont.at\/fr\/wp-json\/wp\/v2\/posts"}],"about":[{"href":"https:\/\/stiftadmont.at\/fr\/wp-json\/wp\/v2\/types\/post"}],"author":[{"embeddable":true,"href":"https:\/\/stiftadmont.at\/fr\/wp-json\/wp\/v2\/users\/7"}],"replies":[{"embeddable":true,"href":"https:\/\/stiftadmont.at\/fr\/wp-json\/wp\/v2\/comments?post=6843"}],"version-history":[{"count":13,"href":"https:\/\/stiftadmont.at\/fr\/wp-json\/wp\/v2\/posts\/6843\/revisions"}],"predecessor-version":[{"id":17866,"href":"https:\/\/stiftadmont.at\/fr\/wp-json\/wp\/v2\/posts\/6843\/revisions\/17866"}],"wp:featuredmedia":[{"embeddable":true,"href":"https:\/\/stiftadmont.at\/fr\/wp-json\/wp\/v2\/media\/6844"}],"wp:attachment":[{"href":"https:\/\/stiftadmont.at\/fr\/wp-json\/wp\/v2\/media?parent=6843"}],"wp:term":[{"taxonomy":"category","embeddable":true,"href":"https:\/\/stiftadmont.at\/fr\/wp-json\/wp\/v2\/categories?post=6843"}],"curies":[{"name":"wp","href":"https:\/\/api.w.org\/{rel}","templated":true}]}}