{"id":8671,"date":"2019-04-17T12:00:00","date_gmt":"2019-04-17T10:00:00","guid":{"rendered":"https:\/\/stiftadmont.at\/?p=8671"},"modified":"2024-08-19T11:25:01","modified_gmt":"2024-08-19T09:25:01","slug":"exposition-la-vie-des-poetes-au-moyen-age","status":"publish","type":"post","link":"https:\/\/stiftadmont.at\/fr\/blog\/ausstellung-dichterleben-im-mittelalter\/","title":{"rendered":"Exposition \"La vie des po\u00e8tes au Moyen \u00c2ge"},"content":{"rendered":"<section id='lightpress__section--block_8b582f42931f70471c8783f01d03f1ea' class='lightpress__section--default-section-space lightpress__section lightpress__section--content'><div class=\"content__inner\"\n         x-init=\"initContentBlockAnim($el)\">\n        \n    <div class=\"content__grid content__grid\">\n                                            <div class=\"content__box content__box--one-hundred\"\n                 style=\"\">\n                                \n                \n                                            <div class=\"prose\"><h2 class=\"heading-xxl line line--gold\">Exposition \"La vie des po\u00e8tes au Moyen \u00c2ge<\/h2>\n<p>Mercredi 17 avril 2019<\/p>\n<p>\u00a0<\/p>\n<p><strong>Concept et historique de l'exposition<\/strong><br \/>L'art de la po\u00e9sie nous permet, comme aucun autre m\u00e9dia, de p\u00e9n\u00e9trer \u00e0 travers les si\u00e8cles dans un autre monde de pens\u00e9es, d'\u00e9couter sans cesse ce qui est inscrit dans cette soi-disant belle litt\u00e9rature en termes de connaissances du monde, de valeurs et de sentiments. Parfois, ce sont des phrases isol\u00e9es qui se distinguent, parce qu'elles mettent pour ainsi dire le doigt sur des messages essentiels de la vie. Les questions passionnantes \u00e0 ce sujet sont les suivantes : de quels univers de vie concrets, de quels contextes textuels et de quelles motivations ces courts messages historiques sont-ils porteurs, et que nous disent-ils encore aujourd'hui ?Pour trouver des r\u00e9ponses \u00e0 ces questions, l'exposition \"#dichterleben - Mittelalterliche 'tweets' aus der Steiermark\" (vie de po\u00e8te - tweets m\u00e9di\u00e9vaux de Styrie), qui s'est tenue aux Archives r\u00e9gionales de Styrie entre mai 2016 et juillet 2018, a r\u00e9uni cinq \u00e9crivains de renom de la Styrie m\u00e9di\u00e9vale sous la forme de personnages grandeur nature qui ont racont\u00e9 l'histoire de leur r\u00e9ussite personnelle dans une sorte de concours de po\u00e9sie : Ulrich von Liechtenstein, Herrand von Wildon, Hugo von Montfort, Bruder Philipp von Seitz et le moine Andreas Kurzmann. En accord avec l'approche \u00e0 la fois cr\u00e9ative et autobiographique de l'exposition, tous ces artistes des mots sont reli\u00e9s par le titre parlant de l'exposition, Dichterleben. En secouant les lettres de ce titre, des sous-titres individuels ont pu \u00eatre obtenus sous forme d'anagrammes qui - hasard ou non - correspondent bien \u00e0 chacun des cinq auteurs ; leur libell\u00e9 est r\u00e9v\u00e9l\u00e9 sur la page du projet http:\/\/gams.uni-graz.at\/context:lima?mode= dichterleben ou, pour le fr\u00e8re Philipp, d\u00e9j\u00e0 plus bas. L'exposition a \u00e9t\u00e9 con\u00e7ue en 2015\/16 par l'association universitaire Steirische Literaturpfade des Mittelalters en collaboration avec le projet Sparkling Science Arbeitskoffer et a offert de nombreuses possibilit\u00e9s d'entrer en contact avec la litt\u00e9rature et la langue du Moyen-\u00c2ge styrien et de se plonger dans le monde de vie et d'imagination des personnalit\u00e9s po\u00e9tiques. Au cours de l'\u00e9t\u00e9 2018, il \u00e9tait finalement temps pour les po\u00e8tes de quitter leur tente dans la capitale r\u00e9gionale et de se rendre l\u00e0 o\u00f9 ils \u00e9taient invit\u00e9s \u00e0 continuer \u00e0 raconter leurs messages litt\u00e9raires : Ulrich von Liechtenstein, Herrand von Wildon et Andreas Kurzmann se sont install\u00e9s dans les lieux d'origine de leurs sentiers litt\u00e9raires, respectivement \u00e0 Unzmarkt-Frauenburg, Wildon et Neuberg an der M\u00fcrz, le comte Hugo von Montfort a \u00e9t\u00e9 accueilli \u00e0 Frohnleiten, non loin de son ch\u00e2teau de Pfannburg, et Fr\u00e8re Philipp, le chartreux du monast\u00e8re slov\u00e8ne de Seitz\/\u017di\u010de, s'est rendu \u00e0 l'abbaye d'Admont et donc \u00e0 proximit\u00e9 du sentier litt\u00e9raire de m\u00e9decine locale. Par le biais de leurs portails, tous les auteurs styriens restent virtuellement en contact avec leurs followers. Cette visite virtuelle archiv\u00e9e permet de d\u00e9couvrir de pr\u00e8s comment nos po\u00e8tes se sont pr\u00e9sent\u00e9s avec succ\u00e8s pendant deux ans aux Archives r\u00e9gionales de Styrie : Visite \u00e0 360 degr\u00e9s de l'exposition aux Archives r\u00e9gionales de Styrie : <a href=\"http:\/\/gams.uni-graz.at\/lima\/dichterleben360\" target=\"_blank\" rel=\"noopener\">http:\/\/gams.uni-graz.at\/lima\/dichterleben360<\/a><\/p>\n<p>\u00a0<\/p>\n<p>Conform\u00e9ment au concept initial, l'alc\u00f4ve Twitter constitue le point central de chacun des cinq modules de l'exposition : elle invite \u00e0 s'attarder, \u00e0 lire les po\u00e8mes choisis et suspendus sous l'arche de l'alc\u00f4ve et \u00e0 feuilleter l'anthologie \"Literarische Verortungen\". En outre, chaque module - comme celui consacr\u00e9 \u00e0 Bruder Philipp von Seitz - comporte un c\u00f4t\u00e9 \"je\" \u00e0 gauche et un c\u00f4t\u00e9 \"il\" \u00e0 droite : dans le premier, l'auteur parle de lui sur trois panneaux (avec l'aide du directeur de l'exposition), dans le second, on parle de lui sur trois panneaux \u00e9galement (avec l'aide du Dr Gernot Obersteiner, directeur des archives r\u00e9gionales de Styrie) ; chacun des deux c\u00f4t\u00e9s est compl\u00e9t\u00e9 par des panneaux d'illustration sur l'auteur (\u00e0 gauche) ainsi que (\u00e0 droite) sur son environnement historique. Ce reflet entre la vision int\u00e9rieure et ext\u00e9rieure se refl\u00e8te \u00e9galement dans les banni\u00e8res plac\u00e9es \u00e0 gauche et \u00e0 droite de la niche : Sur la page gauche de dichterleben sont mis en \u00e9vidence les passages ou messages du texte principal de l'auteur dans lesquels celui-ci s'exprime sur lui-m\u00eame ; \u00e0 droite, on trouve (sous l'anagramme programmatique dichterleben) des phrases d'une autre partie du texte mises en \u00e9vidence : elles se r\u00e9f\u00e8rent, dans une sorte de perspective \u00e0 la premi\u00e8re personne, \u00e0 des \u00e9v\u00e9nements et des personnages de la construction narrative.<\/p>\n<p>\u00a0<\/p>\n<p><strong>Philipp von Seitz<\/strong><br \/>Voici ce que l'on sait de la vie de Fr\u00e8re Philippe : Il \u00e9tait moine chartreux et vivait vers 1300 dans la chartreuse de Seitz en Basse-Styrie (aujourd'hui \u017di\u010de en Slov\u00e9nie). En 1316, il fonda avec six autres moines de Seitz la chartreuse de Mauerbach pr\u00e8s de Vienne, o\u00f9 il mourut en 1345 ou 1346. Son origine n'est pas certaine, mais des recherches sur ses rimes ont montr\u00e9 qu'il \u00e9tait probablement originaire de la r\u00e9gion du centre ou du nord de l'Allemagne.Fr\u00e8re Philippe est l'auteur de la \"Vie de Marie\", une 'biographie' de 10.000 vers de la M\u00e8re de Dieu. Cette \u0153uvre exceptionnelle a probablement \u00e9t\u00e9 \u00e9crite \u00e0 Seitz entre 1300 et 1316. Il a d\u00e9di\u00e9 cette \u0153uvre aux chevaliers de l'Ordre Teutonique, qui ont \u00e9galement veill\u00e9 \u00e0 sa diffusion. Aujourd'hui, nous connaissons encore plus de 100 t\u00e9moins textuels de la \"Vie de Marie\", ce qui en fait la po\u00e9sie la plus riche en traditions du Moyen-\u00c2ge germanophone. On peut donc parler d'un 'best-seller' m\u00e9di\u00e9val, d'autant plus qu'en plus de la centaine de manuscrits, on conna\u00eet \u00e9galement des r\u00e9solutions en prose du Moyen \u00c2ge tardif et de nombreuses transmissions partielles. Dans la \"Vie de Marie\", des mati\u00e8res tir\u00e9es de la Bible, mais aussi des contenus apocryphes sont reproduits. Philippe s'inspire librement d'un mod\u00e8le latin, dont il forme les diff\u00e9rents \u00e9pisodes en une intrigue coh\u00e9rente. Il raconte la vie enti\u00e8re : des parents de Marie, Joachim et Anne, en passant par le mariage de Marie avec Joseph et la naissance de J\u00e9sus. Il raconte la fuite de la famille en \u00c9gypte, le retour et le minist\u00e8re de J\u00e9sus jusqu'\u00e0 sa passion et sa r\u00e9surrection. Philippe conclut avec le mode de vie de Marie apr\u00e8s l'ascension de son fils et sa mort, sa propre ascension ainsi que son couronnement en tant que reine des cieux. R\u00e9duire la mission po\u00e9tique du moine chartreux Philipp von Seitz \u00e0 son anagramme de vie de po\u00e8te, Belichtender, peut sembler \u00e0 premi\u00e8re vue trop r\u00e9ducteur. Mais si l'on comprend sa po\u00e9sie, connue jusqu'\u00e0 aujourd'hui dans toute l'Europe, car conserv\u00e9e dans tant de manuscrits dispers\u00e9s, comme une contribution \u00e0 la d\u00e9votion mariale peut-\u00eatre la plus rayonnante et la plus pure dans toute sa bigarrure qui ait jamais \u00e9t\u00e9 \u00e9crite, il a effectivement jet\u00e9 d'une mani\u00e8re particuli\u00e8re une sorte de rayon de lumi\u00e8re surnaturelle sur le monde du Moyen-\u00c2ge. Il est le bienvenu \u00e0 l'abbaye d'Admont, o\u00f9 est conserv\u00e9 le manuscrit contenant des extraits de sa vaste \"Vie de Marie\", que l'on pouvait d\u00e9j\u00e0 admirer dans l'exposition des archives r\u00e9gionales. De plus, le sentier litt\u00e9raire \"Admonter Bartholom\u00e4us\" commence \u00e0 l'abbaye, ce qui convient parfaitement : En effet, alors que ce sentier autour de l'abbaye est principalement d\u00e9di\u00e9 au bien-\u00eatre physique, le fr\u00e8re Philipp s'occupe de la pastorale litt\u00e9raire dans l'abbaye.<\/p>\n<p>\u00a0<\/p>\n<p><strong>Heures d'ouverture et personnes de contact<\/strong><br \/>Pendant la saison du mus\u00e9e ou sur rendez-vous dans la zone des archives ou de la biblioth\u00e8que de l'abbaye : MMag Prior Maximilian Schieferm\u00fcller O.S.B., Mag. Dr. Karin Schamberger MA<\/p>\n<p>\u00a0<\/p>\n<p><strong>Direction de l'exposition<\/strong><br \/>Wernfried Hofmeister de la part de l'association universitaire \"Steirische Literaturpfade des Mittelalters\" : <a href=\"https:\/\/literaturpfade.uni-graz.at\" target=\"_blank\" rel=\"noopener\">https:\/\/literaturpfade.uni-graz.at<\/a><\/p>\n<\/div>\n                    \n                            <\/div>\n        \n            <\/div>\n<\/div>\n\n<\/section>","protected":false},"excerpt":{"rendered":"","protected":false},"author":7,"featured_media":8672,"comment_status":"closed","ping_status":"closed","sticky":false,"template":"","format":"standard","meta":{"_acf_changed":false,"footnotes":""},"categories":[25],"class_list":["post-8671","post","type-post","status-publish","format-standard","has-post-thumbnail","hentry","category-stiftsarchiv-aktuell"],"acf":[],"yoast_head":"<!-- This site is optimized with the Yoast SEO Premium plugin v26.0 (Yoast SEO v26.8) - https:\/\/yoast.com\/product\/yoast-seo-premium-wordpress\/ -->\n<title>Ausstellung \u201eDichterleben im Mittelalter\u201c - Stift Admont<\/title>\n<meta name=\"description\" content=\"Lesen Sie aktuelle Informationen zum Thema Ausstellung \u201eDichterleben im Mittelalter\u201c und vieles mehr aus dem Konvent und der Pfarre Admont.\" \/>\n<meta name=\"robots\" content=\"index, follow, max-snippet:-1, max-image-preview:large, max-video-preview:-1\" \/>\n<link rel=\"canonical\" href=\"https:\/\/stiftadmont.at\/fr\/blog\/exposition-la-vie-des-poetes-au-moyen-age\/\" \/>\n<meta property=\"og:locale\" content=\"fr_FR\" \/>\n<meta property=\"og:type\" content=\"article\" \/>\n<meta property=\"og:title\" content=\"Ausstellung \u201eDichterleben im Mittelalter\u201c\" \/>\n<meta property=\"og:description\" content=\"Lesen Sie aktuelle Informationen zum Thema Ausstellung \u201eDichterleben im Mittelalter\u201c und vieles mehr aus dem Konvent und der Pfarre Admont.\" \/>\n<meta property=\"og:url\" content=\"https:\/\/stiftadmont.at\/fr\/blog\/exposition-la-vie-des-poetes-au-moyen-age\/\" \/>\n<meta property=\"og:site_name\" content=\"Stift Admont\" \/>\n<meta property=\"article:published_time\" content=\"2019-04-17T10:00:00+00:00\" \/>\n<meta property=\"article:modified_time\" content=\"2024-08-19T09:25:01+00:00\" \/>\n<meta property=\"og:image\" content=\"https:\/\/stiftadmont.at\/wp-content\/uploads\/1a1daaa1a8e4ab00b257acc30aefb6f8_L.jpg\" \/>\n\t<meta property=\"og:image:width\" content=\"853\" \/>\n\t<meta property=\"og:image:height\" content=\"1355\" \/>\n\t<meta property=\"og:image:type\" content=\"image\/jpeg\" \/>\n<meta name=\"author\" content=\"Mario Brandm\u00fcller\" \/>\n<meta name=\"twitter:card\" content=\"summary_large_image\" \/>\n<meta name=\"twitter:label1\" content=\"\u00c9crit par\" \/>\n\t<meta name=\"twitter:data1\" content=\"Mario Brandm\u00fcller\" \/>\n\t<meta name=\"twitter:label2\" content=\"Dur\u00e9e de lecture estim\u00e9e\" \/>\n\t<meta name=\"twitter:data2\" content=\"1 minute\" \/>\n<script type=\"application\/ld+json\" class=\"yoast-schema-graph\">{\"@context\":\"https:\/\/schema.org\",\"@graph\":[{\"@type\":\"Article\",\"@id\":\"https:\/\/stiftadmont.at\/blog\/ausstellung-dichterleben-im-mittelalter\/#article\",\"isPartOf\":{\"@id\":\"https:\/\/stiftadmont.at\/blog\/ausstellung-dichterleben-im-mittelalter\/\"},\"author\":{\"name\":\"Mario Brandm\u00fcller\",\"@id\":\"https:\/\/stiftadmont.at\/#\/schema\/person\/30535548b241d5f33a2e8b839db11869\"},\"headline\":\"Ausstellung \u201eDichterleben im Mittelalter\u201c\",\"datePublished\":\"2019-04-17T10:00:00+00:00\",\"dateModified\":\"2024-08-19T09:25:01+00:00\",\"mainEntityOfPage\":{\"@id\":\"https:\/\/stiftadmont.at\/blog\/ausstellung-dichterleben-im-mittelalter\/\"},\"wordCount\":4,\"image\":{\"@id\":\"https:\/\/stiftadmont.at\/blog\/ausstellung-dichterleben-im-mittelalter\/#primaryimage\"},\"thumbnailUrl\":\"https:\/\/stiftadmont.at\/wp-content\/uploads\/1a1daaa1a8e4ab00b257acc30aefb6f8_L.jpg\",\"articleSection\":[\"Stiftsarchiv aktuell\"],\"inLanguage\":\"fr-FR\"},{\"@type\":\"WebPage\",\"@id\":\"https:\/\/stiftadmont.at\/blog\/ausstellung-dichterleben-im-mittelalter\/\",\"url\":\"https:\/\/stiftadmont.at\/blog\/ausstellung-dichterleben-im-mittelalter\/\",\"name\":\"Ausstellung \u201eDichterleben im Mittelalter\u201c - Stift Admont\",\"isPartOf\":{\"@id\":\"https:\/\/stiftadmont.at\/#website\"},\"primaryImageOfPage\":{\"@id\":\"https:\/\/stiftadmont.at\/blog\/ausstellung-dichterleben-im-mittelalter\/#primaryimage\"},\"image\":{\"@id\":\"https:\/\/stiftadmont.at\/blog\/ausstellung-dichterleben-im-mittelalter\/#primaryimage\"},\"thumbnailUrl\":\"https:\/\/stiftadmont.at\/wp-content\/uploads\/1a1daaa1a8e4ab00b257acc30aefb6f8_L.jpg\",\"datePublished\":\"2019-04-17T10:00:00+00:00\",\"dateModified\":\"2024-08-19T09:25:01+00:00\",\"author\":{\"@id\":\"https:\/\/stiftadmont.at\/#\/schema\/person\/30535548b241d5f33a2e8b839db11869\"},\"description\":\"Lesen Sie aktuelle Informationen zum Thema Ausstellung \u201eDichterleben im Mittelalter\u201c und vieles mehr aus dem Konvent und der Pfarre Admont.\",\"breadcrumb\":{\"@id\":\"https:\/\/stiftadmont.at\/blog\/ausstellung-dichterleben-im-mittelalter\/#breadcrumb\"},\"inLanguage\":\"fr-FR\",\"potentialAction\":[{\"@type\":\"ReadAction\",\"target\":[\"https:\/\/stiftadmont.at\/blog\/ausstellung-dichterleben-im-mittelalter\/\"]}]},{\"@type\":\"ImageObject\",\"inLanguage\":\"fr-FR\",\"@id\":\"https:\/\/stiftadmont.at\/blog\/ausstellung-dichterleben-im-mittelalter\/#primaryimage\",\"url\":\"https:\/\/stiftadmont.at\/wp-content\/uploads\/1a1daaa1a8e4ab00b257acc30aefb6f8_L.jpg\",\"contentUrl\":\"https:\/\/stiftadmont.at\/wp-content\/uploads\/1a1daaa1a8e4ab00b257acc30aefb6f8_L.jpg\",\"width\":853,\"height\":1355,\"caption\":\"Ausstellung Dichterleben im Mittelalter 2022\"},{\"@type\":\"BreadcrumbList\",\"@id\":\"https:\/\/stiftadmont.at\/blog\/ausstellung-dichterleben-im-mittelalter\/#breadcrumb\",\"itemListElement\":[{\"@type\":\"ListItem\",\"position\":1,\"name\":\"Start\",\"item\":\"https:\/\/stiftadmont.at\/\"},{\"@type\":\"ListItem\",\"position\":2,\"name\":\"Ausstellung \u201eDichterleben im Mittelalter\u201c\"}]},{\"@type\":\"WebSite\",\"@id\":\"https:\/\/stiftadmont.at\/#website\",\"url\":\"https:\/\/stiftadmont.at\/\",\"name\":\"Stift Admont\",\"description\":\"Benediktinerkloster und Sehensw\u00fcrdigkeit im Ges\u00e4use\",\"potentialAction\":[{\"@type\":\"SearchAction\",\"target\":{\"@type\":\"EntryPoint\",\"urlTemplate\":\"https:\/\/stiftadmont.at\/?s={search_term_string}\"},\"query-input\":{\"@type\":\"PropertyValueSpecification\",\"valueRequired\":true,\"valueName\":\"search_term_string\"}}],\"inLanguage\":\"fr-FR\"},{\"@type\":\"Person\",\"@id\":\"https:\/\/stiftadmont.at\/#\/schema\/person\/30535548b241d5f33a2e8b839db11869\",\"name\":\"Mario Brandm\u00fcller\"}]}<\/script>\n<!-- \/ Yoast SEO Premium plugin. -->","yoast_head_json":{"title":"Exposition \"La vie des po\u00e8tes au Moyen \u00c2ge\" - Stift Admont","description":"Lisez les derni\u00e8res informations sur l'exposition \"La vie des po\u00e8tes au Moyen \u00c2ge\" et bien d'autres choses encore sur le couvent et la paroisse d'Admont.","robots":{"index":"index","follow":"follow","max-snippet":"max-snippet:-1","max-image-preview":"max-image-preview:large","max-video-preview":"max-video-preview:-1"},"canonical":"https:\/\/stiftadmont.at\/fr\/blog\/exposition-la-vie-des-poetes-au-moyen-age\/","og_locale":"fr_FR","og_type":"article","og_title":"Ausstellung \u201eDichterleben im Mittelalter\u201c","og_description":"Lesen Sie aktuelle Informationen zum Thema Ausstellung \u201eDichterleben im Mittelalter\u201c und vieles mehr aus dem Konvent und der Pfarre Admont.","og_url":"https:\/\/stiftadmont.at\/fr\/blog\/exposition-la-vie-des-poetes-au-moyen-age\/","og_site_name":"Stift Admont","article_published_time":"2019-04-17T10:00:00+00:00","article_modified_time":"2024-08-19T09:25:01+00:00","og_image":[{"width":853,"height":1355,"url":"https:\/\/stiftadmont.at\/wp-content\/uploads\/1a1daaa1a8e4ab00b257acc30aefb6f8_L.jpg","type":"image\/jpeg"}],"author":"Mario Brandm\u00fcller","twitter_card":"summary_large_image","twitter_misc":{"\u00c9crit par":"Mario Brandm\u00fcller","Dur\u00e9e de lecture estim\u00e9e":"1 minute"},"schema":{"@context":"https:\/\/schema.org","@graph":[{"@type":"Article","@id":"https:\/\/stiftadmont.at\/blog\/ausstellung-dichterleben-im-mittelalter\/#article","isPartOf":{"@id":"https:\/\/stiftadmont.at\/blog\/ausstellung-dichterleben-im-mittelalter\/"},"author":{"name":"Mario Brandm\u00fcller","@id":"https:\/\/stiftadmont.at\/#\/schema\/person\/30535548b241d5f33a2e8b839db11869"},"headline":"Ausstellung \u201eDichterleben im Mittelalter\u201c","datePublished":"2019-04-17T10:00:00+00:00","dateModified":"2024-08-19T09:25:01+00:00","mainEntityOfPage":{"@id":"https:\/\/stiftadmont.at\/blog\/ausstellung-dichterleben-im-mittelalter\/"},"wordCount":4,"image":{"@id":"https:\/\/stiftadmont.at\/blog\/ausstellung-dichterleben-im-mittelalter\/#primaryimage"},"thumbnailUrl":"https:\/\/stiftadmont.at\/wp-content\/uploads\/1a1daaa1a8e4ab00b257acc30aefb6f8_L.jpg","articleSection":["Stiftsarchiv aktuell"],"inLanguage":"fr-FR"},{"@type":"WebPage","@id":"https:\/\/stiftadmont.at\/blog\/ausstellung-dichterleben-im-mittelalter\/","url":"https:\/\/stiftadmont.at\/blog\/ausstellung-dichterleben-im-mittelalter\/","name":"Exposition \"La vie des po\u00e8tes au Moyen \u00c2ge\" - Stift Admont","isPartOf":{"@id":"https:\/\/stiftadmont.at\/#website"},"primaryImageOfPage":{"@id":"https:\/\/stiftadmont.at\/blog\/ausstellung-dichterleben-im-mittelalter\/#primaryimage"},"image":{"@id":"https:\/\/stiftadmont.at\/blog\/ausstellung-dichterleben-im-mittelalter\/#primaryimage"},"thumbnailUrl":"https:\/\/stiftadmont.at\/wp-content\/uploads\/1a1daaa1a8e4ab00b257acc30aefb6f8_L.jpg","datePublished":"2019-04-17T10:00:00+00:00","dateModified":"2024-08-19T09:25:01+00:00","author":{"@id":"https:\/\/stiftadmont.at\/#\/schema\/person\/30535548b241d5f33a2e8b839db11869"},"description":"Lisez les derni\u00e8res informations sur l'exposition \"La vie des po\u00e8tes au Moyen \u00c2ge\" et bien d'autres choses encore sur le couvent et la paroisse d'Admont.","breadcrumb":{"@id":"https:\/\/stiftadmont.at\/blog\/ausstellung-dichterleben-im-mittelalter\/#breadcrumb"},"inLanguage":"fr-FR","potentialAction":[{"@type":"ReadAction","target":["https:\/\/stiftadmont.at\/blog\/ausstellung-dichterleben-im-mittelalter\/"]}]},{"@type":"ImageObject","inLanguage":"fr-FR","@id":"https:\/\/stiftadmont.at\/blog\/ausstellung-dichterleben-im-mittelalter\/#primaryimage","url":"https:\/\/stiftadmont.at\/wp-content\/uploads\/1a1daaa1a8e4ab00b257acc30aefb6f8_L.jpg","contentUrl":"https:\/\/stiftadmont.at\/wp-content\/uploads\/1a1daaa1a8e4ab00b257acc30aefb6f8_L.jpg","width":853,"height":1355,"caption":"Ausstellung Dichterleben im Mittelalter 2022"},{"@type":"BreadcrumbList","@id":"https:\/\/stiftadmont.at\/blog\/ausstellung-dichterleben-im-mittelalter\/#breadcrumb","itemListElement":[{"@type":"ListItem","position":1,"name":"Start","item":"https:\/\/stiftadmont.at\/"},{"@type":"ListItem","position":2,"name":"Ausstellung \u201eDichterleben im Mittelalter\u201c"}]},{"@type":"WebSite","@id":"https:\/\/stiftadmont.at\/#website","url":"https:\/\/stiftadmont.at\/","name":"Abbaye d'Admont","description":"Monast\u00e8re b\u00e9n\u00e9dictin et attraction touristique dans le Ges\u00e4use","potentialAction":[{"@type":"SearchAction","target":{"@type":"EntryPoint","urlTemplate":"https:\/\/stiftadmont.at\/?s={search_term_string}"},"query-input":{"@type":"PropertyValueSpecification","valueRequired":true,"valueName":"search_term_string"}}],"inLanguage":"fr-FR"},{"@type":"Person","@id":"https:\/\/stiftadmont.at\/#\/schema\/person\/30535548b241d5f33a2e8b839db11869","name":"Mario Brandm\u00fcller"}]}},"_links":{"self":[{"href":"https:\/\/stiftadmont.at\/fr\/wp-json\/wp\/v2\/posts\/8671","targetHints":{"allow":["GET"]}}],"collection":[{"href":"https:\/\/stiftadmont.at\/fr\/wp-json\/wp\/v2\/posts"}],"about":[{"href":"https:\/\/stiftadmont.at\/fr\/wp-json\/wp\/v2\/types\/post"}],"author":[{"embeddable":true,"href":"https:\/\/stiftadmont.at\/fr\/wp-json\/wp\/v2\/users\/7"}],"replies":[{"embeddable":true,"href":"https:\/\/stiftadmont.at\/fr\/wp-json\/wp\/v2\/comments?post=8671"}],"version-history":[{"count":10,"href":"https:\/\/stiftadmont.at\/fr\/wp-json\/wp\/v2\/posts\/8671\/revisions"}],"predecessor-version":[{"id":29828,"href":"https:\/\/stiftadmont.at\/fr\/wp-json\/wp\/v2\/posts\/8671\/revisions\/29828"}],"wp:featuredmedia":[{"embeddable":true,"href":"https:\/\/stiftadmont.at\/fr\/wp-json\/wp\/v2\/media\/8672"}],"wp:attachment":[{"href":"https:\/\/stiftadmont.at\/fr\/wp-json\/wp\/v2\/media?parent=8671"}],"wp:term":[{"taxonomy":"category","embeddable":true,"href":"https:\/\/stiftadmont.at\/fr\/wp-json\/wp\/v2\/categories?post=8671"}],"curies":[{"name":"wp","href":"https:\/\/api.w.org\/{rel}","templated":true}]}}