{"id":11078,"date":"2016-03-01T12:00:00","date_gmt":"2016-03-01T10:00:00","guid":{"rendered":"https:\/\/stiftadmont.at\/?p=11078"},"modified":"2023-02-06T16:22:45","modified_gmt":"2023-02-06T14:22:45","slug":"collezione-fotografi-koepcke-weinhold","status":"publish","type":"post","link":"https:\/\/stiftadmont.at\/it\/blog\/sammlungsfotografen-koepcke-weinhold\/","title":{"rendered":"Collezione fotografi K\u00f6pcke &amp; Weinhold"},"content":{"rendered":"<section id='lightpress__section--block_b8172726216c1717a27a04ac60ad92da' class='lightpress__section--default-section-space lightpress__section lightpress__section--content'><div class=\"content__inner\"\n         x-init=\"initContentBlockAnim($el)\">\n        \n    <div class=\"content__grid content__grid\">\n                                            <div class=\"content__box content__box--one-hundred\"\n                 style=\"\">\n                                \n                \n                                            <div class=\"prose\"><p><strong>Marted\u00ec 1 marzo 2016<\/strong><\/p>\n<p>Il titolo programmatico fornisce un tema che consente un'ampia variet\u00e0 di interpretazioni. Nelle immagini messe in scena, gli esemplari di animali, alcuni dei quali hanno pi\u00f9 di cento anni, vengono riportati in vita. I fotografi osservano i vari attori con affetto, umorismo e delicatezza. In combinazione con oggetti selezionati dal Museo di Storia Culturale, \u00e8 stato possibile creare una serie di elaborati allestimenti che possono certamente essere visti come un omaggio alle nature morte di caccia e di cucina del periodo rinascimentale e barocco. La visione malinconica della crescita e della decadenza, dell'eterno ciclo del \"mangiare ed essere mangiati\" si rivela una bella illusione. In realt\u00e0, la maggior parte degli animali \u00e8 morta da un centinaio di anni, ma proprio per questo ha raggiunto un'immortalit\u00e0 da museo - preparata ad arte con occhi di vetro, scheletri di filo di ferro e segatura.<\/p>\n<p>In linea con il tema, \u00e8 stato chiesto alle donne della cucina dell'abbazia di fotografarle. In un senso molto banale, sono gli spiriti buoni che lavorano in gran parte in segreto, dando struttura alla giornata e fornendo allo stesso tempo variet\u00e0 culinaria. I due artisti hanno anche apprezzato le loro abilit\u00e0 culinarie in molte occasioni. Il fatto di poter immortalare il team di cucina di buon umore \u00e8 stato per loro un piacere molto speciale.<\/p>\n<\/div>\n                    \n                            <\/div>\n        \n            <\/div>\n<\/div>\n\n<\/section>","protected":false},"excerpt":{"rendered":"<p>Per la stagione espositiva 2016, i fotografi della collezione Sebastian K\u00f6pcke e Volker Weinhold sono stati invitati a fotografare gli oggetti della collezione di storia naturale nella giusta luce.<\/p>","protected":false},"author":7,"featured_media":11079,"comment_status":"closed","ping_status":"closed","sticky":false,"template":"","format":"standard","meta":{"_acf_changed":false,"footnotes":""},"categories":[24],"class_list":["post-11078","post","type-post","status-publish","format-standard","has-post-thumbnail","hentry","category-museen-aktuell"],"acf":[],"yoast_head":"<!-- This site is optimized with the Yoast SEO Premium plugin v26.0 (Yoast SEO v26.8) - https:\/\/yoast.com\/product\/yoast-seo-premium-wordpress\/ -->\n<title>Sammlungsfotografen K\u00f6pcke &amp; Weinhold - Stift Admont<\/title>\n<meta name=\"description\" content=\"Lesen Sie aktuelle Informationen zum Thema Sammlungsfotografen K\u00f6pcke &amp; Weinhold und vieles mehr aus dem Konvent und der Pfarre Admont.\" \/>\n<meta name=\"robots\" content=\"index, follow, max-snippet:-1, max-image-preview:large, max-video-preview:-1\" \/>\n<link rel=\"canonical\" href=\"https:\/\/stiftadmont.at\/it\/blog\/collezione-fotografi-koepcke-weinhold\/\" \/>\n<meta property=\"og:locale\" content=\"it_IT\" \/>\n<meta property=\"og:type\" content=\"article\" \/>\n<meta property=\"og:title\" content=\"Sammlungsfotografen K\u00f6pcke &amp; Weinhold\" \/>\n<meta property=\"og:description\" content=\"Lesen Sie aktuelle Informationen zum Thema Sammlungsfotografen K\u00f6pcke &amp; Weinhold und vieles mehr aus dem Konvent und der Pfarre Admont.\" \/>\n<meta property=\"og:url\" content=\"https:\/\/stiftadmont.at\/it\/blog\/collezione-fotografi-koepcke-weinhold\/\" \/>\n<meta property=\"og:site_name\" content=\"Stift Admont\" \/>\n<meta property=\"article:published_time\" content=\"2016-03-01T10:00:00+00:00\" \/>\n<meta property=\"article:modified_time\" content=\"2023-02-06T14:22:45+00:00\" \/>\n<meta property=\"og:image\" content=\"https:\/\/stiftadmont.at\/wp-content\/uploads\/Stift-Admont-Sammlungsfotografen-Koepcke-Weinhold.jpg\" \/>\n\t<meta property=\"og:image:width\" content=\"853\" \/>\n\t<meta property=\"og:image:height\" content=\"569\" \/>\n\t<meta property=\"og:image:type\" content=\"image\/jpeg\" \/>\n<meta name=\"author\" content=\"Mario Brandm\u00fcller\" \/>\n<meta name=\"twitter:card\" content=\"summary_large_image\" \/>\n<meta name=\"twitter:label1\" content=\"Scritto da\" \/>\n\t<meta name=\"twitter:data1\" content=\"Mario Brandm\u00fcller\" \/>\n<script type=\"application\/ld+json\" class=\"yoast-schema-graph\">{\"@context\":\"https:\/\/schema.org\",\"@graph\":[{\"@type\":\"Article\",\"@id\":\"https:\/\/stiftadmont.at\/blog\/sammlungsfotografen-koepcke-weinhold\/#article\",\"isPartOf\":{\"@id\":\"https:\/\/stiftadmont.at\/blog\/sammlungsfotografen-koepcke-weinhold\/\"},\"author\":{\"name\":\"Mario Brandm\u00fcller\",\"@id\":\"https:\/\/stiftadmont.at\/#\/schema\/person\/30535548b241d5f33a2e8b839db11869\"},\"headline\":\"Sammlungsfotografen K\u00f6pcke &amp; Weinhold\",\"datePublished\":\"2016-03-01T10:00:00+00:00\",\"dateModified\":\"2023-02-06T14:22:45+00:00\",\"mainEntityOfPage\":{\"@id\":\"https:\/\/stiftadmont.at\/blog\/sammlungsfotografen-koepcke-weinhold\/\"},\"wordCount\":5,\"image\":{\"@id\":\"https:\/\/stiftadmont.at\/blog\/sammlungsfotografen-koepcke-weinhold\/#primaryimage\"},\"thumbnailUrl\":\"https:\/\/stiftadmont.at\/wp-content\/uploads\/Stift-Admont-Sammlungsfotografen-Koepcke-Weinhold.jpg\",\"articleSection\":[\"Museen aktuell\"],\"inLanguage\":\"it-IT\"},{\"@type\":\"WebPage\",\"@id\":\"https:\/\/stiftadmont.at\/blog\/sammlungsfotografen-koepcke-weinhold\/\",\"url\":\"https:\/\/stiftadmont.at\/blog\/sammlungsfotografen-koepcke-weinhold\/\",\"name\":\"Sammlungsfotografen K\u00f6pcke &amp; Weinhold - Stift Admont\",\"isPartOf\":{\"@id\":\"https:\/\/stiftadmont.at\/#website\"},\"primaryImageOfPage\":{\"@id\":\"https:\/\/stiftadmont.at\/blog\/sammlungsfotografen-koepcke-weinhold\/#primaryimage\"},\"image\":{\"@id\":\"https:\/\/stiftadmont.at\/blog\/sammlungsfotografen-koepcke-weinhold\/#primaryimage\"},\"thumbnailUrl\":\"https:\/\/stiftadmont.at\/wp-content\/uploads\/Stift-Admont-Sammlungsfotografen-Koepcke-Weinhold.jpg\",\"datePublished\":\"2016-03-01T10:00:00+00:00\",\"dateModified\":\"2023-02-06T14:22:45+00:00\",\"author\":{\"@id\":\"https:\/\/stiftadmont.at\/#\/schema\/person\/30535548b241d5f33a2e8b839db11869\"},\"description\":\"Lesen Sie aktuelle Informationen zum Thema Sammlungsfotografen K\u00f6pcke &amp; Weinhold und vieles mehr aus dem Konvent und der Pfarre Admont.\",\"breadcrumb\":{\"@id\":\"https:\/\/stiftadmont.at\/blog\/sammlungsfotografen-koepcke-weinhold\/#breadcrumb\"},\"inLanguage\":\"it-IT\",\"potentialAction\":[{\"@type\":\"ReadAction\",\"target\":[\"https:\/\/stiftadmont.at\/blog\/sammlungsfotografen-koepcke-weinhold\/\"]}]},{\"@type\":\"ImageObject\",\"inLanguage\":\"it-IT\",\"@id\":\"https:\/\/stiftadmont.at\/blog\/sammlungsfotografen-koepcke-weinhold\/#primaryimage\",\"url\":\"https:\/\/stiftadmont.at\/wp-content\/uploads\/Stift-Admont-Sammlungsfotografen-Koepcke-Weinhold.jpg\",\"contentUrl\":\"https:\/\/stiftadmont.at\/wp-content\/uploads\/Stift-Admont-Sammlungsfotografen-Koepcke-Weinhold.jpg\",\"width\":853,\"height\":569,\"caption\":\"Stift Admont Sammlungsfotografen Koepcke Weinhold\"},{\"@type\":\"BreadcrumbList\",\"@id\":\"https:\/\/stiftadmont.at\/blog\/sammlungsfotografen-koepcke-weinhold\/#breadcrumb\",\"itemListElement\":[{\"@type\":\"ListItem\",\"position\":1,\"name\":\"Start\",\"item\":\"https:\/\/stiftadmont.at\/\"},{\"@type\":\"ListItem\",\"position\":2,\"name\":\"Sammlungsfotografen K\u00f6pcke &amp; Weinhold\"}]},{\"@type\":\"WebSite\",\"@id\":\"https:\/\/stiftadmont.at\/#website\",\"url\":\"https:\/\/stiftadmont.at\/\",\"name\":\"Stift Admont\",\"description\":\"Benediktinerkloster und Sehensw\u00fcrdigkeit im Ges\u00e4use\",\"potentialAction\":[{\"@type\":\"SearchAction\",\"target\":{\"@type\":\"EntryPoint\",\"urlTemplate\":\"https:\/\/stiftadmont.at\/?s={search_term_string}\"},\"query-input\":{\"@type\":\"PropertyValueSpecification\",\"valueRequired\":true,\"valueName\":\"search_term_string\"}}],\"inLanguage\":\"it-IT\"},{\"@type\":\"Person\",\"@id\":\"https:\/\/stiftadmont.at\/#\/schema\/person\/30535548b241d5f33a2e8b839db11869\",\"name\":\"Mario Brandm\u00fcller\"}]}<\/script>\n<!-- \/ Yoast SEO Premium plugin. -->","yoast_head_json":{"title":"Collezione fotografi K\u00f6pcke &amp; Weinhold - Abbazia di Admont","description":"Leggete le informazioni attuali sulla collezione di fotografi K\u00f6pcke &amp; Weinhold e molto altro del convento e della parrocchia di Admont.","robots":{"index":"index","follow":"follow","max-snippet":"max-snippet:-1","max-image-preview":"max-image-preview:large","max-video-preview":"max-video-preview:-1"},"canonical":"https:\/\/stiftadmont.at\/it\/blog\/collezione-fotografi-koepcke-weinhold\/","og_locale":"it_IT","og_type":"article","og_title":"Sammlungsfotografen K\u00f6pcke &amp; Weinhold","og_description":"Lesen Sie aktuelle Informationen zum Thema Sammlungsfotografen K\u00f6pcke &amp; Weinhold und vieles mehr aus dem Konvent und der Pfarre Admont.","og_url":"https:\/\/stiftadmont.at\/it\/blog\/collezione-fotografi-koepcke-weinhold\/","og_site_name":"Stift Admont","article_published_time":"2016-03-01T10:00:00+00:00","article_modified_time":"2023-02-06T14:22:45+00:00","og_image":[{"width":853,"height":569,"url":"https:\/\/stiftadmont.at\/wp-content\/uploads\/Stift-Admont-Sammlungsfotografen-Koepcke-Weinhold.jpg","type":"image\/jpeg"}],"author":"Mario Brandm\u00fcller","twitter_card":"summary_large_image","twitter_misc":{"Scritto da":"Mario Brandm\u00fcller"},"schema":{"@context":"https:\/\/schema.org","@graph":[{"@type":"Article","@id":"https:\/\/stiftadmont.at\/blog\/sammlungsfotografen-koepcke-weinhold\/#article","isPartOf":{"@id":"https:\/\/stiftadmont.at\/blog\/sammlungsfotografen-koepcke-weinhold\/"},"author":{"name":"Mario Brandm\u00fcller","@id":"https:\/\/stiftadmont.at\/#\/schema\/person\/30535548b241d5f33a2e8b839db11869"},"headline":"Sammlungsfotografen K\u00f6pcke &amp; Weinhold","datePublished":"2016-03-01T10:00:00+00:00","dateModified":"2023-02-06T14:22:45+00:00","mainEntityOfPage":{"@id":"https:\/\/stiftadmont.at\/blog\/sammlungsfotografen-koepcke-weinhold\/"},"wordCount":5,"image":{"@id":"https:\/\/stiftadmont.at\/blog\/sammlungsfotografen-koepcke-weinhold\/#primaryimage"},"thumbnailUrl":"https:\/\/stiftadmont.at\/wp-content\/uploads\/Stift-Admont-Sammlungsfotografen-Koepcke-Weinhold.jpg","articleSection":["Museen aktuell"],"inLanguage":"it-IT"},{"@type":"WebPage","@id":"https:\/\/stiftadmont.at\/blog\/sammlungsfotografen-koepcke-weinhold\/","url":"https:\/\/stiftadmont.at\/blog\/sammlungsfotografen-koepcke-weinhold\/","name":"Collezione fotografi K\u00f6pcke &amp; Weinhold - Abbazia di Admont","isPartOf":{"@id":"https:\/\/stiftadmont.at\/#website"},"primaryImageOfPage":{"@id":"https:\/\/stiftadmont.at\/blog\/sammlungsfotografen-koepcke-weinhold\/#primaryimage"},"image":{"@id":"https:\/\/stiftadmont.at\/blog\/sammlungsfotografen-koepcke-weinhold\/#primaryimage"},"thumbnailUrl":"https:\/\/stiftadmont.at\/wp-content\/uploads\/Stift-Admont-Sammlungsfotografen-Koepcke-Weinhold.jpg","datePublished":"2016-03-01T10:00:00+00:00","dateModified":"2023-02-06T14:22:45+00:00","author":{"@id":"https:\/\/stiftadmont.at\/#\/schema\/person\/30535548b241d5f33a2e8b839db11869"},"description":"Leggete le informazioni attuali sulla collezione di fotografi K\u00f6pcke &amp; Weinhold e molto altro del convento e della parrocchia di Admont.","breadcrumb":{"@id":"https:\/\/stiftadmont.at\/blog\/sammlungsfotografen-koepcke-weinhold\/#breadcrumb"},"inLanguage":"it-IT","potentialAction":[{"@type":"ReadAction","target":["https:\/\/stiftadmont.at\/blog\/sammlungsfotografen-koepcke-weinhold\/"]}]},{"@type":"ImageObject","inLanguage":"it-IT","@id":"https:\/\/stiftadmont.at\/blog\/sammlungsfotografen-koepcke-weinhold\/#primaryimage","url":"https:\/\/stiftadmont.at\/wp-content\/uploads\/Stift-Admont-Sammlungsfotografen-Koepcke-Weinhold.jpg","contentUrl":"https:\/\/stiftadmont.at\/wp-content\/uploads\/Stift-Admont-Sammlungsfotografen-Koepcke-Weinhold.jpg","width":853,"height":569,"caption":"Stift Admont Sammlungsfotografen Koepcke Weinhold"},{"@type":"BreadcrumbList","@id":"https:\/\/stiftadmont.at\/blog\/sammlungsfotografen-koepcke-weinhold\/#breadcrumb","itemListElement":[{"@type":"ListItem","position":1,"name":"Start","item":"https:\/\/stiftadmont.at\/"},{"@type":"ListItem","position":2,"name":"Sammlungsfotografen K\u00f6pcke &amp; Weinhold"}]},{"@type":"WebSite","@id":"https:\/\/stiftadmont.at\/#website","url":"https:\/\/stiftadmont.at\/","name":"Abbazia di Admont","description":"Monastero benedettino e attrazione turistica nella Ges\u00e4use","potentialAction":[{"@type":"SearchAction","target":{"@type":"EntryPoint","urlTemplate":"https:\/\/stiftadmont.at\/?s={search_term_string}"},"query-input":{"@type":"PropertyValueSpecification","valueRequired":true,"valueName":"search_term_string"}}],"inLanguage":"it-IT"},{"@type":"Person","@id":"https:\/\/stiftadmont.at\/#\/schema\/person\/30535548b241d5f33a2e8b839db11869","name":"Mario Brandm\u00fcller"}]}},"_links":{"self":[{"href":"https:\/\/stiftadmont.at\/it\/wp-json\/wp\/v2\/posts\/11078","targetHints":{"allow":["GET"]}}],"collection":[{"href":"https:\/\/stiftadmont.at\/it\/wp-json\/wp\/v2\/posts"}],"about":[{"href":"https:\/\/stiftadmont.at\/it\/wp-json\/wp\/v2\/types\/post"}],"author":[{"embeddable":true,"href":"https:\/\/stiftadmont.at\/it\/wp-json\/wp\/v2\/users\/7"}],"replies":[{"embeddable":true,"href":"https:\/\/stiftadmont.at\/it\/wp-json\/wp\/v2\/comments?post=11078"}],"version-history":[{"count":7,"href":"https:\/\/stiftadmont.at\/it\/wp-json\/wp\/v2\/posts\/11078\/revisions"}],"predecessor-version":[{"id":16686,"href":"https:\/\/stiftadmont.at\/it\/wp-json\/wp\/v2\/posts\/11078\/revisions\/16686"}],"wp:featuredmedia":[{"embeddable":true,"href":"https:\/\/stiftadmont.at\/it\/wp-json\/wp\/v2\/media\/11079"}],"wp:attachment":[{"href":"https:\/\/stiftadmont.at\/it\/wp-json\/wp\/v2\/media?parent=11078"}],"wp:term":[{"taxonomy":"category","embeddable":true,"href":"https:\/\/stiftadmont.at\/it\/wp-json\/wp\/v2\/categories?post=11078"}],"curies":[{"name":"wp","href":"https:\/\/api.w.org\/{rel}","templated":true}]}}