{"id":11558,"date":"2019-05-13T12:00:00","date_gmt":"2019-05-13T10:00:00","guid":{"rendered":"https:\/\/stiftadmont.at\/?p=11558"},"modified":"2022-05-29T11:43:37","modified_gmt":"2022-05-29T09:43:37","slug":"stift-admont-porta-nella-regione-relatori-di-alto-livello","status":"publish","type":"post","link":"https:\/\/stiftadmont.at\/it\/blog\/stift-admont-holt-top-speaker-in-die-region\/","title":{"rendered":"L'Abbazia di Admont porta nella regione relatori di alto livello"},"content":{"rendered":"<section id='lightpress__section--block_62933f8655c37' class='lightpress__section--default-section-space lightpress__section lightpress__section--content'><div class=\"content__inner\"\n         x-init=\"initContentBlockAnim($el)\">\n        \n    <div class=\"content__grid content__grid\">\n                                            <div class=\"content__box content__box--one-hundred\"\n                 style=\"\">\n                                \n                \n                                            <div class=\"prose\"><h2 class=\"heading-xxl line line--gold\">L'Abbazia di Admont porta nella regione relatori di alto livello<\/h2>\n<p><strong>Luned\u00ec 13 maggio 2019<\/strong><\/p>\n<p>Stefan Verra \u00e8 l'esperto di linguaggio del corpo pi\u00f9 richiesto in Europa. Le sue lezioni, seminari e spettacoli ispirano ogni anno decine di migliaia di partecipanti dall'Europa agli Stati Uniti e alla Cina. Con la sua metodologia olistica, che consiste nel non impantanarsi in singoli segnali frammentati quando si analizza il linguaggio del corpo, ma nel guardare sempre al contesto generale, egli impressiona medici e scienziati. \u00c8 docente in diverse universit\u00e0, nonch\u00e9 autore di successo e ricercato esperto per i media.<\/p>\n<p>LINGUAGGIO DEL CORPO.<br \/>Nessuno ne ha bisogno? Ci puoi scommettere!<br \/>Meraviglia. Imparare. Ridere. Stefan Verra dal vivo all'Abbazia benedettina di Admont.<\/p>\n<p>Le persone vincenti mostrano pi\u00f9 persuasivit\u00e0, apertura e sicurezza di s\u00e9 nel loro comportamento rispetto agli altri. Ed \u00e8 cos\u00ec che guadagnano punti. Se conoscete il linguaggio del corpo per la fiducia in voi stessi, la simpatia e l'affidabilit\u00e0, avete un chiaro vantaggio. \"Un uomo, uno sguardo, un'analisi.<\/p>\n<p>Stefan Verra \u00e8 considerato la rockstar del linguaggio del corpo. In modo realistico, autoironico e incredibilmente vivido, Stefan Verra espone tutti i segnali che troppo spesso ci sfuggono nella vita quotidiana o di cui ci siamo sempre chiesti il vero significato.<\/p>\n<p>Vivete uno spettacolo di intrattenimento scientifico o una serata di conoscenza. Chiamatelo come volete. In ogni caso, alla fine non saprete se avrete imparato di pi\u00f9 o se avrete riso di pi\u00f9!<\/p>\n<p>Ricevi suggerimenti e ottieni il meglio da te stesso!<\/p>\n<p>Venerd\u00ec 27 settembre 2019<br \/>Luogo: grande sala da ballo dello Stiftsgymnasium Admont<br \/>Inizio: 20:00<br \/>Ingresso: 19:00<br \/>Ingresso: \u20ac 30,00<\/p>\n<p>Prenotazione biglietti sotto: <a class=\"email\" href=\"mailto:events@stiftadmont.at\"><span class=\"icon-outer\"><span class=\"email-icon\"><\/span><\/span>events@stiftadmont.at<\/a> o <a class=\"phone\" href=\"tel:+43 (0)3613 \/ 2312 601\"><span class=\"icon-outer\"><span class=\"phone-icon\"><\/span><\/span>+43 (0)3613 \/ 2312 601<\/a><\/p>\n<\/div>\n                    \n                            <\/div>\n        \n            <\/div>\n<\/div>\n\n<\/section>","protected":false},"excerpt":{"rendered":"<p>Stefan Verra - uno dei pi\u00f9 ricercati esperti di linguaggio del corpo - viene ad Admont.<\/p>","protected":false},"author":7,"featured_media":11559,"comment_status":"closed","ping_status":"closed","sticky":false,"template":"","format":"standard","meta":{"_acf_changed":false,"footnotes":""},"categories":[23],"class_list":["post-11558","post","type-post","status-publish","format-standard","has-post-thumbnail","hentry","category-einrichtungen-aktuell"],"acf":[],"yoast_head":"<!-- This site is optimized with the Yoast SEO Premium plugin v26.0 (Yoast SEO v26.8) - https:\/\/yoast.com\/product\/yoast-seo-premium-wordpress\/ -->\n<title>Stift Admont holt Top-Speaker in die Region - Stift Admont<\/title>\n<meta name=\"description\" content=\"Lesen Sie aktuelle Informationen zum Thema Stift Admont holt Top-Speaker in die Region und vieles mehr aus dem Konvent und der Pfarre Admont.\" \/>\n<meta name=\"robots\" content=\"index, follow, max-snippet:-1, max-image-preview:large, max-video-preview:-1\" \/>\n<link rel=\"canonical\" href=\"https:\/\/stiftadmont.at\/it\/blog\/stift-admont-porta-nella-regione-relatori-di-alto-livello\/\" \/>\n<meta property=\"og:locale\" content=\"it_IT\" \/>\n<meta property=\"og:type\" content=\"article\" \/>\n<meta property=\"og:title\" content=\"Stift Admont holt Top-Speaker in die Region\" \/>\n<meta property=\"og:description\" content=\"Lesen Sie aktuelle Informationen zum Thema Stift Admont holt Top-Speaker in die Region und vieles mehr aus dem Konvent und der Pfarre Admont.\" \/>\n<meta property=\"og:url\" content=\"https:\/\/stiftadmont.at\/it\/blog\/stift-admont-porta-nella-regione-relatori-di-alto-livello\/\" \/>\n<meta property=\"og:site_name\" content=\"Stift Admont\" \/>\n<meta property=\"article:published_time\" content=\"2019-05-13T10:00:00+00:00\" \/>\n<meta property=\"article:modified_time\" content=\"2022-05-29T09:43:37+00:00\" \/>\n<meta property=\"og:image\" content=\"https:\/\/stiftadmont.at\/wp-content\/uploads\/Stefan-Verra-1.jpg\" \/>\n\t<meta property=\"og:image:width\" content=\"853\" \/>\n\t<meta property=\"og:image:height\" content=\"640\" \/>\n\t<meta property=\"og:image:type\" content=\"image\/jpeg\" \/>\n<meta name=\"author\" content=\"Mario Brandm\u00fcller\" \/>\n<meta name=\"twitter:card\" content=\"summary_large_image\" \/>\n<meta name=\"twitter:label1\" content=\"Scritto da\" \/>\n\t<meta name=\"twitter:data1\" content=\"Mario Brandm\u00fcller\" \/>\n<script type=\"application\/ld+json\" class=\"yoast-schema-graph\">{\"@context\":\"https:\/\/schema.org\",\"@graph\":[{\"@type\":\"Article\",\"@id\":\"https:\/\/stiftadmont.at\/blog\/stift-admont-holt-top-speaker-in-die-region\/#article\",\"isPartOf\":{\"@id\":\"https:\/\/stiftadmont.at\/blog\/stift-admont-holt-top-speaker-in-die-region\/\"},\"author\":{\"name\":\"Mario Brandm\u00fcller\",\"@id\":\"https:\/\/stiftadmont.at\/#\/schema\/person\/30535548b241d5f33a2e8b839db11869\"},\"headline\":\"Stift Admont holt Top-Speaker in die Region\",\"datePublished\":\"2019-05-13T10:00:00+00:00\",\"dateModified\":\"2022-05-29T09:43:37+00:00\",\"mainEntityOfPage\":{\"@id\":\"https:\/\/stiftadmont.at\/blog\/stift-admont-holt-top-speaker-in-die-region\/\"},\"wordCount\":7,\"image\":{\"@id\":\"https:\/\/stiftadmont.at\/blog\/stift-admont-holt-top-speaker-in-die-region\/#primaryimage\"},\"thumbnailUrl\":\"https:\/\/stiftadmont.at\/wp-content\/uploads\/Stefan-Verra-1.jpg\",\"articleSection\":[\"Einrichtungen aktuell\"],\"inLanguage\":\"it-IT\"},{\"@type\":\"WebPage\",\"@id\":\"https:\/\/stiftadmont.at\/blog\/stift-admont-holt-top-speaker-in-die-region\/\",\"url\":\"https:\/\/stiftadmont.at\/blog\/stift-admont-holt-top-speaker-in-die-region\/\",\"name\":\"Stift Admont holt Top-Speaker in die Region - Stift Admont\",\"isPartOf\":{\"@id\":\"https:\/\/stiftadmont.at\/#website\"},\"primaryImageOfPage\":{\"@id\":\"https:\/\/stiftadmont.at\/blog\/stift-admont-holt-top-speaker-in-die-region\/#primaryimage\"},\"image\":{\"@id\":\"https:\/\/stiftadmont.at\/blog\/stift-admont-holt-top-speaker-in-die-region\/#primaryimage\"},\"thumbnailUrl\":\"https:\/\/stiftadmont.at\/wp-content\/uploads\/Stefan-Verra-1.jpg\",\"datePublished\":\"2019-05-13T10:00:00+00:00\",\"dateModified\":\"2022-05-29T09:43:37+00:00\",\"author\":{\"@id\":\"https:\/\/stiftadmont.at\/#\/schema\/person\/30535548b241d5f33a2e8b839db11869\"},\"description\":\"Lesen Sie aktuelle Informationen zum Thema Stift Admont holt Top-Speaker in die Region und vieles mehr aus dem Konvent und der Pfarre Admont.\",\"breadcrumb\":{\"@id\":\"https:\/\/stiftadmont.at\/blog\/stift-admont-holt-top-speaker-in-die-region\/#breadcrumb\"},\"inLanguage\":\"it-IT\",\"potentialAction\":[{\"@type\":\"ReadAction\",\"target\":[\"https:\/\/stiftadmont.at\/blog\/stift-admont-holt-top-speaker-in-die-region\/\"]}]},{\"@type\":\"ImageObject\",\"inLanguage\":\"it-IT\",\"@id\":\"https:\/\/stiftadmont.at\/blog\/stift-admont-holt-top-speaker-in-die-region\/#primaryimage\",\"url\":\"https:\/\/stiftadmont.at\/wp-content\/uploads\/Stefan-Verra-1.jpg\",\"contentUrl\":\"https:\/\/stiftadmont.at\/wp-content\/uploads\/Stefan-Verra-1.jpg\",\"width\":853,\"height\":640,\"caption\":\"Stefan Verra 1\"},{\"@type\":\"BreadcrumbList\",\"@id\":\"https:\/\/stiftadmont.at\/blog\/stift-admont-holt-top-speaker-in-die-region\/#breadcrumb\",\"itemListElement\":[{\"@type\":\"ListItem\",\"position\":1,\"name\":\"Start\",\"item\":\"https:\/\/stiftadmont.at\/\"},{\"@type\":\"ListItem\",\"position\":2,\"name\":\"Stift Admont holt Top-Speaker in die Region\"}]},{\"@type\":\"WebSite\",\"@id\":\"https:\/\/stiftadmont.at\/#website\",\"url\":\"https:\/\/stiftadmont.at\/\",\"name\":\"Stift Admont\",\"description\":\"Benediktinerkloster und Sehensw\u00fcrdigkeit im Ges\u00e4use\",\"potentialAction\":[{\"@type\":\"SearchAction\",\"target\":{\"@type\":\"EntryPoint\",\"urlTemplate\":\"https:\/\/stiftadmont.at\/?s={search_term_string}\"},\"query-input\":{\"@type\":\"PropertyValueSpecification\",\"valueRequired\":true,\"valueName\":\"search_term_string\"}}],\"inLanguage\":\"it-IT\"},{\"@type\":\"Person\",\"@id\":\"https:\/\/stiftadmont.at\/#\/schema\/person\/30535548b241d5f33a2e8b839db11869\",\"name\":\"Mario Brandm\u00fcller\"}]}<\/script>\n<!-- \/ Yoast SEO Premium plugin. -->","yoast_head_json":{"title":"L'Abbazia di Admont porta nella regione i migliori relatori - Abbazia di Admont","description":"Leggete le ultime informazioni sull'Abbazia di Admont che porta nella regione i migliori oratori e molto altro dal convento e dalla parrocchia di Admont.","robots":{"index":"index","follow":"follow","max-snippet":"max-snippet:-1","max-image-preview":"max-image-preview:large","max-video-preview":"max-video-preview:-1"},"canonical":"https:\/\/stiftadmont.at\/it\/blog\/stift-admont-porta-nella-regione-relatori-di-alto-livello\/","og_locale":"it_IT","og_type":"article","og_title":"Stift Admont holt Top-Speaker in die Region","og_description":"Lesen Sie aktuelle Informationen zum Thema Stift Admont holt Top-Speaker in die Region und vieles mehr aus dem Konvent und der Pfarre Admont.","og_url":"https:\/\/stiftadmont.at\/it\/blog\/stift-admont-porta-nella-regione-relatori-di-alto-livello\/","og_site_name":"Stift Admont","article_published_time":"2019-05-13T10:00:00+00:00","article_modified_time":"2022-05-29T09:43:37+00:00","og_image":[{"width":853,"height":640,"url":"https:\/\/stiftadmont.at\/wp-content\/uploads\/Stefan-Verra-1.jpg","type":"image\/jpeg"}],"author":"Mario Brandm\u00fcller","twitter_card":"summary_large_image","twitter_misc":{"Scritto da":"Mario Brandm\u00fcller"},"schema":{"@context":"https:\/\/schema.org","@graph":[{"@type":"Article","@id":"https:\/\/stiftadmont.at\/blog\/stift-admont-holt-top-speaker-in-die-region\/#article","isPartOf":{"@id":"https:\/\/stiftadmont.at\/blog\/stift-admont-holt-top-speaker-in-die-region\/"},"author":{"name":"Mario Brandm\u00fcller","@id":"https:\/\/stiftadmont.at\/#\/schema\/person\/30535548b241d5f33a2e8b839db11869"},"headline":"Stift Admont holt Top-Speaker in die Region","datePublished":"2019-05-13T10:00:00+00:00","dateModified":"2022-05-29T09:43:37+00:00","mainEntityOfPage":{"@id":"https:\/\/stiftadmont.at\/blog\/stift-admont-holt-top-speaker-in-die-region\/"},"wordCount":7,"image":{"@id":"https:\/\/stiftadmont.at\/blog\/stift-admont-holt-top-speaker-in-die-region\/#primaryimage"},"thumbnailUrl":"https:\/\/stiftadmont.at\/wp-content\/uploads\/Stefan-Verra-1.jpg","articleSection":["Einrichtungen aktuell"],"inLanguage":"it-IT"},{"@type":"WebPage","@id":"https:\/\/stiftadmont.at\/blog\/stift-admont-holt-top-speaker-in-die-region\/","url":"https:\/\/stiftadmont.at\/blog\/stift-admont-holt-top-speaker-in-die-region\/","name":"L'Abbazia di Admont porta nella regione i migliori relatori - Abbazia di Admont","isPartOf":{"@id":"https:\/\/stiftadmont.at\/#website"},"primaryImageOfPage":{"@id":"https:\/\/stiftadmont.at\/blog\/stift-admont-holt-top-speaker-in-die-region\/#primaryimage"},"image":{"@id":"https:\/\/stiftadmont.at\/blog\/stift-admont-holt-top-speaker-in-die-region\/#primaryimage"},"thumbnailUrl":"https:\/\/stiftadmont.at\/wp-content\/uploads\/Stefan-Verra-1.jpg","datePublished":"2019-05-13T10:00:00+00:00","dateModified":"2022-05-29T09:43:37+00:00","author":{"@id":"https:\/\/stiftadmont.at\/#\/schema\/person\/30535548b241d5f33a2e8b839db11869"},"description":"Leggete le ultime informazioni sull'Abbazia di Admont che porta nella regione i migliori oratori e molto altro dal convento e dalla parrocchia di Admont.","breadcrumb":{"@id":"https:\/\/stiftadmont.at\/blog\/stift-admont-holt-top-speaker-in-die-region\/#breadcrumb"},"inLanguage":"it-IT","potentialAction":[{"@type":"ReadAction","target":["https:\/\/stiftadmont.at\/blog\/stift-admont-holt-top-speaker-in-die-region\/"]}]},{"@type":"ImageObject","inLanguage":"it-IT","@id":"https:\/\/stiftadmont.at\/blog\/stift-admont-holt-top-speaker-in-die-region\/#primaryimage","url":"https:\/\/stiftadmont.at\/wp-content\/uploads\/Stefan-Verra-1.jpg","contentUrl":"https:\/\/stiftadmont.at\/wp-content\/uploads\/Stefan-Verra-1.jpg","width":853,"height":640,"caption":"Stefan Verra 1"},{"@type":"BreadcrumbList","@id":"https:\/\/stiftadmont.at\/blog\/stift-admont-holt-top-speaker-in-die-region\/#breadcrumb","itemListElement":[{"@type":"ListItem","position":1,"name":"Start","item":"https:\/\/stiftadmont.at\/"},{"@type":"ListItem","position":2,"name":"Stift Admont holt Top-Speaker in die Region"}]},{"@type":"WebSite","@id":"https:\/\/stiftadmont.at\/#website","url":"https:\/\/stiftadmont.at\/","name":"Abbazia di Admont","description":"Monastero benedettino e attrazione turistica nella Ges\u00e4use","potentialAction":[{"@type":"SearchAction","target":{"@type":"EntryPoint","urlTemplate":"https:\/\/stiftadmont.at\/?s={search_term_string}"},"query-input":{"@type":"PropertyValueSpecification","valueRequired":true,"valueName":"search_term_string"}}],"inLanguage":"it-IT"},{"@type":"Person","@id":"https:\/\/stiftadmont.at\/#\/schema\/person\/30535548b241d5f33a2e8b839db11869","name":"Mario Brandm\u00fcller"}]}},"_links":{"self":[{"href":"https:\/\/stiftadmont.at\/it\/wp-json\/wp\/v2\/posts\/11558","targetHints":{"allow":["GET"]}}],"collection":[{"href":"https:\/\/stiftadmont.at\/it\/wp-json\/wp\/v2\/posts"}],"about":[{"href":"https:\/\/stiftadmont.at\/it\/wp-json\/wp\/v2\/types\/post"}],"author":[{"embeddable":true,"href":"https:\/\/stiftadmont.at\/it\/wp-json\/wp\/v2\/users\/7"}],"replies":[{"embeddable":true,"href":"https:\/\/stiftadmont.at\/it\/wp-json\/wp\/v2\/comments?post=11558"}],"version-history":[{"count":8,"href":"https:\/\/stiftadmont.at\/it\/wp-json\/wp\/v2\/posts\/11558\/revisions"}],"predecessor-version":[{"id":11567,"href":"https:\/\/stiftadmont.at\/it\/wp-json\/wp\/v2\/posts\/11558\/revisions\/11567"}],"wp:featuredmedia":[{"embeddable":true,"href":"https:\/\/stiftadmont.at\/it\/wp-json\/wp\/v2\/media\/11559"}],"wp:attachment":[{"href":"https:\/\/stiftadmont.at\/it\/wp-json\/wp\/v2\/media?parent=11558"}],"wp:term":[{"taxonomy":"category","embeddable":true,"href":"https:\/\/stiftadmont.at\/it\/wp-json\/wp\/v2\/categories?post=11558"}],"curies":[{"name":"wp","href":"https:\/\/api.w.org\/{rel}","templated":true}]}}