{"id":11832,"date":"2021-08-06T12:00:00","date_gmt":"2021-08-06T10:00:00","guid":{"rendered":"https:\/\/stiftadmont.at\/?p=11832"},"modified":"2022-05-29T15:10:36","modified_gmt":"2022-05-29T13:10:36","slug":"professione-solenne-di-fr-rupert-schwarz-osb-2","status":"publish","type":"post","link":"https:\/\/stiftadmont.at\/it\/blog\/feierliche-profess-von-fr-rupert-schwarz-osb-2\/","title":{"rendered":"Professione solenne di P. Rupert Schwarz OSB"},"content":{"rendered":"<section id='lightpress__section--block_62936fda79561' class='lightpress__section--default-section-space lightpress__section lightpress__section--content'><div class=\"content__inner\"\n         x-init=\"initContentBlockAnim($el)\">\n        \n    <div class=\"content__grid content__grid--fifty-fifty\">\n                                            <div class=\"content__box content__box\"\n                 style=\"\">\n                                \n                \n                                            <div class=\"prose\"><h2 class=\"heading-xxl line line--gold\">Professione solenne di don Rupert<\/h2>\n<p><strong>Venerd\u00ec 6 agosto 2021<\/strong><\/p>\n<p>fr. Rupert Schwarz OSB \u00e8 nato a Salisburgo nel 1982 ed \u00e8 stato battezzato Martin. Oltre a vari altri programmi di formazione, il nostro confratello ha studiato musica da chiesa al Mozarteum di Salisburgo e al conservatorio di Linz ed \u00e8 stato poi impiegato come musicista di chiesa presso la Basilica di Maria Taferl in Bassa Austria. Martin Schwarz ha seguito la chiamata di Dio nell'autunno 2017 e ha iniziato il noviziato nella nostra comunit\u00e0 il 2 ottobre. Dopo la professione temporanea del 22 settembre 2018, ha iniziato gli studi di teologia cattolica presso l'Universit\u00e0 Benedetto XVI di Heiligenkreuz, che attualmente richiedono la sua attenzione.<\/p>\n<p>\"Quando quattro anni fa sono entrato nell'Abbazia di Admont come Martin Schwarz e mi \u00e8 stato dato il nome religioso di Frater Rupert, conoscevo gi\u00e0 da tempo il monastero e la citt\u00e0 di Admont. Ora questa conoscenza \u00e8 diventata una familiarit\u00e0 e sono molto felice di essere qui\", ha detto don Rupert in vista della sua professione solenne.<\/p>\n<p>Con la professione solenne, don Rupert si impegna per tutta la vita a favore della nostra comunit\u00e0. In autunno torner\u00e0 a Heiligenkreuz per proseguire gli studi. Dopo aver completato con successo gli studi, don Rupert sar\u00e0 ordinato sacerdote e lavorer\u00e0 come parroco nelle parrocchie della nostra casa.<\/p>\n<p><strong>Professione solenne (perpetua) di P. Rupert Schwarz OSB<\/strong><br \/><strong>29 agosto 2021<\/strong><br \/>14:00<br \/>Chiesa dell'Abbazia di Admont<\/p>\n<p>La partecipazione alla cerimonia \u00e8 possibile solo con un certificato 3G valido!<\/p>\n<p>\u00a0<\/p>\n<\/div>\n                    \n                            <\/div>\n        \n                                                    <div class=\"content__box content__box--2\"\n                     >\n                                        \n                    \n                                                <div class=\"content__media stickyTo\" x-init=\"imageSticky($el)\">\n\n                                                                                    <picture\n                                    class=\"content__image sticky\">\n                                <source srcset=\"https:\/\/stiftadmont.at\/wp-content\/uploads\/Stift-Admont-fr-Rupert-1.webp\" type=\"image\/webp\">\n                                <source srcset=\"https:\/\/stiftadmont.at\/wp-content\/uploads\/Stift-Admont-fr-Rupert-1.jpg\" type=\"image\/jpeg\">\n                                <img decoding=\"async\" class=\"sticky\" loading=\"lazy\" src=\"https:\/\/stiftadmont.at\/wp-content\/uploads\/Stift-Admont-fr-Rupert-1.jpg\" alt=\"Abbazia di Admont fr Rupert 2022\" \/>\n\n                                                                                                                            <\/picture>\n\n                        <\/div>\n\n                                    <\/div>\n            \n            <\/div>\n<\/div>\n\n<\/section>","protected":false},"excerpt":{"rendered":"<p>Con la professione solenne, don Rupert si impegner\u00e0 per tutta la vita nella nostra comunit\u00e0.<\/p>","protected":false},"author":7,"featured_media":11834,"comment_status":"closed","ping_status":"closed","sticky":false,"template":"","format":"standard","meta":{"_acf_changed":false,"footnotes":""},"categories":[22],"class_list":["post-11832","post","type-post","status-publish","format-standard","has-post-thumbnail","hentry","category-kloster-aktuell"],"acf":[],"yoast_head":"<!-- This site is optimized with the Yoast SEO Premium plugin v26.0 (Yoast SEO v26.8) - https:\/\/yoast.com\/product\/yoast-seo-premium-wordpress\/ -->\n<title>Feierliche Profess von fr. Rupert Schwarz OSB - Stift Admont<\/title>\n<meta name=\"description\" content=\"Lesen Sie aktuelle Informationen zum Thema Feierliche Profess von fr. Rupert Schwarz OSB und vieles mehr aus dem Konvent und der Pfarre Admont.\" \/>\n<meta name=\"robots\" content=\"index, follow, max-snippet:-1, max-image-preview:large, max-video-preview:-1\" \/>\n<link rel=\"canonical\" href=\"https:\/\/stiftadmont.at\/it\/blog\/professione-solenne-di-fr-rupert-schwarz-osb-2\/\" \/>\n<meta property=\"og:locale\" content=\"it_IT\" \/>\n<meta property=\"og:type\" content=\"article\" \/>\n<meta property=\"og:title\" content=\"Feierliche Profess von fr. Rupert Schwarz OSB\" \/>\n<meta property=\"og:description\" content=\"Lesen Sie aktuelle Informationen zum Thema Feierliche Profess von fr. Rupert Schwarz OSB und vieles mehr aus dem Konvent und der Pfarre Admont.\" \/>\n<meta property=\"og:url\" content=\"https:\/\/stiftadmont.at\/it\/blog\/professione-solenne-di-fr-rupert-schwarz-osb-2\/\" \/>\n<meta property=\"og:site_name\" content=\"Stift Admont\" \/>\n<meta property=\"article:published_time\" content=\"2021-08-06T10:00:00+00:00\" \/>\n<meta property=\"article:modified_time\" content=\"2022-05-29T13:10:36+00:00\" \/>\n<meta property=\"og:image\" content=\"https:\/\/stiftadmont.at\/wp-content\/uploads\/Stift-Admont-fr-Rupert-1.jpg\" \/>\n\t<meta property=\"og:image:width\" content=\"857\" \/>\n\t<meta property=\"og:image:height\" content=\"650\" \/>\n\t<meta property=\"og:image:type\" content=\"image\/jpeg\" \/>\n<meta name=\"author\" content=\"Mario Brandm\u00fcller\" \/>\n<meta name=\"twitter:card\" content=\"summary_large_image\" \/>\n<meta name=\"twitter:label1\" content=\"Scritto da\" \/>\n\t<meta name=\"twitter:data1\" content=\"Mario Brandm\u00fcller\" \/>\n<script type=\"application\/ld+json\" class=\"yoast-schema-graph\">{\"@context\":\"https:\/\/schema.org\",\"@graph\":[{\"@type\":\"Article\",\"@id\":\"https:\/\/stiftadmont.at\/blog\/feierliche-profess-von-fr-rupert-schwarz-osb-2\/#article\",\"isPartOf\":{\"@id\":\"https:\/\/stiftadmont.at\/blog\/feierliche-profess-von-fr-rupert-schwarz-osb-2\/\"},\"author\":{\"name\":\"Mario Brandm\u00fcller\",\"@id\":\"https:\/\/stiftadmont.at\/#\/schema\/person\/30535548b241d5f33a2e8b839db11869\"},\"headline\":\"Feierliche Profess von fr. Rupert Schwarz OSB\",\"datePublished\":\"2021-08-06T10:00:00+00:00\",\"dateModified\":\"2022-05-29T13:10:36+00:00\",\"mainEntityOfPage\":{\"@id\":\"https:\/\/stiftadmont.at\/blog\/feierliche-profess-von-fr-rupert-schwarz-osb-2\/\"},\"wordCount\":7,\"image\":{\"@id\":\"https:\/\/stiftadmont.at\/blog\/feierliche-profess-von-fr-rupert-schwarz-osb-2\/#primaryimage\"},\"thumbnailUrl\":\"https:\/\/stiftadmont.at\/wp-content\/uploads\/Stift-Admont-fr-Rupert-1.jpg\",\"articleSection\":[\"Kloster aktuell\"],\"inLanguage\":\"it-IT\"},{\"@type\":\"WebPage\",\"@id\":\"https:\/\/stiftadmont.at\/blog\/feierliche-profess-von-fr-rupert-schwarz-osb-2\/\",\"url\":\"https:\/\/stiftadmont.at\/blog\/feierliche-profess-von-fr-rupert-schwarz-osb-2\/\",\"name\":\"Feierliche Profess von fr. Rupert Schwarz OSB - Stift Admont\",\"isPartOf\":{\"@id\":\"https:\/\/stiftadmont.at\/#website\"},\"primaryImageOfPage\":{\"@id\":\"https:\/\/stiftadmont.at\/blog\/feierliche-profess-von-fr-rupert-schwarz-osb-2\/#primaryimage\"},\"image\":{\"@id\":\"https:\/\/stiftadmont.at\/blog\/feierliche-profess-von-fr-rupert-schwarz-osb-2\/#primaryimage\"},\"thumbnailUrl\":\"https:\/\/stiftadmont.at\/wp-content\/uploads\/Stift-Admont-fr-Rupert-1.jpg\",\"datePublished\":\"2021-08-06T10:00:00+00:00\",\"dateModified\":\"2022-05-29T13:10:36+00:00\",\"author\":{\"@id\":\"https:\/\/stiftadmont.at\/#\/schema\/person\/30535548b241d5f33a2e8b839db11869\"},\"description\":\"Lesen Sie aktuelle Informationen zum Thema Feierliche Profess von fr. Rupert Schwarz OSB und vieles mehr aus dem Konvent und der Pfarre Admont.\",\"breadcrumb\":{\"@id\":\"https:\/\/stiftadmont.at\/blog\/feierliche-profess-von-fr-rupert-schwarz-osb-2\/#breadcrumb\"},\"inLanguage\":\"it-IT\",\"potentialAction\":[{\"@type\":\"ReadAction\",\"target\":[\"https:\/\/stiftadmont.at\/blog\/feierliche-profess-von-fr-rupert-schwarz-osb-2\/\"]}]},{\"@type\":\"ImageObject\",\"inLanguage\":\"it-IT\",\"@id\":\"https:\/\/stiftadmont.at\/blog\/feierliche-profess-von-fr-rupert-schwarz-osb-2\/#primaryimage\",\"url\":\"https:\/\/stiftadmont.at\/wp-content\/uploads\/Stift-Admont-fr-Rupert-1.jpg\",\"contentUrl\":\"https:\/\/stiftadmont.at\/wp-content\/uploads\/Stift-Admont-fr-Rupert-1.jpg\",\"width\":857,\"height\":650,\"caption\":\"Stift Admont fr Rupert 2022\"},{\"@type\":\"BreadcrumbList\",\"@id\":\"https:\/\/stiftadmont.at\/blog\/feierliche-profess-von-fr-rupert-schwarz-osb-2\/#breadcrumb\",\"itemListElement\":[{\"@type\":\"ListItem\",\"position\":1,\"name\":\"Start\",\"item\":\"https:\/\/stiftadmont.at\/\"},{\"@type\":\"ListItem\",\"position\":2,\"name\":\"Feierliche Profess von fr. Rupert Schwarz OSB\"}]},{\"@type\":\"WebSite\",\"@id\":\"https:\/\/stiftadmont.at\/#website\",\"url\":\"https:\/\/stiftadmont.at\/\",\"name\":\"Stift Admont\",\"description\":\"Benediktinerkloster und Sehensw\u00fcrdigkeit im Ges\u00e4use\",\"potentialAction\":[{\"@type\":\"SearchAction\",\"target\":{\"@type\":\"EntryPoint\",\"urlTemplate\":\"https:\/\/stiftadmont.at\/?s={search_term_string}\"},\"query-input\":{\"@type\":\"PropertyValueSpecification\",\"valueRequired\":true,\"valueName\":\"search_term_string\"}}],\"inLanguage\":\"it-IT\"},{\"@type\":\"Person\",\"@id\":\"https:\/\/stiftadmont.at\/#\/schema\/person\/30535548b241d5f33a2e8b839db11869\",\"name\":\"Mario Brandm\u00fcller\"}]}<\/script>\n<!-- \/ Yoast SEO Premium plugin. -->","yoast_head_json":{"title":"Professione solenne di P. Rupert Schwarz OSB - Abbazia di Admont","description":"Leggete le ultime informazioni sulla professione solenne di P. Rupert Schwarz OSB e molto altro dal convento e dalla parrocchia di Admont.","robots":{"index":"index","follow":"follow","max-snippet":"max-snippet:-1","max-image-preview":"max-image-preview:large","max-video-preview":"max-video-preview:-1"},"canonical":"https:\/\/stiftadmont.at\/it\/blog\/professione-solenne-di-fr-rupert-schwarz-osb-2\/","og_locale":"it_IT","og_type":"article","og_title":"Feierliche Profess von fr. Rupert Schwarz OSB","og_description":"Lesen Sie aktuelle Informationen zum Thema Feierliche Profess von fr. Rupert Schwarz OSB und vieles mehr aus dem Konvent und der Pfarre Admont.","og_url":"https:\/\/stiftadmont.at\/it\/blog\/professione-solenne-di-fr-rupert-schwarz-osb-2\/","og_site_name":"Stift Admont","article_published_time":"2021-08-06T10:00:00+00:00","article_modified_time":"2022-05-29T13:10:36+00:00","og_image":[{"width":857,"height":650,"url":"https:\/\/stiftadmont.at\/wp-content\/uploads\/Stift-Admont-fr-Rupert-1.jpg","type":"image\/jpeg"}],"author":"Mario Brandm\u00fcller","twitter_card":"summary_large_image","twitter_misc":{"Scritto da":"Mario Brandm\u00fcller"},"schema":{"@context":"https:\/\/schema.org","@graph":[{"@type":"Article","@id":"https:\/\/stiftadmont.at\/blog\/feierliche-profess-von-fr-rupert-schwarz-osb-2\/#article","isPartOf":{"@id":"https:\/\/stiftadmont.at\/blog\/feierliche-profess-von-fr-rupert-schwarz-osb-2\/"},"author":{"name":"Mario Brandm\u00fcller","@id":"https:\/\/stiftadmont.at\/#\/schema\/person\/30535548b241d5f33a2e8b839db11869"},"headline":"Feierliche Profess von fr. Rupert Schwarz OSB","datePublished":"2021-08-06T10:00:00+00:00","dateModified":"2022-05-29T13:10:36+00:00","mainEntityOfPage":{"@id":"https:\/\/stiftadmont.at\/blog\/feierliche-profess-von-fr-rupert-schwarz-osb-2\/"},"wordCount":7,"image":{"@id":"https:\/\/stiftadmont.at\/blog\/feierliche-profess-von-fr-rupert-schwarz-osb-2\/#primaryimage"},"thumbnailUrl":"https:\/\/stiftadmont.at\/wp-content\/uploads\/Stift-Admont-fr-Rupert-1.jpg","articleSection":["Kloster aktuell"],"inLanguage":"it-IT"},{"@type":"WebPage","@id":"https:\/\/stiftadmont.at\/blog\/feierliche-profess-von-fr-rupert-schwarz-osb-2\/","url":"https:\/\/stiftadmont.at\/blog\/feierliche-profess-von-fr-rupert-schwarz-osb-2\/","name":"Professione solenne di P. Rupert Schwarz OSB - Abbazia di Admont","isPartOf":{"@id":"https:\/\/stiftadmont.at\/#website"},"primaryImageOfPage":{"@id":"https:\/\/stiftadmont.at\/blog\/feierliche-profess-von-fr-rupert-schwarz-osb-2\/#primaryimage"},"image":{"@id":"https:\/\/stiftadmont.at\/blog\/feierliche-profess-von-fr-rupert-schwarz-osb-2\/#primaryimage"},"thumbnailUrl":"https:\/\/stiftadmont.at\/wp-content\/uploads\/Stift-Admont-fr-Rupert-1.jpg","datePublished":"2021-08-06T10:00:00+00:00","dateModified":"2022-05-29T13:10:36+00:00","author":{"@id":"https:\/\/stiftadmont.at\/#\/schema\/person\/30535548b241d5f33a2e8b839db11869"},"description":"Leggete le ultime informazioni sulla professione solenne di P. Rupert Schwarz OSB e molto altro dal convento e dalla parrocchia di Admont.","breadcrumb":{"@id":"https:\/\/stiftadmont.at\/blog\/feierliche-profess-von-fr-rupert-schwarz-osb-2\/#breadcrumb"},"inLanguage":"it-IT","potentialAction":[{"@type":"ReadAction","target":["https:\/\/stiftadmont.at\/blog\/feierliche-profess-von-fr-rupert-schwarz-osb-2\/"]}]},{"@type":"ImageObject","inLanguage":"it-IT","@id":"https:\/\/stiftadmont.at\/blog\/feierliche-profess-von-fr-rupert-schwarz-osb-2\/#primaryimage","url":"https:\/\/stiftadmont.at\/wp-content\/uploads\/Stift-Admont-fr-Rupert-1.jpg","contentUrl":"https:\/\/stiftadmont.at\/wp-content\/uploads\/Stift-Admont-fr-Rupert-1.jpg","width":857,"height":650,"caption":"Stift Admont fr Rupert 2022"},{"@type":"BreadcrumbList","@id":"https:\/\/stiftadmont.at\/blog\/feierliche-profess-von-fr-rupert-schwarz-osb-2\/#breadcrumb","itemListElement":[{"@type":"ListItem","position":1,"name":"Start","item":"https:\/\/stiftadmont.at\/"},{"@type":"ListItem","position":2,"name":"Feierliche Profess von fr. Rupert Schwarz OSB"}]},{"@type":"WebSite","@id":"https:\/\/stiftadmont.at\/#website","url":"https:\/\/stiftadmont.at\/","name":"Abbazia di Admont","description":"Monastero benedettino e attrazione turistica nella Ges\u00e4use","potentialAction":[{"@type":"SearchAction","target":{"@type":"EntryPoint","urlTemplate":"https:\/\/stiftadmont.at\/?s={search_term_string}"},"query-input":{"@type":"PropertyValueSpecification","valueRequired":true,"valueName":"search_term_string"}}],"inLanguage":"it-IT"},{"@type":"Person","@id":"https:\/\/stiftadmont.at\/#\/schema\/person\/30535548b241d5f33a2e8b839db11869","name":"Mario Brandm\u00fcller"}]}},"_links":{"self":[{"href":"https:\/\/stiftadmont.at\/it\/wp-json\/wp\/v2\/posts\/11832","targetHints":{"allow":["GET"]}}],"collection":[{"href":"https:\/\/stiftadmont.at\/it\/wp-json\/wp\/v2\/posts"}],"about":[{"href":"https:\/\/stiftadmont.at\/it\/wp-json\/wp\/v2\/types\/post"}],"author":[{"embeddable":true,"href":"https:\/\/stiftadmont.at\/it\/wp-json\/wp\/v2\/users\/7"}],"replies":[{"embeddable":true,"href":"https:\/\/stiftadmont.at\/it\/wp-json\/wp\/v2\/comments?post=11832"}],"version-history":[{"count":7,"href":"https:\/\/stiftadmont.at\/it\/wp-json\/wp\/v2\/posts\/11832\/revisions"}],"predecessor-version":[{"id":11841,"href":"https:\/\/stiftadmont.at\/it\/wp-json\/wp\/v2\/posts\/11832\/revisions\/11841"}],"wp:featuredmedia":[{"embeddable":true,"href":"https:\/\/stiftadmont.at\/it\/wp-json\/wp\/v2\/media\/11834"}],"wp:attachment":[{"href":"https:\/\/stiftadmont.at\/it\/wp-json\/wp\/v2\/media?parent=11832"}],"wp:term":[{"taxonomy":"category","embeddable":true,"href":"https:\/\/stiftadmont.at\/it\/wp-json\/wp\/v2\/categories?post=11832"}],"curies":[{"name":"wp","href":"https:\/\/api.w.org\/{rel}","templated":true}]}}