{"id":26908,"date":"2020-06-17T07:00:44","date_gmt":"2020-06-17T05:00:44","guid":{"rendered":"https:\/\/stiftadmont.at\/?p=26908"},"modified":"2024-02-28T15:46:07","modified_gmt":"2024-02-28T13:46:07","slug":"centro-di-cure-primarie-apre-tre-milioni-di-investimenti","status":"publish","type":"post","link":"https:\/\/stiftadmont.at\/it\/blog\/primaerversorgungszentrum-eroeffnet-drei-millionen-investitionssumme\/","title":{"rendered":"Apertura del centro di cure primarie: tre milioni di investimento"},"content":{"rendered":"<section id='lightpress__section--block_5e310dd5f492258c8cafda3950b4ae8c' class='lightpress__section--default-section-space lightpress__section lightpress__section--content'><div class=\"content__inner\"\n         x-init=\"initContentBlockAnim($el)\">\n        \n    <div class=\"content__grid content__grid\">\n                                            <div class=\"content__box content__box--one-hundred\"\n                 style=\"\">\n                                \n                \n                                            <div class=\"prose\"><h1 class=\"line line--red\">APERTURA DEL CENTRO DI CURE PRIMARIE - TRE MILIONI DI INVESTIMENTO<\/h1>\n<p class=\"paragraph-m\"><strong>Mercoled\u00ec 17 giugno 2020<\/strong><\/p>\n<p class=\"paragraph-m\">La storia di successo dei centri di assistenza primaria (PCC) in Stiria si arricchisce di un altro capitolo: Con l'apertura dell'Abbazia di Admont, per la prima volta un centro sanitario inizia a operare nella Valle dell'Enns. Il centro \u00e8 stato benedetto dall'abate Gerhard Hafner dell'Abbazia benedettina di Admont e inaugurato dalla consigliera provinciale Juliane Bogner-Strau\u00df. Sono stati investiti tre milioni di euro.<\/p>\n<p class=\"paragraph-m\">\u00a0<\/p>\n<p class=\"paragraph-m\">Admont, 17.06.2020: dove un tempo erano protagonisti seghe e legno, ora regnano stetoscopi e strumenti diagnostici: L'ex falegnameria dell'Abbazia di Admont \u00e8 stata trasformata negli ultimi mesi in uno degli ambulatori pi\u00f9 moderni dello Stato e ora \u00e8 stato ufficialmente inaugurato come primo centro di assistenza primaria dell'Ennstal. \"I centri sanitari in Stiria sono una storia di successo e un elemento centrale per la migliore assistenza possibile alla popolazione della Stiria. Il centro sanitario di Admont garantisce un'offerta ottimale di servizi ambulatoriali e di day hospital. Oltre alle cure acute, la gamma di trattamenti comprende anche la promozione della salute e la prevenzione, contribuendo cos\u00ec in modo significativo al mantenimento e all'ulteriore espansione di uno dei migliori sistemi sanitari\", sottolinea Juliane Bogner-Strau\u00df, Consigliere di Stato per la Salute, che si rallegra del fatto che la Stiria abbia fatto un altro passo avanti verso l'obiettivo di avere i 30 centri sanitari previsti in funzione entro il 2025. \"\u00c8 bello vedere i buoni progressi che stiamo facendo e che la Stiria continua a svolgere il suo ruolo di pioniere nel campo della sanit\u00e0 in Austria\", ha dichiarato Bogner-Strau\u00df.<\/p>\n<p class=\"paragraph-m\">\u00a0<\/p>\n<p class=\"paragraph-m\"><strong>Il centro di approvvigionamento svolger\u00e0 un ruolo pionieristico<\/strong><\/p>\n<p class=\"paragraph-m\">Secondo l'Abbazia di Admont, che mette a disposizione i moderni locali dell'ambulatorio sul terreno dell'abbazia, il centro sanitario \u00e8 destinato a svolgere un ruolo pionieristico: \"Da un lato, \u00e8 nostra responsabilit\u00e0 cristiana essere presenti per le persone con malattie fisiche e mentali e, dall'altro, con il centro sanitario dell'Abbazia di Admont stiamo superando le sfide dell'assistenza sanitaria in termini medici, infermieristici e organizzativi. Soprattutto per questi motivi siamo molto contenti di aprire qui il nuovo centro sanitario in collaborazione con lo Stato e la comunit\u00e0\", sottolinea l'abate Gerhard Hafner. Anche Franz Pichler, direttore economico dell'Abbazia benedettina di Admont, sottolinea l'importanza del nuovo centro sanitario: \"Un'assistenza sanitaria ottimale nella regione \u00e8 una parte essenziale di una buona qualit\u00e0 della vita e quindi una parte essenziale dello sviluppo regionale. Noi dell'Abbazia di Admont ci siamo quindi trovati di fronte alla sfida di trovare una soluzione in modo proattivo. Abbiamo preso in considerazione la possibilit\u00e0 di centri sanitari non appena \u00e8 stata resa nota e siamo stati in grado di richiedere un centro di questo tipo per Admont. Lo Stato, il Comune e la nostra organizzazione hanno collaborato molto bene. Il secondo passo \u00e8 stato quello di garantire il finanziamento del progetto e siamo riusciti a superare anche questo ostacolo. In totale, sono stati investiti oltre tre milioni di euro in questo nuovo centro. A mio avviso, si tratta di uno degli investimenti pi\u00f9 significativi degli ultimi anni per la nostra azienda, che render\u00e0 la nostra regione pi\u00f9 attraente e migliorer\u00e0 la qualit\u00e0 della vita\".<\/p>\n<p class=\"paragraph-m\">\u00a0<\/p>\n<p class=\"paragraph-m\"><strong>\"Primo centro di contatto per la salute\"<\/strong><\/p>\n<p class=\"paragraph-m\">Il nuovo centro sanitario \u00e8 gestito dai dottori Oliver ed Eva-Maria Petz: insieme a un team di medici in trasferta, personale infermieristico qualificato e vari esperti della salute, come dietologi e fisioterapisti, la coppia gestisce il centro, che comprende anche un ambulatorio generale. \"Ci auguriamo di essere il primo e diretto punto di contatto con la salute per i cittadini della regione. Siamo il punto di contatto personale per i problemi di salute, ma anche per la promozione della salute e la prevenzione\", sottolinea la coppia di medici all'unisono. Eva-Maria Petz \u00e8 un medico generico specializzato, tra l'altro, in nutrizione. Anche Oliver Petz \u00e8 un medico generico e un fisioterapista specializzato nel sistema muscolo-scheletrico. Secondo entrambi, PVZ \u00e8 anche l'acronimo di \"Dr Petz Care Centre\".<\/p>\n<p class=\"paragraph-m\">\u00a0<\/p>\n<p class=\"paragraph-m\"><strong>Informazioni sul Centro di cura Dr. Petz Admont<\/strong><\/p>\n<p class=\"paragraph-m\">Il Centro di cure primarie Dr Petz di Admont \u00e8 reso possibile da una collaborazione tra la provincia della Stiria, l'Abbazia benedettina di Admont, la citt\u00e0 mercato di Admont, le assicurazioni sociali e il Fondo sanitario della Stiria. Il Centro di cure primarie di Admont \u00e8 gestito dai medici Oliver ed Eva-Maria Petz.<\/p>\n<p class=\"paragraph-m\">\u00a0<\/p>\n<p class=\"paragraph-m\"><strong>Gli orari di apertura sono<\/strong><\/p>\n<p class=\"paragraph-m\">Luned\u00ec 07:30 - 17:30<\/p>\n<p class=\"paragraph-m\">Marted\u00ec e gioved\u00ec 07:30 - 16:30<\/p>\n<p class=\"paragraph-m\">Mercoled\u00ec 07:30 - 11:30<\/p>\n<p class=\"paragraph-m\">Venerd\u00ec 07:30 - 15:30<\/p>\n<\/div>\n                    \n                            <\/div>\n        \n            <\/div>\n<\/div>\n\n<\/section>","protected":false},"excerpt":{"rendered":"","protected":false},"author":19,"featured_media":17531,"comment_status":"closed","ping_status":"closed","sticky":false,"template":"","format":"standard","meta":{"_acf_changed":false,"footnotes":""},"categories":[23,75],"class_list":["post-26908","post","type-post","status-publish","format-standard","has-post-thumbnail","hentry","category-einrichtungen-aktuell","category-gesundheitszentrum-admont"],"acf":[],"yoast_head":"<!-- This site is optimized with the Yoast SEO Premium plugin v26.0 (Yoast SEO v26.8) - https:\/\/yoast.com\/product\/yoast-seo-premium-wordpress\/ -->\n<title>Prim\u00e4rversorgungszentrum er\u00f6ffnet \u2013 drei Millionen Investitionssumme - Stift Admont<\/title>\n<meta name=\"description\" content=\"Lesen Sie aktuelle Informationen zum Thema Prim\u00e4rversorgungszentrum er\u00f6ffnet \u2013 drei Millionen Investitionssumme und vieles mehr aus dem Konvent und der Pfarre Admont.\" \/>\n<meta name=\"robots\" content=\"index, follow, max-snippet:-1, max-image-preview:large, max-video-preview:-1\" \/>\n<link rel=\"canonical\" href=\"https:\/\/stiftadmont.at\/it\/blog\/centro-di-cure-primarie-apre-tre-milioni-di-investimenti\/\" \/>\n<meta property=\"og:locale\" content=\"it_IT\" \/>\n<meta property=\"og:type\" content=\"article\" \/>\n<meta property=\"og:title\" content=\"Prim\u00e4rversorgungszentrum er\u00f6ffnet \u2013 drei Millionen Investitionssumme\" \/>\n<meta property=\"og:description\" content=\"Lesen Sie aktuelle Informationen zum Thema Prim\u00e4rversorgungszentrum er\u00f6ffnet \u2013 drei Millionen Investitionssumme und vieles mehr aus dem Konvent und der Pfarre Admont.\" \/>\n<meta property=\"og:url\" content=\"https:\/\/stiftadmont.at\/it\/blog\/centro-di-cure-primarie-apre-tre-milioni-di-investimenti\/\" \/>\n<meta property=\"og:site_name\" content=\"Stift Admont\" \/>\n<meta property=\"article:published_time\" content=\"2020-06-17T05:00:44+00:00\" \/>\n<meta property=\"article:modified_time\" content=\"2024-02-28T13:46:07+00:00\" \/>\n<meta property=\"og:image\" content=\"https:\/\/stiftadmont.at\/wp-content\/uploads\/Gesundheitszentrum_aussen-\u00a9Thoms-Sattler_www_Neu-scaled.jpg\" \/>\n\t<meta property=\"og:image:width\" content=\"2560\" \/>\n\t<meta property=\"og:image:height\" content=\"1707\" \/>\n\t<meta property=\"og:image:type\" content=\"image\/jpeg\" \/>\n<meta name=\"author\" content=\"Sarah Lux\" \/>\n<meta name=\"twitter:card\" content=\"summary_large_image\" \/>\n<meta name=\"twitter:label1\" content=\"Scritto da\" \/>\n\t<meta name=\"twitter:data1\" content=\"Sarah Lux\" \/>\n\t<meta name=\"twitter:label2\" content=\"Tempo di lettura stimato\" \/>\n\t<meta name=\"twitter:data2\" content=\"1 minuto\" \/>\n<script type=\"application\/ld+json\" class=\"yoast-schema-graph\">{\"@context\":\"https:\/\/schema.org\",\"@graph\":[{\"@type\":\"Article\",\"@id\":\"https:\/\/stiftadmont.at\/blog\/primaerversorgungszentrum-eroeffnet-drei-millionen-investitionssumme\/#article\",\"isPartOf\":{\"@id\":\"https:\/\/stiftadmont.at\/blog\/primaerversorgungszentrum-eroeffnet-drei-millionen-investitionssumme\/\"},\"author\":{\"name\":\"Sarah Lux\",\"@id\":\"https:\/\/stiftadmont.at\/#\/schema\/person\/618a2a3e6fea3fe795243c567372dbf3\"},\"headline\":\"Prim\u00e4rversorgungszentrum er\u00f6ffnet \u2013 drei Millionen Investitionssumme\",\"datePublished\":\"2020-06-17T05:00:44+00:00\",\"dateModified\":\"2024-02-28T13:46:07+00:00\",\"mainEntityOfPage\":{\"@id\":\"https:\/\/stiftadmont.at\/blog\/primaerversorgungszentrum-eroeffnet-drei-millionen-investitionssumme\/\"},\"wordCount\":7,\"image\":{\"@id\":\"https:\/\/stiftadmont.at\/blog\/primaerversorgungszentrum-eroeffnet-drei-millionen-investitionssumme\/#primaryimage\"},\"thumbnailUrl\":\"https:\/\/stiftadmont.at\/wp-content\/uploads\/Gesundheitszentrum_aussen-\u00a9Thoms-Sattler_www_Neu-scaled.jpg\",\"articleSection\":[\"Einrichtungen aktuell\",\"Gesundheitszentrum Admont\"],\"inLanguage\":\"it-IT\"},{\"@type\":\"WebPage\",\"@id\":\"https:\/\/stiftadmont.at\/blog\/primaerversorgungszentrum-eroeffnet-drei-millionen-investitionssumme\/\",\"url\":\"https:\/\/stiftadmont.at\/blog\/primaerversorgungszentrum-eroeffnet-drei-millionen-investitionssumme\/\",\"name\":\"Prim\u00e4rversorgungszentrum er\u00f6ffnet \u2013 drei Millionen Investitionssumme - Stift Admont\",\"isPartOf\":{\"@id\":\"https:\/\/stiftadmont.at\/#website\"},\"primaryImageOfPage\":{\"@id\":\"https:\/\/stiftadmont.at\/blog\/primaerversorgungszentrum-eroeffnet-drei-millionen-investitionssumme\/#primaryimage\"},\"image\":{\"@id\":\"https:\/\/stiftadmont.at\/blog\/primaerversorgungszentrum-eroeffnet-drei-millionen-investitionssumme\/#primaryimage\"},\"thumbnailUrl\":\"https:\/\/stiftadmont.at\/wp-content\/uploads\/Gesundheitszentrum_aussen-\u00a9Thoms-Sattler_www_Neu-scaled.jpg\",\"datePublished\":\"2020-06-17T05:00:44+00:00\",\"dateModified\":\"2024-02-28T13:46:07+00:00\",\"author\":{\"@id\":\"https:\/\/stiftadmont.at\/#\/schema\/person\/618a2a3e6fea3fe795243c567372dbf3\"},\"description\":\"Lesen Sie aktuelle Informationen zum Thema Prim\u00e4rversorgungszentrum er\u00f6ffnet \u2013 drei Millionen Investitionssumme und vieles mehr aus dem Konvent und der Pfarre Admont.\",\"breadcrumb\":{\"@id\":\"https:\/\/stiftadmont.at\/blog\/primaerversorgungszentrum-eroeffnet-drei-millionen-investitionssumme\/#breadcrumb\"},\"inLanguage\":\"it-IT\",\"potentialAction\":[{\"@type\":\"ReadAction\",\"target\":[\"https:\/\/stiftadmont.at\/blog\/primaerversorgungszentrum-eroeffnet-drei-millionen-investitionssumme\/\"]}]},{\"@type\":\"ImageObject\",\"inLanguage\":\"it-IT\",\"@id\":\"https:\/\/stiftadmont.at\/blog\/primaerversorgungszentrum-eroeffnet-drei-millionen-investitionssumme\/#primaryimage\",\"url\":\"https:\/\/stiftadmont.at\/wp-content\/uploads\/Gesundheitszentrum_aussen-\u00a9Thoms-Sattler_www_Neu-scaled.jpg\",\"contentUrl\":\"https:\/\/stiftadmont.at\/wp-content\/uploads\/Gesundheitszentrum_aussen-\u00a9Thoms-Sattler_www_Neu-scaled.jpg\",\"width\":2560,\"height\":1707,\"caption\":\"Gesundheitszentrum aussen \u00a9Thoms Sattler www Neu scaled\"},{\"@type\":\"BreadcrumbList\",\"@id\":\"https:\/\/stiftadmont.at\/blog\/primaerversorgungszentrum-eroeffnet-drei-millionen-investitionssumme\/#breadcrumb\",\"itemListElement\":[{\"@type\":\"ListItem\",\"position\":1,\"name\":\"Start\",\"item\":\"https:\/\/stiftadmont.at\/\"},{\"@type\":\"ListItem\",\"position\":2,\"name\":\"Prim\u00e4rversorgungszentrum er\u00f6ffnet \u2013 drei Millionen Investitionssumme\"}]},{\"@type\":\"WebSite\",\"@id\":\"https:\/\/stiftadmont.at\/#website\",\"url\":\"https:\/\/stiftadmont.at\/\",\"name\":\"Stift Admont\",\"description\":\"Benediktinerkloster und Sehensw\u00fcrdigkeit im Ges\u00e4use\",\"potentialAction\":[{\"@type\":\"SearchAction\",\"target\":{\"@type\":\"EntryPoint\",\"urlTemplate\":\"https:\/\/stiftadmont.at\/?s={search_term_string}\"},\"query-input\":{\"@type\":\"PropertyValueSpecification\",\"valueRequired\":true,\"valueName\":\"search_term_string\"}}],\"inLanguage\":\"it-IT\"},{\"@type\":\"Person\",\"@id\":\"https:\/\/stiftadmont.at\/#\/schema\/person\/618a2a3e6fea3fe795243c567372dbf3\",\"name\":\"Sarah Lux\"}]}<\/script>\n<!-- \/ Yoast SEO Premium plugin. -->","yoast_head_json":{"title":"Apre il centro di cure primarie: tre milioni di investimento - Admont Abbey","description":"Leggete le ultime informazioni sull'apertura del centro di cure primarie - tre milioni di investimenti e molto altro dal convento e dalla parrocchia di Admont.","robots":{"index":"index","follow":"follow","max-snippet":"max-snippet:-1","max-image-preview":"max-image-preview:large","max-video-preview":"max-video-preview:-1"},"canonical":"https:\/\/stiftadmont.at\/it\/blog\/centro-di-cure-primarie-apre-tre-milioni-di-investimenti\/","og_locale":"it_IT","og_type":"article","og_title":"Prim\u00e4rversorgungszentrum er\u00f6ffnet \u2013 drei Millionen Investitionssumme","og_description":"Lesen Sie aktuelle Informationen zum Thema Prim\u00e4rversorgungszentrum er\u00f6ffnet \u2013 drei Millionen Investitionssumme und vieles mehr aus dem Konvent und der Pfarre Admont.","og_url":"https:\/\/stiftadmont.at\/it\/blog\/centro-di-cure-primarie-apre-tre-milioni-di-investimenti\/","og_site_name":"Stift Admont","article_published_time":"2020-06-17T05:00:44+00:00","article_modified_time":"2024-02-28T13:46:07+00:00","og_image":[{"width":2560,"height":1707,"url":"https:\/\/stiftadmont.at\/wp-content\/uploads\/Gesundheitszentrum_aussen-\u00a9Thoms-Sattler_www_Neu-scaled.jpg","type":"image\/jpeg"}],"author":"Sarah Lux","twitter_card":"summary_large_image","twitter_misc":{"Scritto da":"Sarah Lux","Tempo di lettura stimato":"1 minuto"},"schema":{"@context":"https:\/\/schema.org","@graph":[{"@type":"Article","@id":"https:\/\/stiftadmont.at\/blog\/primaerversorgungszentrum-eroeffnet-drei-millionen-investitionssumme\/#article","isPartOf":{"@id":"https:\/\/stiftadmont.at\/blog\/primaerversorgungszentrum-eroeffnet-drei-millionen-investitionssumme\/"},"author":{"name":"Sarah Lux","@id":"https:\/\/stiftadmont.at\/#\/schema\/person\/618a2a3e6fea3fe795243c567372dbf3"},"headline":"Prim\u00e4rversorgungszentrum er\u00f6ffnet \u2013 drei Millionen Investitionssumme","datePublished":"2020-06-17T05:00:44+00:00","dateModified":"2024-02-28T13:46:07+00:00","mainEntityOfPage":{"@id":"https:\/\/stiftadmont.at\/blog\/primaerversorgungszentrum-eroeffnet-drei-millionen-investitionssumme\/"},"wordCount":7,"image":{"@id":"https:\/\/stiftadmont.at\/blog\/primaerversorgungszentrum-eroeffnet-drei-millionen-investitionssumme\/#primaryimage"},"thumbnailUrl":"https:\/\/stiftadmont.at\/wp-content\/uploads\/Gesundheitszentrum_aussen-\u00a9Thoms-Sattler_www_Neu-scaled.jpg","articleSection":["Einrichtungen aktuell","Gesundheitszentrum Admont"],"inLanguage":"it-IT"},{"@type":"WebPage","@id":"https:\/\/stiftadmont.at\/blog\/primaerversorgungszentrum-eroeffnet-drei-millionen-investitionssumme\/","url":"https:\/\/stiftadmont.at\/blog\/primaerversorgungszentrum-eroeffnet-drei-millionen-investitionssumme\/","name":"Apre il centro di cure primarie: tre milioni di investimento - Admont Abbey","isPartOf":{"@id":"https:\/\/stiftadmont.at\/#website"},"primaryImageOfPage":{"@id":"https:\/\/stiftadmont.at\/blog\/primaerversorgungszentrum-eroeffnet-drei-millionen-investitionssumme\/#primaryimage"},"image":{"@id":"https:\/\/stiftadmont.at\/blog\/primaerversorgungszentrum-eroeffnet-drei-millionen-investitionssumme\/#primaryimage"},"thumbnailUrl":"https:\/\/stiftadmont.at\/wp-content\/uploads\/Gesundheitszentrum_aussen-\u00a9Thoms-Sattler_www_Neu-scaled.jpg","datePublished":"2020-06-17T05:00:44+00:00","dateModified":"2024-02-28T13:46:07+00:00","author":{"@id":"https:\/\/stiftadmont.at\/#\/schema\/person\/618a2a3e6fea3fe795243c567372dbf3"},"description":"Leggete le ultime informazioni sull'apertura del centro di cure primarie - tre milioni di investimenti e molto altro dal convento e dalla parrocchia di Admont.","breadcrumb":{"@id":"https:\/\/stiftadmont.at\/blog\/primaerversorgungszentrum-eroeffnet-drei-millionen-investitionssumme\/#breadcrumb"},"inLanguage":"it-IT","potentialAction":[{"@type":"ReadAction","target":["https:\/\/stiftadmont.at\/blog\/primaerversorgungszentrum-eroeffnet-drei-millionen-investitionssumme\/"]}]},{"@type":"ImageObject","inLanguage":"it-IT","@id":"https:\/\/stiftadmont.at\/blog\/primaerversorgungszentrum-eroeffnet-drei-millionen-investitionssumme\/#primaryimage","url":"https:\/\/stiftadmont.at\/wp-content\/uploads\/Gesundheitszentrum_aussen-\u00a9Thoms-Sattler_www_Neu-scaled.jpg","contentUrl":"https:\/\/stiftadmont.at\/wp-content\/uploads\/Gesundheitszentrum_aussen-\u00a9Thoms-Sattler_www_Neu-scaled.jpg","width":2560,"height":1707,"caption":"Gesundheitszentrum aussen \u00a9Thoms Sattler www Neu scaled"},{"@type":"BreadcrumbList","@id":"https:\/\/stiftadmont.at\/blog\/primaerversorgungszentrum-eroeffnet-drei-millionen-investitionssumme\/#breadcrumb","itemListElement":[{"@type":"ListItem","position":1,"name":"Start","item":"https:\/\/stiftadmont.at\/"},{"@type":"ListItem","position":2,"name":"Prim\u00e4rversorgungszentrum er\u00f6ffnet \u2013 drei Millionen Investitionssumme"}]},{"@type":"WebSite","@id":"https:\/\/stiftadmont.at\/#website","url":"https:\/\/stiftadmont.at\/","name":"Abbazia di Admont","description":"Monastero benedettino e attrazione turistica nella Ges\u00e4use","potentialAction":[{"@type":"SearchAction","target":{"@type":"EntryPoint","urlTemplate":"https:\/\/stiftadmont.at\/?s={search_term_string}"},"query-input":{"@type":"PropertyValueSpecification","valueRequired":true,"valueName":"search_term_string"}}],"inLanguage":"it-IT"},{"@type":"Person","@id":"https:\/\/stiftadmont.at\/#\/schema\/person\/618a2a3e6fea3fe795243c567372dbf3","name":"Sarah Lux"}]}},"_links":{"self":[{"href":"https:\/\/stiftadmont.at\/it\/wp-json\/wp\/v2\/posts\/26908","targetHints":{"allow":["GET"]}}],"collection":[{"href":"https:\/\/stiftadmont.at\/it\/wp-json\/wp\/v2\/posts"}],"about":[{"href":"https:\/\/stiftadmont.at\/it\/wp-json\/wp\/v2\/types\/post"}],"author":[{"embeddable":true,"href":"https:\/\/stiftadmont.at\/it\/wp-json\/wp\/v2\/users\/19"}],"replies":[{"embeddable":true,"href":"https:\/\/stiftadmont.at\/it\/wp-json\/wp\/v2\/comments?post=26908"}],"version-history":[{"count":5,"href":"https:\/\/stiftadmont.at\/it\/wp-json\/wp\/v2\/posts\/26908\/revisions"}],"predecessor-version":[{"id":26914,"href":"https:\/\/stiftadmont.at\/it\/wp-json\/wp\/v2\/posts\/26908\/revisions\/26914"}],"wp:featuredmedia":[{"embeddable":true,"href":"https:\/\/stiftadmont.at\/it\/wp-json\/wp\/v2\/media\/17531"}],"wp:attachment":[{"href":"https:\/\/stiftadmont.at\/it\/wp-json\/wp\/v2\/media?parent=26908"}],"wp:term":[{"taxonomy":"category","embeddable":true,"href":"https:\/\/stiftadmont.at\/it\/wp-json\/wp\/v2\/categories?post=26908"}],"curies":[{"name":"wp","href":"https:\/\/api.w.org\/{rel}","templated":true}]}}