{"id":28232,"date":"2024-05-07T14:47:16","date_gmt":"2024-05-07T12:47:16","guid":{"rendered":"https:\/\/stiftadmont.at\/?p=28232"},"modified":"2024-05-07T19:08:50","modified_gmt":"2024-05-07T17:08:50","slug":"labate-gerhard-hafner-amministratore-ad-interim-dellabbazia-di-san-paolo","status":"publish","type":"post","link":"https:\/\/stiftadmont.at\/it\/blog\/abt-gerhard-hafner-interimistischer-administrator-des-stiftes-st-paul\/","title":{"rendered":"L'abate Gerhard Hafner amministratore ad interim dell'Abbazia di San Paolo"},"content":{"rendered":"<section id='lightpress__section--block_d3119acb4608c7e97c4b6c970787f3f3' class='lightpress__section--default-section-space lightpress__section lightpress__section--content'><div class=\"content__inner\"\n         x-init=\"initContentBlockAnim($el)\">\n        \n    <div class=\"content__grid content__grid--fifty-fifty\">\n                                            <div class=\"content__box content__box\"\n                 style=\"\">\n                                \n                \n                                            <div class=\"prose\"><h2 class=\"heading-xxl line line--gold\">L'abate Gerhard Hafner amministratore ad interim dell'Abbazia di San Paolo<\/h2>\n<p class=\"paragraph-m\"><strong>Marted\u00ec 7 maggio 2024<\/strong><\/p>\n<p class=\"paragraph-m\"><em>Comunicato stampa della Congregazione benedettina austriaca \/ Abbazia benedettina di San Paolo <\/em><em>St. Paul im Lavanttal (Carinzia)\/Michaelbeuern (Salisburgo)\/Admont (Stiria), il 6 maggio 2024<\/em><\/p>\n<p class=\"paragraph-m\">Gerhard Hafner, abate dell'Abbazia di Admont, nominato anche amministratore ad interim dell'Abbazia di San Paolo.<\/p>\n<p class=\"paragraph-m\">Gerhard Hafner OSB, abate dell'Abbazia benedettina di Admont, \u00e8 stato nominato amministratore ad interim dell'Abbazia benedettina di St. Paul im Lavanttal il 6 maggio 2024. Il suo mandato durer\u00e0 fino all'inizio del 2026. Il precedente amministratore, P. Marian Kollmann OSB, ha rassegnato le dimissioni dalla carica di capo del monastero per motivi personali. L'abate Johannes Perkmann OSB, in qualit\u00e0 di abate presidente della Congregazione benedettina austriaca, ha nominato un nuovo responsabile dell'abbazia in seguito a una decisione del Presidium della Congregazione e ha affidato all'abate Gerhard Hafner OSB dell'abbazia benedettina di Admont questo compito fino all'inizio del 2026. Il 59enne sar\u00e0 affiancato nei suoi compiti di guida e nel suo duplice ruolo di abate dell'Abbazia di Admont e di amministratore dell'Abbazia di San Paolo dal suo priore, Mag Dr P. Maximilian Schieferm\u00fcller OSB.<\/p>\n<p class=\"paragraph-m\">L'Abate Presidente Johannes Perkmann: \"Vorrei ringraziare l'Abate Gerhard Hafner per aver assunto il ruolo di amministratore dell'Abbazia benedettina di San Paolo. I suoi compiti pi\u00f9 importanti saranno quelli di presiedere i confratelli come loro superiore, di accompagnarli e di cercare strade per il futuro con tutti gli interessati.\"<\/p>\n<p class=\"paragraph-m\">L'abate Gerhard Hafner: \"Considero l'amministrazione provvisoria dell'Abbazia di San Paolo come un servizio alla comunit\u00e0 locale. Insieme al mio priore, cercher\u00f2 di chiarire con i monaci come organizzare il loro futuro come comunit\u00e0 monastica. Per evitare che si diffondano voci: il mio monastero di Admont non subentrer\u00e0 in alcun modo all'Abbazia di San Paolo, n\u00e9 dal punto di vista del personale n\u00e9 da quello finanziario\".<\/p>\n<p class=\"paragraph-m\"><strong>Abate Gerhard Hafner<\/strong><br \/>L'abate Gerhard Hafner \u00e8 nato nel 1964 a Trieben, in Stiria. Ha studiato teologia a Graz ed \u00e8 stato ordinato sacerdote nel 1990. \u00c8 entrato nell'Abbazia benedettina di Admont nel 1994 e ha emesso la professione solenne nel 1999. \u00c8 abate dell'Abbazia di Admont dal gennaio 2017.<\/p>\n<p class=\"paragraph-m\"><strong>Abbazia benedettina di San Paolo<\/strong><br \/>Il monastero benedettino di San Paolo a Lavanttal \u00e8 stato fondato nel 1091 ed \u00e8 l'unico monastero monastico della Carinzia. Il monastero si occupa di quattro parrocchie proprie e fornisce cappellani alle parrocchie e alle cappellanie diocesane. Circa 45 dipendenti si occupano del ginnasio dell'abbazia di San Paolo, con oltre 600 alunni, della silvicoltura e dell'agricoltura, nonch\u00e9 del museo dell'abbazia, conosciuto ben oltre i confini della Carinzia.<\/p>\n<p>\u00a0<\/p>\n<p class=\"paragraph-m\">\u00a0<\/p>\n<\/div>\n                    \n                            <\/div>\n        \n                                                    <div class=\"content__box content__box--2\"\n                     >\n                                        \n                    \n                                                <div class=\"content__media stickyTo\" x-init=\"imageSticky($el)\">\n\n                                                                                    <picture\n                                    class=\"content__image sticky\">\n                                <source srcset=\"https:\/\/stiftadmont.at\/wp-content\/uploads\/Abt-Gerhard-c-Stefan-Leitner-819x1024.webp\" type=\"image\/webp\">\n                                <source srcset=\"https:\/\/stiftadmont.at\/wp-content\/uploads\/Abt-Gerhard-c-Stefan-Leitner-819x1024.jpg\" type=\"image\/jpeg\">\n                                <img decoding=\"async\" class=\"sticky\" loading=\"lazy\" src=\"https:\/\/stiftadmont.at\/wp-content\/uploads\/Abt-Gerhard-c-Stefan-Leitner-819x1024.jpg\"\n                                     alt=\"L&#039;abate Gerhard c Stefan Leitner in scala\">\n\n                                                                                                                            <\/picture>\n\n                        <\/div>\n\n                                    <\/div>\n            \n            <\/div>\n<\/div>\n\n<\/section>\n\n<section id='lightpress__section--block_31758eaa19a86ebfb5ed049b3bb22cf6' class='lightpress__section--default-section-space lightpress__section lightpress__section--content'><div class=\"content__inner\"\n         x-init=\"initContentBlockAnim($el)\">\n        \n    <div class=\"content__grid content__grid\">\n                                            <div class=\"content__box content__box--one-hundred\"\n                 style=\"\">\n                                \n                \n                                            <div class=\"prose\"><p class=\"paragraph-m\"><strong>Contatto:<\/strong><br \/>L'Abate Presidente Johannes Perkmann OSB<br \/>Congregazione benedettina austriaca<\/p>\n<p><a class=\"phone\" href=\"tel:+43627481161000\"><span class=\"icon-outer\"><i class=\"fa-light fa-phone\"><\/i><\/span>+43 (0) 6274\/8116 1000<\/a><\/p>\n<p><a class=\"phone\" href=\"tel:+4367687466646\"><span class=\"icon-outer\"><i class=\"fa-light fa-phone\"><\/i><\/span>+43 (0) 676\/8746 6646<\/a><\/p>\n<p><a class=\"email\" href=\"mailto:abt.johannes@abtei-michaelbeuern.at\"><span class=\"icon-outer\"><i class=\"fa-light fa-envelope\"><\/i><\/span>abt.johannes@abtei-michaelbeuern.at<\/a><\/p>\n<\/div>\n                    \n                            <\/div>\n        \n            <\/div>\n<\/div>\n\n<\/section>","protected":false},"excerpt":{"rendered":"<p>Gerhard Hafner OSB, abate dell'Abbazia benedettina di Admont, \u00e8 stato nominato amministratore ad interim dell'Abbazia benedettina di St. Paul im Lavanttal il 6 maggio 2024.<\/p>","protected":false},"author":20,"featured_media":8412,"comment_status":"closed","ping_status":"closed","sticky":false,"template":"","format":"standard","meta":{"_acf_changed":false,"footnotes":""},"categories":[22],"class_list":["post-28232","post","type-post","status-publish","format-standard","has-post-thumbnail","hentry","category-kloster-aktuell"],"acf":[],"yoast_head":"<!-- This site is optimized with the Yoast SEO Premium plugin v26.0 (Yoast SEO v26.8) - https:\/\/yoast.com\/product\/yoast-seo-premium-wordpress\/ -->\n<title>Abt Gerhard Hafner interimistischer Administrator des Stiftes St. Paul - Stift Admont<\/title>\n<meta name=\"description\" content=\"Lesen Sie aktuelle Informationen zum Thema Abt Gerhard Hafner interimistischer Administrator des Stiftes St. Paul und vieles mehr aus dem Konvent und der Pfarre Admont.\" \/>\n<meta name=\"robots\" content=\"index, follow, max-snippet:-1, max-image-preview:large, max-video-preview:-1\" \/>\n<link rel=\"canonical\" href=\"https:\/\/stiftadmont.at\/it\/blog\/labate-gerhard-hafner-amministratore-ad-interim-dellabbazia-di-san-paolo\/\" \/>\n<meta property=\"og:locale\" content=\"it_IT\" \/>\n<meta property=\"og:type\" content=\"article\" \/>\n<meta property=\"og:title\" content=\"Abt Gerhard Hafner interimistischer Administrator des Stiftes St. Paul\" \/>\n<meta property=\"og:description\" content=\"Lesen Sie aktuelle Informationen zum Thema Abt Gerhard Hafner interimistischer Administrator des Stiftes St. Paul und vieles mehr aus dem Konvent und der Pfarre Admont.\" \/>\n<meta property=\"og:url\" content=\"https:\/\/stiftadmont.at\/it\/blog\/labate-gerhard-hafner-amministratore-ad-interim-dellabbazia-di-san-paolo\/\" \/>\n<meta property=\"og:site_name\" content=\"Stift Admont\" \/>\n<meta property=\"article:published_time\" content=\"2024-05-07T12:47:16+00:00\" \/>\n<meta property=\"article:modified_time\" content=\"2024-05-07T17:08:50+00:00\" \/>\n<meta property=\"og:image\" content=\"https:\/\/stiftadmont.at\/wp-content\/uploads\/Herr-Abt_cStefan-Leitner-e1648798681786.jpg\" \/>\n\t<meta property=\"og:image:width\" content=\"2048\" \/>\n\t<meta property=\"og:image:height\" content=\"1403\" \/>\n\t<meta property=\"og:image:type\" content=\"image\/jpeg\" \/>\n<meta name=\"author\" content=\"Sarah Stadlauer\" \/>\n<meta name=\"twitter:card\" content=\"summary_large_image\" \/>\n<meta name=\"twitter:label1\" content=\"Scritto da\" \/>\n\t<meta name=\"twitter:data1\" content=\"Sarah Stadlauer\" \/>\n\t<meta name=\"twitter:label2\" content=\"Tempo di lettura stimato\" \/>\n\t<meta name=\"twitter:data2\" content=\"1 minuto\" \/>\n<script type=\"application\/ld+json\" class=\"yoast-schema-graph\">{\"@context\":\"https:\/\/schema.org\",\"@graph\":[{\"@type\":\"Article\",\"@id\":\"https:\/\/stiftadmont.at\/blog\/abt-gerhard-hafner-interimistischer-administrator-des-stiftes-st-paul\/#article\",\"isPartOf\":{\"@id\":\"https:\/\/stiftadmont.at\/blog\/abt-gerhard-hafner-interimistischer-administrator-des-stiftes-st-paul\/\"},\"author\":{\"name\":\"Sarah Stadlauer\",\"@id\":\"https:\/\/stiftadmont.at\/#\/schema\/person\/b3a90b1a2f72566cf3c755db08bd829d\"},\"headline\":\"Abt Gerhard Hafner interimistischer Administrator des Stiftes St. Paul\",\"datePublished\":\"2024-05-07T12:47:16+00:00\",\"dateModified\":\"2024-05-07T17:08:50+00:00\",\"mainEntityOfPage\":{\"@id\":\"https:\/\/stiftadmont.at\/blog\/abt-gerhard-hafner-interimistischer-administrator-des-stiftes-st-paul\/\"},\"wordCount\":9,\"image\":{\"@id\":\"https:\/\/stiftadmont.at\/blog\/abt-gerhard-hafner-interimistischer-administrator-des-stiftes-st-paul\/#primaryimage\"},\"thumbnailUrl\":\"https:\/\/stiftadmont.at\/wp-content\/uploads\/Herr-Abt_cStefan-Leitner-e1648798681786-scaled.jpg\",\"articleSection\":[\"Kloster aktuell\"],\"inLanguage\":\"it-IT\"},{\"@type\":\"WebPage\",\"@id\":\"https:\/\/stiftadmont.at\/blog\/abt-gerhard-hafner-interimistischer-administrator-des-stiftes-st-paul\/\",\"url\":\"https:\/\/stiftadmont.at\/blog\/abt-gerhard-hafner-interimistischer-administrator-des-stiftes-st-paul\/\",\"name\":\"Abt Gerhard Hafner interimistischer Administrator des Stiftes St. Paul - Stift Admont\",\"isPartOf\":{\"@id\":\"https:\/\/stiftadmont.at\/#website\"},\"primaryImageOfPage\":{\"@id\":\"https:\/\/stiftadmont.at\/blog\/abt-gerhard-hafner-interimistischer-administrator-des-stiftes-st-paul\/#primaryimage\"},\"image\":{\"@id\":\"https:\/\/stiftadmont.at\/blog\/abt-gerhard-hafner-interimistischer-administrator-des-stiftes-st-paul\/#primaryimage\"},\"thumbnailUrl\":\"https:\/\/stiftadmont.at\/wp-content\/uploads\/Herr-Abt_cStefan-Leitner-e1648798681786-scaled.jpg\",\"datePublished\":\"2024-05-07T12:47:16+00:00\",\"dateModified\":\"2024-05-07T17:08:50+00:00\",\"author\":{\"@id\":\"https:\/\/stiftadmont.at\/#\/schema\/person\/b3a90b1a2f72566cf3c755db08bd829d\"},\"description\":\"Lesen Sie aktuelle Informationen zum Thema Abt Gerhard Hafner interimistischer Administrator des Stiftes St. Paul und vieles mehr aus dem Konvent und der Pfarre Admont.\",\"breadcrumb\":{\"@id\":\"https:\/\/stiftadmont.at\/blog\/abt-gerhard-hafner-interimistischer-administrator-des-stiftes-st-paul\/#breadcrumb\"},\"inLanguage\":\"it-IT\",\"potentialAction\":[{\"@type\":\"ReadAction\",\"target\":[\"https:\/\/stiftadmont.at\/blog\/abt-gerhard-hafner-interimistischer-administrator-des-stiftes-st-paul\/\"]}]},{\"@type\":\"ImageObject\",\"inLanguage\":\"it-IT\",\"@id\":\"https:\/\/stiftadmont.at\/blog\/abt-gerhard-hafner-interimistischer-administrator-des-stiftes-st-paul\/#primaryimage\",\"url\":\"https:\/\/stiftadmont.at\/wp-content\/uploads\/Herr-Abt_cStefan-Leitner-e1648798681786-scaled.jpg\",\"contentUrl\":\"https:\/\/stiftadmont.at\/wp-content\/uploads\/Herr-Abt_cStefan-Leitner-e1648798681786-scaled.jpg\",\"width\":2560,\"height\":1753,\"caption\":\"Stift Admont - Abt Gerhard Hafner OSB \u00a9 Stefan Leitner\"},{\"@type\":\"BreadcrumbList\",\"@id\":\"https:\/\/stiftadmont.at\/blog\/abt-gerhard-hafner-interimistischer-administrator-des-stiftes-st-paul\/#breadcrumb\",\"itemListElement\":[{\"@type\":\"ListItem\",\"position\":1,\"name\":\"Start\",\"item\":\"https:\/\/stiftadmont.at\/\"},{\"@type\":\"ListItem\",\"position\":2,\"name\":\"Abt Gerhard Hafner interimistischer Administrator des Stiftes St. Paul\"}]},{\"@type\":\"WebSite\",\"@id\":\"https:\/\/stiftadmont.at\/#website\",\"url\":\"https:\/\/stiftadmont.at\/\",\"name\":\"Stift Admont\",\"description\":\"Benediktinerkloster und Sehensw\u00fcrdigkeit im Ges\u00e4use\",\"potentialAction\":[{\"@type\":\"SearchAction\",\"target\":{\"@type\":\"EntryPoint\",\"urlTemplate\":\"https:\/\/stiftadmont.at\/?s={search_term_string}\"},\"query-input\":{\"@type\":\"PropertyValueSpecification\",\"valueRequired\":true,\"valueName\":\"search_term_string\"}}],\"inLanguage\":\"it-IT\"},{\"@type\":\"Person\",\"@id\":\"https:\/\/stiftadmont.at\/#\/schema\/person\/b3a90b1a2f72566cf3c755db08bd829d\",\"name\":\"Sarah Stadlauer\"}]}<\/script>\n<!-- \/ Yoast SEO Premium plugin. -->","yoast_head_json":{"title":"L'abate Gerhard Hafner amministratore ad interim dell'Abbazia di San Paolo - Abbazia di Admont","description":"Leggete le ultime informazioni sull'abate Gerhard Hafner, amministratore ad interim dell'Abbazia di San Paolo, e molto altro dal convento e dalla parrocchia di Admont.","robots":{"index":"index","follow":"follow","max-snippet":"max-snippet:-1","max-image-preview":"max-image-preview:large","max-video-preview":"max-video-preview:-1"},"canonical":"https:\/\/stiftadmont.at\/it\/blog\/labate-gerhard-hafner-amministratore-ad-interim-dellabbazia-di-san-paolo\/","og_locale":"it_IT","og_type":"article","og_title":"Abt Gerhard Hafner interimistischer Administrator des Stiftes St. Paul","og_description":"Lesen Sie aktuelle Informationen zum Thema Abt Gerhard Hafner interimistischer Administrator des Stiftes St. Paul und vieles mehr aus dem Konvent und der Pfarre Admont.","og_url":"https:\/\/stiftadmont.at\/it\/blog\/labate-gerhard-hafner-amministratore-ad-interim-dellabbazia-di-san-paolo\/","og_site_name":"Stift Admont","article_published_time":"2024-05-07T12:47:16+00:00","article_modified_time":"2024-05-07T17:08:50+00:00","og_image":[{"width":2048,"height":1403,"url":"https:\/\/stiftadmont.at\/wp-content\/uploads\/Herr-Abt_cStefan-Leitner-e1648798681786.jpg","type":"image\/jpeg"}],"author":"Sarah Stadlauer","twitter_card":"summary_large_image","twitter_misc":{"Scritto da":"Sarah Stadlauer","Tempo di lettura stimato":"1 minuto"},"schema":{"@context":"https:\/\/schema.org","@graph":[{"@type":"Article","@id":"https:\/\/stiftadmont.at\/blog\/abt-gerhard-hafner-interimistischer-administrator-des-stiftes-st-paul\/#article","isPartOf":{"@id":"https:\/\/stiftadmont.at\/blog\/abt-gerhard-hafner-interimistischer-administrator-des-stiftes-st-paul\/"},"author":{"name":"Sarah Stadlauer","@id":"https:\/\/stiftadmont.at\/#\/schema\/person\/b3a90b1a2f72566cf3c755db08bd829d"},"headline":"Abt Gerhard Hafner interimistischer Administrator des Stiftes St. Paul","datePublished":"2024-05-07T12:47:16+00:00","dateModified":"2024-05-07T17:08:50+00:00","mainEntityOfPage":{"@id":"https:\/\/stiftadmont.at\/blog\/abt-gerhard-hafner-interimistischer-administrator-des-stiftes-st-paul\/"},"wordCount":9,"image":{"@id":"https:\/\/stiftadmont.at\/blog\/abt-gerhard-hafner-interimistischer-administrator-des-stiftes-st-paul\/#primaryimage"},"thumbnailUrl":"https:\/\/stiftadmont.at\/wp-content\/uploads\/Herr-Abt_cStefan-Leitner-e1648798681786-scaled.jpg","articleSection":["Kloster aktuell"],"inLanguage":"it-IT"},{"@type":"WebPage","@id":"https:\/\/stiftadmont.at\/blog\/abt-gerhard-hafner-interimistischer-administrator-des-stiftes-st-paul\/","url":"https:\/\/stiftadmont.at\/blog\/abt-gerhard-hafner-interimistischer-administrator-des-stiftes-st-paul\/","name":"L'abate Gerhard Hafner amministratore ad interim dell'Abbazia di San Paolo - Abbazia di Admont","isPartOf":{"@id":"https:\/\/stiftadmont.at\/#website"},"primaryImageOfPage":{"@id":"https:\/\/stiftadmont.at\/blog\/abt-gerhard-hafner-interimistischer-administrator-des-stiftes-st-paul\/#primaryimage"},"image":{"@id":"https:\/\/stiftadmont.at\/blog\/abt-gerhard-hafner-interimistischer-administrator-des-stiftes-st-paul\/#primaryimage"},"thumbnailUrl":"https:\/\/stiftadmont.at\/wp-content\/uploads\/Herr-Abt_cStefan-Leitner-e1648798681786-scaled.jpg","datePublished":"2024-05-07T12:47:16+00:00","dateModified":"2024-05-07T17:08:50+00:00","author":{"@id":"https:\/\/stiftadmont.at\/#\/schema\/person\/b3a90b1a2f72566cf3c755db08bd829d"},"description":"Leggete le ultime informazioni sull'abate Gerhard Hafner, amministratore ad interim dell'Abbazia di San Paolo, e molto altro dal convento e dalla parrocchia di Admont.","breadcrumb":{"@id":"https:\/\/stiftadmont.at\/blog\/abt-gerhard-hafner-interimistischer-administrator-des-stiftes-st-paul\/#breadcrumb"},"inLanguage":"it-IT","potentialAction":[{"@type":"ReadAction","target":["https:\/\/stiftadmont.at\/blog\/abt-gerhard-hafner-interimistischer-administrator-des-stiftes-st-paul\/"]}]},{"@type":"ImageObject","inLanguage":"it-IT","@id":"https:\/\/stiftadmont.at\/blog\/abt-gerhard-hafner-interimistischer-administrator-des-stiftes-st-paul\/#primaryimage","url":"https:\/\/stiftadmont.at\/wp-content\/uploads\/Herr-Abt_cStefan-Leitner-e1648798681786-scaled.jpg","contentUrl":"https:\/\/stiftadmont.at\/wp-content\/uploads\/Herr-Abt_cStefan-Leitner-e1648798681786-scaled.jpg","width":2560,"height":1753,"caption":"Stift Admont - Abt Gerhard Hafner OSB \u00a9 Stefan Leitner"},{"@type":"BreadcrumbList","@id":"https:\/\/stiftadmont.at\/blog\/abt-gerhard-hafner-interimistischer-administrator-des-stiftes-st-paul\/#breadcrumb","itemListElement":[{"@type":"ListItem","position":1,"name":"Start","item":"https:\/\/stiftadmont.at\/"},{"@type":"ListItem","position":2,"name":"Abt Gerhard Hafner interimistischer Administrator des Stiftes St. Paul"}]},{"@type":"WebSite","@id":"https:\/\/stiftadmont.at\/#website","url":"https:\/\/stiftadmont.at\/","name":"Abbazia di Admont","description":"Monastero benedettino e attrazione turistica nella Ges\u00e4use","potentialAction":[{"@type":"SearchAction","target":{"@type":"EntryPoint","urlTemplate":"https:\/\/stiftadmont.at\/?s={search_term_string}"},"query-input":{"@type":"PropertyValueSpecification","valueRequired":true,"valueName":"search_term_string"}}],"inLanguage":"it-IT"},{"@type":"Person","@id":"https:\/\/stiftadmont.at\/#\/schema\/person\/b3a90b1a2f72566cf3c755db08bd829d","name":"Sarah Stadlauer"}]}},"_links":{"self":[{"href":"https:\/\/stiftadmont.at\/it\/wp-json\/wp\/v2\/posts\/28232","targetHints":{"allow":["GET"]}}],"collection":[{"href":"https:\/\/stiftadmont.at\/it\/wp-json\/wp\/v2\/posts"}],"about":[{"href":"https:\/\/stiftadmont.at\/it\/wp-json\/wp\/v2\/types\/post"}],"author":[{"embeddable":true,"href":"https:\/\/stiftadmont.at\/it\/wp-json\/wp\/v2\/users\/20"}],"replies":[{"embeddable":true,"href":"https:\/\/stiftadmont.at\/it\/wp-json\/wp\/v2\/comments?post=28232"}],"version-history":[{"count":12,"href":"https:\/\/stiftadmont.at\/it\/wp-json\/wp\/v2\/posts\/28232\/revisions"}],"predecessor-version":[{"id":28274,"href":"https:\/\/stiftadmont.at\/it\/wp-json\/wp\/v2\/posts\/28232\/revisions\/28274"}],"wp:featuredmedia":[{"embeddable":true,"href":"https:\/\/stiftadmont.at\/it\/wp-json\/wp\/v2\/media\/8412"}],"wp:attachment":[{"href":"https:\/\/stiftadmont.at\/it\/wp-json\/wp\/v2\/media?parent=28232"}],"wp:term":[{"taxonomy":"category","embeddable":true,"href":"https:\/\/stiftadmont.at\/it\/wp-json\/wp\/v2\/categories?post=28232"}],"curies":[{"name":"wp","href":"https:\/\/api.w.org\/{rel}","templated":true}]}}