{"id":31234,"date":"2024-11-14T16:34:06","date_gmt":"2024-11-14T14:34:06","guid":{"rendered":"https:\/\/stiftadmont.at\/?p=31234"},"modified":"2024-11-18T16:34:29","modified_gmt":"2024-11-18T14:34:29","slug":"giorno-dellanniversario-del-ginnasio-di-admont","status":"publish","type":"post","link":"https:\/\/stiftadmont.at\/it\/blog\/jubilaeumstag-des-stiftsgymnasiums-admont\/","title":{"rendered":"\u00a0Giornata dell'anniversario dello Stiftsgymnasium Admont"},"content":{"rendered":"<section id='lightpress__section--block_b8a64c731c2b6c2ce569e04461026b2e' class='lightpress__section--default-section-space lightpress__section lightpress__section--content'><div class=\"content__inner\"\n         x-init=\"initContentBlockAnim($el)\">\n        \n    <div class=\"content__grid content__grid\">\n                                            <div class=\"content__box content__box--one-hundred\"\n                 style=\"\">\n                                \n                \n                                            <div class=\"prose\"><h2 class=\"heading-xxl line line--gold\">Jubil\u00e4umstag des Stiftsgymnasiums Admont<\/h2>\n<p>\u00a0<\/p>\n<p>\u201e1074 \u2013 950 Jahre lebendiges Kloster: Ich bin ein Teil davon\u201c: Unter diesem Motto stand der doppelte Jubil\u00e4umstag des Stiftsgymnasiums Admont am 14. November. Neben dem 950-Jahr-Jubil\u00e4um des Klosters feierte die Schulgemeinschaft das 380-Jahr-Jubil\u00e4um der Schule. H\u00f6hepunkt war die hl. Messe mit Di\u00f6zesanbischof Wilhelm Krautwaschl, Abt Gerhard Hafner und Direktor P. Thomas Stellwag-Carion. P. Vinzenz Schager hatte mit seiner 3B den Gottesdienst vorbereitet. Freiweg stellten die Sch\u00fclerinnen und Sch\u00fcler dem Bischof bei der Predigt ihre Fragen, z.B.: Was macht eine katholische Schule aus? Alle sollen lernen, immer mehr wie Jesus zu sein, und sich fragen: Ist der\/die Andere immer mehr wie Jesus f\u00fcr mich? So antwortete der Bischof darauf.\u00a0 &#8211; Festlich umrahmt wurde die Feier durch die Ch\u00f6re und die Big Band des Gymnasiums. Anschlie\u00dfend animierte DJ Coverrun (Julius Zwirtmayr) die Kinder, Jugendlichen, die Lehrerinnen und Lehrer im Gro\u00dfen Festsaal zum Abtanzen: Auch so konnte sich zeigen, dass das Benediktinerstift Admont seit 950 Jahren ein lebendiges Kloster ist &#8211; Damit die Schule weiter lebendig bleibt, gab der Abt von Michaelbeuern und Abtpr\u00e4ses der \u00f6sterreichischen Benediktiner Johannes Perkmann den Lehrerinnen und Lehrern am Nachmittag wertvolle Impulse. Ad multos annos: Bis zum 400-Jahr-Jubil\u00e4um 2044 und dem 1000-Jahr-Jubil\u00e4um 2074!<\/p>\n<p>\u00a0<\/p>\n<p>Fotos: Stift Admont\/ Christoph Draxl<\/p>\n<\/div>\n                    \n                            <\/div>\n        \n            <\/div>\n<\/div>\n\n<\/section>\n\n<section id='lightpress__section--block_b9a3c22c3659f3fe7f9993648bd0611e' class='lightpress__section--default-section-space lightpress__section lightpress__section--image-slider'>\n<div class=\"image-slider\"\n     x-data=\"{ gallery: null, shown: false }\"\n     x-init=\"gallery = initSliderGallery([{&quot;href&quot;:&quot;https:\\\/\\\/stiftadmont.at\\\/wp-content\\\/uploads\\\/Schultag-zum-Stiftsjubilaeum-Gruppenbild-www-6-1920x1280.jpg&quot;,&quot;type&quot;:&quot;image&quot;},{&quot;href&quot;:&quot;https:\\\/\\\/stiftadmont.at\\\/wp-content\\\/uploads\\\/Schultag-zum-Stiftsjubilaeum-Gruppenbild-www-11-1920x1280.jpg&quot;,&quot;type&quot;:&quot;image&quot;},{&quot;href&quot;:&quot;https:\\\/\\\/stiftadmont.at\\\/wp-content\\\/uploads\\\/Schultag-zum-Stiftsjubilaeum-Gruppenbild-www-13-1920x2880.jpg&quot;,&quot;type&quot;:&quot;image&quot;},{&quot;href&quot;:&quot;https:\\\/\\\/stiftadmont.at\\\/wp-content\\\/uploads\\\/Schultag-zum-Stiftsjubilaeum-Gruppenbild-www-15-1920x1280.jpg&quot;,&quot;type&quot;:&quot;image&quot;},{&quot;href&quot;:&quot;https:\\\/\\\/stiftadmont.at\\\/wp-content\\\/uploads\\\/Schultag-zum-Stiftsjubilaeum-Gruppenbild-www-21-1920x1280.jpg&quot;,&quot;type&quot;:&quot;image&quot;},{&quot;href&quot;:&quot;https:\\\/\\\/stiftadmont.at\\\/wp-content\\\/uploads\\\/Schultag-zum-Stiftsjubilaeum-Gruppenbild-www-25-1920x2880.jpg&quot;,&quot;type&quot;:&quot;image&quot;},{&quot;href&quot;:&quot;https:\\\/\\\/stiftadmont.at\\\/wp-content\\\/uploads\\\/Schultag-zum-Stiftsjubilaeum-Gruppenbild-www-33-1920x1280.jpg&quot;,&quot;type&quot;:&quot;image&quot;},{&quot;href&quot;:&quot;https:\\\/\\\/stiftadmont.at\\\/wp-content\\\/uploads\\\/Schultag-zum-Stiftsjubilaeum-Gruppenbild-www-43-1920x1280.jpg&quot;,&quot;type&quot;:&quot;image&quot;},{&quot;href&quot;:&quot;https:\\\/\\\/stiftadmont.at\\\/wp-content\\\/uploads\\\/Schultag-zum-Stiftsjubilaeum-Gruppenbild-www-52-1920x1280.jpg&quot;,&quot;type&quot;:&quot;image&quot;},{&quot;href&quot;:&quot;https:\\\/\\\/stiftadmont.at\\\/wp-content\\\/uploads\\\/Schultag-zum-Stiftsjubilaeum-Gruppenbild-www-59-1920x2880.jpg&quot;,&quot;type&quot;:&quot;image&quot;},{&quot;href&quot;:&quot;https:\\\/\\\/stiftadmont.at\\\/wp-content\\\/uploads\\\/Schultag-zum-Stiftsjubilaeum-Gruppenbild-www-61-1920x1280.jpg&quot;,&quot;type&quot;:&quot;image&quot;},{&quot;href&quot;:&quot;https:\\\/\\\/stiftadmont.at\\\/wp-content\\\/uploads\\\/Schultag-zum-Stiftsjubilaeum-Gruppenbild-www-75-1920x1280.jpg&quot;,&quot;type&quot;:&quot;image&quot;},{&quot;href&quot;:&quot;https:\\\/\\\/stiftadmont.at\\\/wp-content\\\/uploads\\\/Schultag-zum-Stiftsjubilaeum-Gruppenbild-www-84-1920x2880.jpg&quot;,&quot;type&quot;:&quot;image&quot;},{&quot;href&quot;:&quot;https:\\\/\\\/stiftadmont.at\\\/wp-content\\\/uploads\\\/Schultag-zum-Stiftsjubilaeum-Gruppenbild-www-92-1920x2880.jpg&quot;,&quot;type&quot;:&quot;image&quot;},{&quot;href&quot;:&quot;https:\\\/\\\/stiftadmont.at\\\/wp-content\\\/uploads\\\/Schultag-zum-Stiftsjubilaeum-Gruppenbild-www-100-1920x1280.jpg&quot;,&quot;type&quot;:&quot;image&quot;},{&quot;href&quot;:&quot;https:\\\/\\\/stiftadmont.at\\\/wp-content\\\/uploads\\\/Schultag-zum-Stiftsjubilaeum-Gruppenbild-www-104-1920x2880.jpg&quot;,&quot;type&quot;:&quot;image&quot;},{&quot;href&quot;:&quot;https:\\\/\\\/stiftadmont.at\\\/wp-content\\\/uploads\\\/Schultag-zum-Stiftsjubilaeum-Gruppenbild-www-106-1920x1280.jpg&quot;,&quot;type&quot;:&quot;image&quot;},{&quot;href&quot;:&quot;https:\\\/\\\/stiftadmont.at\\\/wp-content\\\/uploads\\\/Schultag-zum-Stiftsjubilaeum-Gruppenbild-www-120-1920x1280.jpg&quot;,&quot;type&quot;:&quot;image&quot;},{&quot;href&quot;:&quot;https:\\\/\\\/stiftadmont.at\\\/wp-content\\\/uploads\\\/Schultag-zum-Stiftsjubilaeum-Gruppenbild-www-124-1920x1280.jpg&quot;,&quot;type&quot;:&quot;image&quot;},{&quot;href&quot;:&quot;https:\\\/\\\/stiftadmont.at\\\/wp-content\\\/uploads\\\/Schultag-zum-Stiftsjubilaeum-Gruppenbild-www-127-1920x2880.jpg&quot;,&quot;type&quot;:&quot;image&quot;},{&quot;href&quot;:&quot;https:\\\/\\\/stiftadmont.at\\\/wp-content\\\/uploads\\\/Schultag-zum-Stiftsjubilaeum-Gruppenbild-www-130-scaled-1920x1281.jpg&quot;,&quot;type&quot;:&quot;image&quot;}]); initImageSliderBlockAnim($el);\">\n    <div class=\"image-slider__inner\">\n\n        <div class=\"swiper-container\" x-init=\"initImageSliderBlock($el, $refs.btnPrev, $refs.btnNext)\">\n            <div class=\"swiper-wrapper\">\n                                    <div class=\"swiper-slide\">\n                        <div class=\"image-slider__media\">\n                            <img decoding=\"async\" class=\"image-slider__image\"\n                                 src=\"https:\/\/stiftadmont.at\/wp-content\/uploads\/Schultag-zum-Stiftsjubilaeum-Gruppenbild-www-6-768x512.jpg\"\n                                 alt=\"Schultag zum Stiftsjubil\u00e4um Gruppenbild www 6\">\n                        <\/div>\n                    <\/div>\n                                    <div class=\"swiper-slide\">\n                        <div class=\"image-slider__media\">\n                            <img decoding=\"async\" class=\"image-slider__image\"\n                                 src=\"https:\/\/stiftadmont.at\/wp-content\/uploads\/Schultag-zum-Stiftsjubilaeum-Gruppenbild-www-11-768x512.jpg\"\n                                 alt=\"Schultag zum Stiftsjubil\u00e4um Gruppenbild www 11\">\n                        <\/div>\n                    <\/div>\n                                    <div class=\"swiper-slide\">\n                        <div class=\"image-slider__media\">\n                            <img decoding=\"async\" class=\"image-slider__image\"\n                                 src=\"https:\/\/stiftadmont.at\/wp-content\/uploads\/Schultag-zum-Stiftsjubilaeum-Gruppenbild-www-13-768x1152.jpg\"\n                                 alt=\"Schultag zum Stiftsjubil\u00e4um Gruppenbild www 13\">\n                        <\/div>\n                    <\/div>\n                                    <div class=\"swiper-slide\">\n                        <div class=\"image-slider__media\">\n                            <img decoding=\"async\" class=\"image-slider__image\"\n                                 src=\"https:\/\/stiftadmont.at\/wp-content\/uploads\/Schultag-zum-Stiftsjubilaeum-Gruppenbild-www-15-768x512.jpg\"\n                                 alt=\"Schultag zum Stiftsjubil\u00e4um Gruppenbild www 15\">\n                        <\/div>\n                    <\/div>\n                                    <div class=\"swiper-slide\">\n                        <div class=\"image-slider__media\">\n                            <img decoding=\"async\" class=\"image-slider__image\"\n                                 src=\"https:\/\/stiftadmont.at\/wp-content\/uploads\/Schultag-zum-Stiftsjubilaeum-Gruppenbild-www-21-768x512.jpg\"\n                                 alt=\"Schultag zum Stiftsjubil\u00e4um Gruppenbild www 21\">\n                        <\/div>\n                    <\/div>\n                                    <div class=\"swiper-slide\">\n                        <div class=\"image-slider__media\">\n                            <img decoding=\"async\" class=\"image-slider__image\"\n                                 src=\"https:\/\/stiftadmont.at\/wp-content\/uploads\/Schultag-zum-Stiftsjubilaeum-Gruppenbild-www-25-768x1152.jpg\"\n                                 alt=\"Schultag zum Stiftsjubil\u00e4um Gruppenbild www 25\">\n                        <\/div>\n                    <\/div>\n                                    <div class=\"swiper-slide\">\n                        <div class=\"image-slider__media\">\n                            <img decoding=\"async\" class=\"image-slider__image\"\n                                 src=\"https:\/\/stiftadmont.at\/wp-content\/uploads\/Schultag-zum-Stiftsjubilaeum-Gruppenbild-www-33-768x512.jpg\"\n                                 alt=\"Schultag zum Stiftsjubil\u00e4um Gruppenbild www 33\">\n                        <\/div>\n                    <\/div>\n                                    <div class=\"swiper-slide\">\n                        <div class=\"image-slider__media\">\n                            <img decoding=\"async\" class=\"image-slider__image\"\n                                 src=\"https:\/\/stiftadmont.at\/wp-content\/uploads\/Schultag-zum-Stiftsjubilaeum-Gruppenbild-www-43-768x512.jpg\"\n                                 alt=\"Schultag zum Stiftsjubil\u00e4um Gruppenbild www 43\">\n                        <\/div>\n                    <\/div>\n                                    <div class=\"swiper-slide\">\n                        <div class=\"image-slider__media\">\n                            <img decoding=\"async\" class=\"image-slider__image\"\n                                 src=\"https:\/\/stiftadmont.at\/wp-content\/uploads\/Schultag-zum-Stiftsjubilaeum-Gruppenbild-www-52-768x512.jpg\"\n                                 alt=\"Schultag zum Stiftsjubil\u00e4um Gruppenbild www 52\">\n                        <\/div>\n                    <\/div>\n                                    <div class=\"swiper-slide\">\n                        <div class=\"image-slider__media\">\n                            <img decoding=\"async\" class=\"image-slider__image\"\n                                 src=\"https:\/\/stiftadmont.at\/wp-content\/uploads\/Schultag-zum-Stiftsjubilaeum-Gruppenbild-www-59-768x1152.jpg\"\n                                 alt=\"Schultag zum Stiftsjubil\u00e4um Gruppenbild www 59\">\n                        <\/div>\n                    <\/div>\n                                    <div class=\"swiper-slide\">\n                        <div class=\"image-slider__media\">\n                            <img decoding=\"async\" class=\"image-slider__image\"\n                                 src=\"https:\/\/stiftadmont.at\/wp-content\/uploads\/Schultag-zum-Stiftsjubilaeum-Gruppenbild-www-61-768x512.jpg\"\n                                 alt=\"Schultag zum Stiftsjubil\u00e4um Gruppenbild www 61\">\n                        <\/div>\n                    <\/div>\n                                    <div class=\"swiper-slide\">\n                        <div class=\"image-slider__media\">\n                            <img decoding=\"async\" class=\"image-slider__image\"\n                                 src=\"https:\/\/stiftadmont.at\/wp-content\/uploads\/Schultag-zum-Stiftsjubilaeum-Gruppenbild-www-75-768x512.jpg\"\n                                 alt=\"Schultag zum Stiftsjubil\u00e4um Gruppenbild www 75\">\n                        <\/div>\n                    <\/div>\n                                    <div class=\"swiper-slide\">\n                        <div class=\"image-slider__media\">\n                            <img decoding=\"async\" class=\"image-slider__image\"\n                                 src=\"https:\/\/stiftadmont.at\/wp-content\/uploads\/Schultag-zum-Stiftsjubilaeum-Gruppenbild-www-84-768x1152.jpg\"\n                                 alt=\"Schultag zum Stiftsjubil\u00e4um Gruppenbild www 84\">\n                        <\/div>\n                    <\/div>\n                                    <div class=\"swiper-slide\">\n                        <div class=\"image-slider__media\">\n                            <img decoding=\"async\" class=\"image-slider__image\"\n                                 src=\"https:\/\/stiftadmont.at\/wp-content\/uploads\/Schultag-zum-Stiftsjubilaeum-Gruppenbild-www-92-768x1152.jpg\"\n                                 alt=\"Schultag zum Stiftsjubil\u00e4um Gruppenbild www 92\">\n                        <\/div>\n                    <\/div>\n                                    <div class=\"swiper-slide\">\n                        <div class=\"image-slider__media\">\n                            <img decoding=\"async\" class=\"image-slider__image\"\n                                 src=\"https:\/\/stiftadmont.at\/wp-content\/uploads\/Schultag-zum-Stiftsjubilaeum-Gruppenbild-www-100-768x512.jpg\"\n                                 alt=\"Schultag zum Stiftsjubil\u00e4um Gruppenbild www 100\">\n                        <\/div>\n                    <\/div>\n                                    <div class=\"swiper-slide\">\n                        <div class=\"image-slider__media\">\n                            <img decoding=\"async\" class=\"image-slider__image\"\n                                 src=\"https:\/\/stiftadmont.at\/wp-content\/uploads\/Schultag-zum-Stiftsjubilaeum-Gruppenbild-www-104-768x1152.jpg\"\n                                 alt=\"Schultag zum Stiftsjubil\u00e4um Gruppenbild www 104\">\n                        <\/div>\n                    <\/div>\n                                    <div class=\"swiper-slide\">\n                        <div class=\"image-slider__media\">\n                            <img decoding=\"async\" class=\"image-slider__image\"\n                                 src=\"https:\/\/stiftadmont.at\/wp-content\/uploads\/Schultag-zum-Stiftsjubilaeum-Gruppenbild-www-106-768x512.jpg\"\n                                 alt=\"Schultag zum Stiftsjubil\u00e4um Gruppenbild www 106\">\n                        <\/div>\n                    <\/div>\n                                    <div class=\"swiper-slide\">\n                        <div class=\"image-slider__media\">\n                            <img decoding=\"async\" class=\"image-slider__image\"\n                                 src=\"https:\/\/stiftadmont.at\/wp-content\/uploads\/Schultag-zum-Stiftsjubilaeum-Gruppenbild-www-120-768x512.jpg\"\n                                 alt=\"Schultag zum Stiftsjubil\u00e4um Gruppenbild www 120\">\n                        <\/div>\n                    <\/div>\n                                    <div class=\"swiper-slide\">\n                        <div class=\"image-slider__media\">\n                            <img decoding=\"async\" class=\"image-slider__image\"\n                                 src=\"https:\/\/stiftadmont.at\/wp-content\/uploads\/Schultag-zum-Stiftsjubilaeum-Gruppenbild-www-124-768x512.jpg\"\n                                 alt=\"Schultag zum Stiftsjubil\u00e4um Gruppenbild www 124\">\n                        <\/div>\n                    <\/div>\n                                    <div class=\"swiper-slide\">\n                        <div class=\"image-slider__media\">\n                            <img decoding=\"async\" class=\"image-slider__image\"\n                                 src=\"https:\/\/stiftadmont.at\/wp-content\/uploads\/Schultag-zum-Stiftsjubilaeum-Gruppenbild-www-127-768x1152.jpg\"\n                                 alt=\"Schultag zum Stiftsjubil\u00e4um Gruppenbild www 127\">\n                        <\/div>\n                    <\/div>\n                                    <div class=\"swiper-slide\">\n                        <div class=\"image-slider__media\">\n                            <img decoding=\"async\" class=\"image-slider__image\"\n                                 src=\"https:\/\/stiftadmont.at\/wp-content\/uploads\/Schultag-zum-Stiftsjubilaeum-Gruppenbild-www-130-scaled-768x512.jpg\"\n                                 alt=\"Schultag zum Stiftsjubil\u00e4um Gruppenbild www 130\">\n                        <\/div>\n                    <\/div>\n                            <\/div>\n\n            <div class=\"swiper-nav-wrapper\">\n                <button class=\"swiper-button-prev slider-button--prev\" x-ref=\"btnPrev\"\n                        aria-label=\"Vorige Bilder anzeigen\">\n                    <img decoding=\"async\" src=\"\/wp-content\/themes\/stift-admont\/src\/assets\/img\/arrow-left-big-new.svg\" alt=\"Pfeil nach Links\">\n                <\/button>\n\n\n                <a class=\"image-slider__gallery\" @click=\"openGallery(gallery)\"><i class=\"fa-thin fa-plus\"><\/i><\/a>\n                <button class=\"swiper-button-next slider-button--next\"\n                        x-ref=\"btnNext\"\n                        aria-label=\"N\u00e4chste Bilder anzeigen\">\n                    <img decoding=\"async\" src=\"\/wp-content\/themes\/stift-admont\/src\/assets\/img\/arrow-right-big-new.svg\" alt=\"Pfeil nach Rechts\">\n                <\/button>\n            <\/div>\n        <\/div>\n    <\/div>\n\n\n<\/div><\/section>","protected":false},"excerpt":{"rendered":"<p>\"1074 - 950 anni di un monastero vivo: io ne faccio parte\": questo \u00e8 stato il motto della giornata del doppio anniversario dell'Admont Abbey Grammar School il 14 novembre.<\/p>","protected":false},"author":25,"featured_media":31235,"comment_status":"closed","ping_status":"closed","sticky":false,"template":"","format":"standard","meta":{"_acf_changed":false,"footnotes":""},"categories":[23],"class_list":["post-31234","post","type-post","status-publish","format-standard","has-post-thumbnail","hentry","category-einrichtungen-aktuell"],"acf":[],"yoast_head":"<!-- This site is optimized with the Yoast SEO Premium plugin v26.0 (Yoast SEO v26.8) - https:\/\/yoast.com\/product\/yoast-seo-premium-wordpress\/ -->\n<title>\u00a0Jubil\u00e4umstag des Stiftsgymnasiums Admont - Stift Admont<\/title>\n<meta name=\"description\" content=\"Lesen Sie aktuelle Informationen zum Thema \u00a0Jubil\u00e4umstag des Stiftsgymnasiums Admont und vieles mehr aus dem Konvent und der Pfarre Admont.\" \/>\n<meta name=\"robots\" content=\"index, follow, max-snippet:-1, max-image-preview:large, max-video-preview:-1\" \/>\n<link rel=\"canonical\" href=\"https:\/\/stiftadmont.at\/it\/blog\/giorno-dellanniversario-del-ginnasio-di-admont\/\" \/>\n<meta property=\"og:locale\" content=\"it_IT\" \/>\n<meta property=\"og:type\" content=\"article\" \/>\n<meta property=\"og:title\" content=\"\u00a0Jubil\u00e4umstag des Stiftsgymnasiums Admont\" \/>\n<meta property=\"og:description\" content=\"Lesen Sie aktuelle Informationen zum Thema \u00a0Jubil\u00e4umstag des Stiftsgymnasiums Admont und vieles mehr aus dem Konvent und der Pfarre Admont.\" \/>\n<meta property=\"og:url\" content=\"https:\/\/stiftadmont.at\/it\/blog\/giorno-dellanniversario-del-ginnasio-di-admont\/\" \/>\n<meta property=\"og:site_name\" content=\"Stift Admont\" \/>\n<meta property=\"article:published_time\" content=\"2024-11-14T14:34:06+00:00\" \/>\n<meta property=\"article:modified_time\" content=\"2024-11-18T14:34:29+00:00\" \/>\n<meta property=\"og:image\" content=\"https:\/\/stiftadmont.at\/wp-content\/uploads\/Schultag-zum-Stiftsjubilaeum-Gruppenbild-www-130-scaled.jpg\" \/>\n\t<meta property=\"og:image:width\" content=\"2560\" \/>\n\t<meta property=\"og:image:height\" content=\"1708\" \/>\n\t<meta property=\"og:image:type\" content=\"image\/jpeg\" \/>\n<meta name=\"author\" content=\"chdr\" \/>\n<meta name=\"twitter:card\" content=\"summary_large_image\" \/>\n<meta name=\"twitter:label1\" content=\"Scritto da\" \/>\n\t<meta name=\"twitter:data1\" content=\"chdr\" \/>\n<script type=\"application\/ld+json\" class=\"yoast-schema-graph\">{\"@context\":\"https:\/\/schema.org\",\"@graph\":[{\"@type\":\"Article\",\"@id\":\"https:\/\/stiftadmont.at\/blog\/jubilaeumstag-des-stiftsgymnasiums-admont\/#article\",\"isPartOf\":{\"@id\":\"https:\/\/stiftadmont.at\/blog\/jubilaeumstag-des-stiftsgymnasiums-admont\/\"},\"author\":{\"name\":\"chdr\",\"@id\":\"https:\/\/stiftadmont.at\/#\/schema\/person\/001c5426932eca540c4528775544dda0\"},\"headline\":\"\u00a0Jubil\u00e4umstag des Stiftsgymnasiums Admont\",\"datePublished\":\"2024-11-14T14:34:06+00:00\",\"dateModified\":\"2024-11-18T14:34:29+00:00\",\"mainEntityOfPage\":{\"@id\":\"https:\/\/stiftadmont.at\/blog\/jubilaeumstag-des-stiftsgymnasiums-admont\/\"},\"wordCount\":5,\"image\":{\"@id\":\"https:\/\/stiftadmont.at\/blog\/jubilaeumstag-des-stiftsgymnasiums-admont\/#primaryimage\"},\"thumbnailUrl\":\"https:\/\/stiftadmont.at\/wp-content\/uploads\/Schultag-zum-Stiftsjubilaeum-Gruppenbild-www-130-scaled.jpg\",\"articleSection\":[\"Einrichtungen aktuell\"],\"inLanguage\":\"it-IT\"},{\"@type\":\"WebPage\",\"@id\":\"https:\/\/stiftadmont.at\/blog\/jubilaeumstag-des-stiftsgymnasiums-admont\/\",\"url\":\"https:\/\/stiftadmont.at\/blog\/jubilaeumstag-des-stiftsgymnasiums-admont\/\",\"name\":\"\u00a0Jubil\u00e4umstag des Stiftsgymnasiums Admont - Stift Admont\",\"isPartOf\":{\"@id\":\"https:\/\/stiftadmont.at\/#website\"},\"primaryImageOfPage\":{\"@id\":\"https:\/\/stiftadmont.at\/blog\/jubilaeumstag-des-stiftsgymnasiums-admont\/#primaryimage\"},\"image\":{\"@id\":\"https:\/\/stiftadmont.at\/blog\/jubilaeumstag-des-stiftsgymnasiums-admont\/#primaryimage\"},\"thumbnailUrl\":\"https:\/\/stiftadmont.at\/wp-content\/uploads\/Schultag-zum-Stiftsjubilaeum-Gruppenbild-www-130-scaled.jpg\",\"datePublished\":\"2024-11-14T14:34:06+00:00\",\"dateModified\":\"2024-11-18T14:34:29+00:00\",\"author\":{\"@id\":\"https:\/\/stiftadmont.at\/#\/schema\/person\/001c5426932eca540c4528775544dda0\"},\"description\":\"Lesen Sie aktuelle Informationen zum Thema \u00a0Jubil\u00e4umstag des Stiftsgymnasiums Admont und vieles mehr aus dem Konvent und der Pfarre Admont.\",\"breadcrumb\":{\"@id\":\"https:\/\/stiftadmont.at\/blog\/jubilaeumstag-des-stiftsgymnasiums-admont\/#breadcrumb\"},\"inLanguage\":\"it-IT\",\"potentialAction\":[{\"@type\":\"ReadAction\",\"target\":[\"https:\/\/stiftadmont.at\/blog\/jubilaeumstag-des-stiftsgymnasiums-admont\/\"]}]},{\"@type\":\"ImageObject\",\"inLanguage\":\"it-IT\",\"@id\":\"https:\/\/stiftadmont.at\/blog\/jubilaeumstag-des-stiftsgymnasiums-admont\/#primaryimage\",\"url\":\"https:\/\/stiftadmont.at\/wp-content\/uploads\/Schultag-zum-Stiftsjubilaeum-Gruppenbild-www-130-scaled.jpg\",\"contentUrl\":\"https:\/\/stiftadmont.at\/wp-content\/uploads\/Schultag-zum-Stiftsjubilaeum-Gruppenbild-www-130-scaled.jpg\",\"width\":2560,\"height\":1708,\"caption\":\"Schultag zum Stiftsjubil\u00e4um Gruppenbild www 130\"},{\"@type\":\"BreadcrumbList\",\"@id\":\"https:\/\/stiftadmont.at\/blog\/jubilaeumstag-des-stiftsgymnasiums-admont\/#breadcrumb\",\"itemListElement\":[{\"@type\":\"ListItem\",\"position\":1,\"name\":\"Start\",\"item\":\"https:\/\/stiftadmont.at\/\"},{\"@type\":\"ListItem\",\"position\":2,\"name\":\"\u00a0Jubil\u00e4umstag des Stiftsgymnasiums Admont\"}]},{\"@type\":\"WebSite\",\"@id\":\"https:\/\/stiftadmont.at\/#website\",\"url\":\"https:\/\/stiftadmont.at\/\",\"name\":\"Stift Admont\",\"description\":\"Benediktinerkloster und Sehensw\u00fcrdigkeit im Ges\u00e4use\",\"potentialAction\":[{\"@type\":\"SearchAction\",\"target\":{\"@type\":\"EntryPoint\",\"urlTemplate\":\"https:\/\/stiftadmont.at\/?s={search_term_string}\"},\"query-input\":{\"@type\":\"PropertyValueSpecification\",\"valueRequired\":true,\"valueName\":\"search_term_string\"}}],\"inLanguage\":\"it-IT\"},{\"@type\":\"Person\",\"@id\":\"https:\/\/stiftadmont.at\/#\/schema\/person\/001c5426932eca540c4528775544dda0\",\"name\":\"chdr\"}]}<\/script>\n<!-- \/ Yoast SEO Premium plugin. -->","yoast_head_json":{"title":"\u00a0Giornata dell'anniversario dello Stiftsgymnasium Admont - Abbazia di Admont","description":"Leggete le ultime informazioni sull'anniversario della Admont Abbey Grammar School e molto altro dal convento e dalla parrocchia di Admont.","robots":{"index":"index","follow":"follow","max-snippet":"max-snippet:-1","max-image-preview":"max-image-preview:large","max-video-preview":"max-video-preview:-1"},"canonical":"https:\/\/stiftadmont.at\/it\/blog\/giorno-dellanniversario-del-ginnasio-di-admont\/","og_locale":"it_IT","og_type":"article","og_title":"\u00a0Jubil\u00e4umstag des Stiftsgymnasiums Admont","og_description":"Lesen Sie aktuelle Informationen zum Thema \u00a0Jubil\u00e4umstag des Stiftsgymnasiums Admont und vieles mehr aus dem Konvent und der Pfarre Admont.","og_url":"https:\/\/stiftadmont.at\/it\/blog\/giorno-dellanniversario-del-ginnasio-di-admont\/","og_site_name":"Stift Admont","article_published_time":"2024-11-14T14:34:06+00:00","article_modified_time":"2024-11-18T14:34:29+00:00","og_image":[{"width":2560,"height":1708,"url":"https:\/\/stiftadmont.at\/wp-content\/uploads\/Schultag-zum-Stiftsjubilaeum-Gruppenbild-www-130-scaled.jpg","type":"image\/jpeg"}],"author":"chdr","twitter_card":"summary_large_image","twitter_misc":{"Scritto da":"chdr"},"schema":{"@context":"https:\/\/schema.org","@graph":[{"@type":"Article","@id":"https:\/\/stiftadmont.at\/blog\/jubilaeumstag-des-stiftsgymnasiums-admont\/#article","isPartOf":{"@id":"https:\/\/stiftadmont.at\/blog\/jubilaeumstag-des-stiftsgymnasiums-admont\/"},"author":{"name":"chdr","@id":"https:\/\/stiftadmont.at\/#\/schema\/person\/001c5426932eca540c4528775544dda0"},"headline":"\u00a0Jubil\u00e4umstag des Stiftsgymnasiums Admont","datePublished":"2024-11-14T14:34:06+00:00","dateModified":"2024-11-18T14:34:29+00:00","mainEntityOfPage":{"@id":"https:\/\/stiftadmont.at\/blog\/jubilaeumstag-des-stiftsgymnasiums-admont\/"},"wordCount":5,"image":{"@id":"https:\/\/stiftadmont.at\/blog\/jubilaeumstag-des-stiftsgymnasiums-admont\/#primaryimage"},"thumbnailUrl":"https:\/\/stiftadmont.at\/wp-content\/uploads\/Schultag-zum-Stiftsjubilaeum-Gruppenbild-www-130-scaled.jpg","articleSection":["Einrichtungen aktuell"],"inLanguage":"it-IT"},{"@type":"WebPage","@id":"https:\/\/stiftadmont.at\/blog\/jubilaeumstag-des-stiftsgymnasiums-admont\/","url":"https:\/\/stiftadmont.at\/blog\/jubilaeumstag-des-stiftsgymnasiums-admont\/","name":"\u00a0Giornata dell'anniversario dello Stiftsgymnasium Admont - Abbazia di Admont","isPartOf":{"@id":"https:\/\/stiftadmont.at\/#website"},"primaryImageOfPage":{"@id":"https:\/\/stiftadmont.at\/blog\/jubilaeumstag-des-stiftsgymnasiums-admont\/#primaryimage"},"image":{"@id":"https:\/\/stiftadmont.at\/blog\/jubilaeumstag-des-stiftsgymnasiums-admont\/#primaryimage"},"thumbnailUrl":"https:\/\/stiftadmont.at\/wp-content\/uploads\/Schultag-zum-Stiftsjubilaeum-Gruppenbild-www-130-scaled.jpg","datePublished":"2024-11-14T14:34:06+00:00","dateModified":"2024-11-18T14:34:29+00:00","author":{"@id":"https:\/\/stiftadmont.at\/#\/schema\/person\/001c5426932eca540c4528775544dda0"},"description":"Leggete le ultime informazioni sull'anniversario della Admont Abbey Grammar School e molto altro dal convento e dalla parrocchia di Admont.","breadcrumb":{"@id":"https:\/\/stiftadmont.at\/blog\/jubilaeumstag-des-stiftsgymnasiums-admont\/#breadcrumb"},"inLanguage":"it-IT","potentialAction":[{"@type":"ReadAction","target":["https:\/\/stiftadmont.at\/blog\/jubilaeumstag-des-stiftsgymnasiums-admont\/"]}]},{"@type":"ImageObject","inLanguage":"it-IT","@id":"https:\/\/stiftadmont.at\/blog\/jubilaeumstag-des-stiftsgymnasiums-admont\/#primaryimage","url":"https:\/\/stiftadmont.at\/wp-content\/uploads\/Schultag-zum-Stiftsjubilaeum-Gruppenbild-www-130-scaled.jpg","contentUrl":"https:\/\/stiftadmont.at\/wp-content\/uploads\/Schultag-zum-Stiftsjubilaeum-Gruppenbild-www-130-scaled.jpg","width":2560,"height":1708,"caption":"Schultag zum Stiftsjubil\u00e4um Gruppenbild www 130"},{"@type":"BreadcrumbList","@id":"https:\/\/stiftadmont.at\/blog\/jubilaeumstag-des-stiftsgymnasiums-admont\/#breadcrumb","itemListElement":[{"@type":"ListItem","position":1,"name":"Start","item":"https:\/\/stiftadmont.at\/"},{"@type":"ListItem","position":2,"name":"\u00a0Jubil\u00e4umstag des Stiftsgymnasiums Admont"}]},{"@type":"WebSite","@id":"https:\/\/stiftadmont.at\/#website","url":"https:\/\/stiftadmont.at\/","name":"Abbazia di Admont","description":"Monastero benedettino e attrazione turistica nella Ges\u00e4use","potentialAction":[{"@type":"SearchAction","target":{"@type":"EntryPoint","urlTemplate":"https:\/\/stiftadmont.at\/?s={search_term_string}"},"query-input":{"@type":"PropertyValueSpecification","valueRequired":true,"valueName":"search_term_string"}}],"inLanguage":"it-IT"},{"@type":"Person","@id":"https:\/\/stiftadmont.at\/#\/schema\/person\/001c5426932eca540c4528775544dda0","name":"chdr"}]}},"_links":{"self":[{"href":"https:\/\/stiftadmont.at\/it\/wp-json\/wp\/v2\/posts\/31234","targetHints":{"allow":["GET"]}}],"collection":[{"href":"https:\/\/stiftadmont.at\/it\/wp-json\/wp\/v2\/posts"}],"about":[{"href":"https:\/\/stiftadmont.at\/it\/wp-json\/wp\/v2\/types\/post"}],"author":[{"embeddable":true,"href":"https:\/\/stiftadmont.at\/it\/wp-json\/wp\/v2\/users\/25"}],"replies":[{"embeddable":true,"href":"https:\/\/stiftadmont.at\/it\/wp-json\/wp\/v2\/comments?post=31234"}],"version-history":[{"count":1,"href":"https:\/\/stiftadmont.at\/it\/wp-json\/wp\/v2\/posts\/31234\/revisions"}],"predecessor-version":[{"id":31256,"href":"https:\/\/stiftadmont.at\/it\/wp-json\/wp\/v2\/posts\/31234\/revisions\/31256"}],"wp:featuredmedia":[{"embeddable":true,"href":"https:\/\/stiftadmont.at\/it\/wp-json\/wp\/v2\/media\/31235"}],"wp:attachment":[{"href":"https:\/\/stiftadmont.at\/it\/wp-json\/wp\/v2\/media?parent=31234"}],"wp:term":[{"taxonomy":"category","embeddable":true,"href":"https:\/\/stiftadmont.at\/it\/wp-json\/wp\/v2\/categories?post=31234"}],"curies":[{"name":"wp","href":"https:\/\/api.w.org\/{rel}","templated":true}]}}