{"id":34369,"date":"2025-04-14T11:23:13","date_gmt":"2025-04-14T09:23:13","guid":{"rendered":"https:\/\/stiftadmont.at\/?p=34369"},"modified":"2025-04-15T11:23:35","modified_gmt":"2025-04-15T09:23:35","slug":"giornata-di-comunicazione-sul-perfezionamento-professionale-per-gli-apprendisti-fondatori","status":"publish","type":"post","link":"https:\/\/stiftadmont.at\/it\/blog\/weiterbildung-kommunikationstag-der-stiftischen-lehrlinge\/","title":{"rendered":"Giornata di formazione e comunicazione per gli apprendisti della fondazione"},"content":{"rendered":"<section id='lightpress__section--block_0a65c680fd227796a7cf255ff5ff9515' class='lightpress__section--default-section-space lightpress__section lightpress__section--content'><div class=\"content__inner\"\n         x-init=\"initContentBlockAnim($el)\">\n        \n    <div class=\"content__grid content__grid\">\n                                            <div class=\"content__box content__box--one-hundred\"\n                 style=\"\">\n                                \n                \n                                            <div class=\"prose\"><h3 class=\"heading-xl line line-above line--gold\">Weiterbildung- &amp; Kommunikationstag der stiftischen Lehrlinge<\/h3>\n<p>\u00a0<\/p>\n<p><strong>Montag, 14. April 2025<\/strong><\/p>\n<p>\u00a0<\/p>\n<p>Der Kommunikationstag der Lehrlinge des Benediktinerstiftes Admont und der Admonter Holzindustrie AG fand wieder in der gem\u00fctlichen Admonter Zirbenstube statt. Dieser Tag ist nicht nur eine Gelegenheit, wichtige F\u00e4higkeiten in den Soft-Skills zu erlernen, sondern auch eine Plattform, um den Austausch und das Miteinander zu f\u00f6rdern.<\/p>\n<p>\u00a0<\/p>\n<p>Der Vormittag war ganz der Theorie gewidmet: Die Lehrlinge hatten die M\u00f6glichkeit, sich mit verschiedenen Aspekten der Kommunikation auseinanderzusetzen. Themen wie Knigge, kulturelle Unterschiede, Mobbing und die Bedeutung von nonverbaler Kommunikation standen auf der Agenda. Besonders spannend war das Planspiel, bei dem die Lehrlinge in Gruppen verschiedene Kommunikationssituationen durchspielen konnten. Die Diskussionen, die sich daraus ergaben, waren lebhaft und zeigten, wie wichtig es ist, sich in der Kommunikation auf die Bed\u00fcrfnisse und Perspektiven anderer einzustellen.<\/p>\n<p>\u00a0<\/p>\n<p>Nach einem intensiven Vormittag ging es am Nachmittag hinaus in die Natur. Die Outdooraktivit\u00e4t am Stiftsteich des Stiftes Admont bot den Lehrlingen die M\u00f6glichkeit, das Gelernte in die Praxis umzusetzen. In einer entspannten Umgebung konnten sie ihre Kommunikationsf\u00e4higkeiten weiterentwickeln und gleichzeitig Teamgeist und Zusammenhalt st\u00e4rken.<\/p>\n<p>\u00a0<\/p>\n<p>Der Kommunikationstag war ein voller Erfolg! Wir freuen uns schon auf die n\u00e4chsten Veranstaltungen, die den Lehrlingen helfen werden, sich pers\u00f6nlich und beruflich weiterzuentwickeln!<\/p>\n<p>Danke an unsere Trainerin \u2013 Margot Buchmann von MOCO Coaching.<\/p>\n<p>\u00a0<\/p>\n<p>Fotos: Admonter \/ \u00a9 Tanja Brunthaler, MOCO Coaching \/ \u00a9 Margot Buchmann<\/p>\n<p>\u00a0<\/p>\n<\/div>\n                    \n                            <\/div>\n        \n            <\/div>\n<\/div>\n\n<\/section>\n\n<section id='lightpress__section--block_618a2c86435bd6783d11815d5d380187' class='lightpress__section--default-section-space lightpress__section lightpress__section--image-slider'>\n<div class=\"image-slider\"\n     x-data=\"{ gallery: null, shown: false }\"\n     x-init=\"gallery = initSliderGallery([{&quot;href&quot;:&quot;https:\\\/\\\/stiftadmont.at\\\/wp-content\\\/uploads\\\/MOCO_Kommunikationstag-Lehrlinge-2025-7.jpg&quot;,&quot;type&quot;:&quot;image&quot;},{&quot;href&quot;:&quot;https:\\\/\\\/stiftadmont.at\\\/wp-content\\\/uploads\\\/MOCO_Kommunikationstag-Lehrlinge-2025-6-2.jpg&quot;,&quot;type&quot;:&quot;image&quot;},{&quot;href&quot;:&quot;https:\\\/\\\/stiftadmont.at\\\/wp-content\\\/uploads\\\/MOCO_Kommunikationstag-Lehrlinge-2025-2.jpg&quot;,&quot;type&quot;:&quot;image&quot;},{&quot;href&quot;:&quot;https:\\\/\\\/stiftadmont.at\\\/wp-content\\\/uploads\\\/MOCO_Kommunikationstag-Lehrlinge-2025-1.jpg&quot;,&quot;type&quot;:&quot;image&quot;},{&quot;href&quot;:&quot;https:\\\/\\\/stiftadmont.at\\\/wp-content\\\/uploads\\\/IMG_9051-1920x1440.jpg&quot;,&quot;type&quot;:&quot;image&quot;}]); initImageSliderBlockAnim($el);\">\n    <div class=\"image-slider__inner\">\n\n        <div class=\"swiper-container\" x-init=\"initImageSliderBlock($el, $refs.btnPrev, $refs.btnNext)\">\n            <div class=\"swiper-wrapper\">\n                                    <div class=\"swiper-slide\">\n                        <div class=\"image-slider__media\">\n                            <img decoding=\"async\" class=\"image-slider__image\" src=\"https:\/\/stiftadmont.at\/wp-content\/uploads\/MOCO_Kommunikationstag-Lehrlinge-2025-7.jpg\" alt=\"MOCO Kommunikationstag Lehrlinge 2025 7\" \/>\n                        <\/div>\n                    <\/div>\n                                    <div class=\"swiper-slide\">\n                        <div class=\"image-slider__media\">\n                            <img decoding=\"async\" class=\"image-slider__image\" src=\"https:\/\/stiftadmont.at\/wp-content\/uploads\/MOCO_Kommunikationstag-Lehrlinge-2025-6-2.jpg\" alt=\"MOCO Kommunikationstag Lehrlinge\" \/>\n                        <\/div>\n                    <\/div>\n                                    <div class=\"swiper-slide\">\n                        <div class=\"image-slider__media\">\n                            <img decoding=\"async\" class=\"image-slider__image\" src=\"https:\/\/stiftadmont.at\/wp-content\/uploads\/MOCO_Kommunikationstag-Lehrlinge-2025-2.jpg\" alt=\"MOCO Kommunikationstag Lehrlinge 2025 2\" \/>\n                        <\/div>\n                    <\/div>\n                                    <div class=\"swiper-slide\">\n                        <div class=\"image-slider__media\">\n                            <img decoding=\"async\" class=\"image-slider__image\" src=\"https:\/\/stiftadmont.at\/wp-content\/uploads\/MOCO_Kommunikationstag-Lehrlinge-2025-1-768x1024.jpg\" alt=\"MOCO Kommunikationstag Lehrlinge 2025 1\" \/>\n                        <\/div>\n                    <\/div>\n                                    <div class=\"swiper-slide\">\n                        <div class=\"image-slider__media\">\n                            <img decoding=\"async\" class=\"image-slider__image\"\n                                 src=\"https:\/\/stiftadmont.at\/wp-content\/uploads\/IMG_9051-768x576.jpg\"\n                                 alt=\"IMG 9051\">\n                        <\/div>\n                    <\/div>\n                            <\/div>\n\n            <div class=\"swiper-nav-wrapper\">\n                <button class=\"swiper-button-prev slider-button--prev\" x-ref=\"btnPrev\"\n                        aria-label=\"Vorige Bilder anzeigen\">\n                    <img decoding=\"async\" src=\"\/wp-content\/themes\/stift-admont\/src\/assets\/img\/arrow-left-big-new.svg\" alt=\"Pfeil nach Links\">\n                <\/button>\n\n\n                <a class=\"image-slider__gallery\" @click=\"openGallery(gallery)\"><i class=\"fa-thin fa-plus\"><\/i><\/a>\n                <button class=\"swiper-button-next slider-button--next\"\n                        x-ref=\"btnNext\"\n                        aria-label=\"N\u00e4chste Bilder anzeigen\">\n                    <img decoding=\"async\" src=\"\/wp-content\/themes\/stift-admont\/src\/assets\/img\/arrow-right-big-new.svg\" alt=\"Pfeil nach Rechts\">\n                <\/button>\n            <\/div>\n        <\/div>\n    <\/div>\n\n\n<\/div><\/section>","protected":false},"excerpt":{"rendered":"<p>Questa giornata non \u00e8 solo un'opportunit\u00e0 per apprendere importanti soft skills, ma anche una piattaforma per promuovere il dialogo e la cooperazione.<\/p>","protected":false},"author":25,"featured_media":34364,"comment_status":"closed","ping_status":"closed","sticky":false,"template":"","format":"standard","meta":{"_acf_changed":false,"footnotes":""},"categories":[23],"class_list":["post-34369","post","type-post","status-publish","format-standard","has-post-thumbnail","hentry","category-einrichtungen-aktuell"],"acf":[],"yoast_head":"<!-- This site is optimized with the Yoast SEO Premium plugin v26.0 (Yoast SEO v26.8) - https:\/\/yoast.com\/product\/yoast-seo-premium-wordpress\/ -->\n<title>Weiterbildung- &amp; Kommunikationstag der stiftischen Lehrlinge - Stift Admont<\/title>\n<meta name=\"description\" content=\"Lesen Sie aktuelle Informationen zum Thema Weiterbildung- &amp; Kommunikationstag der stiftischen Lehrlinge und vieles mehr aus dem Konvent und der Pfarre Admont.\" \/>\n<meta name=\"robots\" content=\"index, follow, max-snippet:-1, max-image-preview:large, max-video-preview:-1\" \/>\n<link rel=\"canonical\" href=\"https:\/\/stiftadmont.at\/it\/blog\/giornata-di-comunicazione-sul-perfezionamento-professionale-per-gli-apprendisti-fondatori\/\" \/>\n<meta property=\"og:locale\" content=\"it_IT\" \/>\n<meta property=\"og:type\" content=\"article\" \/>\n<meta property=\"og:title\" content=\"Weiterbildung- &amp; Kommunikationstag der stiftischen Lehrlinge\" \/>\n<meta property=\"og:description\" content=\"Lesen Sie aktuelle Informationen zum Thema Weiterbildung- &amp; Kommunikationstag der stiftischen Lehrlinge und vieles mehr aus dem Konvent und der Pfarre Admont.\" \/>\n<meta property=\"og:url\" content=\"https:\/\/stiftadmont.at\/it\/blog\/giornata-di-comunicazione-sul-perfezionamento-professionale-per-gli-apprendisti-fondatori\/\" \/>\n<meta property=\"og:site_name\" content=\"Stift Admont\" \/>\n<meta property=\"article:published_time\" content=\"2025-04-14T09:23:13+00:00\" \/>\n<meta property=\"article:modified_time\" content=\"2025-04-15T09:23:35+00:00\" \/>\n<meta property=\"og:image\" content=\"https:\/\/stiftadmont.at\/wp-content\/uploads\/IMG_9051-scaled.jpg\" \/>\n\t<meta property=\"og:image:width\" content=\"2560\" \/>\n\t<meta property=\"og:image:height\" content=\"1920\" \/>\n\t<meta property=\"og:image:type\" content=\"image\/jpeg\" \/>\n<meta name=\"author\" content=\"chdr\" \/>\n<meta name=\"twitter:card\" content=\"summary_large_image\" \/>\n<meta name=\"twitter:label1\" content=\"Scritto da\" \/>\n\t<meta name=\"twitter:data1\" content=\"chdr\" \/>\n\t<meta name=\"twitter:label2\" content=\"Tempo di lettura stimato\" \/>\n\t<meta name=\"twitter:data2\" content=\"1 minuto\" \/>\n<script type=\"application\/ld+json\" class=\"yoast-schema-graph\">{\"@context\":\"https:\/\/schema.org\",\"@graph\":[{\"@type\":\"Article\",\"@id\":\"https:\/\/stiftadmont.at\/blog\/weiterbildung-kommunikationstag-der-stiftischen-lehrlinge\/#article\",\"isPartOf\":{\"@id\":\"https:\/\/stiftadmont.at\/blog\/weiterbildung-kommunikationstag-der-stiftischen-lehrlinge\/\"},\"author\":{\"name\":\"chdr\",\"@id\":\"https:\/\/stiftadmont.at\/#\/schema\/person\/001c5426932eca540c4528775544dda0\"},\"headline\":\"Weiterbildung- &amp; Kommunikationstag der stiftischen Lehrlinge\",\"datePublished\":\"2025-04-14T09:23:13+00:00\",\"dateModified\":\"2025-04-15T09:23:35+00:00\",\"mainEntityOfPage\":{\"@id\":\"https:\/\/stiftadmont.at\/blog\/weiterbildung-kommunikationstag-der-stiftischen-lehrlinge\/\"},\"wordCount\":6,\"image\":{\"@id\":\"https:\/\/stiftadmont.at\/blog\/weiterbildung-kommunikationstag-der-stiftischen-lehrlinge\/#primaryimage\"},\"thumbnailUrl\":\"https:\/\/stiftadmont.at\/wp-content\/uploads\/IMG_9051-scaled.jpg\",\"articleSection\":[\"Einrichtungen aktuell\"],\"inLanguage\":\"it-IT\"},{\"@type\":\"WebPage\",\"@id\":\"https:\/\/stiftadmont.at\/blog\/weiterbildung-kommunikationstag-der-stiftischen-lehrlinge\/\",\"url\":\"https:\/\/stiftadmont.at\/blog\/weiterbildung-kommunikationstag-der-stiftischen-lehrlinge\/\",\"name\":\"Weiterbildung- &amp; Kommunikationstag der stiftischen Lehrlinge - Stift Admont\",\"isPartOf\":{\"@id\":\"https:\/\/stiftadmont.at\/#website\"},\"primaryImageOfPage\":{\"@id\":\"https:\/\/stiftadmont.at\/blog\/weiterbildung-kommunikationstag-der-stiftischen-lehrlinge\/#primaryimage\"},\"image\":{\"@id\":\"https:\/\/stiftadmont.at\/blog\/weiterbildung-kommunikationstag-der-stiftischen-lehrlinge\/#primaryimage\"},\"thumbnailUrl\":\"https:\/\/stiftadmont.at\/wp-content\/uploads\/IMG_9051-scaled.jpg\",\"datePublished\":\"2025-04-14T09:23:13+00:00\",\"dateModified\":\"2025-04-15T09:23:35+00:00\",\"author\":{\"@id\":\"https:\/\/stiftadmont.at\/#\/schema\/person\/001c5426932eca540c4528775544dda0\"},\"description\":\"Lesen Sie aktuelle Informationen zum Thema Weiterbildung- &amp; Kommunikationstag der stiftischen Lehrlinge und vieles mehr aus dem Konvent und der Pfarre Admont.\",\"breadcrumb\":{\"@id\":\"https:\/\/stiftadmont.at\/blog\/weiterbildung-kommunikationstag-der-stiftischen-lehrlinge\/#breadcrumb\"},\"inLanguage\":\"it-IT\",\"potentialAction\":[{\"@type\":\"ReadAction\",\"target\":[\"https:\/\/stiftadmont.at\/blog\/weiterbildung-kommunikationstag-der-stiftischen-lehrlinge\/\"]}]},{\"@type\":\"ImageObject\",\"inLanguage\":\"it-IT\",\"@id\":\"https:\/\/stiftadmont.at\/blog\/weiterbildung-kommunikationstag-der-stiftischen-lehrlinge\/#primaryimage\",\"url\":\"https:\/\/stiftadmont.at\/wp-content\/uploads\/IMG_9051-scaled.jpg\",\"contentUrl\":\"https:\/\/stiftadmont.at\/wp-content\/uploads\/IMG_9051-scaled.jpg\",\"width\":2560,\"height\":1920,\"caption\":\"IMG 9051\"},{\"@type\":\"BreadcrumbList\",\"@id\":\"https:\/\/stiftadmont.at\/blog\/weiterbildung-kommunikationstag-der-stiftischen-lehrlinge\/#breadcrumb\",\"itemListElement\":[{\"@type\":\"ListItem\",\"position\":1,\"name\":\"Start\",\"item\":\"https:\/\/stiftadmont.at\/\"},{\"@type\":\"ListItem\",\"position\":2,\"name\":\"Weiterbildung- &amp; Kommunikationstag der stiftischen Lehrlinge\"}]},{\"@type\":\"WebSite\",\"@id\":\"https:\/\/stiftadmont.at\/#website\",\"url\":\"https:\/\/stiftadmont.at\/\",\"name\":\"Stift Admont\",\"description\":\"Benediktinerkloster und Sehensw\u00fcrdigkeit im Ges\u00e4use\",\"potentialAction\":[{\"@type\":\"SearchAction\",\"target\":{\"@type\":\"EntryPoint\",\"urlTemplate\":\"https:\/\/stiftadmont.at\/?s={search_term_string}\"},\"query-input\":{\"@type\":\"PropertyValueSpecification\",\"valueRequired\":true,\"valueName\":\"search_term_string\"}}],\"inLanguage\":\"it-IT\"},{\"@type\":\"Person\",\"@id\":\"https:\/\/stiftadmont.at\/#\/schema\/person\/001c5426932eca540c4528775544dda0\",\"name\":\"chdr\"}]}<\/script>\n<!-- \/ Yoast SEO Premium plugin. -->","yoast_head_json":{"title":"Giornata di formazione e comunicazione per gli apprendisti della Fondazione - Abbazia di Admont","description":"Leggete le ultime informazioni sulla giornata di formazione e comunicazione per gli apprendisti della fondazione e molto altro dal convento e dalla parrocchia di Admont.","robots":{"index":"index","follow":"follow","max-snippet":"max-snippet:-1","max-image-preview":"max-image-preview:large","max-video-preview":"max-video-preview:-1"},"canonical":"https:\/\/stiftadmont.at\/it\/blog\/giornata-di-comunicazione-sul-perfezionamento-professionale-per-gli-apprendisti-fondatori\/","og_locale":"it_IT","og_type":"article","og_title":"Weiterbildung- &amp; Kommunikationstag der stiftischen Lehrlinge","og_description":"Lesen Sie aktuelle Informationen zum Thema Weiterbildung- &amp; Kommunikationstag der stiftischen Lehrlinge und vieles mehr aus dem Konvent und der Pfarre Admont.","og_url":"https:\/\/stiftadmont.at\/it\/blog\/giornata-di-comunicazione-sul-perfezionamento-professionale-per-gli-apprendisti-fondatori\/","og_site_name":"Stift Admont","article_published_time":"2025-04-14T09:23:13+00:00","article_modified_time":"2025-04-15T09:23:35+00:00","og_image":[{"width":2560,"height":1920,"url":"https:\/\/stiftadmont.at\/wp-content\/uploads\/IMG_9051-scaled.jpg","type":"image\/jpeg"}],"author":"chdr","twitter_card":"summary_large_image","twitter_misc":{"Scritto da":"chdr","Tempo di lettura stimato":"1 minuto"},"schema":{"@context":"https:\/\/schema.org","@graph":[{"@type":"Article","@id":"https:\/\/stiftadmont.at\/blog\/weiterbildung-kommunikationstag-der-stiftischen-lehrlinge\/#article","isPartOf":{"@id":"https:\/\/stiftadmont.at\/blog\/weiterbildung-kommunikationstag-der-stiftischen-lehrlinge\/"},"author":{"name":"chdr","@id":"https:\/\/stiftadmont.at\/#\/schema\/person\/001c5426932eca540c4528775544dda0"},"headline":"Weiterbildung- &amp; Kommunikationstag der stiftischen Lehrlinge","datePublished":"2025-04-14T09:23:13+00:00","dateModified":"2025-04-15T09:23:35+00:00","mainEntityOfPage":{"@id":"https:\/\/stiftadmont.at\/blog\/weiterbildung-kommunikationstag-der-stiftischen-lehrlinge\/"},"wordCount":6,"image":{"@id":"https:\/\/stiftadmont.at\/blog\/weiterbildung-kommunikationstag-der-stiftischen-lehrlinge\/#primaryimage"},"thumbnailUrl":"https:\/\/stiftadmont.at\/wp-content\/uploads\/IMG_9051-scaled.jpg","articleSection":["Einrichtungen aktuell"],"inLanguage":"it-IT"},{"@type":"WebPage","@id":"https:\/\/stiftadmont.at\/blog\/weiterbildung-kommunikationstag-der-stiftischen-lehrlinge\/","url":"https:\/\/stiftadmont.at\/blog\/weiterbildung-kommunikationstag-der-stiftischen-lehrlinge\/","name":"Giornata di formazione e comunicazione per gli apprendisti della Fondazione - Abbazia di Admont","isPartOf":{"@id":"https:\/\/stiftadmont.at\/#website"},"primaryImageOfPage":{"@id":"https:\/\/stiftadmont.at\/blog\/weiterbildung-kommunikationstag-der-stiftischen-lehrlinge\/#primaryimage"},"image":{"@id":"https:\/\/stiftadmont.at\/blog\/weiterbildung-kommunikationstag-der-stiftischen-lehrlinge\/#primaryimage"},"thumbnailUrl":"https:\/\/stiftadmont.at\/wp-content\/uploads\/IMG_9051-scaled.jpg","datePublished":"2025-04-14T09:23:13+00:00","dateModified":"2025-04-15T09:23:35+00:00","author":{"@id":"https:\/\/stiftadmont.at\/#\/schema\/person\/001c5426932eca540c4528775544dda0"},"description":"Leggete le ultime informazioni sulla giornata di formazione e comunicazione per gli apprendisti della fondazione e molto altro dal convento e dalla parrocchia di Admont.","breadcrumb":{"@id":"https:\/\/stiftadmont.at\/blog\/weiterbildung-kommunikationstag-der-stiftischen-lehrlinge\/#breadcrumb"},"inLanguage":"it-IT","potentialAction":[{"@type":"ReadAction","target":["https:\/\/stiftadmont.at\/blog\/weiterbildung-kommunikationstag-der-stiftischen-lehrlinge\/"]}]},{"@type":"ImageObject","inLanguage":"it-IT","@id":"https:\/\/stiftadmont.at\/blog\/weiterbildung-kommunikationstag-der-stiftischen-lehrlinge\/#primaryimage","url":"https:\/\/stiftadmont.at\/wp-content\/uploads\/IMG_9051-scaled.jpg","contentUrl":"https:\/\/stiftadmont.at\/wp-content\/uploads\/IMG_9051-scaled.jpg","width":2560,"height":1920,"caption":"IMG 9051"},{"@type":"BreadcrumbList","@id":"https:\/\/stiftadmont.at\/blog\/weiterbildung-kommunikationstag-der-stiftischen-lehrlinge\/#breadcrumb","itemListElement":[{"@type":"ListItem","position":1,"name":"Start","item":"https:\/\/stiftadmont.at\/"},{"@type":"ListItem","position":2,"name":"Weiterbildung- &amp; Kommunikationstag der stiftischen Lehrlinge"}]},{"@type":"WebSite","@id":"https:\/\/stiftadmont.at\/#website","url":"https:\/\/stiftadmont.at\/","name":"Abbazia di Admont","description":"Monastero benedettino e attrazione turistica nella Ges\u00e4use","potentialAction":[{"@type":"SearchAction","target":{"@type":"EntryPoint","urlTemplate":"https:\/\/stiftadmont.at\/?s={search_term_string}"},"query-input":{"@type":"PropertyValueSpecification","valueRequired":true,"valueName":"search_term_string"}}],"inLanguage":"it-IT"},{"@type":"Person","@id":"https:\/\/stiftadmont.at\/#\/schema\/person\/001c5426932eca540c4528775544dda0","name":"chdr"}]}},"_links":{"self":[{"href":"https:\/\/stiftadmont.at\/it\/wp-json\/wp\/v2\/posts\/34369","targetHints":{"allow":["GET"]}}],"collection":[{"href":"https:\/\/stiftadmont.at\/it\/wp-json\/wp\/v2\/posts"}],"about":[{"href":"https:\/\/stiftadmont.at\/it\/wp-json\/wp\/v2\/types\/post"}],"author":[{"embeddable":true,"href":"https:\/\/stiftadmont.at\/it\/wp-json\/wp\/v2\/users\/25"}],"replies":[{"embeddable":true,"href":"https:\/\/stiftadmont.at\/it\/wp-json\/wp\/v2\/comments?post=34369"}],"version-history":[{"count":1,"href":"https:\/\/stiftadmont.at\/it\/wp-json\/wp\/v2\/posts\/34369\/revisions"}],"predecessor-version":[{"id":34370,"href":"https:\/\/stiftadmont.at\/it\/wp-json\/wp\/v2\/posts\/34369\/revisions\/34370"}],"wp:featuredmedia":[{"embeddable":true,"href":"https:\/\/stiftadmont.at\/it\/wp-json\/wp\/v2\/media\/34364"}],"wp:attachment":[{"href":"https:\/\/stiftadmont.at\/it\/wp-json\/wp\/v2\/media?parent=34369"}],"wp:term":[{"taxonomy":"category","embeddable":true,"href":"https:\/\/stiftadmont.at\/it\/wp-json\/wp\/v2\/categories?post=34369"}],"curies":[{"name":"wp","href":"https:\/\/api.w.org\/{rel}","templated":true}]}}