{"id":34676,"date":"2025-04-29T11:16:48","date_gmt":"2025-04-29T09:16:48","guid":{"rendered":"https:\/\/stiftadmont.at\/?p=34676"},"modified":"2025-04-29T15:03:59","modified_gmt":"2025-04-29T13:03:59","slug":"mercato-delle-specialita","status":"publish","type":"post","link":"https:\/\/stiftadmont.at\/it\/blog\/spezialitatenmarkt\/","title":{"rendered":"Mercato delle specialit\u00e0 Ges\u00e4use nell'Abbazia di Admont"},"content":{"rendered":"<section id='lightpress__section--block_30890f3b08f2b302b35c286b18f29c02' class='lightpress__section--default-section-space lightpress__section lightpress__section--content'><div class=\"content__inner\"\n         x-init=\"initContentBlockAnim($el)\">\n        \n    <div class=\"content__grid content__grid\">\n                                            <div class=\"content__box content__box--one-hundred\"\n                 style=\"\">\n                                \n                \n                                            <div class=\"prose\"><h5 class=\"heading-m line line-above line--gold\"><span data-mce-type=\"bookmark\" style=\"display: inline-block; width: 0px; overflow: hidden; line-height: 0;\" class=\"mce_SELRES_start\"><\/span>Mercato delle specialit\u00e0 all'Abbazia di Admont<\/h5>\n<p>\u00a0<\/p>\n<p class=\"paragraph-m\">Come successore delle Giornate del Mercato del Monastero, l'Abbazia di Admont ha lanciato il Mercato delle Specialit\u00e0 del Ges\u00e4use in collaborazione con la Cantina dell'Abbazia. La differenza principale rispetto al precedente grande evento \u00e8 che i prodotti offerti provengono esclusivamente dalla regione del Ges\u00e4use.<\/p>\n<p>\u00a0<\/p>\n<p>Dai premiati vini di mele e dalla selvaggina nobile dello Xeis al pane alla birra e ai marzizoni: oltre alla natura incontaminata dell'unico parco nazionale della Stiria e al patrimonio culturale del monastero benedettino di Admont, il Ges\u00e4use ha molto da offrire anche in termini culinari. In futuro, le prelibatezze tipiche regionali e i cibi locali non saranno disponibili solo nelle fattorie e nei negozi selezionati, ma anche nel mercato delle specialit\u00e0 del Ges\u00e4use. Il vantaggio: \"Chi desidera acquistare prodotti regionali non dovr\u00e0 pi\u00f9 spostarsi da un produttore all'altro, poich\u00e9 il mercato delle specialit\u00e0 del Ges\u00e4use offrir\u00e0 l'intera diversit\u00e0 della regione in un unico luogo\", afferma Mario Brandm\u00fcller, responsabile del settore Cultura, Turismo e PR dell'Abbazia di Admont.<\/p>\n<p>\u00a0<\/p>\n<\/div>\n                    \n                            <\/div>\n        \n            <\/div>\n<\/div>\n\n<\/section>\n\n<section id='lightpress__section--block_dbad5e74b11dab9eac50b4a974bcc307' class='bg--beige lightpress__section--colored-bg lightpress__section--default-section-space lightpress__section lightpress__section--content'><div class=\"content__inner\"\n         x-init=\"initContentBlockAnim($el)\">\n        \n    <div class=\"content__grid content__grid\">\n                                            <div class=\"content__box content__box--one-hundred\"\n                 style=\"\">\n                                \n                \n                                            <div class=\"prose\"><h5 class=\"heading-m line line-above line--gold\"><strong>Sostenere i produttori locali<\/strong><\/h5>\n<p>\u00a0<\/p>\n<p>Il mercato delle specialit\u00e0 di Ges\u00e4use ha un ruolo importante da svolgere, in quanto \u00e8 il diretto successore delle tradizionali giornate del mercato del monastero, che si sono svolte per l'ultima volta l'anno scorso. Nonostante il successo del grande evento annuale, la decisione di lanciare un nuovo format \u00e8 stata molto consapevole, afferma Brandm\u00fcller: \"Con il Mercato delle specialit\u00e0 di Ges\u00e4use, per la prima volta stiamo creando l'opportunit\u00e0 di sostenere esclusivamente i produttori locali nella loro commercializzazione diretta\". Questo significa anche che \"le specialit\u00e0 di Ges\u00e4use stanno diventando pi\u00f9 conosciute, sia in questo Paese che all'estero\", come sottolinea Ulrich Matlschweiger dello Stiftskeller.<\/p>\n<\/div>\n                    \n                            <\/div>\n        \n            <\/div>\n<\/div>\n\n    <div class=\"background__container background__container--beige\">\n    <\/div>\n\n<\/section>\n\n<section id='lightpress__section--block_b27423e4d3b9336b1b5c5de244ac04eb' class='lightpress__section--default-section-space lightpress__section lightpress__section--content'><div class=\"content__inner\"\n         x-init=\"initContentBlockAnim($el)\">\n        \n    <div class=\"content__grid content__grid\">\n                                            <div class=\"content__box content__box--one-hundred\"\n                 style=\"\">\n                                \n                \n                                            <div class=\"prose\"><h5 class=\"heading-m line line-above line--gold\">Dare forma a un futuro sostenibile<\/h5>\n<p>\u00a0<\/p>\n<p>Per Ulrich Matlschweiger, \u00e8 essenziale \"essere in grado di plasmare un futuro sostenibile se cresce la consapevolezza del cibo locale\", afferma l'affittuario dello Stiftskeller e co-organizzatore del nuovo mercato di specialit\u00e0 Ges\u00e4use. Dopotutto, sottolinea Matlschweiger, questo non solo aiuta a preservare il paesaggio culturale locale, ma anche a salvaguardare l'artigianato tradizionale e la produzione alimentare di alta qualit\u00e0.<\/p>\n<p>\u00a0<\/p>\n<p><strong>Date del mercato delle specialit\u00e0 Ges\u00e4use: da maggio a settembre il primo sabato di ogni mese dalle 10:00 alle 16:00 all'ingresso del Rosarium dell'Abbazia benedettina di Admont.\u00a0<\/strong><\/p>\n<p>\u00a0<\/p>\n<\/div>\n                    \n                            <\/div>\n        \n            <\/div>\n<\/div>\n\n<\/section>","protected":false},"excerpt":{"rendered":"","protected":false},"author":7,"featured_media":29902,"comment_status":"closed","ping_status":"closed","sticky":false,"template":"","format":"standard","meta":{"_acf_changed":false,"footnotes":""},"categories":[23],"class_list":["post-34676","post","type-post","status-publish","format-standard","has-post-thumbnail","hentry","category-einrichtungen-aktuell"],"acf":[],"yoast_head":"<!-- This site is optimized with the Yoast SEO Premium plugin v26.0 (Yoast SEO v26.8) - https:\/\/yoast.com\/product\/yoast-seo-premium-wordpress\/ -->\n<title>Ges\u00e4use Spezialit\u00e4tenmarkt im Stift Admont - Stift Admont<\/title>\n<meta name=\"description\" content=\"Lesen Sie aktuelle Informationen zum Thema Ges\u00e4use Spezialit\u00e4tenmarkt im Stift Admont und vieles mehr aus dem Konvent und der Pfarre Admont.\" \/>\n<meta name=\"robots\" content=\"index, follow, max-snippet:-1, max-image-preview:large, max-video-preview:-1\" \/>\n<link rel=\"canonical\" href=\"https:\/\/stiftadmont.at\/it\/blog\/mercato-delle-specialita\/\" \/>\n<meta property=\"og:locale\" content=\"it_IT\" \/>\n<meta property=\"og:type\" content=\"article\" \/>\n<meta property=\"og:title\" content=\"Ges\u00e4use Spezialit\u00e4tenmarkt im Stift Admont\" \/>\n<meta property=\"og:description\" content=\"Lesen Sie aktuelle Informationen zum Thema Ges\u00e4use Spezialit\u00e4tenmarkt im Stift Admont und vieles mehr aus dem Konvent und der Pfarre Admont.\" \/>\n<meta property=\"og:url\" content=\"https:\/\/stiftadmont.at\/it\/blog\/mercato-delle-specialita\/\" \/>\n<meta property=\"og:site_name\" content=\"Stift Admont\" \/>\n<meta property=\"article:published_time\" content=\"2025-04-29T09:16:48+00:00\" \/>\n<meta property=\"article:modified_time\" content=\"2025-04-29T13:03:59+00:00\" \/>\n<meta property=\"og:image\" content=\"https:\/\/stiftadmont.at\/wp-content\/uploads\/Klostermarkt-2024-cBrunthaler-Tanja_Stift-Admont-25-www-scaled.jpg\" \/>\n\t<meta property=\"og:image:width\" content=\"2560\" \/>\n\t<meta property=\"og:image:height\" content=\"1706\" \/>\n\t<meta property=\"og:image:type\" content=\"image\/jpeg\" \/>\n<meta name=\"author\" content=\"Mario Brandm\u00fcller\" \/>\n<meta name=\"twitter:card\" content=\"summary_large_image\" \/>\n<meta name=\"twitter:label1\" content=\"Scritto da\" \/>\n\t<meta name=\"twitter:data1\" content=\"Mario Brandm\u00fcller\" \/>\n\t<meta name=\"twitter:label2\" content=\"Tempo di lettura stimato\" \/>\n\t<meta name=\"twitter:data2\" content=\"1 minuto\" \/>\n<script type=\"application\/ld+json\" class=\"yoast-schema-graph\">{\"@context\":\"https:\/\/schema.org\",\"@graph\":[{\"@type\":\"Article\",\"@id\":\"https:\/\/stiftadmont.at\/blog\/spezialitatenmarkt\/#article\",\"isPartOf\":{\"@id\":\"https:\/\/stiftadmont.at\/blog\/spezialitatenmarkt\/\"},\"author\":{\"name\":\"Mario Brandm\u00fcller\",\"@id\":\"https:\/\/stiftadmont.at\/#\/schema\/person\/30535548b241d5f33a2e8b839db11869\"},\"headline\":\"Ges\u00e4use Spezialit\u00e4tenmarkt im Stift Admont\",\"datePublished\":\"2025-04-29T09:16:48+00:00\",\"dateModified\":\"2025-04-29T13:03:59+00:00\",\"mainEntityOfPage\":{\"@id\":\"https:\/\/stiftadmont.at\/blog\/spezialitatenmarkt\/\"},\"wordCount\":7,\"image\":{\"@id\":\"https:\/\/stiftadmont.at\/blog\/spezialitatenmarkt\/#primaryimage\"},\"thumbnailUrl\":\"https:\/\/stiftadmont.at\/wp-content\/uploads\/Klostermarkt-2024-cBrunthaler-Tanja_Stift-Admont-25-www-scaled.jpg\",\"articleSection\":[\"Einrichtungen aktuell\"],\"inLanguage\":\"it-IT\"},{\"@type\":\"WebPage\",\"@id\":\"https:\/\/stiftadmont.at\/blog\/spezialitatenmarkt\/\",\"url\":\"https:\/\/stiftadmont.at\/blog\/spezialitatenmarkt\/\",\"name\":\"Ges\u00e4use Spezialit\u00e4tenmarkt im Stift Admont - Stift Admont\",\"isPartOf\":{\"@id\":\"https:\/\/stiftadmont.at\/#website\"},\"primaryImageOfPage\":{\"@id\":\"https:\/\/stiftadmont.at\/blog\/spezialitatenmarkt\/#primaryimage\"},\"image\":{\"@id\":\"https:\/\/stiftadmont.at\/blog\/spezialitatenmarkt\/#primaryimage\"},\"thumbnailUrl\":\"https:\/\/stiftadmont.at\/wp-content\/uploads\/Klostermarkt-2024-cBrunthaler-Tanja_Stift-Admont-25-www-scaled.jpg\",\"datePublished\":\"2025-04-29T09:16:48+00:00\",\"dateModified\":\"2025-04-29T13:03:59+00:00\",\"author\":{\"@id\":\"https:\/\/stiftadmont.at\/#\/schema\/person\/30535548b241d5f33a2e8b839db11869\"},\"description\":\"Lesen Sie aktuelle Informationen zum Thema Ges\u00e4use Spezialit\u00e4tenmarkt im Stift Admont und vieles mehr aus dem Konvent und der Pfarre Admont.\",\"breadcrumb\":{\"@id\":\"https:\/\/stiftadmont.at\/blog\/spezialitatenmarkt\/#breadcrumb\"},\"inLanguage\":\"it-IT\",\"potentialAction\":[{\"@type\":\"ReadAction\",\"target\":[\"https:\/\/stiftadmont.at\/blog\/spezialitatenmarkt\/\"]}]},{\"@type\":\"ImageObject\",\"inLanguage\":\"it-IT\",\"@id\":\"https:\/\/stiftadmont.at\/blog\/spezialitatenmarkt\/#primaryimage\",\"url\":\"https:\/\/stiftadmont.at\/wp-content\/uploads\/Klostermarkt-2024-cBrunthaler-Tanja_Stift-Admont-25-www-scaled.jpg\",\"contentUrl\":\"https:\/\/stiftadmont.at\/wp-content\/uploads\/Klostermarkt-2024-cBrunthaler-Tanja_Stift-Admont-25-www-scaled.jpg\",\"width\":2560,\"height\":1706,\"caption\":\"Klostermarkt 2024 (c)Brunthaler Tanja Stift Admont (25) www\"},{\"@type\":\"BreadcrumbList\",\"@id\":\"https:\/\/stiftadmont.at\/blog\/spezialitatenmarkt\/#breadcrumb\",\"itemListElement\":[{\"@type\":\"ListItem\",\"position\":1,\"name\":\"Start\",\"item\":\"https:\/\/stiftadmont.at\/\"},{\"@type\":\"ListItem\",\"position\":2,\"name\":\"Ges\u00e4use Spezialit\u00e4tenmarkt im Stift Admont\"}]},{\"@type\":\"WebSite\",\"@id\":\"https:\/\/stiftadmont.at\/#website\",\"url\":\"https:\/\/stiftadmont.at\/\",\"name\":\"Stift Admont\",\"description\":\"Benediktinerkloster und Sehensw\u00fcrdigkeit im Ges\u00e4use\",\"potentialAction\":[{\"@type\":\"SearchAction\",\"target\":{\"@type\":\"EntryPoint\",\"urlTemplate\":\"https:\/\/stiftadmont.at\/?s={search_term_string}\"},\"query-input\":{\"@type\":\"PropertyValueSpecification\",\"valueRequired\":true,\"valueName\":\"search_term_string\"}}],\"inLanguage\":\"it-IT\"},{\"@type\":\"Person\",\"@id\":\"https:\/\/stiftadmont.at\/#\/schema\/person\/30535548b241d5f33a2e8b839db11869\",\"name\":\"Mario Brandm\u00fcller\"}]}<\/script>\n<!-- \/ Yoast SEO Premium plugin. -->","yoast_head_json":{"title":"Mercato delle specialit\u00e0 Ges\u00e4use all'Abbazia di Admont - Abbazia di Admont","description":"Leggete le ultime informazioni sul mercato delle specialit\u00e0 Ges\u00e4use all'Abbazia di Admont e molto altro ancora dal convento e dalla parrocchia di Admont.","robots":{"index":"index","follow":"follow","max-snippet":"max-snippet:-1","max-image-preview":"max-image-preview:large","max-video-preview":"max-video-preview:-1"},"canonical":"https:\/\/stiftadmont.at\/it\/blog\/mercato-delle-specialita\/","og_locale":"it_IT","og_type":"article","og_title":"Ges\u00e4use Spezialit\u00e4tenmarkt im Stift Admont","og_description":"Lesen Sie aktuelle Informationen zum Thema Ges\u00e4use Spezialit\u00e4tenmarkt im Stift Admont und vieles mehr aus dem Konvent und der Pfarre Admont.","og_url":"https:\/\/stiftadmont.at\/it\/blog\/mercato-delle-specialita\/","og_site_name":"Stift Admont","article_published_time":"2025-04-29T09:16:48+00:00","article_modified_time":"2025-04-29T13:03:59+00:00","og_image":[{"width":2560,"height":1706,"url":"https:\/\/stiftadmont.at\/wp-content\/uploads\/Klostermarkt-2024-cBrunthaler-Tanja_Stift-Admont-25-www-scaled.jpg","type":"image\/jpeg"}],"author":"Mario Brandm\u00fcller","twitter_card":"summary_large_image","twitter_misc":{"Scritto da":"Mario Brandm\u00fcller","Tempo di lettura stimato":"1 minuto"},"schema":{"@context":"https:\/\/schema.org","@graph":[{"@type":"Article","@id":"https:\/\/stiftadmont.at\/blog\/spezialitatenmarkt\/#article","isPartOf":{"@id":"https:\/\/stiftadmont.at\/blog\/spezialitatenmarkt\/"},"author":{"name":"Mario Brandm\u00fcller","@id":"https:\/\/stiftadmont.at\/#\/schema\/person\/30535548b241d5f33a2e8b839db11869"},"headline":"Ges\u00e4use Spezialit\u00e4tenmarkt im Stift Admont","datePublished":"2025-04-29T09:16:48+00:00","dateModified":"2025-04-29T13:03:59+00:00","mainEntityOfPage":{"@id":"https:\/\/stiftadmont.at\/blog\/spezialitatenmarkt\/"},"wordCount":7,"image":{"@id":"https:\/\/stiftadmont.at\/blog\/spezialitatenmarkt\/#primaryimage"},"thumbnailUrl":"https:\/\/stiftadmont.at\/wp-content\/uploads\/Klostermarkt-2024-cBrunthaler-Tanja_Stift-Admont-25-www-scaled.jpg","articleSection":["Einrichtungen aktuell"],"inLanguage":"it-IT"},{"@type":"WebPage","@id":"https:\/\/stiftadmont.at\/blog\/spezialitatenmarkt\/","url":"https:\/\/stiftadmont.at\/blog\/spezialitatenmarkt\/","name":"Mercato delle specialit\u00e0 Ges\u00e4use all'Abbazia di Admont - Abbazia di Admont","isPartOf":{"@id":"https:\/\/stiftadmont.at\/#website"},"primaryImageOfPage":{"@id":"https:\/\/stiftadmont.at\/blog\/spezialitatenmarkt\/#primaryimage"},"image":{"@id":"https:\/\/stiftadmont.at\/blog\/spezialitatenmarkt\/#primaryimage"},"thumbnailUrl":"https:\/\/stiftadmont.at\/wp-content\/uploads\/Klostermarkt-2024-cBrunthaler-Tanja_Stift-Admont-25-www-scaled.jpg","datePublished":"2025-04-29T09:16:48+00:00","dateModified":"2025-04-29T13:03:59+00:00","author":{"@id":"https:\/\/stiftadmont.at\/#\/schema\/person\/30535548b241d5f33a2e8b839db11869"},"description":"Leggete le ultime informazioni sul mercato delle specialit\u00e0 Ges\u00e4use all'Abbazia di Admont e molto altro ancora dal convento e dalla parrocchia di Admont.","breadcrumb":{"@id":"https:\/\/stiftadmont.at\/blog\/spezialitatenmarkt\/#breadcrumb"},"inLanguage":"it-IT","potentialAction":[{"@type":"ReadAction","target":["https:\/\/stiftadmont.at\/blog\/spezialitatenmarkt\/"]}]},{"@type":"ImageObject","inLanguage":"it-IT","@id":"https:\/\/stiftadmont.at\/blog\/spezialitatenmarkt\/#primaryimage","url":"https:\/\/stiftadmont.at\/wp-content\/uploads\/Klostermarkt-2024-cBrunthaler-Tanja_Stift-Admont-25-www-scaled.jpg","contentUrl":"https:\/\/stiftadmont.at\/wp-content\/uploads\/Klostermarkt-2024-cBrunthaler-Tanja_Stift-Admont-25-www-scaled.jpg","width":2560,"height":1706,"caption":"Klostermarkt 2024 (c)Brunthaler Tanja Stift Admont (25) www"},{"@type":"BreadcrumbList","@id":"https:\/\/stiftadmont.at\/blog\/spezialitatenmarkt\/#breadcrumb","itemListElement":[{"@type":"ListItem","position":1,"name":"Start","item":"https:\/\/stiftadmont.at\/"},{"@type":"ListItem","position":2,"name":"Ges\u00e4use Spezialit\u00e4tenmarkt im Stift Admont"}]},{"@type":"WebSite","@id":"https:\/\/stiftadmont.at\/#website","url":"https:\/\/stiftadmont.at\/","name":"Abbazia di Admont","description":"Monastero benedettino e attrazione turistica nella Ges\u00e4use","potentialAction":[{"@type":"SearchAction","target":{"@type":"EntryPoint","urlTemplate":"https:\/\/stiftadmont.at\/?s={search_term_string}"},"query-input":{"@type":"PropertyValueSpecification","valueRequired":true,"valueName":"search_term_string"}}],"inLanguage":"it-IT"},{"@type":"Person","@id":"https:\/\/stiftadmont.at\/#\/schema\/person\/30535548b241d5f33a2e8b839db11869","name":"Mario Brandm\u00fcller"}]}},"_links":{"self":[{"href":"https:\/\/stiftadmont.at\/it\/wp-json\/wp\/v2\/posts\/34676","targetHints":{"allow":["GET"]}}],"collection":[{"href":"https:\/\/stiftadmont.at\/it\/wp-json\/wp\/v2\/posts"}],"about":[{"href":"https:\/\/stiftadmont.at\/it\/wp-json\/wp\/v2\/types\/post"}],"author":[{"embeddable":true,"href":"https:\/\/stiftadmont.at\/it\/wp-json\/wp\/v2\/users\/7"}],"replies":[{"embeddable":true,"href":"https:\/\/stiftadmont.at\/it\/wp-json\/wp\/v2\/comments?post=34676"}],"version-history":[{"count":14,"href":"https:\/\/stiftadmont.at\/it\/wp-json\/wp\/v2\/posts\/34676\/revisions"}],"predecessor-version":[{"id":34693,"href":"https:\/\/stiftadmont.at\/it\/wp-json\/wp\/v2\/posts\/34676\/revisions\/34693"}],"wp:featuredmedia":[{"embeddable":true,"href":"https:\/\/stiftadmont.at\/it\/wp-json\/wp\/v2\/media\/29902"}],"wp:attachment":[{"href":"https:\/\/stiftadmont.at\/it\/wp-json\/wp\/v2\/media?parent=34676"}],"wp:term":[{"taxonomy":"category","embeddable":true,"href":"https:\/\/stiftadmont.at\/it\/wp-json\/wp\/v2\/categories?post=34676"}],"curies":[{"name":"wp","href":"https:\/\/api.w.org\/{rel}","templated":true}]}}