{"id":37304,"date":"2025-09-03T07:14:29","date_gmt":"2025-09-03T05:14:29","guid":{"rendered":"https:\/\/stiftadmont.at\/?p=37304"},"modified":"2025-09-04T08:56:23","modified_gmt":"2025-09-04T06:56:23","slug":"successo-sensazionale-per-dveri-pax-allawc-di-vienna","status":"publish","type":"post","link":"https:\/\/stiftadmont.at\/it\/blog\/sensationeller-erfolg-fuer-dveri-pax-bei-der-awc-vienna\/","title":{"rendered":"Sensazionale successo per il Dveri PAX"},"content":{"rendered":"<section id='lightpress__section--block_5281b80a765709611716e25bf4767a0a' class='lightpress__section--default-section-space lightpress__section lightpress__section--content'><div class=\"content__inner\"\n         x-init=\"initContentBlockAnim($el)\">\n        \n    <div class=\"content__grid content__grid--fifty-fifty\">\n                                            <div class=\"content__box content__box\"\n                 style=\"\">\n                                \n                \n                                            <div class=\"prose\"><h5 class=\"heading-m line line-above line--gold\">Weingut des Benediktinerstiftes Admont erneut mehrfach ausgezeichnet<\/h5>\n<p>\u00a0<\/p>\n<p>Das renommierte Weingut DVERI PAX, eine traditionsreiche Einrichtung des Benediktinerstiftes Admont mit Sitz in Jarenina (Slowenien), setzt seine beeindruckende Erfolgsgeschichte auch im Jahr 2025 konsequent fort: Nach zahlreichen internationalen Auszeichnungen in diesem Jahr \u2013 darunter eine Goldmedaille f\u00fcr Schaumwein DP Brut 2014 bei Decanter, hervorragende Bewertungen im Falstaff-Guide 2025\/26 und dem Titel \u201eBester Schaumwein Sloweniens\u201c \u2013 hat das Weingut einen weiteren wichtigen Meilenstein erreicht.<\/p>\n<\/div>\n                    \n                            <\/div>\n        \n                                                    <div class=\"content__box content__box--2\"\n                     >\n                                        \n                    \n                                                <div class=\"content__media stickyTo\" x-init=\"imageSticky($el)\">\n\n                                                                                    <picture\n                                    class=\"content__image sticky\">\n                                <source srcset=\"https:\/\/stiftadmont.at\/wp-content\/uploads\/Dveri-Pax-Stimmungsbilder-www-45-1024x683.webp\" type=\"image\/webp\">\n                                <source srcset=\"https:\/\/stiftadmont.at\/wp-content\/uploads\/Dveri-Pax-Stimmungsbilder-www-45-1024x683.jpg\" type=\"image\/jpeg\">\n                                <img decoding=\"async\" class=\"sticky\" loading=\"lazy\" src=\"https:\/\/stiftadmont.at\/wp-content\/uploads\/Dveri-Pax-Stimmungsbilder-www-45-1024x683.jpg\"\n                                     alt=\"Dveri Pax Stimmungsbilder www 45\">\n\n                                                                                                                            <\/picture>\n\n                        <\/div>\n\n                                    <\/div>\n            \n            <\/div>\n<\/div>\n\n<\/section>\n\n<section id='lightpress__section--block_974b8cbe95dd730199f1c60a2f3582bb' class='bg--beige lightpress__section--colored-bg lightpress__section--default-section-space lightpress__section lightpress__section--content'><div class=\"content__inner\"\n         x-init=\"initContentBlockAnim($el)\">\n        \n    <div class=\"content__grid content__grid--fifty-fifty\">\n                                            <div class=\"content__box content__box\"\n                 style=\"\">\n                                \n                \n                                            <div class=\"prose\"><p>Bei der awc vienna 2025, der weltweit gr\u00f6\u00dften offiziell anerkannten Weinbewertung, wurde DVERI PAX erneut mehrfach pr\u00e4miert \u2013 und das auf h\u00f6chstem Niveau. In einem v\u00f6llig anonymisierten Blindverkostungsverfahren durch eine Fachjury aus internationalen \u00d6nologen, Sommeliers, Weinanalytikern und Fachjournalisten \u00fcberzeugten gleich mehrere Weine auf ganzer Linie.<\/p>\n<p>\u00a0<\/p>\n<p><strong>Zwei Goldmedaillen gingen an:<\/strong><\/p>\n<p>\u2022<span style=\"white-space: pre;\"> <\/span>Pinot Noir 2020<\/p>\n<p>\u2022<span style=\"white-space: pre;\"> <\/span>Sauvignon Vajgen 2021<\/p>\n<p>\u00a0<\/p>\n<p><strong>Vier weitere Weine wurden mit Silber ausgezeichnet:<\/strong><\/p>\n<p>\u2022<span style=\"white-space: pre;\"> <\/span>Blaufr\u00e4nkisch 2016<\/p>\n<p>\u2022<span style=\"white-space: pre;\"> <\/span>DB Brut 2014 (Schaumwein, bereits vielfach international pr\u00e4miert)<\/p>\n<p>\u2022<span style=\"white-space: pre;\"> <\/span>Chardonnay Vajgen 2021<\/p>\n<p>\u2022<span style=\"white-space: pre;\"> <\/span>Riesling M 2019<\/p>\n<p><span data-mce-type=\"bookmark\" style=\"display: inline-block; width: 0px; overflow: hidden; line-height: 0;\" class=\"mce_SELRES_start\">\ufeff<\/span><\/p>\n<\/div>\n                    \n                            <\/div>\n        \n                                                    <div class=\"content__box content__box--2\"\n                     >\n                                        \n                    \n                                                <div class=\"content__media stickyTo\" x-init=\"imageSticky($el)\">\n\n                                                                                    <picture\n                                    class=\"content__image sticky\">\n                                <source srcset=\"https:\/\/stiftadmont.at\/wp-content\/uploads\/Sauvignon-Vajgen-723x1024.webp\" type=\"image\/webp\">\n                                <source srcset=\"https:\/\/stiftadmont.at\/wp-content\/uploads\/Sauvignon-Vajgen-723x1024.jpg\" type=\"image\/jpeg\">\n                                <img decoding=\"async\" class=\"sticky\" loading=\"lazy\" src=\"https:\/\/stiftadmont.at\/wp-content\/uploads\/Sauvignon-Vajgen-723x1024.jpg\"\n                                     alt=\"Sauvignon Vajgen\">\n\n                                                                                                                            <\/picture>\n\n                        <\/div>\n\n                                    <\/div>\n            \n            <\/div>\n<\/div>\n\n    <div class=\"background__container background__container--beige\">\n    <\/div>\n\n<\/section>\n\n<section id='lightpress__section--block_4f0af54187c7c0394ef7e22d922e9045' class='lightpress__section--default-section-space lightpress__section lightpress__section--content'><div class=\"content__inner\"\n         x-init=\"initContentBlockAnim($el)\">\n        \n    <div class=\"content__grid content__grid--fifty-fifty\">\n                                            <div class=\"content__box content__box\"\n                 style=\"\">\n                                \n                \n                                        <div class=\"content__media stickyTo\" x-init=\"imageSticky($el)\">\n\n                                                                                                <picture\n                                class=\"content__image sticky\">\n                            <source srcset=\"https:\/\/stiftadmont.at\/wp-content\/uploads\/Pinot-Noir-723x1024.jpg\"\n                                    type=\"image\/webp\">\n                            <source srcset=\"https:\/\/stiftadmont.at\/wp-content\/uploads\/Pinot-Noir-723x1024.jpg\"\n                                    type=\"image\/jpeg\">\n                            <img decoding=\"async\" loading=\"lazy\"\n                                 src=\"https:\/\/stiftadmont.at\/wp-content\/uploads\/Pinot-Noir-723x1024.jpg\"\n                                 alt=\"Pinot Noir\" width=\"600\" height=\"450\">\n                                                                                                            <\/picture>\n\n                    <\/div>\n\n                            <\/div>\n        \n                                                    <div class=\"content__box content__box--2\"\n                     >\n                                        \n                    \n                                                    <div class=\"prose\"><p>Die awc vienna wird heuer bereits zum 22. Mal ausgetragen \u2013 unter der Patronanz des Bundesministeriums f\u00fcr Land- und Forstwirtschaft, Regionen und Wasserwirtschaft, des Wiener B\u00fcrgermeisters Dr. Michael Ludwig sowie in Zusammenarbeit mit dem \u00d6sterreichischen Weinbauverband, der Stadt Wien, dem \u00d6nologenverband und zahlreichen weiteren Institutionen. Die Veranstaltung gilt als eine der anspruchsvollsten und objektivsten Weinbewertungen weltweit, nicht zuletzt aufgrund ihres streng reglementierten Blindverkostungssystems, das h\u00f6chste internationale Standards setzt.<\/p>\n<p>\u00a0<\/p>\n<p>F\u00fcr DVERI PAX best\u00e4tigt diese mehrfache Auszeichnung eindrucksvoll den konsequenten Qualit\u00e4tskurs des Hauses. Mit einer tiefen Verwurzelung in der jahrhundertealten Weinbautradition des Benediktinerstiftes Admont und zugleich einem klaren Blick f\u00fcr moderne \u00f6nologische Entwicklungen gelingt es dem Weingut immer wieder, sowohl Experten als auch Weinliebhaber weltweit zu begeistern.<\/p>\n<\/div>\n                        \n                                    <\/div>\n            \n            <\/div>\n<\/div>\n\n<\/section>\n\n<section id='lightpress__section--block_bd609ffa8ae4bcb8d3c615cc9e343d12' class='bg--beige lightpress__section--colored-bg lightpress__section--default-section-space lightpress__section lightpress__section--content'><div class=\"content__inner\"\n         x-init=\"initContentBlockAnim($el)\">\n        \n    <div class=\"content__grid content__grid\">\n                                            <div class=\"content__box content__box--one-hundred\"\n                 style=\"\">\n                                \n                \n                                            <div class=\"prose\"><p>Franz Pichler, Wirtschaftsdirektor des Benediktinerstiftes Admont, zeigt sich begeistert \u00fcber den wiederholten Erfolg: <em>\u201eWir freuen uns sehr \u00fcber diese erneuten hochkar\u00e4tigen Auszeichnungen. Sie sind ein starkes Zeichen f\u00fcr die gewissenhafte, sorgf\u00e4ltige und qualit\u00e4tsbewusste Arbeit in unserem Weingut \u2013 und best\u00e4tigen unsere hohen Anspr\u00fcche an exzellente Weinqualit\u00e4t.\u201c<\/em><\/p>\n<p>\u00a0<\/p>\n<p>Auch Danilo Flakus, Direktor und \u00d6nologe des Weinguts DVERI PAX, unterstreicht die Bedeutung der Auszeichnungen: <em>\u201eWir freuen uns \u00fcber diese n\u00e4chsten bedeutenden Erfolge auf internationaler Ebene. Unser Anspruch ist es, Weine mit Charakter und h\u00f6chster Qualit\u00e4t zu erzeugen \u2013 und es freut mich besonders, dass wir die Fachjury der awc vienna mit unseren Weinen \u00fcberzeugen konnten.\u201c<\/em><\/p>\n<p>\u00a0<\/p>\n<p><strong>Mit dieser Erfolgsbilanz z\u00e4hlt DVERI PAX endg\u00fcltig zu den gefragten Spitzenweing\u00fctern in Europa \u2013 und zeigt eindrucksvoll, wie sich kl\u00f6sterliche Weinbautradition mit modernem Qualit\u00e4tsanspruch auf einzigartige Weise verbinden l\u00e4sst.<\/strong><\/p>\n<p>\u00a0<\/p>\n<\/div>\n                    \n                            <\/div>\n        \n            <\/div>\n<\/div>\n\n    <div class=\"background__container background__container--beige\">\n    <\/div>\n\n<\/section>\n\n<section id='lightpress__section--block_ee749c84414959fb21554db44ce1aaae' class='lightpress__section--default-section-space lightpress__section lightpress__section--image-slider'>\n<div class=\"image-slider\"\n     x-data=\"{ gallery: null, shown: false }\"\n     x-init=\"gallery = initSliderGallery([{&quot;href&quot;:&quot;https:\\\/\\\/stiftadmont.at\\\/wp-content\\\/uploads\\\/DveriPAXStefanLeitner_020-min-e1634723140147-1920x1280.jpg&quot;,&quot;type&quot;:&quot;image&quot;},{&quot;href&quot;:&quot;https:\\\/\\\/stiftadmont.at\\\/wp-content\\\/uploads\\\/Pinot-Noir-1920x2719.jpg&quot;,&quot;type&quot;:&quot;image&quot;},{&quot;href&quot;:&quot;https:\\\/\\\/stiftadmont.at\\\/wp-content\\\/uploads\\\/64_DveriPAXStefanLeitner.jpg&quot;,&quot;type&quot;:&quot;image&quot;},{&quot;href&quot;:&quot;https:\\\/\\\/stiftadmont.at\\\/wp-content\\\/uploads\\\/01_DveriPAXStefanLeitner.jpg&quot;,&quot;type&quot;:&quot;image&quot;},{&quot;href&quot;:&quot;https:\\\/\\\/stiftadmont.at\\\/wp-content\\\/uploads\\\/DVERI-PAX_Ernte-c-Dveri-Pax-2.jpg&quot;,&quot;type&quot;:&quot;image&quot;},{&quot;href&quot;:&quot;https:\\\/\\\/stiftadmont.at\\\/wp-content\\\/uploads\\\/16_DveriPAXStefanLeitner.jpg&quot;,&quot;type&quot;:&quot;image&quot;},{&quot;href&quot;:&quot;https:\\\/\\\/stiftadmont.at\\\/wp-content\\\/uploads\\\/Dveri-Pax-Stimmungsbilder-www-60-1920x1281.jpg&quot;,&quot;type&quot;:&quot;image&quot;},{&quot;href&quot;:&quot;https:\\\/\\\/stiftadmont.at\\\/wp-content\\\/uploads\\\/47_Dveri_Pax\\u00a9StefanLeitner.jpg&quot;,&quot;type&quot;:&quot;image&quot;},{&quot;href&quot;:&quot;https:\\\/\\\/stiftadmont.at\\\/wp-content\\\/uploads\\\/DveriPAXStefanLeitner_012-min-e1634723250272-1920x1280.jpg&quot;,&quot;type&quot;:&quot;image&quot;},{&quot;href&quot;:&quot;https:\\\/\\\/stiftadmont.at\\\/wp-content\\\/uploads\\\/DveriPAXStefanLeitner_005-min-1920x1280.jpg&quot;,&quot;type&quot;:&quot;image&quot;},{&quot;href&quot;:&quot;https:\\\/\\\/stiftadmont.at\\\/wp-content\\\/uploads\\\/DveriPAXStefanLeitner_004-min-e1634723284923-1920x1280.jpg&quot;,&quot;type&quot;:&quot;image&quot;},{&quot;href&quot;:&quot;https:\\\/\\\/stiftadmont.at\\\/wp-content\\\/uploads\\\/DveriPAXStefanLeitner_043-min-e1634723104390-1920x1280.jpg&quot;,&quot;type&quot;:&quot;image&quot;},{&quot;href&quot;:&quot;https:\\\/\\\/stiftadmont.at\\\/wp-content\\\/uploads\\\/72_Dveri_Pax\\u00a9StefanLeitner-1920x1279.jpg&quot;,&quot;type&quot;:&quot;image&quot;},{&quot;href&quot;:&quot;https:\\\/\\\/stiftadmont.at\\\/wp-content\\\/uploads\\\/Sauvignon-Vajgen-1920x2719.jpg&quot;,&quot;type&quot;:&quot;image&quot;}]); initImageSliderBlockAnim($el);\">\n    <div class=\"image-slider__inner\">\n\n        <div class=\"swiper-container\" x-init=\"initImageSliderBlock($el, $refs.btnPrev, $refs.btnNext)\">\n            <div class=\"swiper-wrapper\">\n                                    <div class=\"swiper-slide\">\n                        <div class=\"image-slider__media\">\n                            <img decoding=\"async\" class=\"image-slider__image\"\n                                 src=\"https:\/\/stiftadmont.at\/wp-content\/uploads\/DveriPAXStefanLeitner_020-min-e1634723140147-768x512.jpg\"\n                                 alt=\"DveriPAXStefanLeitner 020 min e1634723140147\">\n                        <\/div>\n                    <\/div>\n                                    <div class=\"swiper-slide\">\n                        <div class=\"image-slider__media\">\n                            <img decoding=\"async\" class=\"image-slider__image\"\n                                 src=\"https:\/\/stiftadmont.at\/wp-content\/uploads\/Pinot-Noir-768x1088.jpg\"\n                                 alt=\"Pinot Noir\">\n                        <\/div>\n                    <\/div>\n                                    <div class=\"swiper-slide\">\n                        <div class=\"image-slider__media\">\n                            <img decoding=\"async\" class=\"image-slider__image\" src=\"https:\/\/stiftadmont.at\/wp-content\/uploads\/64_DveriPAXStefanLeitner-768x1024.jpg\" alt=\"64 DveriPAXStefanLeitner\" \/>\n                        <\/div>\n                    <\/div>\n                                    <div class=\"swiper-slide\">\n                        <div class=\"image-slider__media\">\n                            <img decoding=\"async\" class=\"image-slider__image\"\n                                 src=\"https:\/\/stiftadmont.at\/wp-content\/uploads\/01_DveriPAXStefanLeitner-768x468.jpg\"\n                                 alt=\"01 DveriPAXStefanLeitner\">\n                        <\/div>\n                    <\/div>\n                                    <div class=\"swiper-slide\">\n                        <div class=\"image-slider__media\">\n                            <img decoding=\"async\" class=\"image-slider__image\" src=\"https:\/\/stiftadmont.at\/wp-content\/uploads\/DVERI-PAX_Ernte-c-Dveri-Pax-2-768x1024.jpg\" alt=\"DVERI PAX Ernte (c) Dveri Pax (2)\" \/>\n                        <\/div>\n                    <\/div>\n                                    <div class=\"swiper-slide\">\n                        <div class=\"image-slider__media\">\n                            <img decoding=\"async\" class=\"image-slider__image\" src=\"https:\/\/stiftadmont.at\/wp-content\/uploads\/16_DveriPAXStefanLeitner-768x1024.jpg\" alt=\"16 DveriPAXStefanLeitner\" \/>\n                        <\/div>\n                    <\/div>\n                                    <div class=\"swiper-slide\">\n                        <div class=\"image-slider__media\">\n                            <img decoding=\"async\" class=\"image-slider__image\"\n                                 src=\"https:\/\/stiftadmont.at\/wp-content\/uploads\/Dveri-Pax-Stimmungsbilder-www-60-768x512.jpg\"\n                                 alt=\"Dveri Pax Stimmungsbilder www 60\">\n                        <\/div>\n                    <\/div>\n                                    <div class=\"swiper-slide\">\n                        <div class=\"image-slider__media\">\n                            <img decoding=\"async\" class=\"image-slider__image\" src=\"https:\/\/stiftadmont.at\/wp-content\/uploads\/47_Dveri_Pax\u00a9StefanLeitner-768x1024.jpg\" alt=\"47 Dveri Pax\u00a9StefanLeitner\" \/>\n                        <\/div>\n                    <\/div>\n                                    <div class=\"swiper-slide\">\n                        <div class=\"image-slider__media\">\n                            <img decoding=\"async\" class=\"image-slider__image\"\n                                 src=\"https:\/\/stiftadmont.at\/wp-content\/uploads\/DveriPAXStefanLeitner_012-min-e1634723250272-768x512.jpg\"\n                                 alt=\"DveriPAXStefanLeitner 012 min e1634723250272\">\n                        <\/div>\n                    <\/div>\n                                    <div class=\"swiper-slide\">\n                        <div class=\"image-slider__media\">\n                            <img decoding=\"async\" class=\"image-slider__image\"\n                                 src=\"https:\/\/stiftadmont.at\/wp-content\/uploads\/DveriPAXStefanLeitner_005-min-768x512.jpg\"\n                                 alt=\"DveriPAXStefanLeitner 005 min scaled\">\n                        <\/div>\n                    <\/div>\n                                    <div class=\"swiper-slide\">\n                        <div class=\"image-slider__media\">\n                            <img decoding=\"async\" class=\"image-slider__image\"\n                                 src=\"https:\/\/stiftadmont.at\/wp-content\/uploads\/DveriPAXStefanLeitner_004-min-e1634723284923-768x512.jpg\"\n                                 alt=\"DveriPAXStefanLeitner 004 min e1634723284923\">\n                        <\/div>\n                    <\/div>\n                                    <div class=\"swiper-slide\">\n                        <div class=\"image-slider__media\">\n                            <img decoding=\"async\" class=\"image-slider__image\"\n                                 src=\"https:\/\/stiftadmont.at\/wp-content\/uploads\/DveriPAXStefanLeitner_043-min-e1634723104390-768x512.jpg\"\n                                 alt=\"DveriPAXStefanLeitner 043 min e1634723104390\">\n                        <\/div>\n                    <\/div>\n                                    <div class=\"swiper-slide\">\n                        <div class=\"image-slider__media\">\n                            <img decoding=\"async\" class=\"image-slider__image\"\n                                 src=\"https:\/\/stiftadmont.at\/wp-content\/uploads\/72_Dveri_Pax\u00a9StefanLeitner-768x512.jpg\"\n                                 alt=\"72 Dveri Pax\u00a9StefanLeitner scaled\">\n                        <\/div>\n                    <\/div>\n                                    <div class=\"swiper-slide\">\n                        <div class=\"image-slider__media\">\n                            <img decoding=\"async\" class=\"image-slider__image\"\n                                 src=\"https:\/\/stiftadmont.at\/wp-content\/uploads\/Sauvignon-Vajgen-768x1088.jpg\"\n                                 alt=\"Sauvignon Vajgen\">\n                        <\/div>\n                    <\/div>\n                            <\/div>\n\n            <div class=\"swiper-nav-wrapper\">\n                <button class=\"swiper-button-prev slider-button--prev\" x-ref=\"btnPrev\"\n                        aria-label=\"Vorige Bilder anzeigen\">\n                    <img decoding=\"async\" src=\"\/wp-content\/themes\/stift-admont\/src\/assets\/img\/arrow-left-big-new.svg\" alt=\"Pfeil nach Links\">\n                <\/button>\n\n\n                <a class=\"image-slider__gallery\" @click=\"openGallery(gallery)\"><i class=\"fa-thin fa-plus\"><\/i><\/a>\n                <button class=\"swiper-button-next slider-button--next\"\n                        x-ref=\"btnNext\"\n                        aria-label=\"N\u00e4chste Bilder anzeigen\">\n                    <img decoding=\"async\" src=\"\/wp-content\/themes\/stift-admont\/src\/assets\/img\/arrow-right-big-new.svg\" alt=\"Pfeil nach Rechts\">\n                <\/button>\n            <\/div>\n        <\/div>\n    <\/div>\n\n\n<\/div><\/section>","protected":false},"excerpt":{"rendered":"<p>La rinomata cantina DVERI PAX continua la sua impressionante storia di successo nel 2025...<\/p>","protected":false},"author":7,"featured_media":28860,"comment_status":"closed","ping_status":"closed","sticky":false,"template":"","format":"standard","meta":{"_acf_changed":false,"footnotes":""},"categories":[23],"class_list":["post-37304","post","type-post","status-publish","format-standard","has-post-thumbnail","hentry","category-einrichtungen-aktuell"],"acf":[],"yoast_head":"<!-- This site is optimized with the Yoast SEO Premium plugin v26.0 (Yoast SEO v26.8) - https:\/\/yoast.com\/product\/yoast-seo-premium-wordpress\/ -->\n<title>Sensationeller Erfolg f\u00fcr Dveri PAX - Stift Admont<\/title>\n<meta name=\"description\" content=\"Lesen Sie aktuelle Informationen zum Thema Sensationeller Erfolg f\u00fcr Dveri PAX und vieles mehr aus dem Konvent und der Pfarre Admont.\" \/>\n<meta name=\"robots\" content=\"index, follow, max-snippet:-1, max-image-preview:large, max-video-preview:-1\" \/>\n<link rel=\"canonical\" href=\"https:\/\/stiftadmont.at\/it\/blog\/successo-sensazionale-per-dveri-pax-allawc-di-vienna\/\" \/>\n<meta property=\"og:locale\" content=\"it_IT\" \/>\n<meta property=\"og:type\" content=\"article\" \/>\n<meta property=\"og:title\" content=\"Sensationeller Erfolg f\u00fcr Dveri PAX\" \/>\n<meta property=\"og:description\" content=\"Lesen Sie aktuelle Informationen zum Thema Sensationeller Erfolg f\u00fcr Dveri PAX und vieles mehr aus dem Konvent und der Pfarre Admont.\" \/>\n<meta property=\"og:url\" content=\"https:\/\/stiftadmont.at\/it\/blog\/successo-sensazionale-per-dveri-pax-allawc-di-vienna\/\" \/>\n<meta property=\"og:site_name\" content=\"Stift Admont\" \/>\n<meta property=\"article:published_time\" content=\"2025-09-03T05:14:29+00:00\" \/>\n<meta property=\"article:modified_time\" content=\"2025-09-04T06:56:23+00:00\" \/>\n<meta property=\"og:image\" content=\"https:\/\/stiftadmont.at\/wp-content\/uploads\/01_DveriPAXStefanLeitner.jpg\" \/>\n\t<meta property=\"og:image:width\" content=\"1857\" \/>\n\t<meta property=\"og:image:height\" content=\"1131\" \/>\n\t<meta property=\"og:image:type\" content=\"image\/jpeg\" \/>\n<meta name=\"author\" content=\"Mario Brandm\u00fcller\" \/>\n<meta name=\"twitter:card\" content=\"summary_large_image\" \/>\n<meta name=\"twitter:label1\" content=\"Scritto da\" \/>\n\t<meta name=\"twitter:data1\" content=\"Mario Brandm\u00fcller\" \/>\n\t<meta name=\"twitter:label2\" content=\"Tempo di lettura stimato\" \/>\n\t<meta name=\"twitter:data2\" content=\"1 minuto\" \/>\n<script type=\"application\/ld+json\" class=\"yoast-schema-graph\">{\"@context\":\"https:\/\/schema.org\",\"@graph\":[{\"@type\":\"Article\",\"@id\":\"https:\/\/stiftadmont.at\/blog\/sensationeller-erfolg-fuer-dveri-pax-bei-der-awc-vienna\/#article\",\"isPartOf\":{\"@id\":\"https:\/\/stiftadmont.at\/blog\/sensationeller-erfolg-fuer-dveri-pax-bei-der-awc-vienna\/\"},\"author\":{\"name\":\"Mario Brandm\u00fcller\",\"@id\":\"https:\/\/stiftadmont.at\/#\/schema\/person\/30535548b241d5f33a2e8b839db11869\"},\"headline\":\"Sensationeller Erfolg f\u00fcr Dveri PAX\",\"datePublished\":\"2025-09-03T05:14:29+00:00\",\"dateModified\":\"2025-09-04T06:56:23+00:00\",\"mainEntityOfPage\":{\"@id\":\"https:\/\/stiftadmont.at\/blog\/sensationeller-erfolg-fuer-dveri-pax-bei-der-awc-vienna\/\"},\"wordCount\":6,\"image\":{\"@id\":\"https:\/\/stiftadmont.at\/blog\/sensationeller-erfolg-fuer-dveri-pax-bei-der-awc-vienna\/#primaryimage\"},\"thumbnailUrl\":\"https:\/\/stiftadmont.at\/wp-content\/uploads\/01_DveriPAXStefanLeitner.jpg\",\"articleSection\":[\"Einrichtungen aktuell\"],\"inLanguage\":\"it-IT\"},{\"@type\":\"WebPage\",\"@id\":\"https:\/\/stiftadmont.at\/blog\/sensationeller-erfolg-fuer-dveri-pax-bei-der-awc-vienna\/\",\"url\":\"https:\/\/stiftadmont.at\/blog\/sensationeller-erfolg-fuer-dveri-pax-bei-der-awc-vienna\/\",\"name\":\"Sensationeller Erfolg f\u00fcr Dveri PAX - Stift Admont\",\"isPartOf\":{\"@id\":\"https:\/\/stiftadmont.at\/#website\"},\"primaryImageOfPage\":{\"@id\":\"https:\/\/stiftadmont.at\/blog\/sensationeller-erfolg-fuer-dveri-pax-bei-der-awc-vienna\/#primaryimage\"},\"image\":{\"@id\":\"https:\/\/stiftadmont.at\/blog\/sensationeller-erfolg-fuer-dveri-pax-bei-der-awc-vienna\/#primaryimage\"},\"thumbnailUrl\":\"https:\/\/stiftadmont.at\/wp-content\/uploads\/01_DveriPAXStefanLeitner.jpg\",\"datePublished\":\"2025-09-03T05:14:29+00:00\",\"dateModified\":\"2025-09-04T06:56:23+00:00\",\"author\":{\"@id\":\"https:\/\/stiftadmont.at\/#\/schema\/person\/30535548b241d5f33a2e8b839db11869\"},\"description\":\"Lesen Sie aktuelle Informationen zum Thema Sensationeller Erfolg f\u00fcr Dveri PAX und vieles mehr aus dem Konvent und der Pfarre Admont.\",\"breadcrumb\":{\"@id\":\"https:\/\/stiftadmont.at\/blog\/sensationeller-erfolg-fuer-dveri-pax-bei-der-awc-vienna\/#breadcrumb\"},\"inLanguage\":\"it-IT\",\"potentialAction\":[{\"@type\":\"ReadAction\",\"target\":[\"https:\/\/stiftadmont.at\/blog\/sensationeller-erfolg-fuer-dveri-pax-bei-der-awc-vienna\/\"]}]},{\"@type\":\"ImageObject\",\"inLanguage\":\"it-IT\",\"@id\":\"https:\/\/stiftadmont.at\/blog\/sensationeller-erfolg-fuer-dveri-pax-bei-der-awc-vienna\/#primaryimage\",\"url\":\"https:\/\/stiftadmont.at\/wp-content\/uploads\/01_DveriPAXStefanLeitner.jpg\",\"contentUrl\":\"https:\/\/stiftadmont.at\/wp-content\/uploads\/01_DveriPAXStefanLeitner.jpg\",\"width\":1857,\"height\":1131,\"caption\":\"01 DveriPAXStefanLeitner\"},{\"@type\":\"BreadcrumbList\",\"@id\":\"https:\/\/stiftadmont.at\/blog\/sensationeller-erfolg-fuer-dveri-pax-bei-der-awc-vienna\/#breadcrumb\",\"itemListElement\":[{\"@type\":\"ListItem\",\"position\":1,\"name\":\"Start\",\"item\":\"https:\/\/stiftadmont.at\/\"},{\"@type\":\"ListItem\",\"position\":2,\"name\":\"Sensationeller Erfolg f\u00fcr Dveri PAX\"}]},{\"@type\":\"WebSite\",\"@id\":\"https:\/\/stiftadmont.at\/#website\",\"url\":\"https:\/\/stiftadmont.at\/\",\"name\":\"Stift Admont\",\"description\":\"Benediktinerkloster und Sehensw\u00fcrdigkeit im Ges\u00e4use\",\"potentialAction\":[{\"@type\":\"SearchAction\",\"target\":{\"@type\":\"EntryPoint\",\"urlTemplate\":\"https:\/\/stiftadmont.at\/?s={search_term_string}\"},\"query-input\":{\"@type\":\"PropertyValueSpecification\",\"valueRequired\":true,\"valueName\":\"search_term_string\"}}],\"inLanguage\":\"it-IT\"},{\"@type\":\"Person\",\"@id\":\"https:\/\/stiftadmont.at\/#\/schema\/person\/30535548b241d5f33a2e8b839db11869\",\"name\":\"Mario Brandm\u00fcller\"}]}<\/script>\n<!-- \/ Yoast SEO Premium plugin. -->","yoast_head_json":{"title":"Sensazionale successo per il Dveri PAX - Abbazia di Admont","description":"Leggete le ultime notizie sul sensazionale successo di Dveri PAX e molto altro dal convento e dalla parrocchia di Admont.","robots":{"index":"index","follow":"follow","max-snippet":"max-snippet:-1","max-image-preview":"max-image-preview:large","max-video-preview":"max-video-preview:-1"},"canonical":"https:\/\/stiftadmont.at\/it\/blog\/successo-sensazionale-per-dveri-pax-allawc-di-vienna\/","og_locale":"it_IT","og_type":"article","og_title":"Sensationeller Erfolg f\u00fcr Dveri PAX","og_description":"Lesen Sie aktuelle Informationen zum Thema Sensationeller Erfolg f\u00fcr Dveri PAX und vieles mehr aus dem Konvent und der Pfarre Admont.","og_url":"https:\/\/stiftadmont.at\/it\/blog\/successo-sensazionale-per-dveri-pax-allawc-di-vienna\/","og_site_name":"Stift Admont","article_published_time":"2025-09-03T05:14:29+00:00","article_modified_time":"2025-09-04T06:56:23+00:00","og_image":[{"width":1857,"height":1131,"url":"https:\/\/stiftadmont.at\/wp-content\/uploads\/01_DveriPAXStefanLeitner.jpg","type":"image\/jpeg"}],"author":"Mario Brandm\u00fcller","twitter_card":"summary_large_image","twitter_misc":{"Scritto da":"Mario Brandm\u00fcller","Tempo di lettura stimato":"1 minuto"},"schema":{"@context":"https:\/\/schema.org","@graph":[{"@type":"Article","@id":"https:\/\/stiftadmont.at\/blog\/sensationeller-erfolg-fuer-dveri-pax-bei-der-awc-vienna\/#article","isPartOf":{"@id":"https:\/\/stiftadmont.at\/blog\/sensationeller-erfolg-fuer-dveri-pax-bei-der-awc-vienna\/"},"author":{"name":"Mario Brandm\u00fcller","@id":"https:\/\/stiftadmont.at\/#\/schema\/person\/30535548b241d5f33a2e8b839db11869"},"headline":"Sensationeller Erfolg f\u00fcr Dveri PAX","datePublished":"2025-09-03T05:14:29+00:00","dateModified":"2025-09-04T06:56:23+00:00","mainEntityOfPage":{"@id":"https:\/\/stiftadmont.at\/blog\/sensationeller-erfolg-fuer-dveri-pax-bei-der-awc-vienna\/"},"wordCount":6,"image":{"@id":"https:\/\/stiftadmont.at\/blog\/sensationeller-erfolg-fuer-dveri-pax-bei-der-awc-vienna\/#primaryimage"},"thumbnailUrl":"https:\/\/stiftadmont.at\/wp-content\/uploads\/01_DveriPAXStefanLeitner.jpg","articleSection":["Einrichtungen aktuell"],"inLanguage":"it-IT"},{"@type":"WebPage","@id":"https:\/\/stiftadmont.at\/blog\/sensationeller-erfolg-fuer-dveri-pax-bei-der-awc-vienna\/","url":"https:\/\/stiftadmont.at\/blog\/sensationeller-erfolg-fuer-dveri-pax-bei-der-awc-vienna\/","name":"Sensazionale successo per il Dveri PAX - Abbazia di Admont","isPartOf":{"@id":"https:\/\/stiftadmont.at\/#website"},"primaryImageOfPage":{"@id":"https:\/\/stiftadmont.at\/blog\/sensationeller-erfolg-fuer-dveri-pax-bei-der-awc-vienna\/#primaryimage"},"image":{"@id":"https:\/\/stiftadmont.at\/blog\/sensationeller-erfolg-fuer-dveri-pax-bei-der-awc-vienna\/#primaryimage"},"thumbnailUrl":"https:\/\/stiftadmont.at\/wp-content\/uploads\/01_DveriPAXStefanLeitner.jpg","datePublished":"2025-09-03T05:14:29+00:00","dateModified":"2025-09-04T06:56:23+00:00","author":{"@id":"https:\/\/stiftadmont.at\/#\/schema\/person\/30535548b241d5f33a2e8b839db11869"},"description":"Leggete le ultime notizie sul sensazionale successo di Dveri PAX e molto altro dal convento e dalla parrocchia di Admont.","breadcrumb":{"@id":"https:\/\/stiftadmont.at\/blog\/sensationeller-erfolg-fuer-dveri-pax-bei-der-awc-vienna\/#breadcrumb"},"inLanguage":"it-IT","potentialAction":[{"@type":"ReadAction","target":["https:\/\/stiftadmont.at\/blog\/sensationeller-erfolg-fuer-dveri-pax-bei-der-awc-vienna\/"]}]},{"@type":"ImageObject","inLanguage":"it-IT","@id":"https:\/\/stiftadmont.at\/blog\/sensationeller-erfolg-fuer-dveri-pax-bei-der-awc-vienna\/#primaryimage","url":"https:\/\/stiftadmont.at\/wp-content\/uploads\/01_DveriPAXStefanLeitner.jpg","contentUrl":"https:\/\/stiftadmont.at\/wp-content\/uploads\/01_DveriPAXStefanLeitner.jpg","width":1857,"height":1131,"caption":"01 DveriPAXStefanLeitner"},{"@type":"BreadcrumbList","@id":"https:\/\/stiftadmont.at\/blog\/sensationeller-erfolg-fuer-dveri-pax-bei-der-awc-vienna\/#breadcrumb","itemListElement":[{"@type":"ListItem","position":1,"name":"Start","item":"https:\/\/stiftadmont.at\/"},{"@type":"ListItem","position":2,"name":"Sensationeller Erfolg f\u00fcr Dveri PAX"}]},{"@type":"WebSite","@id":"https:\/\/stiftadmont.at\/#website","url":"https:\/\/stiftadmont.at\/","name":"Abbazia di Admont","description":"Monastero benedettino e attrazione turistica nella Ges\u00e4use","potentialAction":[{"@type":"SearchAction","target":{"@type":"EntryPoint","urlTemplate":"https:\/\/stiftadmont.at\/?s={search_term_string}"},"query-input":{"@type":"PropertyValueSpecification","valueRequired":true,"valueName":"search_term_string"}}],"inLanguage":"it-IT"},{"@type":"Person","@id":"https:\/\/stiftadmont.at\/#\/schema\/person\/30535548b241d5f33a2e8b839db11869","name":"Mario Brandm\u00fcller"}]}},"_links":{"self":[{"href":"https:\/\/stiftadmont.at\/it\/wp-json\/wp\/v2\/posts\/37304","targetHints":{"allow":["GET"]}}],"collection":[{"href":"https:\/\/stiftadmont.at\/it\/wp-json\/wp\/v2\/posts"}],"about":[{"href":"https:\/\/stiftadmont.at\/it\/wp-json\/wp\/v2\/types\/post"}],"author":[{"embeddable":true,"href":"https:\/\/stiftadmont.at\/it\/wp-json\/wp\/v2\/users\/7"}],"replies":[{"embeddable":true,"href":"https:\/\/stiftadmont.at\/it\/wp-json\/wp\/v2\/comments?post=37304"}],"version-history":[{"count":6,"href":"https:\/\/stiftadmont.at\/it\/wp-json\/wp\/v2\/posts\/37304\/revisions"}],"predecessor-version":[{"id":37317,"href":"https:\/\/stiftadmont.at\/it\/wp-json\/wp\/v2\/posts\/37304\/revisions\/37317"}],"wp:featuredmedia":[{"embeddable":true,"href":"https:\/\/stiftadmont.at\/it\/wp-json\/wp\/v2\/media\/28860"}],"wp:attachment":[{"href":"https:\/\/stiftadmont.at\/it\/wp-json\/wp\/v2\/media?parent=37304"}],"wp:term":[{"taxonomy":"category","embeddable":true,"href":"https:\/\/stiftadmont.at\/it\/wp-json\/wp\/v2\/categories?post=37304"}],"curies":[{"name":"wp","href":"https:\/\/api.w.org\/{rel}","templated":true}]}}