{"id":38121,"date":"2025-10-27T11:52:03","date_gmt":"2025-10-27T09:52:03","guid":{"rendered":"https:\/\/stiftadmont.at\/?p=38121"},"modified":"2025-10-29T08:25:16","modified_gmt":"2025-10-29T06:25:16","slug":"rassegna-open-day-del-ginnasio","status":"publish","type":"post","link":"https:\/\/stiftadmont.at\/it\/blog\/rueckblick-tag-der-offenen-tuer-gymnasium\/","title":{"rendered":"Recensione dell'open day del ginnasio"},"content":{"rendered":"<section id='lightpress__section--block_a1afdcd68174368b768a0a65c5b0eade' class='lightpress__section--default-section-space lightpress__section lightpress__section--content'><div class=\"content__inner\"\n         x-init=\"initContentBlockAnim($el)\">\n        \n    <div class=\"content__grid content__grid--fifty-fifty\">\n                                            <div class=\"content__box content__box\"\n                 style=\"\">\n                                \n                \n                                            <div class=\"prose\"><h5 class=\"heading-m line line-above line--gold\">Lernen. Leben. Wachsen.<\/h5>\n<p>\u00a0<\/p>\n<p>Am 24. Oktober \u00f6ffnete das Stiftsgymnasium Admont seine T\u00fcren f\u00fcr zahlreiche interessierte Sch\u00fclerInnen und deren Eltern. Zwischen 13:00 und 17:00 Uhr nutzten viele BesucherInnen die Gelegenheit, unsere Schule in all ihren Facetten kennenzulernen \u2013 pers\u00f6nlich, direkt und hautnah.<\/p>\n<p>\u00a0<\/p>\n<\/div>\n                    \n                            <\/div>\n        \n                                                    <div class=\"content__box content__box--2\"\n                     >\n                                        \n                    \n                                                <div class=\"content__media stickyTo\" x-init=\"imageSticky($el)\">\n\n                                                                                    <picture\n                                    class=\"content__image sticky\">\n                                <source srcset=\"https:\/\/stiftadmont.at\/wp-content\/uploads\/Tag-der-offenen-Tuer-www-30-1024x683.webp\" type=\"image\/webp\">\n                                <source srcset=\"https:\/\/stiftadmont.at\/wp-content\/uploads\/Tag-der-offenen-Tuer-www-30-1024x683.jpg\" type=\"image\/jpeg\">\n                                <img decoding=\"async\" class=\"sticky\" loading=\"lazy\" src=\"https:\/\/stiftadmont.at\/wp-content\/uploads\/Tag-der-offenen-Tuer-www-30-1024x683.jpg\"\n                                     alt=\"Tag der offenen Tu\u0308r www\">\n\n                                                                                                                            <\/picture>\n\n                        <\/div>\n\n                                    <\/div>\n            \n            <\/div>\n<\/div>\n\n<\/section>\n\n<section id='lightpress__section--block_141a8ef4d1732ba9d86cbd61bc4dab16' class='bg--beige lightpress__section--colored-bg lightpress__section--default-section-space lightpress__section lightpress__section--content'><div class=\"content__inner\"\n         x-init=\"initContentBlockAnim($el)\">\n        \n    <div class=\"content__grid content__grid--fifty-fifty\">\n                                            <div class=\"content__box content__box\"\n                 style=\"\">\n                                \n                \n                                        <div class=\"content__media stickyTo\" x-init=\"imageSticky($el)\">\n\n                                                                                                <picture\n                                class=\"content__image sticky\">\n                            <source srcset=\"https:\/\/stiftadmont.at\/wp-content\/uploads\/Tag-der-offenen-Tuer-www-26-1024x683.jpg\"\n                                    type=\"image\/webp\">\n                            <source srcset=\"https:\/\/stiftadmont.at\/wp-content\/uploads\/Tag-der-offenen-Tuer-www-26-1024x683.jpg\"\n                                    type=\"image\/jpeg\">\n                            <img decoding=\"async\" loading=\"lazy\"\n                                 src=\"https:\/\/stiftadmont.at\/wp-content\/uploads\/Tag-der-offenen-Tuer-www-26-1024x683.jpg\"\n                                 alt=\"Tag der offenen Tu\u0308r www\" width=\"600\" height=\"450\">\n                                                                                                            <\/picture>\n\n                    <\/div>\n\n                            <\/div>\n        \n                                                    <div class=\"content__box content__box--2\"\n                     >\n                                        \n                    \n                                                    <div class=\"prose\"><p class=\"MsoNormal\">Der Nachmittag stand ganz im Zeichen des Entdeckens und Staunens: Begeisterte Eltern und Sch\u00fclerInnen informierten sich \u00fcber die vielf\u00e4ltigen Ausbildungszweige und erhielten spannende Einblicke in den Unterrichtsalltag. Besonders eindrucksvoll war das gro\u00dfe Engagement unserer LehrerInnen und Sch\u00fclerInnen, die mit viel Herzblut und Einsatz die unterschiedlichen Fachbereiche, Projekte und Aktivit\u00e4ten pr\u00e4sentierten.<\/p>\n<\/div>\n                        \n                                    <\/div>\n            \n            <\/div>\n<\/div>\n\n    <div class=\"background__container background__container--beige\">\n    <\/div>\n\n<\/section>\n\n<section id='lightpress__section--block_806da6ac5cd1339c9a63127408444344' class='lightpress__section--default-section-space lightpress__section lightpress__section--content'><div class=\"content__inner\"\n         x-init=\"initContentBlockAnim($el)\">\n        \n    <div class=\"content__grid content__grid--fifty-fifty\">\n                                            <div class=\"content__box content__box\"\n                 style=\"\">\n                                \n                \n                                            <div class=\"prose\"><p class=\"MsoNormal\">Die BesucherInnen zeigten sich beeindruckt von der offenen und lebendigen Atmosph\u00e4re, die das harmonische Zusammenspiel von moderner Ausbildung und kl\u00f6sterlicher Tradition im Stiftsgymnasium Admont so besonders macht.<\/p>\n<p class=\"MsoNormal\">Wir danken allen Mitwirkenden, die durch ihren Einsatz und ihre Begeisterung diesen Tag zu einem unvergesslichen Erlebnis gemacht haben \u2013 und freuen uns schon auf viele Anmeldungen f\u00fcr das kommende Schuljahr!<\/p>\n<\/div>\n                    \n                            <\/div>\n        \n                                                    <div class=\"content__box content__box--2\"\n                     >\n                                        \n                    \n                                                <div class=\"content__media stickyTo\" x-init=\"imageSticky($el)\">\n\n                                                                                    <picture\n                                    class=\"content__image sticky\">\n                                <source srcset=\"https:\/\/stiftadmont.at\/wp-content\/uploads\/Tag-der-offenen-Tuer-www-18-1024x683.webp\" type=\"image\/webp\">\n                                <source srcset=\"https:\/\/stiftadmont.at\/wp-content\/uploads\/Tag-der-offenen-Tuer-www-18-1024x683.jpg\" type=\"image\/jpeg\">\n                                <img decoding=\"async\" class=\"sticky\" loading=\"lazy\" src=\"https:\/\/stiftadmont.at\/wp-content\/uploads\/Tag-der-offenen-Tuer-www-18-1024x683.jpg\"\n                                     alt=\"Tag der offenen Tu\u0308r www\">\n\n                                                                                                                            <\/picture>\n\n                        <\/div>\n\n                                    <\/div>\n            \n            <\/div>\n<\/div>\n\n<\/section>\n\n<section id='lightpress__section--block_892e9b9020128d65c48f8ef0640e60fc' class='lightpress__section--default-section-space lightpress__section lightpress__section--image-slider'>\n<div class=\"image-slider\"\n     x-data=\"{ gallery: null, shown: false }\"\n     x-init=\"gallery = initSliderGallery([{&quot;href&quot;:&quot;https:\\\/\\\/stiftadmont.at\\\/wp-content\\\/uploads\\\/Tag-der-offenen-Tuer-www-39-1920x1280.jpg&quot;,&quot;type&quot;:&quot;image&quot;},{&quot;href&quot;:&quot;https:\\\/\\\/stiftadmont.at\\\/wp-content\\\/uploads\\\/Tag-der-offenen-Tuer-www-31-1920x1280.jpg&quot;,&quot;type&quot;:&quot;image&quot;},{&quot;href&quot;:&quot;https:\\\/\\\/stiftadmont.at\\\/wp-content\\\/uploads\\\/Tag-der-offenen-Tuer-www-23-1920x1280.jpg&quot;,&quot;type&quot;:&quot;image&quot;},{&quot;href&quot;:&quot;https:\\\/\\\/stiftadmont.at\\\/wp-content\\\/uploads\\\/Tag-der-offenen-Tuer-www-15-1920x1280.jpg&quot;,&quot;type&quot;:&quot;image&quot;},{&quot;href&quot;:&quot;https:\\\/\\\/stiftadmont.at\\\/wp-content\\\/uploads\\\/Tag-der-offenen-Tuer-www-14-1920x1280.jpg&quot;,&quot;type&quot;:&quot;image&quot;},{&quot;href&quot;:&quot;https:\\\/\\\/stiftadmont.at\\\/wp-content\\\/uploads\\\/Tag-der-offenen-Tuer-www-13-1920x1280.jpg&quot;,&quot;type&quot;:&quot;image&quot;},{&quot;href&quot;:&quot;https:\\\/\\\/stiftadmont.at\\\/wp-content\\\/uploads\\\/Tag-der-offenen-Tuer-www-12-1920x1280.jpg&quot;,&quot;type&quot;:&quot;image&quot;},{&quot;href&quot;:&quot;https:\\\/\\\/stiftadmont.at\\\/wp-content\\\/uploads\\\/Tag-der-offenen-Tuer-www-11-1920x2880.jpg&quot;,&quot;type&quot;:&quot;image&quot;},{&quot;href&quot;:&quot;https:\\\/\\\/stiftadmont.at\\\/wp-content\\\/uploads\\\/Tag-der-offenen-Tuer-www-18-1920x1280.jpg&quot;,&quot;type&quot;:&quot;image&quot;},{&quot;href&quot;:&quot;https:\\\/\\\/stiftadmont.at\\\/wp-content\\\/uploads\\\/Tag-der-offenen-Tuer-www-20-1920x2880.jpg&quot;,&quot;type&quot;:&quot;image&quot;},{&quot;href&quot;:&quot;https:\\\/\\\/stiftadmont.at\\\/wp-content\\\/uploads\\\/Tag-der-offenen-Tuer-www-21-1920x2880.jpg&quot;,&quot;type&quot;:&quot;image&quot;},{&quot;href&quot;:&quot;https:\\\/\\\/stiftadmont.at\\\/wp-content\\\/uploads\\\/Tag-der-offenen-Tuer-www-29-1920x1280.jpg&quot;,&quot;type&quot;:&quot;image&quot;},{&quot;href&quot;:&quot;https:\\\/\\\/stiftadmont.at\\\/wp-content\\\/uploads\\\/Tag-der-offenen-Tuer-www-30-1920x1280.jpg&quot;,&quot;type&quot;:&quot;image&quot;},{&quot;href&quot;:&quot;https:\\\/\\\/stiftadmont.at\\\/wp-content\\\/uploads\\\/Tag-der-offenen-Tuer-www-36-1920x1280.jpg&quot;,&quot;type&quot;:&quot;image&quot;},{&quot;href&quot;:&quot;https:\\\/\\\/stiftadmont.at\\\/wp-content\\\/uploads\\\/Tag-der-offenen-Tuer-www-37-1920x1280.jpg&quot;,&quot;type&quot;:&quot;image&quot;},{&quot;href&quot;:&quot;https:\\\/\\\/stiftadmont.at\\\/wp-content\\\/uploads\\\/Tag-der-offenen-Tuer-www-38-1920x1280.jpg&quot;,&quot;type&quot;:&quot;image&quot;},{&quot;href&quot;:&quot;https:\\\/\\\/stiftadmont.at\\\/wp-content\\\/uploads\\\/Tag-der-offenen-Tuer-www-35-1920x1280.jpg&quot;,&quot;type&quot;:&quot;image&quot;},{&quot;href&quot;:&quot;https:\\\/\\\/stiftadmont.at\\\/wp-content\\\/uploads\\\/Tag-der-offenen-Tuer-www-33-1920x1280.jpg&quot;,&quot;type&quot;:&quot;image&quot;},{&quot;href&quot;:&quot;https:\\\/\\\/stiftadmont.at\\\/wp-content\\\/uploads\\\/Tag-der-offenen-Tuer-www-32-1920x1280.jpg&quot;,&quot;type&quot;:&quot;image&quot;},{&quot;href&quot;:&quot;https:\\\/\\\/stiftadmont.at\\\/wp-content\\\/uploads\\\/Tag-der-offenen-Tuer-www-24-1920x1280.jpg&quot;,&quot;type&quot;:&quot;image&quot;},{&quot;href&quot;:&quot;https:\\\/\\\/stiftadmont.at\\\/wp-content\\\/uploads\\\/Tag-der-offenen-Tuer-www-25-1920x1280.jpg&quot;,&quot;type&quot;:&quot;image&quot;},{&quot;href&quot;:&quot;https:\\\/\\\/stiftadmont.at\\\/wp-content\\\/uploads\\\/Tag-der-offenen-Tuer-www-34-1920x1280.jpg&quot;,&quot;type&quot;:&quot;image&quot;},{&quot;href&quot;:&quot;https:\\\/\\\/stiftadmont.at\\\/wp-content\\\/uploads\\\/Tag-der-offenen-Tuer-www-16-1920x1280.jpg&quot;,&quot;type&quot;:&quot;image&quot;},{&quot;href&quot;:&quot;https:\\\/\\\/stiftadmont.at\\\/wp-content\\\/uploads\\\/Tag-der-offenen-Tuer-www-17-1920x1280.jpg&quot;,&quot;type&quot;:&quot;image&quot;},{&quot;href&quot;:&quot;https:\\\/\\\/stiftadmont.at\\\/wp-content\\\/uploads\\\/Tag-der-offenen-Tuer-www-3-1920x1280.jpg&quot;,&quot;type&quot;:&quot;image&quot;},{&quot;href&quot;:&quot;https:\\\/\\\/stiftadmont.at\\\/wp-content\\\/uploads\\\/Tag-der-offenen-Tuer-www-2-1920x1280.jpg&quot;,&quot;type&quot;:&quot;image&quot;},{&quot;href&quot;:&quot;https:\\\/\\\/stiftadmont.at\\\/wp-content\\\/uploads\\\/Tag-der-offenen-Tuer-www-9-1920x1280.jpg&quot;,&quot;type&quot;:&quot;image&quot;},{&quot;href&quot;:&quot;https:\\\/\\\/stiftadmont.at\\\/wp-content\\\/uploads\\\/Tag-der-offenen-Tuer-www-4-1920x1280.jpg&quot;,&quot;type&quot;:&quot;image&quot;},{&quot;href&quot;:&quot;https:\\\/\\\/stiftadmont.at\\\/wp-content\\\/uploads\\\/Tag-der-offenen-Tuer-www-5-1920x2880.jpg&quot;,&quot;type&quot;:&quot;image&quot;}]); initImageSliderBlockAnim($el);\">\n    <div class=\"image-slider__inner\">\n\n        <div class=\"swiper-container\" x-init=\"initImageSliderBlock($el, $refs.btnPrev, $refs.btnNext)\">\n            <div class=\"swiper-wrapper\">\n                                    <div class=\"swiper-slide\">\n                        <div class=\"image-slider__media\">\n                            <img decoding=\"async\" class=\"image-slider__image\"\n                                 src=\"https:\/\/stiftadmont.at\/wp-content\/uploads\/Tag-der-offenen-Tuer-www-39-768x512.jpg\"\n                                 alt=\"Tag der offenen Tu\u0308r www\">\n                        <\/div>\n                    <\/div>\n                                    <div class=\"swiper-slide\">\n                        <div class=\"image-slider__media\">\n                            <img decoding=\"async\" class=\"image-slider__image\"\n                                 src=\"https:\/\/stiftadmont.at\/wp-content\/uploads\/Tag-der-offenen-Tuer-www-31-768x512.jpg\"\n                                 alt=\"Tag der offenen Tu\u0308r www\">\n                        <\/div>\n                    <\/div>\n                                    <div class=\"swiper-slide\">\n                        <div class=\"image-slider__media\">\n                            <img decoding=\"async\" class=\"image-slider__image\"\n                                 src=\"https:\/\/stiftadmont.at\/wp-content\/uploads\/Tag-der-offenen-Tuer-www-23-768x512.jpg\"\n                                 alt=\"Tag der offenen Tu\u0308r www\">\n                        <\/div>\n                    <\/div>\n                                    <div class=\"swiper-slide\">\n                        <div class=\"image-slider__media\">\n                            <img decoding=\"async\" class=\"image-slider__image\"\n                                 src=\"https:\/\/stiftadmont.at\/wp-content\/uploads\/Tag-der-offenen-Tuer-www-15-768x512.jpg\"\n                                 alt=\"Tag der offenen Tu\u0308r www\">\n                        <\/div>\n                    <\/div>\n                                    <div class=\"swiper-slide\">\n                        <div class=\"image-slider__media\">\n                            <img decoding=\"async\" class=\"image-slider__image\"\n                                 src=\"https:\/\/stiftadmont.at\/wp-content\/uploads\/Tag-der-offenen-Tuer-www-14-768x512.jpg\"\n                                 alt=\"Tag der offenen Tu\u0308r www\">\n                        <\/div>\n                    <\/div>\n                                    <div class=\"swiper-slide\">\n                        <div class=\"image-slider__media\">\n                            <img decoding=\"async\" class=\"image-slider__image\"\n                                 src=\"https:\/\/stiftadmont.at\/wp-content\/uploads\/Tag-der-offenen-Tuer-www-13-768x512.jpg\"\n                                 alt=\"Tag der offenen Tu\u0308r www\">\n                        <\/div>\n                    <\/div>\n                                    <div class=\"swiper-slide\">\n                        <div class=\"image-slider__media\">\n                            <img decoding=\"async\" class=\"image-slider__image\"\n                                 src=\"https:\/\/stiftadmont.at\/wp-content\/uploads\/Tag-der-offenen-Tuer-www-12-768x512.jpg\"\n                                 alt=\"Tag der offenen Tu\u0308r www\">\n                        <\/div>\n                    <\/div>\n                                    <div class=\"swiper-slide\">\n                        <div class=\"image-slider__media\">\n                            <img decoding=\"async\" class=\"image-slider__image\"\n                                 src=\"https:\/\/stiftadmont.at\/wp-content\/uploads\/Tag-der-offenen-Tuer-www-11-768x1152.jpg\"\n                                 alt=\"Tag der offenen Tu\u0308r www\">\n                        <\/div>\n                    <\/div>\n                                    <div class=\"swiper-slide\">\n                        <div class=\"image-slider__media\">\n                            <img decoding=\"async\" class=\"image-slider__image\"\n                                 src=\"https:\/\/stiftadmont.at\/wp-content\/uploads\/Tag-der-offenen-Tuer-www-18-768x512.jpg\"\n                                 alt=\"Tag der offenen Tu\u0308r www\">\n                        <\/div>\n                    <\/div>\n                                    <div class=\"swiper-slide\">\n                        <div class=\"image-slider__media\">\n                            <img decoding=\"async\" class=\"image-slider__image\"\n                                 src=\"https:\/\/stiftadmont.at\/wp-content\/uploads\/Tag-der-offenen-Tuer-www-20-768x1152.jpg\"\n                                 alt=\"Tag der offenen Tu\u0308r www\">\n                        <\/div>\n                    <\/div>\n                                    <div class=\"swiper-slide\">\n                        <div class=\"image-slider__media\">\n                            <img decoding=\"async\" class=\"image-slider__image\"\n                                 src=\"https:\/\/stiftadmont.at\/wp-content\/uploads\/Tag-der-offenen-Tuer-www-21-768x1152.jpg\"\n                                 alt=\"Tag der offenen Tu\u0308r www\">\n                        <\/div>\n                    <\/div>\n                                    <div class=\"swiper-slide\">\n                        <div class=\"image-slider__media\">\n                            <img decoding=\"async\" class=\"image-slider__image\"\n                                 src=\"https:\/\/stiftadmont.at\/wp-content\/uploads\/Tag-der-offenen-Tuer-www-29-768x512.jpg\"\n                                 alt=\"Tag der offenen Tu\u0308r www\">\n                        <\/div>\n                    <\/div>\n                                    <div class=\"swiper-slide\">\n                        <div class=\"image-slider__media\">\n                            <img decoding=\"async\" class=\"image-slider__image\"\n                                 src=\"https:\/\/stiftadmont.at\/wp-content\/uploads\/Tag-der-offenen-Tuer-www-30-768x512.jpg\"\n                                 alt=\"Tag der offenen Tu\u0308r www\">\n                        <\/div>\n                    <\/div>\n                                    <div class=\"swiper-slide\">\n                        <div class=\"image-slider__media\">\n                            <img decoding=\"async\" class=\"image-slider__image\"\n                                 src=\"https:\/\/stiftadmont.at\/wp-content\/uploads\/Tag-der-offenen-Tuer-www-36-768x512.jpg\"\n                                 alt=\"Tag der offenen Tu\u0308r www\">\n                        <\/div>\n                    <\/div>\n                                    <div class=\"swiper-slide\">\n                        <div class=\"image-slider__media\">\n                            <img decoding=\"async\" class=\"image-slider__image\"\n                                 src=\"https:\/\/stiftadmont.at\/wp-content\/uploads\/Tag-der-offenen-Tuer-www-37-768x512.jpg\"\n                                 alt=\"Tag der offenen Tu\u0308r www\">\n                        <\/div>\n                    <\/div>\n                                    <div class=\"swiper-slide\">\n                        <div class=\"image-slider__media\">\n                            <img decoding=\"async\" class=\"image-slider__image\"\n                                 src=\"https:\/\/stiftadmont.at\/wp-content\/uploads\/Tag-der-offenen-Tuer-www-38-768x512.jpg\"\n                                 alt=\"Tag der offenen Tu\u0308r www\">\n                        <\/div>\n                    <\/div>\n                                    <div class=\"swiper-slide\">\n                        <div class=\"image-slider__media\">\n                            <img decoding=\"async\" class=\"image-slider__image\"\n                                 src=\"https:\/\/stiftadmont.at\/wp-content\/uploads\/Tag-der-offenen-Tuer-www-35-768x512.jpg\"\n                                 alt=\"Tag der offenen Tu\u0308r www\">\n                        <\/div>\n                    <\/div>\n                                    <div class=\"swiper-slide\">\n                        <div class=\"image-slider__media\">\n                            <img decoding=\"async\" class=\"image-slider__image\"\n                                 src=\"https:\/\/stiftadmont.at\/wp-content\/uploads\/Tag-der-offenen-Tuer-www-33-768x512.jpg\"\n                                 alt=\"Tag der offenen Tu\u0308r www\">\n                        <\/div>\n                    <\/div>\n                                    <div class=\"swiper-slide\">\n                        <div class=\"image-slider__media\">\n                            <img decoding=\"async\" class=\"image-slider__image\"\n                                 src=\"https:\/\/stiftadmont.at\/wp-content\/uploads\/Tag-der-offenen-Tuer-www-32-768x512.jpg\"\n                                 alt=\"Tag der offenen Tu\u0308r www\">\n                        <\/div>\n                    <\/div>\n                                    <div class=\"swiper-slide\">\n                        <div class=\"image-slider__media\">\n                            <img decoding=\"async\" class=\"image-slider__image\"\n                                 src=\"https:\/\/stiftadmont.at\/wp-content\/uploads\/Tag-der-offenen-Tuer-www-24-768x512.jpg\"\n                                 alt=\"Tag der offenen Tu\u0308r www\">\n                        <\/div>\n                    <\/div>\n                                    <div class=\"swiper-slide\">\n                        <div class=\"image-slider__media\">\n                            <img decoding=\"async\" class=\"image-slider__image\"\n                                 src=\"https:\/\/stiftadmont.at\/wp-content\/uploads\/Tag-der-offenen-Tuer-www-25-768x512.jpg\"\n                                 alt=\"Tag der offenen Tu\u0308r www\">\n                        <\/div>\n                    <\/div>\n                                    <div class=\"swiper-slide\">\n                        <div class=\"image-slider__media\">\n                            <img decoding=\"async\" class=\"image-slider__image\"\n                                 src=\"https:\/\/stiftadmont.at\/wp-content\/uploads\/Tag-der-offenen-Tuer-www-34-768x512.jpg\"\n                                 alt=\"Tag der offenen Tu\u0308r www\">\n                        <\/div>\n                    <\/div>\n                                    <div class=\"swiper-slide\">\n                        <div class=\"image-slider__media\">\n                            <img decoding=\"async\" class=\"image-slider__image\"\n                                 src=\"https:\/\/stiftadmont.at\/wp-content\/uploads\/Tag-der-offenen-Tuer-www-16-768x512.jpg\"\n                                 alt=\"Tag der offenen Tu\u0308r www\">\n                        <\/div>\n                    <\/div>\n                                    <div class=\"swiper-slide\">\n                        <div class=\"image-slider__media\">\n                            <img decoding=\"async\" class=\"image-slider__image\"\n                                 src=\"https:\/\/stiftadmont.at\/wp-content\/uploads\/Tag-der-offenen-Tuer-www-17-768x512.jpg\"\n                                 alt=\"Tag der offenen Tu\u0308r www\">\n                        <\/div>\n                    <\/div>\n                                    <div class=\"swiper-slide\">\n                        <div class=\"image-slider__media\">\n                            <img decoding=\"async\" class=\"image-slider__image\"\n                                 src=\"https:\/\/stiftadmont.at\/wp-content\/uploads\/Tag-der-offenen-Tuer-www-3-768x512.jpg\"\n                                 alt=\"Tag der offenen Tu\u0308r www\">\n                        <\/div>\n                    <\/div>\n                                    <div class=\"swiper-slide\">\n                        <div class=\"image-slider__media\">\n                            <img decoding=\"async\" class=\"image-slider__image\"\n                                 src=\"https:\/\/stiftadmont.at\/wp-content\/uploads\/Tag-der-offenen-Tuer-www-2-768x512.jpg\"\n                                 alt=\"Tag der offenen Tu\u0308r www\">\n                        <\/div>\n                    <\/div>\n                                    <div class=\"swiper-slide\">\n                        <div class=\"image-slider__media\">\n                            <img decoding=\"async\" class=\"image-slider__image\"\n                                 src=\"https:\/\/stiftadmont.at\/wp-content\/uploads\/Tag-der-offenen-Tuer-www-9-768x512.jpg\"\n                                 alt=\"Tag der offenen Tu\u0308r www\">\n                        <\/div>\n                    <\/div>\n                                    <div class=\"swiper-slide\">\n                        <div class=\"image-slider__media\">\n                            <img decoding=\"async\" class=\"image-slider__image\"\n                                 src=\"https:\/\/stiftadmont.at\/wp-content\/uploads\/Tag-der-offenen-Tuer-www-4-768x512.jpg\"\n                                 alt=\"Tag der offenen Tu\u0308r www\">\n                        <\/div>\n                    <\/div>\n                                    <div class=\"swiper-slide\">\n                        <div class=\"image-slider__media\">\n                            <img decoding=\"async\" class=\"image-slider__image\"\n                                 src=\"https:\/\/stiftadmont.at\/wp-content\/uploads\/Tag-der-offenen-Tuer-www-5-768x1152.jpg\"\n                                 alt=\"Tag der offenen Tu\u0308r www\">\n                        <\/div>\n                    <\/div>\n                            <\/div>\n\n            <div class=\"swiper-nav-wrapper\">\n                <button class=\"swiper-button-prev slider-button--prev\" x-ref=\"btnPrev\"\n                        aria-label=\"Vorige Bilder anzeigen\">\n                    <img decoding=\"async\" src=\"\/wp-content\/themes\/stift-admont\/src\/assets\/img\/arrow-left-big-new.svg\" alt=\"Pfeil nach Links\">\n                <\/button>\n\n\n                <a class=\"image-slider__gallery\" @click=\"openGallery(gallery)\"><i class=\"fa-thin fa-plus\"><\/i><\/a>\n                <button class=\"swiper-button-next slider-button--next\"\n                        x-ref=\"btnNext\"\n                        aria-label=\"N\u00e4chste Bilder anzeigen\">\n                    <img decoding=\"async\" src=\"\/wp-content\/themes\/stift-admont\/src\/assets\/img\/arrow-right-big-new.svg\" alt=\"Pfeil nach Rechts\">\n                <\/button>\n            <\/div>\n        <\/div>\n    <\/div>\n\n\n<\/div><\/section>","protected":false},"excerpt":{"rendered":"<p>Il 24 ottobre, lo Stiftsgymnasium Admont ha aperto le sue porte a numerosi alunni interessati e ai loro genitori. Tra le 13.00 e le 17.00, molti visitatori hanno colto l'occasione per conoscere la nostra scuola in tutte le sue sfaccettature - personalmente, direttamente e da vicino.<\/p>","protected":false},"author":7,"featured_media":38125,"comment_status":"closed","ping_status":"closed","sticky":false,"template":"","format":"standard","meta":{"_acf_changed":false,"footnotes":""},"categories":[23],"class_list":["post-38121","post","type-post","status-publish","format-standard","has-post-thumbnail","hentry","category-einrichtungen-aktuell"],"acf":[],"yoast_head":"<!-- This site is optimized with the Yoast SEO Premium plugin v26.0 (Yoast SEO v26.8) - https:\/\/yoast.com\/product\/yoast-seo-premium-wordpress\/ -->\n<title>R\u00fcckblick zum Tag der offenen T\u00fcr im Gymnasium - Stift Admont<\/title>\n<meta name=\"description\" content=\"Lesen Sie aktuelle Informationen zum Thema R\u00fcckblick zum Tag der offenen T\u00fcr im Gymnasium und vieles mehr aus dem Konvent und der Pfarre Admont.\" \/>\n<meta name=\"robots\" content=\"index, follow, max-snippet:-1, max-image-preview:large, max-video-preview:-1\" \/>\n<link rel=\"canonical\" href=\"https:\/\/stiftadmont.at\/it\/blog\/rassegna-open-day-del-ginnasio\/\" \/>\n<meta property=\"og:locale\" content=\"it_IT\" \/>\n<meta property=\"og:type\" content=\"article\" \/>\n<meta property=\"og:title\" content=\"R\u00fcckblick zum Tag der offenen T\u00fcr im Gymnasium\" \/>\n<meta property=\"og:description\" content=\"Lesen Sie aktuelle Informationen zum Thema R\u00fcckblick zum Tag der offenen T\u00fcr im Gymnasium und vieles mehr aus dem Konvent und der Pfarre Admont.\" \/>\n<meta property=\"og:url\" content=\"https:\/\/stiftadmont.at\/it\/blog\/rassegna-open-day-del-ginnasio\/\" \/>\n<meta property=\"og:site_name\" content=\"Stift Admont\" \/>\n<meta property=\"article:published_time\" content=\"2025-10-27T09:52:03+00:00\" \/>\n<meta property=\"article:modified_time\" content=\"2025-10-29T06:25:16+00:00\" \/>\n<meta property=\"og:image\" content=\"https:\/\/stiftadmont.at\/wp-content\/uploads\/Tag-der-offenen-Tuer-www-2-scaled.jpg\" \/>\n\t<meta property=\"og:image:width\" content=\"2560\" \/>\n\t<meta property=\"og:image:height\" content=\"1707\" \/>\n\t<meta property=\"og:image:type\" content=\"image\/jpeg\" \/>\n<meta name=\"author\" content=\"Mario Brandm\u00fcller\" \/>\n<meta name=\"twitter:card\" content=\"summary_large_image\" \/>\n<meta name=\"twitter:label1\" content=\"Scritto da\" \/>\n\t<meta name=\"twitter:data1\" content=\"Mario Brandm\u00fcller\" \/>\n\t<meta name=\"twitter:label2\" content=\"Tempo di lettura stimato\" \/>\n\t<meta name=\"twitter:data2\" content=\"1 minuto\" \/>\n<script type=\"application\/ld+json\" class=\"yoast-schema-graph\">{\"@context\":\"https:\/\/schema.org\",\"@graph\":[{\"@type\":\"Article\",\"@id\":\"https:\/\/stiftadmont.at\/blog\/rueckblick-tag-der-offenen-tuer-gymnasium\/#article\",\"isPartOf\":{\"@id\":\"https:\/\/stiftadmont.at\/blog\/rueckblick-tag-der-offenen-tuer-gymnasium\/\"},\"author\":{\"name\":\"Mario Brandm\u00fcller\",\"@id\":\"https:\/\/stiftadmont.at\/#\/schema\/person\/30535548b241d5f33a2e8b839db11869\"},\"headline\":\"R\u00fcckblick zum Tag der offenen T\u00fcr im Gymnasium\",\"datePublished\":\"2025-10-27T09:52:03+00:00\",\"dateModified\":\"2025-10-29T06:25:16+00:00\",\"mainEntityOfPage\":{\"@id\":\"https:\/\/stiftadmont.at\/blog\/rueckblick-tag-der-offenen-tuer-gymnasium\/\"},\"wordCount\":10,\"image\":{\"@id\":\"https:\/\/stiftadmont.at\/blog\/rueckblick-tag-der-offenen-tuer-gymnasium\/#primaryimage\"},\"thumbnailUrl\":\"https:\/\/stiftadmont.at\/wp-content\/uploads\/Tag-der-offenen-Tuer-www-2-scaled.jpg\",\"articleSection\":[\"Einrichtungen aktuell\"],\"inLanguage\":\"it-IT\"},{\"@type\":\"WebPage\",\"@id\":\"https:\/\/stiftadmont.at\/blog\/rueckblick-tag-der-offenen-tuer-gymnasium\/\",\"url\":\"https:\/\/stiftadmont.at\/blog\/rueckblick-tag-der-offenen-tuer-gymnasium\/\",\"name\":\"R\u00fcckblick zum Tag der offenen T\u00fcr im Gymnasium - Stift Admont\",\"isPartOf\":{\"@id\":\"https:\/\/stiftadmont.at\/#website\"},\"primaryImageOfPage\":{\"@id\":\"https:\/\/stiftadmont.at\/blog\/rueckblick-tag-der-offenen-tuer-gymnasium\/#primaryimage\"},\"image\":{\"@id\":\"https:\/\/stiftadmont.at\/blog\/rueckblick-tag-der-offenen-tuer-gymnasium\/#primaryimage\"},\"thumbnailUrl\":\"https:\/\/stiftadmont.at\/wp-content\/uploads\/Tag-der-offenen-Tuer-www-2-scaled.jpg\",\"datePublished\":\"2025-10-27T09:52:03+00:00\",\"dateModified\":\"2025-10-29T06:25:16+00:00\",\"author\":{\"@id\":\"https:\/\/stiftadmont.at\/#\/schema\/person\/30535548b241d5f33a2e8b839db11869\"},\"description\":\"Lesen Sie aktuelle Informationen zum Thema R\u00fcckblick zum Tag der offenen T\u00fcr im Gymnasium und vieles mehr aus dem Konvent und der Pfarre Admont.\",\"breadcrumb\":{\"@id\":\"https:\/\/stiftadmont.at\/blog\/rueckblick-tag-der-offenen-tuer-gymnasium\/#breadcrumb\"},\"inLanguage\":\"it-IT\",\"potentialAction\":[{\"@type\":\"ReadAction\",\"target\":[\"https:\/\/stiftadmont.at\/blog\/rueckblick-tag-der-offenen-tuer-gymnasium\/\"]}]},{\"@type\":\"ImageObject\",\"inLanguage\":\"it-IT\",\"@id\":\"https:\/\/stiftadmont.at\/blog\/rueckblick-tag-der-offenen-tuer-gymnasium\/#primaryimage\",\"url\":\"https:\/\/stiftadmont.at\/wp-content\/uploads\/Tag-der-offenen-Tuer-www-2-scaled.jpg\",\"contentUrl\":\"https:\/\/stiftadmont.at\/wp-content\/uploads\/Tag-der-offenen-Tuer-www-2-scaled.jpg\",\"width\":2560,\"height\":1707,\"caption\":\"Tag der offenen Tu\u0308r www\"},{\"@type\":\"BreadcrumbList\",\"@id\":\"https:\/\/stiftadmont.at\/blog\/rueckblick-tag-der-offenen-tuer-gymnasium\/#breadcrumb\",\"itemListElement\":[{\"@type\":\"ListItem\",\"position\":1,\"name\":\"Start\",\"item\":\"https:\/\/stiftadmont.at\/\"},{\"@type\":\"ListItem\",\"position\":2,\"name\":\"R\u00fcckblick zum Tag der offenen T\u00fcr im Gymnasium\"}]},{\"@type\":\"WebSite\",\"@id\":\"https:\/\/stiftadmont.at\/#website\",\"url\":\"https:\/\/stiftadmont.at\/\",\"name\":\"Stift Admont\",\"description\":\"Benediktinerkloster und Sehensw\u00fcrdigkeit im Ges\u00e4use\",\"potentialAction\":[{\"@type\":\"SearchAction\",\"target\":{\"@type\":\"EntryPoint\",\"urlTemplate\":\"https:\/\/stiftadmont.at\/?s={search_term_string}\"},\"query-input\":{\"@type\":\"PropertyValueSpecification\",\"valueRequired\":true,\"valueName\":\"search_term_string\"}}],\"inLanguage\":\"it-IT\"},{\"@type\":\"Person\",\"@id\":\"https:\/\/stiftadmont.at\/#\/schema\/person\/30535548b241d5f33a2e8b839db11869\",\"name\":\"Mario Brandm\u00fcller\"}]}<\/script>\n<!-- \/ Yoast SEO Premium plugin. -->","yoast_head_json":{"title":"Recensione dell'open day del ginnasio - Admont Abbey","description":"Leggete le ultime notizie sull'open day del ginnasio e molto altro dal convento e dalla parrocchia di Admont.","robots":{"index":"index","follow":"follow","max-snippet":"max-snippet:-1","max-image-preview":"max-image-preview:large","max-video-preview":"max-video-preview:-1"},"canonical":"https:\/\/stiftadmont.at\/it\/blog\/rassegna-open-day-del-ginnasio\/","og_locale":"it_IT","og_type":"article","og_title":"R\u00fcckblick zum Tag der offenen T\u00fcr im Gymnasium","og_description":"Lesen Sie aktuelle Informationen zum Thema R\u00fcckblick zum Tag der offenen T\u00fcr im Gymnasium und vieles mehr aus dem Konvent und der Pfarre Admont.","og_url":"https:\/\/stiftadmont.at\/it\/blog\/rassegna-open-day-del-ginnasio\/","og_site_name":"Stift Admont","article_published_time":"2025-10-27T09:52:03+00:00","article_modified_time":"2025-10-29T06:25:16+00:00","og_image":[{"width":2560,"height":1707,"url":"https:\/\/stiftadmont.at\/wp-content\/uploads\/Tag-der-offenen-Tuer-www-2-scaled.jpg","type":"image\/jpeg"}],"author":"Mario Brandm\u00fcller","twitter_card":"summary_large_image","twitter_misc":{"Scritto da":"Mario Brandm\u00fcller","Tempo di lettura stimato":"1 minuto"},"schema":{"@context":"https:\/\/schema.org","@graph":[{"@type":"Article","@id":"https:\/\/stiftadmont.at\/blog\/rueckblick-tag-der-offenen-tuer-gymnasium\/#article","isPartOf":{"@id":"https:\/\/stiftadmont.at\/blog\/rueckblick-tag-der-offenen-tuer-gymnasium\/"},"author":{"name":"Mario Brandm\u00fcller","@id":"https:\/\/stiftadmont.at\/#\/schema\/person\/30535548b241d5f33a2e8b839db11869"},"headline":"R\u00fcckblick zum Tag der offenen T\u00fcr im Gymnasium","datePublished":"2025-10-27T09:52:03+00:00","dateModified":"2025-10-29T06:25:16+00:00","mainEntityOfPage":{"@id":"https:\/\/stiftadmont.at\/blog\/rueckblick-tag-der-offenen-tuer-gymnasium\/"},"wordCount":10,"image":{"@id":"https:\/\/stiftadmont.at\/blog\/rueckblick-tag-der-offenen-tuer-gymnasium\/#primaryimage"},"thumbnailUrl":"https:\/\/stiftadmont.at\/wp-content\/uploads\/Tag-der-offenen-Tuer-www-2-scaled.jpg","articleSection":["Einrichtungen aktuell"],"inLanguage":"it-IT"},{"@type":"WebPage","@id":"https:\/\/stiftadmont.at\/blog\/rueckblick-tag-der-offenen-tuer-gymnasium\/","url":"https:\/\/stiftadmont.at\/blog\/rueckblick-tag-der-offenen-tuer-gymnasium\/","name":"Recensione dell'open day del ginnasio - Admont Abbey","isPartOf":{"@id":"https:\/\/stiftadmont.at\/#website"},"primaryImageOfPage":{"@id":"https:\/\/stiftadmont.at\/blog\/rueckblick-tag-der-offenen-tuer-gymnasium\/#primaryimage"},"image":{"@id":"https:\/\/stiftadmont.at\/blog\/rueckblick-tag-der-offenen-tuer-gymnasium\/#primaryimage"},"thumbnailUrl":"https:\/\/stiftadmont.at\/wp-content\/uploads\/Tag-der-offenen-Tuer-www-2-scaled.jpg","datePublished":"2025-10-27T09:52:03+00:00","dateModified":"2025-10-29T06:25:16+00:00","author":{"@id":"https:\/\/stiftadmont.at\/#\/schema\/person\/30535548b241d5f33a2e8b839db11869"},"description":"Leggete le ultime notizie sull'open day del ginnasio e molto altro dal convento e dalla parrocchia di Admont.","breadcrumb":{"@id":"https:\/\/stiftadmont.at\/blog\/rueckblick-tag-der-offenen-tuer-gymnasium\/#breadcrumb"},"inLanguage":"it-IT","potentialAction":[{"@type":"ReadAction","target":["https:\/\/stiftadmont.at\/blog\/rueckblick-tag-der-offenen-tuer-gymnasium\/"]}]},{"@type":"ImageObject","inLanguage":"it-IT","@id":"https:\/\/stiftadmont.at\/blog\/rueckblick-tag-der-offenen-tuer-gymnasium\/#primaryimage","url":"https:\/\/stiftadmont.at\/wp-content\/uploads\/Tag-der-offenen-Tuer-www-2-scaled.jpg","contentUrl":"https:\/\/stiftadmont.at\/wp-content\/uploads\/Tag-der-offenen-Tuer-www-2-scaled.jpg","width":2560,"height":1707,"caption":"Tag der offenen Tu\u0308r www"},{"@type":"BreadcrumbList","@id":"https:\/\/stiftadmont.at\/blog\/rueckblick-tag-der-offenen-tuer-gymnasium\/#breadcrumb","itemListElement":[{"@type":"ListItem","position":1,"name":"Start","item":"https:\/\/stiftadmont.at\/"},{"@type":"ListItem","position":2,"name":"R\u00fcckblick zum Tag der offenen T\u00fcr im Gymnasium"}]},{"@type":"WebSite","@id":"https:\/\/stiftadmont.at\/#website","url":"https:\/\/stiftadmont.at\/","name":"Abbazia di Admont","description":"Monastero benedettino e attrazione turistica nella Ges\u00e4use","potentialAction":[{"@type":"SearchAction","target":{"@type":"EntryPoint","urlTemplate":"https:\/\/stiftadmont.at\/?s={search_term_string}"},"query-input":{"@type":"PropertyValueSpecification","valueRequired":true,"valueName":"search_term_string"}}],"inLanguage":"it-IT"},{"@type":"Person","@id":"https:\/\/stiftadmont.at\/#\/schema\/person\/30535548b241d5f33a2e8b839db11869","name":"Mario Brandm\u00fcller"}]}},"_links":{"self":[{"href":"https:\/\/stiftadmont.at\/it\/wp-json\/wp\/v2\/posts\/38121","targetHints":{"allow":["GET"]}}],"collection":[{"href":"https:\/\/stiftadmont.at\/it\/wp-json\/wp\/v2\/posts"}],"about":[{"href":"https:\/\/stiftadmont.at\/it\/wp-json\/wp\/v2\/types\/post"}],"author":[{"embeddable":true,"href":"https:\/\/stiftadmont.at\/it\/wp-json\/wp\/v2\/users\/7"}],"replies":[{"embeddable":true,"href":"https:\/\/stiftadmont.at\/it\/wp-json\/wp\/v2\/comments?post=38121"}],"version-history":[{"count":5,"href":"https:\/\/stiftadmont.at\/it\/wp-json\/wp\/v2\/posts\/38121\/revisions"}],"predecessor-version":[{"id":38182,"href":"https:\/\/stiftadmont.at\/it\/wp-json\/wp\/v2\/posts\/38121\/revisions\/38182"}],"wp:featuredmedia":[{"embeddable":true,"href":"https:\/\/stiftadmont.at\/it\/wp-json\/wp\/v2\/media\/38125"}],"wp:attachment":[{"href":"https:\/\/stiftadmont.at\/it\/wp-json\/wp\/v2\/media?parent=38121"}],"wp:term":[{"taxonomy":"category","embeddable":true,"href":"https:\/\/stiftadmont.at\/it\/wp-json\/wp\/v2\/categories?post=38121"}],"curies":[{"name":"wp","href":"https:\/\/api.w.org\/{rel}","templated":true}]}}