{"id":38310,"date":"2025-11-11T10:53:06","date_gmt":"2025-11-11T08:53:06","guid":{"rendered":"https:\/\/stiftadmont.at\/?p=38310"},"modified":"2025-11-11T10:57:22","modified_gmt":"2025-11-11T08:57:22","slug":"il-nuovo-locatario-della-malga-sport-sul-kaiserau-ulli-matlschweiger-subentra-nel-dicembre-2025","status":"publish","type":"post","link":"https:\/\/stiftadmont.at\/it\/blog\/neuer-paechter-der-sportalm-auf-der-kaiserau-ulli-matlschweiger-uebernimmt-mit-dezember-2025\/","title":{"rendered":"Nuovo inquilino alla Sportalm: Ulli prende il suo posto"},"content":{"rendered":"<section id='lightpress__section--block_52344ddf5e5d3277df05c98780dfc7c9' class='lightpress__section--default-section-space lightpress__section lightpress__section--content'><div class=\"content__inner\"\n         x-init=\"initContentBlockAnim($el)\">\n        \n    <div class=\"content__grid content__grid--fifty-fifty\">\n                                            <div class=\"content__box content__box\"\n                 style=\"\">\n                                \n                \n                                            <div class=\"prose\"><h5 class=\"heading-m line line-above line--gold\">Neuer P\u00e4chter \u00fcbernimmt&#8230;.<\/h5>\n<p>\u00a0<\/p>\n<p>Die Kaiserau, bekannt als familienfreundliches Freizeit- und Erholungsgebiet, begeistert das ganze Jahr \u00fcber: im Sommer mit herrlichen Wanderwegen, im Winter als beliebtes Skigebiet der Region. Im Herzen dieses Naturparadieses befindet sich die Sportalm \u2013 die gastronomische Anlaufstelle f\u00fcr alle, die Genuss, Gastfreundschaft und regionale Qualit\u00e4t sch\u00e4tzen.<\/p>\n<p>\u00a0<\/p>\n<p>Mit <strong>Dezember 2025<\/strong> \u00fcbernimmt Ulli Matlschweiger, erfolgreicher P\u00e4chter des Stiftskellers Admont, auch die Sportalm auf der Kaiserau. Damit wird ein erfahrener Gastgeber und leidenschaftlicher Gastronom die Sportalm \u00fcbernehmen und die Betreuung des beliebten Ausflugsziels in neue H\u00e4nde gelegt \u2013 mit einem klaren Fokus auf Qualit\u00e4t, Regionalit\u00e4t und herzlicher Gastfreundschaft.<\/p>\n<p>\u00a0<\/p>\n<p>Auf rund 1.100 Metern Seeh\u00f6he ist die Sportalm ein beliebter Treffpunkt f\u00fcr Genie\u00dfer und Aktivurlauber mitten im herrlichen Naturparadies der Kaiserau. Ob nach dem Wandern, Skifahren oder einfach zum Entspannen: In der gem\u00fctlichen Gaststube, dem urigen St\u00fcberl oder auf der Sonnenterrasse mit Panoramablick werden die G\u00e4ste mit regionalen Spezialit\u00e4ten und hausgemachten K\u00f6stlichkeiten aus der heimischen K\u00fcche verw\u00f6hnt.<\/p>\n<p>\u00a0<\/p>\n<\/div>\n                    \n                            <\/div>\n        \n                                                    <div class=\"content__box content__box--2\"\n                     >\n                                        \n                    \n                                                <div class=\"content__media stickyTo\" x-init=\"imageSticky($el)\">\n\n                                                                                    <picture\n                                    class=\"content__image sticky\">\n                                <source srcset=\"https:\/\/stiftadmont.at\/wp-content\/uploads\/Sportalm-Kaiserau_Essen_-\u00a9-Veronika-Husarova-4-872x1024.webp\" type=\"image\/webp\">\n                                <source srcset=\"https:\/\/stiftadmont.at\/wp-content\/uploads\/Sportalm-Kaiserau_Essen_-\u00a9-Veronika-Husarova-4-872x1024.jpg\" type=\"image\/jpeg\">\n                                <img decoding=\"async\" class=\"sticky\" loading=\"lazy\" src=\"https:\/\/stiftadmont.at\/wp-content\/uploads\/Sportalm-Kaiserau_Essen_-\u00a9-Veronika-Husarova-4-872x1024.jpg\" alt=\"Sportalm Kaiserau Essen  \u00a9 Veronika Husarova (4)\" \/>\n\n                                                                                                                            <\/picture>\n\n                        <\/div>\n\n                                    <\/div>\n            \n            <\/div>\n<\/div>\n\n<\/section>\n\n<section id='lightpress__section--block_eaa33e910578851b1ac76786d4d3b189' class='bg--beige lightpress__section--colored-bg lightpress__section--default-section-space lightpress__section lightpress__section--content'><div class=\"content__inner\"\n         x-init=\"initContentBlockAnim($el)\">\n        \n    <div class=\"content__grid content__grid--fifty-fifty\">\n                                            <div class=\"content__box content__box\"\n                 style=\"\">\n                                \n                \n                                        <div class=\"content__media stickyTo\" x-init=\"imageSticky($el)\">\n\n                                                                                                <picture\n                                class=\"content__image sticky\">\n                            <source srcset=\"https:\/\/stiftadmont.at\/wp-content\/uploads\/Kaiserau_\u00a9Thomas-Sattler-8_www-1024x683.jpg\"\n                                    type=\"image\/webp\">\n                            <source srcset=\"https:\/\/stiftadmont.at\/wp-content\/uploads\/Kaiserau_\u00a9Thomas-Sattler-8_www-1024x683.jpg\"\n                                    type=\"image\/jpeg\">\n                            <img decoding=\"async\" loading=\"lazy\" src=\"https:\/\/stiftadmont.at\/wp-content\/uploads\/Kaiserau_\u00a9Thomas-Sattler-8_www-1024x683.jpg\" alt=\"Kaiserau \u00a9Thomas Sattler 8 www\" width=\"600\" height=\"450\" \/>\n                                                                                                            <\/picture>\n\n                    <\/div>\n\n                            <\/div>\n        \n                                                    <div class=\"content__box content__box--2\"\n                     >\n                                        \n                    \n                                                    <div class=\"prose\"><p><strong>Ulli Matlschweiger<\/strong>, k\u00fcnftiger P\u00e4chter der Sportalm, blickt seiner neuen Aufgabe mit Freude entgegen: \u201eIch freue mich sehr auf diese neue Herausforderung und auf die M\u00f6glichkeit, die Sportalm auf der Kaiserau k\u00fcnftig f\u00fchren zu d\u00fcrfen. Die Lage, die Natur und die besondere Atmosph\u00e4re hier oben sind einzigartig. Mein Ziel ist es, den G\u00e4sten auf der Kaiserau dieselbe Qualit\u00e4t, Regionalit\u00e4t und Herzlichkeit zu bieten, die sie bereits aus dem Stiftskeller Admont kennen \u2013 einfach ein Ort zum Wohlf\u00fchlen, Genie\u00dfen und Zusammenkommen.\u201c<\/p>\n<p>\u00a0<\/p>\n<p><strong>Mario Brandm\u00fcller<\/strong>, Gesch\u00e4ftsf\u00fchrer der Kaiserau Tourismus GmbH, freut sich \u00fcber die k\u00fcnftige Zusammenarbeit: \u201eWir freuen uns, dass wir nach der erfolgreichen Zusammenarbeit mit dem letzten P\u00e4chter, Veronika Kapinova und Patrik Husar, nun mit Ulli Matlschweiger einen gro\u00dfartigen Nachfolger gefunden haben. Mit seinem Engagement, seiner Erfahrung und seiner Leidenschaft f\u00fcr Regionalit\u00e4t ist er die ideale Besetzung f\u00fcr die Sportalm. Gemeinsam wollen wir das gesamte Angebot auf der Kaiserau weiter st\u00e4rken und unseren G\u00e4sten auch in Zukunft h\u00f6chste Qualit\u00e4t und herzliche Gastfreundschaft bieten.\u201c<\/p>\n<p>\u00a0<\/p>\n<\/div>\n                        \n                                    <\/div>\n            \n            <\/div>\n<\/div>\n\n    <div class=\"background__container background__container--beige\">\n    <\/div>\n\n<\/section>\n\n<section id='lightpress__section--block_d6c0d29f8b5eaa14afc90f62bae446a6' class='lightpress__section--default-section-space lightpress__section lightpress__section--image-slider'>\n<div class=\"image-slider\"\n     x-data=\"{ gallery: null, shown: false }\"\n     x-init=\"gallery = initSliderGallery([{&quot;href&quot;:&quot;https:\\\/\\\/stiftadmont.at\\\/wp-content\\\/uploads\\\/Kaiserau_\\u00a9Thomas-Sattler-8_www-1920x1280.jpg&quot;,&quot;type&quot;:&quot;image&quot;},{&quot;href&quot;:&quot;https:\\\/\\\/stiftadmont.at\\\/wp-content\\\/uploads\\\/Kaiserau_\\u00a9Thomas-Sattler-7_www-1920x1280.jpg&quot;,&quot;type&quot;:&quot;image&quot;},{&quot;href&quot;:&quot;https:\\\/\\\/stiftadmont.at\\\/wp-content\\\/uploads\\\/Kaiserau_\\u00a9Thomas-Sattler-5_www-1920x1280.jpg&quot;,&quot;type&quot;:&quot;image&quot;},{&quot;href&quot;:&quot;https:\\\/\\\/stiftadmont.at\\\/wp-content\\\/uploads\\\/Kaiserau-Spielplatz-002.jpg&quot;,&quot;type&quot;:&quot;image&quot;},{&quot;href&quot;:&quot;https:\\\/\\\/stiftadmont.at\\\/wp-content\\\/uploads\\\/Kaiserau_\\u00a9Thomas-Sattler-6-e1648798622215-1920x1280.jpg&quot;,&quot;type&quot;:&quot;image&quot;},{&quot;href&quot;:&quot;https:\\\/\\\/stiftadmont.at\\\/wp-content\\\/uploads\\\/Kaiserau_\\u00a9Thomas-Sattler-4-1920x1280.jpg&quot;,&quot;type&quot;:&quot;image&quot;}]); initImageSliderBlockAnim($el);\">\n    <div class=\"image-slider__inner\">\n\n        <div class=\"swiper-container\" x-init=\"initImageSliderBlock($el, $refs.btnPrev, $refs.btnNext)\">\n            <div class=\"swiper-wrapper\">\n                                    <div class=\"swiper-slide\">\n                        <div class=\"image-slider__media\">\n                            <img decoding=\"async\" class=\"image-slider__image\"\n                                 src=\"https:\/\/stiftadmont.at\/wp-content\/uploads\/Kaiserau_\u00a9Thomas-Sattler-8_www-768x512.jpg\"\n                                 alt=\"Kaiserau \u00a9Thomas Sattler 8 www\">\n                        <\/div>\n                    <\/div>\n                                    <div class=\"swiper-slide\">\n                        <div class=\"image-slider__media\">\n                            <img decoding=\"async\" class=\"image-slider__image\"\n                                 src=\"https:\/\/stiftadmont.at\/wp-content\/uploads\/Kaiserau_\u00a9Thomas-Sattler-7_www-768x512.jpg\"\n                                 alt=\"Kaiserau \u00a9Thomas Sattler 7 www\">\n                        <\/div>\n                    <\/div>\n                                    <div class=\"swiper-slide\">\n                        <div class=\"image-slider__media\">\n                            <img decoding=\"async\" class=\"image-slider__image\"\n                                 src=\"https:\/\/stiftadmont.at\/wp-content\/uploads\/Kaiserau_\u00a9Thomas-Sattler-5_www-768x512.jpg\"\n                                 alt=\"Kaiserau \u00a9Thomas Sattler 5 www\">\n                        <\/div>\n                    <\/div>\n                                    <div class=\"swiper-slide\">\n                        <div class=\"image-slider__media\">\n                            <img decoding=\"async\" class=\"image-slider__image\"\n                                 src=\"https:\/\/stiftadmont.at\/wp-content\/uploads\/Kaiserau-Spielplatz-002-768x432.jpg\"\n                                 alt=\"Kaiserau Spielplatz 002\">\n                        <\/div>\n                    <\/div>\n                                    <div class=\"swiper-slide\">\n                        <div class=\"image-slider__media\">\n                            <img decoding=\"async\" class=\"image-slider__image\"\n                                 src=\"https:\/\/stiftadmont.at\/wp-content\/uploads\/Kaiserau_\u00a9Thomas-Sattler-6-e1648798622215-768x512.jpg\"\n                                 alt=\"Kaiserau im Sommer \u00a9 Thomas Sattler\">\n                        <\/div>\n                    <\/div>\n                                    <div class=\"swiper-slide\">\n                        <div class=\"image-slider__media\">\n                            <img decoding=\"async\" class=\"image-slider__image\"\n                                 src=\"https:\/\/stiftadmont.at\/wp-content\/uploads\/Kaiserau_\u00a9Thomas-Sattler-4-768x512.jpg\"\n                                 alt=\"Kaiserau im Sommer \u00a9 Thomas Sattler\">\n                        <\/div>\n                    <\/div>\n                            <\/div>\n\n            <div class=\"swiper-nav-wrapper\">\n                <button class=\"swiper-button-prev slider-button--prev\" x-ref=\"btnPrev\"\n                        aria-label=\"Vorige Bilder anzeigen\">\n                    <img decoding=\"async\" src=\"\/wp-content\/themes\/stift-admont\/src\/assets\/img\/arrow-left-big-new.svg\" alt=\"Pfeil nach Links\">\n                <\/button>\n\n\n                <a class=\"image-slider__gallery\" @click=\"openGallery(gallery)\"><i class=\"fa-thin fa-plus\"><\/i><\/a>\n                <button class=\"swiper-button-next slider-button--next\"\n                        x-ref=\"btnNext\"\n                        aria-label=\"N\u00e4chste Bilder anzeigen\">\n                    <img decoding=\"async\" src=\"\/wp-content\/themes\/stift-admont\/src\/assets\/img\/arrow-right-big-new.svg\" alt=\"Pfeil nach Rechts\">\n                <\/button>\n            <\/div>\n        <\/div>\n    <\/div>\n\n\n<\/div><\/section>","protected":false},"excerpt":{"rendered":"<p>Nel dicembre 2025, Ulli Matlschweiger, affittuario di successo dello Stiftskeller Admont, rilever\u00e0 anche la Sportalm sul Kaiserau.<\/p>","protected":false},"author":7,"featured_media":32437,"comment_status":"closed","ping_status":"closed","sticky":false,"template":"","format":"standard","meta":{"_acf_changed":false,"footnotes":""},"categories":[23],"class_list":["post-38310","post","type-post","status-publish","format-standard","has-post-thumbnail","hentry","category-einrichtungen-aktuell"],"acf":[],"yoast_head":"<!-- This site is optimized with the Yoast SEO Premium plugin v26.0 (Yoast SEO v26.8) - https:\/\/yoast.com\/product\/yoast-seo-premium-wordpress\/ -->\n<title>Neuer P\u00e4chter auf der Sportalm \u2013 Ulli \u00fcbernimmt - Stift Admont<\/title>\n<meta name=\"description\" content=\"Lesen Sie aktuelle Informationen zum Thema Neuer P\u00e4chter auf der Sportalm \u2013 Ulli \u00fcbernimmt und vieles mehr aus dem Konvent und der Pfarre Admont.\" \/>\n<meta name=\"robots\" content=\"index, follow, max-snippet:-1, max-image-preview:large, max-video-preview:-1\" \/>\n<link rel=\"canonical\" href=\"https:\/\/stiftadmont.at\/it\/blog\/il-nuovo-locatario-della-malga-sport-sul-kaiserau-ulli-matlschweiger-subentra-nel-dicembre-2025\/\" \/>\n<meta property=\"og:locale\" content=\"it_IT\" \/>\n<meta property=\"og:type\" content=\"article\" \/>\n<meta property=\"og:title\" content=\"Neuer P\u00e4chter auf der Sportalm \u2013 Ulli \u00fcbernimmt\" \/>\n<meta property=\"og:description\" content=\"Lesen Sie aktuelle Informationen zum Thema Neuer P\u00e4chter auf der Sportalm \u2013 Ulli \u00fcbernimmt und vieles mehr aus dem Konvent und der Pfarre Admont.\" \/>\n<meta property=\"og:url\" content=\"https:\/\/stiftadmont.at\/it\/blog\/il-nuovo-locatario-della-malga-sport-sul-kaiserau-ulli-matlschweiger-subentra-nel-dicembre-2025\/\" \/>\n<meta property=\"og:site_name\" content=\"Stift Admont\" \/>\n<meta property=\"article:published_time\" content=\"2025-11-11T08:53:06+00:00\" \/>\n<meta property=\"article:modified_time\" content=\"2025-11-11T08:57:22+00:00\" \/>\n<meta property=\"og:image\" content=\"https:\/\/stiftadmont.at\/wp-content\/uploads\/Kaiserau-Sportalm.jpg\" \/>\n\t<meta property=\"og:image:width\" content=\"1940\" \/>\n\t<meta property=\"og:image:height\" content=\"1269\" \/>\n\t<meta property=\"og:image:type\" content=\"image\/jpeg\" \/>\n<meta name=\"author\" content=\"Mario Brandm\u00fcller\" \/>\n<meta name=\"twitter:card\" content=\"summary_large_image\" \/>\n<meta name=\"twitter:label1\" content=\"Scritto da\" \/>\n\t<meta name=\"twitter:data1\" content=\"Mario Brandm\u00fcller\" \/>\n\t<meta name=\"twitter:label2\" content=\"Tempo di lettura stimato\" \/>\n\t<meta name=\"twitter:data2\" content=\"1 minuto\" \/>\n<script type=\"application\/ld+json\" class=\"yoast-schema-graph\">{\"@context\":\"https:\/\/schema.org\",\"@graph\":[{\"@type\":\"Article\",\"@id\":\"https:\/\/stiftadmont.at\/blog\/neuer-paechter-der-sportalm-auf-der-kaiserau-ulli-matlschweiger-uebernimmt-mit-dezember-2025\/#article\",\"isPartOf\":{\"@id\":\"https:\/\/stiftadmont.at\/blog\/neuer-paechter-der-sportalm-auf-der-kaiserau-ulli-matlschweiger-uebernimmt-mit-dezember-2025\/\"},\"author\":{\"name\":\"Mario Brandm\u00fcller\",\"@id\":\"https:\/\/stiftadmont.at\/#\/schema\/person\/30535548b241d5f33a2e8b839db11869\"},\"headline\":\"Neuer P\u00e4chter auf der Sportalm \u2013 Ulli \u00fcbernimmt\",\"datePublished\":\"2025-11-11T08:53:06+00:00\",\"dateModified\":\"2025-11-11T08:57:22+00:00\",\"mainEntityOfPage\":{\"@id\":\"https:\/\/stiftadmont.at\/blog\/neuer-paechter-der-sportalm-auf-der-kaiserau-ulli-matlschweiger-uebernimmt-mit-dezember-2025\/\"},\"wordCount\":8,\"image\":{\"@id\":\"https:\/\/stiftadmont.at\/blog\/neuer-paechter-der-sportalm-auf-der-kaiserau-ulli-matlschweiger-uebernimmt-mit-dezember-2025\/#primaryimage\"},\"thumbnailUrl\":\"https:\/\/stiftadmont.at\/wp-content\/uploads\/Kaiserau-Sportalm.jpg\",\"articleSection\":[\"Einrichtungen aktuell\"],\"inLanguage\":\"it-IT\"},{\"@type\":\"WebPage\",\"@id\":\"https:\/\/stiftadmont.at\/blog\/neuer-paechter-der-sportalm-auf-der-kaiserau-ulli-matlschweiger-uebernimmt-mit-dezember-2025\/\",\"url\":\"https:\/\/stiftadmont.at\/blog\/neuer-paechter-der-sportalm-auf-der-kaiserau-ulli-matlschweiger-uebernimmt-mit-dezember-2025\/\",\"name\":\"Neuer P\u00e4chter auf der Sportalm \u2013 Ulli \u00fcbernimmt - Stift Admont\",\"isPartOf\":{\"@id\":\"https:\/\/stiftadmont.at\/#website\"},\"primaryImageOfPage\":{\"@id\":\"https:\/\/stiftadmont.at\/blog\/neuer-paechter-der-sportalm-auf-der-kaiserau-ulli-matlschweiger-uebernimmt-mit-dezember-2025\/#primaryimage\"},\"image\":{\"@id\":\"https:\/\/stiftadmont.at\/blog\/neuer-paechter-der-sportalm-auf-der-kaiserau-ulli-matlschweiger-uebernimmt-mit-dezember-2025\/#primaryimage\"},\"thumbnailUrl\":\"https:\/\/stiftadmont.at\/wp-content\/uploads\/Kaiserau-Sportalm.jpg\",\"datePublished\":\"2025-11-11T08:53:06+00:00\",\"dateModified\":\"2025-11-11T08:57:22+00:00\",\"author\":{\"@id\":\"https:\/\/stiftadmont.at\/#\/schema\/person\/30535548b241d5f33a2e8b839db11869\"},\"description\":\"Lesen Sie aktuelle Informationen zum Thema Neuer P\u00e4chter auf der Sportalm \u2013 Ulli \u00fcbernimmt und vieles mehr aus dem Konvent und der Pfarre Admont.\",\"breadcrumb\":{\"@id\":\"https:\/\/stiftadmont.at\/blog\/neuer-paechter-der-sportalm-auf-der-kaiserau-ulli-matlschweiger-uebernimmt-mit-dezember-2025\/#breadcrumb\"},\"inLanguage\":\"it-IT\",\"potentialAction\":[{\"@type\":\"ReadAction\",\"target\":[\"https:\/\/stiftadmont.at\/blog\/neuer-paechter-der-sportalm-auf-der-kaiserau-ulli-matlschweiger-uebernimmt-mit-dezember-2025\/\"]}]},{\"@type\":\"ImageObject\",\"inLanguage\":\"it-IT\",\"@id\":\"https:\/\/stiftadmont.at\/blog\/neuer-paechter-der-sportalm-auf-der-kaiserau-ulli-matlschweiger-uebernimmt-mit-dezember-2025\/#primaryimage\",\"url\":\"https:\/\/stiftadmont.at\/wp-content\/uploads\/Kaiserau-Sportalm.jpg\",\"contentUrl\":\"https:\/\/stiftadmont.at\/wp-content\/uploads\/Kaiserau-Sportalm.jpg\",\"width\":1940,\"height\":1269,\"caption\":\"Kaiserau Sportalm\"},{\"@type\":\"BreadcrumbList\",\"@id\":\"https:\/\/stiftadmont.at\/blog\/neuer-paechter-der-sportalm-auf-der-kaiserau-ulli-matlschweiger-uebernimmt-mit-dezember-2025\/#breadcrumb\",\"itemListElement\":[{\"@type\":\"ListItem\",\"position\":1,\"name\":\"Start\",\"item\":\"https:\/\/stiftadmont.at\/\"},{\"@type\":\"ListItem\",\"position\":2,\"name\":\"Neuer P\u00e4chter auf der Sportalm \u2013 Ulli \u00fcbernimmt\"}]},{\"@type\":\"WebSite\",\"@id\":\"https:\/\/stiftadmont.at\/#website\",\"url\":\"https:\/\/stiftadmont.at\/\",\"name\":\"Stift Admont\",\"description\":\"Benediktinerkloster und Sehensw\u00fcrdigkeit im Ges\u00e4use\",\"potentialAction\":[{\"@type\":\"SearchAction\",\"target\":{\"@type\":\"EntryPoint\",\"urlTemplate\":\"https:\/\/stiftadmont.at\/?s={search_term_string}\"},\"query-input\":{\"@type\":\"PropertyValueSpecification\",\"valueRequired\":true,\"valueName\":\"search_term_string\"}}],\"inLanguage\":\"it-IT\"},{\"@type\":\"Person\",\"@id\":\"https:\/\/stiftadmont.at\/#\/schema\/person\/30535548b241d5f33a2e8b839db11869\",\"name\":\"Mario Brandm\u00fcller\"}]}<\/script>\n<!-- \/ Yoast SEO Premium plugin. -->","yoast_head_json":{"title":"Nuovo inquilino alla Sportalm: Ulli prende il suo posto - Abbazia di Admont","description":"Leggete le ultime informazioni sul nuovo inquilino della Sportalm - Ulli subentra e molto altro dal convento e dalla parrocchia di Admont.","robots":{"index":"index","follow":"follow","max-snippet":"max-snippet:-1","max-image-preview":"max-image-preview:large","max-video-preview":"max-video-preview:-1"},"canonical":"https:\/\/stiftadmont.at\/it\/blog\/il-nuovo-locatario-della-malga-sport-sul-kaiserau-ulli-matlschweiger-subentra-nel-dicembre-2025\/","og_locale":"it_IT","og_type":"article","og_title":"Neuer P\u00e4chter auf der Sportalm \u2013 Ulli \u00fcbernimmt","og_description":"Lesen Sie aktuelle Informationen zum Thema Neuer P\u00e4chter auf der Sportalm \u2013 Ulli \u00fcbernimmt und vieles mehr aus dem Konvent und der Pfarre Admont.","og_url":"https:\/\/stiftadmont.at\/it\/blog\/il-nuovo-locatario-della-malga-sport-sul-kaiserau-ulli-matlschweiger-subentra-nel-dicembre-2025\/","og_site_name":"Stift Admont","article_published_time":"2025-11-11T08:53:06+00:00","article_modified_time":"2025-11-11T08:57:22+00:00","og_image":[{"width":1940,"height":1269,"url":"https:\/\/stiftadmont.at\/wp-content\/uploads\/Kaiserau-Sportalm.jpg","type":"image\/jpeg"}],"author":"Mario Brandm\u00fcller","twitter_card":"summary_large_image","twitter_misc":{"Scritto da":"Mario Brandm\u00fcller","Tempo di lettura stimato":"1 minuto"},"schema":{"@context":"https:\/\/schema.org","@graph":[{"@type":"Article","@id":"https:\/\/stiftadmont.at\/blog\/neuer-paechter-der-sportalm-auf-der-kaiserau-ulli-matlschweiger-uebernimmt-mit-dezember-2025\/#article","isPartOf":{"@id":"https:\/\/stiftadmont.at\/blog\/neuer-paechter-der-sportalm-auf-der-kaiserau-ulli-matlschweiger-uebernimmt-mit-dezember-2025\/"},"author":{"name":"Mario Brandm\u00fcller","@id":"https:\/\/stiftadmont.at\/#\/schema\/person\/30535548b241d5f33a2e8b839db11869"},"headline":"Neuer P\u00e4chter auf der Sportalm \u2013 Ulli \u00fcbernimmt","datePublished":"2025-11-11T08:53:06+00:00","dateModified":"2025-11-11T08:57:22+00:00","mainEntityOfPage":{"@id":"https:\/\/stiftadmont.at\/blog\/neuer-paechter-der-sportalm-auf-der-kaiserau-ulli-matlschweiger-uebernimmt-mit-dezember-2025\/"},"wordCount":8,"image":{"@id":"https:\/\/stiftadmont.at\/blog\/neuer-paechter-der-sportalm-auf-der-kaiserau-ulli-matlschweiger-uebernimmt-mit-dezember-2025\/#primaryimage"},"thumbnailUrl":"https:\/\/stiftadmont.at\/wp-content\/uploads\/Kaiserau-Sportalm.jpg","articleSection":["Einrichtungen aktuell"],"inLanguage":"it-IT"},{"@type":"WebPage","@id":"https:\/\/stiftadmont.at\/blog\/neuer-paechter-der-sportalm-auf-der-kaiserau-ulli-matlschweiger-uebernimmt-mit-dezember-2025\/","url":"https:\/\/stiftadmont.at\/blog\/neuer-paechter-der-sportalm-auf-der-kaiserau-ulli-matlschweiger-uebernimmt-mit-dezember-2025\/","name":"Nuovo inquilino alla Sportalm: Ulli prende il suo posto - Abbazia di Admont","isPartOf":{"@id":"https:\/\/stiftadmont.at\/#website"},"primaryImageOfPage":{"@id":"https:\/\/stiftadmont.at\/blog\/neuer-paechter-der-sportalm-auf-der-kaiserau-ulli-matlschweiger-uebernimmt-mit-dezember-2025\/#primaryimage"},"image":{"@id":"https:\/\/stiftadmont.at\/blog\/neuer-paechter-der-sportalm-auf-der-kaiserau-ulli-matlschweiger-uebernimmt-mit-dezember-2025\/#primaryimage"},"thumbnailUrl":"https:\/\/stiftadmont.at\/wp-content\/uploads\/Kaiserau-Sportalm.jpg","datePublished":"2025-11-11T08:53:06+00:00","dateModified":"2025-11-11T08:57:22+00:00","author":{"@id":"https:\/\/stiftadmont.at\/#\/schema\/person\/30535548b241d5f33a2e8b839db11869"},"description":"Leggete le ultime informazioni sul nuovo inquilino della Sportalm - Ulli subentra e molto altro dal convento e dalla parrocchia di Admont.","breadcrumb":{"@id":"https:\/\/stiftadmont.at\/blog\/neuer-paechter-der-sportalm-auf-der-kaiserau-ulli-matlschweiger-uebernimmt-mit-dezember-2025\/#breadcrumb"},"inLanguage":"it-IT","potentialAction":[{"@type":"ReadAction","target":["https:\/\/stiftadmont.at\/blog\/neuer-paechter-der-sportalm-auf-der-kaiserau-ulli-matlschweiger-uebernimmt-mit-dezember-2025\/"]}]},{"@type":"ImageObject","inLanguage":"it-IT","@id":"https:\/\/stiftadmont.at\/blog\/neuer-paechter-der-sportalm-auf-der-kaiserau-ulli-matlschweiger-uebernimmt-mit-dezember-2025\/#primaryimage","url":"https:\/\/stiftadmont.at\/wp-content\/uploads\/Kaiserau-Sportalm.jpg","contentUrl":"https:\/\/stiftadmont.at\/wp-content\/uploads\/Kaiserau-Sportalm.jpg","width":1940,"height":1269,"caption":"Kaiserau Sportalm"},{"@type":"BreadcrumbList","@id":"https:\/\/stiftadmont.at\/blog\/neuer-paechter-der-sportalm-auf-der-kaiserau-ulli-matlschweiger-uebernimmt-mit-dezember-2025\/#breadcrumb","itemListElement":[{"@type":"ListItem","position":1,"name":"Start","item":"https:\/\/stiftadmont.at\/"},{"@type":"ListItem","position":2,"name":"Neuer P\u00e4chter auf der Sportalm \u2013 Ulli \u00fcbernimmt"}]},{"@type":"WebSite","@id":"https:\/\/stiftadmont.at\/#website","url":"https:\/\/stiftadmont.at\/","name":"Abbazia di Admont","description":"Monastero benedettino e attrazione turistica nella Ges\u00e4use","potentialAction":[{"@type":"SearchAction","target":{"@type":"EntryPoint","urlTemplate":"https:\/\/stiftadmont.at\/?s={search_term_string}"},"query-input":{"@type":"PropertyValueSpecification","valueRequired":true,"valueName":"search_term_string"}}],"inLanguage":"it-IT"},{"@type":"Person","@id":"https:\/\/stiftadmont.at\/#\/schema\/person\/30535548b241d5f33a2e8b839db11869","name":"Mario Brandm\u00fcller"}]}},"_links":{"self":[{"href":"https:\/\/stiftadmont.at\/it\/wp-json\/wp\/v2\/posts\/38310","targetHints":{"allow":["GET"]}}],"collection":[{"href":"https:\/\/stiftadmont.at\/it\/wp-json\/wp\/v2\/posts"}],"about":[{"href":"https:\/\/stiftadmont.at\/it\/wp-json\/wp\/v2\/types\/post"}],"author":[{"embeddable":true,"href":"https:\/\/stiftadmont.at\/it\/wp-json\/wp\/v2\/users\/7"}],"replies":[{"embeddable":true,"href":"https:\/\/stiftadmont.at\/it\/wp-json\/wp\/v2\/comments?post=38310"}],"version-history":[{"count":6,"href":"https:\/\/stiftadmont.at\/it\/wp-json\/wp\/v2\/posts\/38310\/revisions"}],"predecessor-version":[{"id":39424,"href":"https:\/\/stiftadmont.at\/it\/wp-json\/wp\/v2\/posts\/38310\/revisions\/39424"}],"wp:featuredmedia":[{"embeddable":true,"href":"https:\/\/stiftadmont.at\/it\/wp-json\/wp\/v2\/media\/32437"}],"wp:attachment":[{"href":"https:\/\/stiftadmont.at\/it\/wp-json\/wp\/v2\/media?parent=38310"}],"wp:term":[{"taxonomy":"category","embeddable":true,"href":"https:\/\/stiftadmont.at\/it\/wp-json\/wp\/v2\/categories?post=38310"}],"curies":[{"name":"wp","href":"https:\/\/api.w.org\/{rel}","templated":true}]}}