{"id":4368,"date":"2021-07-27T14:32:00","date_gmt":"2021-07-27T12:32:00","guid":{"rendered":"https:\/\/stiftadmont.at\/?p=4368"},"modified":"2023-04-27T08:53:15","modified_gmt":"2023-04-27T06:53:15","slug":"autunno-rumoroso","status":"publish","type":"post","link":"https:\/\/stiftadmont.at\/it\/blog\/lautenherbst\/","title":{"rendered":"Autunno del liuto all'Abbazia di Admont"},"content":{"rendered":"<section id='lightpress__section--block_60fffc62833ef' class='lightpress__section--default-section-space lightpress__section lightpress__section--content'><div class=\"content__inner\"\n         x-init=\"initContentBlockAnim($el)\">\n        \n    <div class=\"content__grid content__grid\">\n                                            <div class=\"content__box content__box--one-hundred\"\n                 style=\"\">\n                                \n                \n                                            <div class=\"prose\"><h2 class=\"heading-xxl line line--gold\">7\u00b0 Ammonizzatore Lautenherbst<\/h2>\n<p class=\"paragraph-m\">Per la settima volta, l'Abbazia benedettina di Admont ospita un festival di liuto e canto. Quest'anno il festival sar\u00e0 ampliato e proporr\u00e0 concerti di alto livello, ai quali vi invitiamo cordialmente:<\/p>\n<h4 class=\"heading-l\">Mercoled\u00ec 1. 9. 2021, ore 19:00 Chiesa abbaziale di Admont<\/h4>\n<p class=\"paragraph-m\">\"Il Barocco incontra il Folk\" concerto di apertura con \"I Zefirelli\" Un concerto di superlativi di un giovane ensemble di 6 elementi di Amburgo\/Brema. \u00c8 sinonimo di idee concertistiche innovative e di una ventata di aria fresca nella musica antica. Fondato nel 2011, ha gi\u00e0 vinto numerosi premi in concorsi internazionali di musica da camera. Nel 2013, \"I Zefirelli\" sono stati nominati Orchestra della Corte di Rheinsberg. Vivaci, vivaci, unici!<\/p>\n<p class=\"paragraph-m\">Ingresso: botteghino 35,-Euro, \/15,-Euro per i partecipanti al corso<\/p>\n<p><a class=\"admont-button admont-button--secondary\" href=\"https:\/\/web5.deskline.net\/GESAUSE\/29b5c78a-0c51-4865-8f79-e2e7dcde3e37\/de\/erlebnisse\/AT1\/6fab4cdf-7f12-47f6-ad67-17bc6996c3a2\/admonter-lautenherbst--baroque-meets-folk-\" target=\"_blank\" rel=\"noopener\">Prenotazione biglietti<\/a> <a class=\"admont-button admont-button--secondary\" href=\"https:\/\/www.youtube.com\/watch?v=EutF8zGP9f0\" target=\"_blank\" rel=\"noopener\">Assaggi musicali<\/a><\/p>\n<h4 class=\"heading-l\">Venerd\u00ec 3. 9. 2021, ore 19:00 Chiesa abbaziale di Admont<\/h4>\n<p class=\"paragraph-m\">Lamenti e musica per liuto Il concerto dei docenti Evangelina Mascardi (liuto e tiorba), Bettina Pahn (soprano) Cornelia Demmer (liuto barocco) e Bernhard Ehrenfellner (accompagnatore) trasporter\u00e0 il pubblico nei suoni meravigliosamente nobili della musica antica dei loro repertori solistici.<\/p>\n<p class=\"paragraph-m\">Ingresso: botteghino 25,- euro \/ 10,- euro per i partecipanti al corso<\/p>\n<p><a class=\"admont-button admont-button--secondary\" href=\"https:\/\/web5.deskline.net\/GESAUSE\/29b5c78a-0c51-4865-8f79-e2e7dcde3e37\/de\/erlebnisse\/AT1\/fbdbaec9-b156-4dc3-bcf2-80c9e46e0199\/konzert--lamenti-und-lautenmusik-\" target=\"_blank\" rel=\"noopener\"> Prenotazione biglietti<\/a><\/p>\n<h4 class=\"heading-l\">Domenica 5. 9. 2021, ore 11.00 Sala da ballo dell'Abbazia di Admont<\/h4>\n<p class=\"paragraph-m\">Matin\u00e9e finale dei partecipanti Ancora una volta si pu\u00f2 assistere a un concerto emozionante. Bernhard Ehrenfellner corregge le canzoni d'arte, alcuni cantanti sono accompagnati dai liutisti ed eseguono ci\u00f2 su cui hanno lavorato. Qui si percepiscono gioia, divertimento e tanta paura del palcoscenico!<\/p>\n<p class=\"paragraph-m\">Ingresso: donazioni volontarie<\/p>\n<h4 class=\"heading-l\">Gli artisti<\/h4>\n<p class=\"paragraph-m\">L'ensemble I Zefirelli \u00e8 sinonimo di idee concertistiche innovative e di una ventata di aria fresca nella musica antica. I Zefirelli sono stati invitati a esibirsi al Potsdam-Sanssouci Music Festival nel 2011. Nello stesso anno, i giovani musicisti hanno vinto un premio speciale al concorso di musica da camera enviaM, in seguito al quale l'ensemble \u00e8 stato invitato al MDR Musiksommer 2012 e ha potuto tenere un concerto con i musicisti della MDR Symphony Orchestra. I Zefirelli \u00e8 stato nominato membro dell'Orchestra della Corte di Rheinsberg per il 2013. Dopo intense fasi di lavoro, l'ensemble ha tenuto tre concerti nel Teatro del Palazzo di Rheinsberg. Con il loro programma concertistico Mr. Handel in the Pub, i sei giovani musicisti hanno vinto una borsa di studio del Career Center dell'Universit\u00e0 di Musica e Arti dello Spettacolo di Amburgo nel concorso universitario interno Concerto del futuro nel 2017. I Zefirelli hanno vinto il premio speciale di WDR 3 al Concorso Internazionale H.I.F. Biber 2019.<\/p>\n<p class=\"paragraph-m\">Luise Catenhusen | Flauto dolce <br \/>Mar\u00eda Carrasco | Violino barocco <br \/>Jakob Kuchenbuch | Violoncello barocco <br \/>Tobias Tietze | liuto e chitarra barocca <br \/>Jeroen Finke | Percussioni e baritono <br \/>Tilmann Albrecht | Clavicembalo e percussioni<\/p>\n<\/div>\n                    \n                            <\/div>\n        \n            <\/div>\n<\/div>\n\n<\/section>\n\n<section id='lightpress__section--block_610a80bf41e94' class='lightpress__section--default-section-space lightpress__section lightpress__section--content'><div class=\"content__inner\"\n         x-init=\"initContentBlockAnim($el)\">\n        \n    <div class=\"content__grid content__grid\">\n                                            <div class=\"content__box content__box--one-hundred\"\n                 style=\"margin-top: -5em;\">\n                                \n                                    \n                                            <a href=\"https:\/\/www.youtube.com\/watch?v=EutF8zGP9f0&#038;feature=emb_title\" class=\"content__video content__media\"\n                           x-data\n x-init=\"initContentLightBox('#lightpress__section--block_610a80bf41e94 .content__video')\">\n                                                                                                                <picture class=\"content__image\">\n                                <source srcset=\"https:\/\/stiftadmont.at\/wp-content\/uploads\/Lautenherbst-2019_\u00a9Thomas-Sattler-38-1024x683.webp\" type=\"image\/webp\">\n                                <source srcset=\"https:\/\/stiftadmont.at\/wp-content\/uploads\/Lautenherbst-2019_\u00a9Thomas-Sattler-38-1024x683.jpg\" type=\"image\/jpeg\">\n                                <img decoding=\"async\" class=\"content__image\" loading=\"lazy\" src=\"https:\/\/stiftadmont.at\/wp-content\/uploads\/Lautenherbst-2019_\u00a9Thomas-Sattler-38-1024x683.jpg\"\n                                     alt=\"Liuto autunno 2019 \u00a9Thomas Sattler 38 in scala\">\n                            <\/picture>\n\n                            <span class=\"overlay-dark\"><\/span>\n                            <span class=\"content-overlay\"><\/span>\n                            <div class=\"content__plaque\">\n                                <div class=\"content__plaque-inner\">\n                                    <span><i class=\"fas fa-play content__icon\"><\/i><\/span>\n                                    <p class=\"paragraph-m\">Gioco<\/p>\n                                <\/div>\n                            <\/div>\n                        <\/a>\n                    \n                            <\/div>\n        \n            <\/div>\n<\/div>\n\n<\/section>\n\n<section id='lightpress__section--block_610a801c41e8f' class='lightpress__section--default-section-space lightpress__section lightpress__section--content'><div class=\"content__inner\"\n         x-init=\"initContentBlockAnim($el)\">\n        \n    <div class=\"content__grid content__grid--fifty-fifty\">\n                                            <div class=\"content__box content__box\"\n                 style=\"\">\n                                \n                \n                                            <div class=\"prose\"><h4 class=\"heading-l line line--gold\">Evangelina Mascardi<\/h4>\n<p class=\"paragraph-m\">\u00e8 nata a Buenos Aires. Ha studiato chitarra alla \"Escuela Nacional de Musica J.P. Espanola\" prima di entrare nella classe di liuto di Hopkinson Smith alla Scola Cantorum Basiliensis in Svizzera nel 1997. Nel 2001 ha ottenuto il diploma di solista. Nel 2004 ha conseguito il diploma di liuto presso il Conservatorio di Musica Benedetto Marcello di Venezia. \u00c8 stata invitata a esibirsi come solista in festival in tutta Europa. Diverse produzioni di CD sono dedicate alle opere di Bach, Weiss e Castaldi, Saint-Luc ecc. \u00c8 molto richiesta come continuista dagli ensemble \"Zefiro\", \"Monteverdi Choir and Orchestra\" e \"Il Giardino Armonico\", con i quali ha registrato pi\u00f9 di 30 CD. Si \u00e8 esibita in numerose e rinomate produzioni operistiche a Francoforte, Basilea, Buenos Aires, New York, Carnegie Hall, Parigi, Tokyo e al Teatro La Fenice di Venezia. Evangelina Mascardi insegna liuto presso l'ISSM \"Conservatorio A. Vivaldi\" di Alessandria\/Italia.<\/p>\n<h4 class=\"heading-l line line--red\">Bettina Pahn<\/h4>\n<p class=\"paragraph-m\">ha studiato violoncello alla Hochschule f\u00fcr Musik di Berlino. Formazione vocale per lied, oratorio ed educazione musicale presso l'Universit\u00e0 di Musica e Teatro di Francoforte. Molti anni di attivit\u00e0 concertistica internazionale, numerose produzioni di CD sotto la guida del Maestro Ton Koopman. Per l'autunno 2021 invito a una serie di conferenze e concerti nell'ambito della Early Music Platform del Congresso AEC di Tubinga. Corsi di canto barocco a Bertinoro, Italia e Kunin, Repubblica Ceca. Corsi di canto barocco presso l'Accademia di Musica di Gerusalemme. Bettina Pahn \u00e8 attualmente titolare di una cattedra di canto di musica antica presso l'Universit\u00e0 delle Arti di Brema.<\/p>\n<\/div>\n                    \n                            <\/div>\n        \n                                                    <div class=\"content__box content__box--2\"\n                     >\n                                        \n                    \n                                                    <div class=\"prose\"><h4 class=\"heading-l line line--red\">Cornelia Demmer<\/h4>\n<p class=\"paragraph-m\">Cornelia Demmer \u00e8 nata a Vienna. Ha completato con successo gli studi di musicologia presso le universit\u00e0 di Vienna e Basilea e di prassi esecutiva storica, specializzandosi in liuto presso la Hochschule f. Musik und Theater M\u00fcnchen con Evangelina Mascardi. Completer\u00e0 il Master of Performance (Lute) presso la Scola Cantorum Basiliensis con Peter Croton e Julian Behr nel semestre estivo del 2021. Ha fondato il Casaluna Lute Consort (quartetti di liuti del XVII secolo) e il Radolt Ensemble (specializzato in musica da camera con liuto obbligato). Oltre alla sua attivit\u00e0 concertistica internazionale come solista e continuista, \u00e8 presente in registrazioni di CD per le etichette Naxos e Coviello Classics. Dal 2013 \u00e8 vicepresidente dell'\u00d6LG e si impegna a far conoscere al pubblico gli strumenti a liuto. Dall'autunno 2021 proseguir\u00e0 gli studi con un master in pedagogia presso la Scola Basiliensis.<\/p>\n<h4 class=\"heading-l line line--gold\">Bernhard Ehrenfellner<\/h4>\n<p class=\"paragraph-m\">\u00e8 nato a Salisburgo e ha studiato pianoforte, canto, direzione d'orchestra ed educazione musicale a Vienna. Lavora molto come cantante, accompagnatore di canzoni e musicista da camera. \u00c8 insegnante di musica e strumenti presso lo Stiftsgymnasium Admont e dirige ensemble vocali, formazioni di musica popolare e jazz.<\/p>\n<\/div>\n                        \n                                    <\/div>\n            \n            <\/div>\n<\/div>\n\n<\/section>\n\n<section id='lightpress__section--block_610a808641e90' class='lightpress__section--default-section-space lightpress__section lightpress__section--content'><div class=\"content__inner\"\n         x-init=\"initContentBlockAnim($el)\">\n        \n    <div class=\"content__grid content__grid\">\n                                            <div class=\"content__box content__box--one-hundred\"\n                 style=\"\">\n                                \n                \n                                            <div class=\"prose\"><h3 class=\"heading-xl line line--gold\">Informazioni<\/h3>\n<p class=\"paragraph-m\">Dagmar Fischer-Riedel<\/p>\n<p><a class=\"email\" href=\"mailto:dagmus@gmx.at\"><span class=\"icon-outer\"><span class=\"email-icon\"><\/span><\/span>dagmus@gmx.at<\/a> <a class=\"phone\" href=\"tel:0664-1972598\"><span class=\"icon-outer\"><span class=\"phone-icon\"><\/span><\/span>0664-1972598<\/a><\/p>\n<p>\u00a0<\/p>\n<p class=\"paragraph-m\">Dott.ssa Karin Schamberger\u00a0<\/p>\n<p><a class=\"email\" href=\"mailto:karin.schamberger@stiftadmont.at\"><span class=\"icon-outer\"><span class=\"email-icon\"><\/span><\/span>karin.schamberger@stiftadmont.at<\/a><\/p>\n<p>\u00a0<\/p>\n<div class=\"info info--warn\">\n<p>Tutti gli eventi si svolgono secondo le attuali regole di Corona.<\/p>\n<\/div>\n<p>\u00a0<\/p>\n<h3 class=\"heading-xl line line--red\">SCARICA<\/h3>\n<p class=\"paragraph-m\"><a href=\"\/wp-content\/uploads\/Lautenherbst_2021.pdf\" target=\"_blank\" rel=\"noopener\">Liuto autunno 2021<\/a><\/p>\n<\/div>\n                    \n                            <\/div>\n        \n            <\/div>\n<\/div>\n\n<\/section>","protected":false},"excerpt":{"rendered":"<p>7\u00b0 Ammonizzatore Lautenherbst dal 01 al 05 settembre 2021<\/p>","protected":false},"author":7,"featured_media":4371,"comment_status":"closed","ping_status":"closed","sticky":false,"template":"","format":"standard","meta":{"_acf_changed":false,"footnotes":""},"categories":[23],"class_list":["post-4368","post","type-post","status-publish","format-standard","has-post-thumbnail","hentry","category-einrichtungen-aktuell"],"acf":[],"yoast_head":"<!-- This site is optimized with the Yoast SEO Premium plugin v26.0 (Yoast SEO v26.8) - https:\/\/yoast.com\/product\/yoast-seo-premium-wordpress\/ -->\n<title>Lautenherbst im Stift Admont - Stift Admont<\/title>\n<meta name=\"description\" content=\"Lesen Sie aktuelle Informationen zum Thema Lautenherbst im Stift Admont und vieles mehr aus dem Konvent und der Pfarre Admont.\" \/>\n<meta name=\"robots\" content=\"index, follow, max-snippet:-1, max-image-preview:large, max-video-preview:-1\" \/>\n<link rel=\"canonical\" href=\"https:\/\/stiftadmont.at\/it\/blog\/autunno-rumoroso\/\" \/>\n<meta property=\"og:locale\" content=\"it_IT\" \/>\n<meta property=\"og:type\" content=\"article\" \/>\n<meta property=\"og:title\" content=\"Lautenherbst im Stift Admont\" \/>\n<meta property=\"og:description\" content=\"Lesen Sie aktuelle Informationen zum Thema Lautenherbst im Stift Admont und vieles mehr aus dem Konvent und der Pfarre Admont.\" \/>\n<meta property=\"og:url\" content=\"https:\/\/stiftadmont.at\/it\/blog\/autunno-rumoroso\/\" \/>\n<meta property=\"og:site_name\" content=\"Stift Admont\" \/>\n<meta property=\"article:published_time\" content=\"2021-07-27T12:32:00+00:00\" \/>\n<meta property=\"article:modified_time\" content=\"2023-04-27T06:53:15+00:00\" \/>\n<meta property=\"og:image\" content=\"https:\/\/stiftadmont.at\/wp-content\/uploads\/3.jpg\" \/>\n\t<meta property=\"og:image:width\" content=\"1130\" \/>\n\t<meta property=\"og:image:height\" content=\"754\" \/>\n\t<meta property=\"og:image:type\" content=\"image\/jpeg\" \/>\n<meta name=\"author\" content=\"Mario Brandm\u00fcller\" \/>\n<meta name=\"twitter:card\" content=\"summary_large_image\" \/>\n<meta name=\"twitter:label1\" content=\"Scritto da\" \/>\n\t<meta name=\"twitter:data1\" content=\"Mario Brandm\u00fcller\" \/>\n<script type=\"application\/ld+json\" class=\"yoast-schema-graph\">{\"@context\":\"https:\/\/schema.org\",\"@graph\":[{\"@type\":\"Article\",\"@id\":\"https:\/\/stiftadmont.at\/blog\/lautenherbst\/#article\",\"isPartOf\":{\"@id\":\"https:\/\/stiftadmont.at\/blog\/lautenherbst\/\"},\"author\":{\"name\":\"Mario Brandm\u00fcller\",\"@id\":\"https:\/\/stiftadmont.at\/#\/schema\/person\/30535548b241d5f33a2e8b839db11869\"},\"headline\":\"Lautenherbst im Stift Admont\",\"datePublished\":\"2021-07-27T12:32:00+00:00\",\"dateModified\":\"2023-04-27T06:53:15+00:00\",\"mainEntityOfPage\":{\"@id\":\"https:\/\/stiftadmont.at\/blog\/lautenherbst\/\"},\"wordCount\":4,\"image\":{\"@id\":\"https:\/\/stiftadmont.at\/blog\/lautenherbst\/#primaryimage\"},\"thumbnailUrl\":\"https:\/\/stiftadmont.at\/wp-content\/uploads\/3.jpg\",\"articleSection\":[\"Einrichtungen aktuell\"],\"inLanguage\":\"it-IT\"},{\"@type\":\"WebPage\",\"@id\":\"https:\/\/stiftadmont.at\/blog\/lautenherbst\/\",\"url\":\"https:\/\/stiftadmont.at\/blog\/lautenherbst\/\",\"name\":\"Lautenherbst im Stift Admont - Stift Admont\",\"isPartOf\":{\"@id\":\"https:\/\/stiftadmont.at\/#website\"},\"primaryImageOfPage\":{\"@id\":\"https:\/\/stiftadmont.at\/blog\/lautenherbst\/#primaryimage\"},\"image\":{\"@id\":\"https:\/\/stiftadmont.at\/blog\/lautenherbst\/#primaryimage\"},\"thumbnailUrl\":\"https:\/\/stiftadmont.at\/wp-content\/uploads\/3.jpg\",\"datePublished\":\"2021-07-27T12:32:00+00:00\",\"dateModified\":\"2023-04-27T06:53:15+00:00\",\"author\":{\"@id\":\"https:\/\/stiftadmont.at\/#\/schema\/person\/30535548b241d5f33a2e8b839db11869\"},\"description\":\"Lesen Sie aktuelle Informationen zum Thema Lautenherbst im Stift Admont und vieles mehr aus dem Konvent und der Pfarre Admont.\",\"breadcrumb\":{\"@id\":\"https:\/\/stiftadmont.at\/blog\/lautenherbst\/#breadcrumb\"},\"inLanguage\":\"it-IT\",\"potentialAction\":[{\"@type\":\"ReadAction\",\"target\":[\"https:\/\/stiftadmont.at\/blog\/lautenherbst\/\"]}]},{\"@type\":\"ImageObject\",\"inLanguage\":\"it-IT\",\"@id\":\"https:\/\/stiftadmont.at\/blog\/lautenherbst\/#primaryimage\",\"url\":\"https:\/\/stiftadmont.at\/wp-content\/uploads\/3.jpg\",\"contentUrl\":\"https:\/\/stiftadmont.at\/wp-content\/uploads\/3.jpg\",\"width\":1130,\"height\":754,\"caption\":\"Lautenherbst im Stift Admont 2021\"},{\"@type\":\"BreadcrumbList\",\"@id\":\"https:\/\/stiftadmont.at\/blog\/lautenherbst\/#breadcrumb\",\"itemListElement\":[{\"@type\":\"ListItem\",\"position\":1,\"name\":\"Start\",\"item\":\"https:\/\/stiftadmont.at\/\"},{\"@type\":\"ListItem\",\"position\":2,\"name\":\"Lautenherbst im Stift Admont\"}]},{\"@type\":\"WebSite\",\"@id\":\"https:\/\/stiftadmont.at\/#website\",\"url\":\"https:\/\/stiftadmont.at\/\",\"name\":\"Stift Admont\",\"description\":\"Benediktinerkloster und Sehensw\u00fcrdigkeit im Ges\u00e4use\",\"potentialAction\":[{\"@type\":\"SearchAction\",\"target\":{\"@type\":\"EntryPoint\",\"urlTemplate\":\"https:\/\/stiftadmont.at\/?s={search_term_string}\"},\"query-input\":{\"@type\":\"PropertyValueSpecification\",\"valueRequired\":true,\"valueName\":\"search_term_string\"}}],\"inLanguage\":\"it-IT\"},{\"@type\":\"Person\",\"@id\":\"https:\/\/stiftadmont.at\/#\/schema\/person\/30535548b241d5f33a2e8b839db11869\",\"name\":\"Mario Brandm\u00fcller\"}]}<\/script>\n<!-- \/ Yoast SEO Premium plugin. -->","yoast_head_json":{"title":"Autunno del liuto all'Abbazia di Admont - Abbazia di Admont","description":"Leggete le ultime informazioni sull'autunno del liuto all'Abbazia di Admont e molto altro dal convento e dalla parrocchia di Admont.","robots":{"index":"index","follow":"follow","max-snippet":"max-snippet:-1","max-image-preview":"max-image-preview:large","max-video-preview":"max-video-preview:-1"},"canonical":"https:\/\/stiftadmont.at\/it\/blog\/autunno-rumoroso\/","og_locale":"it_IT","og_type":"article","og_title":"Lautenherbst im Stift Admont","og_description":"Lesen Sie aktuelle Informationen zum Thema Lautenherbst im Stift Admont und vieles mehr aus dem Konvent und der Pfarre Admont.","og_url":"https:\/\/stiftadmont.at\/it\/blog\/autunno-rumoroso\/","og_site_name":"Stift Admont","article_published_time":"2021-07-27T12:32:00+00:00","article_modified_time":"2023-04-27T06:53:15+00:00","og_image":[{"width":1130,"height":754,"url":"https:\/\/stiftadmont.at\/wp-content\/uploads\/3.jpg","type":"image\/jpeg"}],"author":"Mario Brandm\u00fcller","twitter_card":"summary_large_image","twitter_misc":{"Scritto da":"Mario Brandm\u00fcller"},"schema":{"@context":"https:\/\/schema.org","@graph":[{"@type":"Article","@id":"https:\/\/stiftadmont.at\/blog\/lautenherbst\/#article","isPartOf":{"@id":"https:\/\/stiftadmont.at\/blog\/lautenherbst\/"},"author":{"name":"Mario Brandm\u00fcller","@id":"https:\/\/stiftadmont.at\/#\/schema\/person\/30535548b241d5f33a2e8b839db11869"},"headline":"Lautenherbst im Stift Admont","datePublished":"2021-07-27T12:32:00+00:00","dateModified":"2023-04-27T06:53:15+00:00","mainEntityOfPage":{"@id":"https:\/\/stiftadmont.at\/blog\/lautenherbst\/"},"wordCount":4,"image":{"@id":"https:\/\/stiftadmont.at\/blog\/lautenherbst\/#primaryimage"},"thumbnailUrl":"https:\/\/stiftadmont.at\/wp-content\/uploads\/3.jpg","articleSection":["Einrichtungen aktuell"],"inLanguage":"it-IT"},{"@type":"WebPage","@id":"https:\/\/stiftadmont.at\/blog\/lautenherbst\/","url":"https:\/\/stiftadmont.at\/blog\/lautenherbst\/","name":"Autunno del liuto all'Abbazia di Admont - Abbazia di Admont","isPartOf":{"@id":"https:\/\/stiftadmont.at\/#website"},"primaryImageOfPage":{"@id":"https:\/\/stiftadmont.at\/blog\/lautenherbst\/#primaryimage"},"image":{"@id":"https:\/\/stiftadmont.at\/blog\/lautenherbst\/#primaryimage"},"thumbnailUrl":"https:\/\/stiftadmont.at\/wp-content\/uploads\/3.jpg","datePublished":"2021-07-27T12:32:00+00:00","dateModified":"2023-04-27T06:53:15+00:00","author":{"@id":"https:\/\/stiftadmont.at\/#\/schema\/person\/30535548b241d5f33a2e8b839db11869"},"description":"Leggete le ultime informazioni sull'autunno del liuto all'Abbazia di Admont e molto altro dal convento e dalla parrocchia di Admont.","breadcrumb":{"@id":"https:\/\/stiftadmont.at\/blog\/lautenherbst\/#breadcrumb"},"inLanguage":"it-IT","potentialAction":[{"@type":"ReadAction","target":["https:\/\/stiftadmont.at\/blog\/lautenherbst\/"]}]},{"@type":"ImageObject","inLanguage":"it-IT","@id":"https:\/\/stiftadmont.at\/blog\/lautenherbst\/#primaryimage","url":"https:\/\/stiftadmont.at\/wp-content\/uploads\/3.jpg","contentUrl":"https:\/\/stiftadmont.at\/wp-content\/uploads\/3.jpg","width":1130,"height":754,"caption":"Lautenherbst im Stift Admont 2021"},{"@type":"BreadcrumbList","@id":"https:\/\/stiftadmont.at\/blog\/lautenherbst\/#breadcrumb","itemListElement":[{"@type":"ListItem","position":1,"name":"Start","item":"https:\/\/stiftadmont.at\/"},{"@type":"ListItem","position":2,"name":"Lautenherbst im Stift Admont"}]},{"@type":"WebSite","@id":"https:\/\/stiftadmont.at\/#website","url":"https:\/\/stiftadmont.at\/","name":"Abbazia di Admont","description":"Monastero benedettino e attrazione turistica nella Ges\u00e4use","potentialAction":[{"@type":"SearchAction","target":{"@type":"EntryPoint","urlTemplate":"https:\/\/stiftadmont.at\/?s={search_term_string}"},"query-input":{"@type":"PropertyValueSpecification","valueRequired":true,"valueName":"search_term_string"}}],"inLanguage":"it-IT"},{"@type":"Person","@id":"https:\/\/stiftadmont.at\/#\/schema\/person\/30535548b241d5f33a2e8b839db11869","name":"Mario Brandm\u00fcller"}]}},"_links":{"self":[{"href":"https:\/\/stiftadmont.at\/it\/wp-json\/wp\/v2\/posts\/4368","targetHints":{"allow":["GET"]}}],"collection":[{"href":"https:\/\/stiftadmont.at\/it\/wp-json\/wp\/v2\/posts"}],"about":[{"href":"https:\/\/stiftadmont.at\/it\/wp-json\/wp\/v2\/types\/post"}],"author":[{"embeddable":true,"href":"https:\/\/stiftadmont.at\/it\/wp-json\/wp\/v2\/users\/7"}],"replies":[{"embeddable":true,"href":"https:\/\/stiftadmont.at\/it\/wp-json\/wp\/v2\/comments?post=4368"}],"version-history":[{"count":40,"href":"https:\/\/stiftadmont.at\/it\/wp-json\/wp\/v2\/posts\/4368\/revisions"}],"predecessor-version":[{"id":17859,"href":"https:\/\/stiftadmont.at\/it\/wp-json\/wp\/v2\/posts\/4368\/revisions\/17859"}],"wp:featuredmedia":[{"embeddable":true,"href":"https:\/\/stiftadmont.at\/it\/wp-json\/wp\/v2\/media\/4371"}],"wp:attachment":[{"href":"https:\/\/stiftadmont.at\/it\/wp-json\/wp\/v2\/media?parent=4368"}],"wp:term":[{"taxonomy":"category","embeddable":true,"href":"https:\/\/stiftadmont.at\/it\/wp-json\/wp\/v2\/categories?post=4368"}],"curies":[{"name":"wp","href":"https:\/\/api.w.org\/{rel}","templated":true}]}}