{"id":7061,"date":"2021-12-09T07:07:27","date_gmt":"2021-12-09T05:07:27","guid":{"rendered":"https:\/\/stiftadmont.at\/?p=7061"},"modified":"2023-04-27T08:54:58","modified_gmt":"2023-04-27T06:54:58","slug":"una-tromba-daria-conquista-la-canonica","status":"publish","type":"post","link":"https:\/\/stiftadmont.at\/it\/blog\/ein-wirbelwind-erobert-das-pfarrhaus\/","title":{"rendered":"Una tromba d'aria conquista la canonica"},"content":{"rendered":"<section id='lightpress__section--block_61b18f6d4e0e8' class='lightpress__section lightpress__section--image lightpress__section-- lightpress__section--'>                        <img decoding=\"async\" src=\"https:\/\/stiftadmont.at\/wp-content\/uploads\/PaterEgon_\u00a9ThomasSattler-13-scaled.jpg\" alt=\"Abbazia benedettina di Admont - Padre Egon \u00a9 Thomas Sattler\" \/>\n<\/section>\n\n<section id='lightpress__section--block_61b18e22e5efe' class='lightpress__section--default-section-space lightpress__section lightpress__section--content'><div class=\"content__inner\"\n         x-init=\"initContentBlockAnim($el)\">\n        \n    <div class=\"content__grid content__grid\">\n                                            <div class=\"content__box content__box--one-hundred\"\n                 style=\"\">\n                                \n                \n                                            <div class=\"prose\"><h2 class=\"heading-xxl line line--gold\">Una tromba d'aria conquista la canonica<\/h2>\n<p><strong>Da quando padre Egon Homann \u00e8 diventato parroco dell'associazione parrocchiale della Liesingtal, Mautern ha non uno, ma due nuovi residenti.<\/strong><\/p>\n<p class=\"paragraph-m paragraph-s\">Padre Egon passa in punta di piedi davanti alla cesta di Finn. Nonostante i suoi onesti sforzi per lasciare la camera da letto senza fare rumore, il Labrador nero si sveglia. D\u00e0 una rapida occhiata al suo padrone e, non vedendo nulla di strano, riabbassa la testa ancora pesante sulle zampe anteriori. Sa che quando padre Egon andr\u00e0 a recitare le preghiere del mattino alle cinque, gli sar\u00e0 concesso di sonnecchiare per un'altra ora intera. Il sacerdote si gode la pace e la tranquillit\u00e0 del giorno ancora giovane, perch\u00e9 Finn, una volta che ha dormito bene, pu\u00f2 diventare un vero e proprio turbine. In particolare, i suoi saluti sono estremamente burrascosi: \"Devo sempre rallentarlo un po'\", dice padre Egon con una risata.<\/p>\n<p class=\"paragraph-m paragraph-s\">Tuttavia, la comunit\u00e0 parrocchiale di Mautern non sembra essere infastidita dall'esuberanza dell'amico a quattro zampe. Al contrario. \"Quando vado a fare una passeggiata con Finn, le persone chiedono prima come sta il cane. Solo dopo mi chiedono come sto io\", dice Padre Egon con un sorriso. Tutti coloro che non possono incontrare il duo durante la loro passeggiata quotidiana possono tenersi aggiornati sulla vita di Finn come cane del monastero su Facebook. Sfogliando il suo profilo online, spiccano le foto dei numerosi regali che l'amico a quattro zampe riceve regolarmente. I doni, piccoli e grandi, vanno dai bastoncini da snack ai wurstel e al bacon. Non c'\u00e8 da stupirsi che Finn stia gradualmente sviluppando un'aria di celebrit\u00e0. Ama essere al centro dell'attenzione e ha un piccolo e selezionato fan club non solo a Mautern, ma anche a Graz.<\/p>\n<p><strong>Un amico a quattro zampe con fascino<\/strong><\/p>\n<p class=\"paragraph-m paragraph-s\">Oltre al suo ruolo di parroco, padre Egon \u00e8 anche consigliere. Il monastero benedettino di Admont ha fondato anni fa due sedi nel capoluogo di provincia per occuparsi degli studenti. Una di queste \u00e8 la \"Casa dell'incontro\". Il duo \u00e8 presente sul posto diverse volte alla settimana. Tuttavia, Finn non deve rinunciare alle sue passeggiate. L'Hilmteich \u00e8 una delle sue mete preferite. Ma all'amico a quattro zampe piace anche lavorare a Graz. Finn ha scelto una poltrona imbottita di colore turchese come suo posto preferito nella sala comune della struttura. Probabilmente perch\u00e9 da l\u00ec ha la migliore vista sulla porta d'ingresso in vetro e su ci\u00f2 che accade in strada. Nulla sfugge alla sua attenzione. Con occhi attenti, nota ogni movimento sul marciapiede che costeggia la casa. Se un volto familiare entra nella Haus der Begegnung, lui \u00e8 subito sul posto. Questa socievolezza gli ha permesso di avere una propria area di responsabilit\u00e0: Il saluto. Una volta che l'ha fatto con soddisfazione, salta di nuovo sul suo trono imbottito. \"Non interferisce durante le conversazioni. Si alza solo di tanto in tanto per farsi coccolare\", dice Padre Egon. Tuttavia, Finn \u00e8 estremamente esigente al riguardo. Nei suoi due anni di vita, ha imparato a interpretare i gesti delle persone. \"Se qualcuno tratta un cane di grossa taglia con rispetto, lui si allontana immediatamente. Finn percepisce quando il contatto fisico \u00e8 auspicabile e quando no. A seconda di ci\u00f2, riceve le sue coccole o non le riceve\", dice il suo proprietario. Non sono molte le persone che possono resistere al suo fascino. Il Labrador ha conquistato la maggior parte delle persone fin dal primo incontro. \u00c8 particolarmente popolare per la sua natura pacifica. Non gli piace abbaiare forte. Per attirare l'attenzione su di s\u00e9, preferisce un aspetto languido. \"Anche quando \u00e8 fuori di s\u00e9 dalla gioia, non abbaia, ma salta e si scatena. Occupa tutta la stanza\", dice Padre Egon con una risata e spiega cosa rende Finn pi\u00f9 felice. Un dolcetto? Un nuovo giocattolo? \"No, \u00e8 pi\u00f9 felice quando torno a casa. Ed \u00e8 una sensazione molto bella\".<\/p>\n<\/div>\n                    \n                            <\/div>\n        \n            <\/div>\n<\/div>\n\n<\/section>","protected":false},"excerpt":{"rendered":"","protected":false},"author":7,"featured_media":7062,"comment_status":"closed","ping_status":"closed","sticky":false,"template":"","format":"standard","meta":{"_acf_changed":false,"footnotes":""},"categories":[22],"class_list":["post-7061","post","type-post","status-publish","format-standard","has-post-thumbnail","hentry","category-kloster-aktuell"],"acf":[],"yoast_head":"<!-- This site is optimized with the Yoast SEO Premium plugin v26.0 (Yoast SEO v26.8) - https:\/\/yoast.com\/product\/yoast-seo-premium-wordpress\/ -->\n<title>Ein Wirbelwind erobert das Pfarrhaus - Stift Admont<\/title>\n<meta name=\"description\" content=\"Lesen Sie aktuelle Informationen zum Thema Ein Wirbelwind erobert das Pfarrhaus und vieles mehr aus dem Konvent und der Pfarre Admont.\" \/>\n<meta name=\"robots\" content=\"index, follow, max-snippet:-1, max-image-preview:large, max-video-preview:-1\" \/>\n<link rel=\"canonical\" href=\"https:\/\/stiftadmont.at\/it\/blog\/una-tromba-daria-conquista-la-canonica\/\" \/>\n<meta property=\"og:locale\" content=\"it_IT\" \/>\n<meta property=\"og:type\" content=\"article\" \/>\n<meta property=\"og:title\" content=\"Ein Wirbelwind erobert das Pfarrhaus\" \/>\n<meta property=\"og:description\" content=\"Lesen Sie aktuelle Informationen zum Thema Ein Wirbelwind erobert das Pfarrhaus und vieles mehr aus dem Konvent und der Pfarre Admont.\" \/>\n<meta property=\"og:url\" content=\"https:\/\/stiftadmont.at\/it\/blog\/una-tromba-daria-conquista-la-canonica\/\" \/>\n<meta property=\"og:site_name\" content=\"Stift Admont\" \/>\n<meta property=\"article:published_time\" content=\"2021-12-09T05:07:27+00:00\" \/>\n<meta property=\"article:modified_time\" content=\"2023-04-27T06:54:58+00:00\" \/>\n<meta property=\"og:image\" content=\"https:\/\/stiftadmont.at\/wp-content\/uploads\/PaterEgon_\u00a9ThomasSattler-13-scaled.jpg\" \/>\n\t<meta property=\"og:image:width\" content=\"2560\" \/>\n\t<meta property=\"og:image:height\" content=\"1706\" \/>\n\t<meta property=\"og:image:type\" content=\"image\/jpeg\" \/>\n<meta name=\"author\" content=\"Mario Brandm\u00fcller\" \/>\n<meta name=\"twitter:card\" content=\"summary_large_image\" \/>\n<meta name=\"twitter:label1\" content=\"Scritto da\" \/>\n\t<meta name=\"twitter:data1\" content=\"Mario Brandm\u00fcller\" \/>\n<script type=\"application\/ld+json\" class=\"yoast-schema-graph\">{\"@context\":\"https:\/\/schema.org\",\"@graph\":[{\"@type\":\"Article\",\"@id\":\"https:\/\/stiftadmont.at\/blog\/ein-wirbelwind-erobert-das-pfarrhaus\/#article\",\"isPartOf\":{\"@id\":\"https:\/\/stiftadmont.at\/blog\/ein-wirbelwind-erobert-das-pfarrhaus\/\"},\"author\":{\"name\":\"Mario Brandm\u00fcller\",\"@id\":\"https:\/\/stiftadmont.at\/#\/schema\/person\/30535548b241d5f33a2e8b839db11869\"},\"headline\":\"Ein Wirbelwind erobert das Pfarrhaus\",\"datePublished\":\"2021-12-09T05:07:27+00:00\",\"dateModified\":\"2023-04-27T06:54:58+00:00\",\"mainEntityOfPage\":{\"@id\":\"https:\/\/stiftadmont.at\/blog\/ein-wirbelwind-erobert-das-pfarrhaus\/\"},\"wordCount\":5,\"image\":{\"@id\":\"https:\/\/stiftadmont.at\/blog\/ein-wirbelwind-erobert-das-pfarrhaus\/#primaryimage\"},\"thumbnailUrl\":\"https:\/\/stiftadmont.at\/wp-content\/uploads\/PaterEgon_\u00a9ThomasSattler-13-scaled.jpg\",\"articleSection\":[\"Kloster aktuell\"],\"inLanguage\":\"it-IT\"},{\"@type\":\"WebPage\",\"@id\":\"https:\/\/stiftadmont.at\/blog\/ein-wirbelwind-erobert-das-pfarrhaus\/\",\"url\":\"https:\/\/stiftadmont.at\/blog\/ein-wirbelwind-erobert-das-pfarrhaus\/\",\"name\":\"Ein Wirbelwind erobert das Pfarrhaus - Stift Admont\",\"isPartOf\":{\"@id\":\"https:\/\/stiftadmont.at\/#website\"},\"primaryImageOfPage\":{\"@id\":\"https:\/\/stiftadmont.at\/blog\/ein-wirbelwind-erobert-das-pfarrhaus\/#primaryimage\"},\"image\":{\"@id\":\"https:\/\/stiftadmont.at\/blog\/ein-wirbelwind-erobert-das-pfarrhaus\/#primaryimage\"},\"thumbnailUrl\":\"https:\/\/stiftadmont.at\/wp-content\/uploads\/PaterEgon_\u00a9ThomasSattler-13-scaled.jpg\",\"datePublished\":\"2021-12-09T05:07:27+00:00\",\"dateModified\":\"2023-04-27T06:54:58+00:00\",\"author\":{\"@id\":\"https:\/\/stiftadmont.at\/#\/schema\/person\/30535548b241d5f33a2e8b839db11869\"},\"description\":\"Lesen Sie aktuelle Informationen zum Thema Ein Wirbelwind erobert das Pfarrhaus und vieles mehr aus dem Konvent und der Pfarre Admont.\",\"breadcrumb\":{\"@id\":\"https:\/\/stiftadmont.at\/blog\/ein-wirbelwind-erobert-das-pfarrhaus\/#breadcrumb\"},\"inLanguage\":\"it-IT\",\"potentialAction\":[{\"@type\":\"ReadAction\",\"target\":[\"https:\/\/stiftadmont.at\/blog\/ein-wirbelwind-erobert-das-pfarrhaus\/\"]}]},{\"@type\":\"ImageObject\",\"inLanguage\":\"it-IT\",\"@id\":\"https:\/\/stiftadmont.at\/blog\/ein-wirbelwind-erobert-das-pfarrhaus\/#primaryimage\",\"url\":\"https:\/\/stiftadmont.at\/wp-content\/uploads\/PaterEgon_\u00a9ThomasSattler-13-scaled.jpg\",\"contentUrl\":\"https:\/\/stiftadmont.at\/wp-content\/uploads\/PaterEgon_\u00a9ThomasSattler-13-scaled.jpg\",\"width\":2560,\"height\":1706,\"caption\":\"Benediktinerstift Admont - Pater Egon \u00a9 Thomas Sattler\"},{\"@type\":\"BreadcrumbList\",\"@id\":\"https:\/\/stiftadmont.at\/blog\/ein-wirbelwind-erobert-das-pfarrhaus\/#breadcrumb\",\"itemListElement\":[{\"@type\":\"ListItem\",\"position\":1,\"name\":\"Start\",\"item\":\"https:\/\/stiftadmont.at\/\"},{\"@type\":\"ListItem\",\"position\":2,\"name\":\"Ein Wirbelwind erobert das Pfarrhaus\"}]},{\"@type\":\"WebSite\",\"@id\":\"https:\/\/stiftadmont.at\/#website\",\"url\":\"https:\/\/stiftadmont.at\/\",\"name\":\"Stift Admont\",\"description\":\"Benediktinerkloster und Sehensw\u00fcrdigkeit im Ges\u00e4use\",\"potentialAction\":[{\"@type\":\"SearchAction\",\"target\":{\"@type\":\"EntryPoint\",\"urlTemplate\":\"https:\/\/stiftadmont.at\/?s={search_term_string}\"},\"query-input\":{\"@type\":\"PropertyValueSpecification\",\"valueRequired\":true,\"valueName\":\"search_term_string\"}}],\"inLanguage\":\"it-IT\"},{\"@type\":\"Person\",\"@id\":\"https:\/\/stiftadmont.at\/#\/schema\/person\/30535548b241d5f33a2e8b839db11869\",\"name\":\"Mario Brandm\u00fcller\"}]}<\/script>\n<!-- \/ Yoast SEO Premium plugin. -->","yoast_head_json":{"title":"Una tromba d'aria conquista la canonica - Abbazia di Admont","description":"Leggi le ultime informazioni su Una tromba d'aria conquista la canonica e molto altro ancora dal convento e dalla parrocchia di Admont.","robots":{"index":"index","follow":"follow","max-snippet":"max-snippet:-1","max-image-preview":"max-image-preview:large","max-video-preview":"max-video-preview:-1"},"canonical":"https:\/\/stiftadmont.at\/it\/blog\/una-tromba-daria-conquista-la-canonica\/","og_locale":"it_IT","og_type":"article","og_title":"Ein Wirbelwind erobert das Pfarrhaus","og_description":"Lesen Sie aktuelle Informationen zum Thema Ein Wirbelwind erobert das Pfarrhaus und vieles mehr aus dem Konvent und der Pfarre Admont.","og_url":"https:\/\/stiftadmont.at\/it\/blog\/una-tromba-daria-conquista-la-canonica\/","og_site_name":"Stift Admont","article_published_time":"2021-12-09T05:07:27+00:00","article_modified_time":"2023-04-27T06:54:58+00:00","og_image":[{"width":2560,"height":1706,"url":"https:\/\/stiftadmont.at\/wp-content\/uploads\/PaterEgon_\u00a9ThomasSattler-13-scaled.jpg","type":"image\/jpeg"}],"author":"Mario Brandm\u00fcller","twitter_card":"summary_large_image","twitter_misc":{"Scritto da":"Mario Brandm\u00fcller"},"schema":{"@context":"https:\/\/schema.org","@graph":[{"@type":"Article","@id":"https:\/\/stiftadmont.at\/blog\/ein-wirbelwind-erobert-das-pfarrhaus\/#article","isPartOf":{"@id":"https:\/\/stiftadmont.at\/blog\/ein-wirbelwind-erobert-das-pfarrhaus\/"},"author":{"name":"Mario Brandm\u00fcller","@id":"https:\/\/stiftadmont.at\/#\/schema\/person\/30535548b241d5f33a2e8b839db11869"},"headline":"Ein Wirbelwind erobert das Pfarrhaus","datePublished":"2021-12-09T05:07:27+00:00","dateModified":"2023-04-27T06:54:58+00:00","mainEntityOfPage":{"@id":"https:\/\/stiftadmont.at\/blog\/ein-wirbelwind-erobert-das-pfarrhaus\/"},"wordCount":5,"image":{"@id":"https:\/\/stiftadmont.at\/blog\/ein-wirbelwind-erobert-das-pfarrhaus\/#primaryimage"},"thumbnailUrl":"https:\/\/stiftadmont.at\/wp-content\/uploads\/PaterEgon_\u00a9ThomasSattler-13-scaled.jpg","articleSection":["Kloster aktuell"],"inLanguage":"it-IT"},{"@type":"WebPage","@id":"https:\/\/stiftadmont.at\/blog\/ein-wirbelwind-erobert-das-pfarrhaus\/","url":"https:\/\/stiftadmont.at\/blog\/ein-wirbelwind-erobert-das-pfarrhaus\/","name":"Una tromba d'aria conquista la canonica - Abbazia di Admont","isPartOf":{"@id":"https:\/\/stiftadmont.at\/#website"},"primaryImageOfPage":{"@id":"https:\/\/stiftadmont.at\/blog\/ein-wirbelwind-erobert-das-pfarrhaus\/#primaryimage"},"image":{"@id":"https:\/\/stiftadmont.at\/blog\/ein-wirbelwind-erobert-das-pfarrhaus\/#primaryimage"},"thumbnailUrl":"https:\/\/stiftadmont.at\/wp-content\/uploads\/PaterEgon_\u00a9ThomasSattler-13-scaled.jpg","datePublished":"2021-12-09T05:07:27+00:00","dateModified":"2023-04-27T06:54:58+00:00","author":{"@id":"https:\/\/stiftadmont.at\/#\/schema\/person\/30535548b241d5f33a2e8b839db11869"},"description":"Leggi le ultime informazioni su Una tromba d'aria conquista la canonica e molto altro ancora dal convento e dalla parrocchia di Admont.","breadcrumb":{"@id":"https:\/\/stiftadmont.at\/blog\/ein-wirbelwind-erobert-das-pfarrhaus\/#breadcrumb"},"inLanguage":"it-IT","potentialAction":[{"@type":"ReadAction","target":["https:\/\/stiftadmont.at\/blog\/ein-wirbelwind-erobert-das-pfarrhaus\/"]}]},{"@type":"ImageObject","inLanguage":"it-IT","@id":"https:\/\/stiftadmont.at\/blog\/ein-wirbelwind-erobert-das-pfarrhaus\/#primaryimage","url":"https:\/\/stiftadmont.at\/wp-content\/uploads\/PaterEgon_\u00a9ThomasSattler-13-scaled.jpg","contentUrl":"https:\/\/stiftadmont.at\/wp-content\/uploads\/PaterEgon_\u00a9ThomasSattler-13-scaled.jpg","width":2560,"height":1706,"caption":"Benediktinerstift Admont - Pater Egon \u00a9 Thomas Sattler"},{"@type":"BreadcrumbList","@id":"https:\/\/stiftadmont.at\/blog\/ein-wirbelwind-erobert-das-pfarrhaus\/#breadcrumb","itemListElement":[{"@type":"ListItem","position":1,"name":"Start","item":"https:\/\/stiftadmont.at\/"},{"@type":"ListItem","position":2,"name":"Ein Wirbelwind erobert das Pfarrhaus"}]},{"@type":"WebSite","@id":"https:\/\/stiftadmont.at\/#website","url":"https:\/\/stiftadmont.at\/","name":"Abbazia di Admont","description":"Monastero benedettino e attrazione turistica nella Ges\u00e4use","potentialAction":[{"@type":"SearchAction","target":{"@type":"EntryPoint","urlTemplate":"https:\/\/stiftadmont.at\/?s={search_term_string}"},"query-input":{"@type":"PropertyValueSpecification","valueRequired":true,"valueName":"search_term_string"}}],"inLanguage":"it-IT"},{"@type":"Person","@id":"https:\/\/stiftadmont.at\/#\/schema\/person\/30535548b241d5f33a2e8b839db11869","name":"Mario Brandm\u00fcller"}]}},"_links":{"self":[{"href":"https:\/\/stiftadmont.at\/it\/wp-json\/wp\/v2\/posts\/7061","targetHints":{"allow":["GET"]}}],"collection":[{"href":"https:\/\/stiftadmont.at\/it\/wp-json\/wp\/v2\/posts"}],"about":[{"href":"https:\/\/stiftadmont.at\/it\/wp-json\/wp\/v2\/types\/post"}],"author":[{"embeddable":true,"href":"https:\/\/stiftadmont.at\/it\/wp-json\/wp\/v2\/users\/7"}],"replies":[{"embeddable":true,"href":"https:\/\/stiftadmont.at\/it\/wp-json\/wp\/v2\/comments?post=7061"}],"version-history":[{"count":20,"href":"https:\/\/stiftadmont.at\/it\/wp-json\/wp\/v2\/posts\/7061\/revisions"}],"predecessor-version":[{"id":17865,"href":"https:\/\/stiftadmont.at\/it\/wp-json\/wp\/v2\/posts\/7061\/revisions\/17865"}],"wp:featuredmedia":[{"embeddable":true,"href":"https:\/\/stiftadmont.at\/it\/wp-json\/wp\/v2\/media\/7062"}],"wp:attachment":[{"href":"https:\/\/stiftadmont.at\/it\/wp-json\/wp\/v2\/media?parent=7061"}],"wp:term":[{"taxonomy":"category","embeddable":true,"href":"https:\/\/stiftadmont.at\/it\/wp-json\/wp\/v2\/categories?post=7061"}],"curies":[{"name":"wp","href":"https:\/\/api.w.org\/{rel}","templated":true}]}}