{"id":7119,"date":"2021-12-09T07:26:42","date_gmt":"2021-12-09T05:26:42","guid":{"rendered":"https:\/\/stiftadmont.at\/?p=7119"},"modified":"2026-03-03T13:01:29","modified_gmt":"2026-03-03T11:01:29","slug":"antonius-gratiadei","status":"publish","type":"post","link":"https:\/\/stiftadmont.at\/it\/blog\/antonius-gratiadei\/","title":{"rendered":"Antonius Gratiadei - Abate di Admont al servizio dell'Impero."},"content":{"rendered":"<section id='lightpress__section--block_363337bdec907a5d62ab6a3bc77c5469' class='lightpress__section--default-section-space lightpress__section lightpress__section--content'><div class=\"content__inner\"\n         x-init=\"initContentBlockAnim($el)\">\n        \n    <div class=\"content__grid content__grid\">\n                                            <div class=\"content__box content__box--one-hundred\"\n                 style=\"\">\n                                \n                \n                                            <div class=\"prose\"><h5 class=\"heading-m line line-above line--gold\">Antonius Gratiadei - Abate di Admont al servizio dell'Impero.<\/h5>\n<p>\u00a0<\/p>\n<div id=\"attachment_131\" style=\"width: 310px\" class=\"wp-caption alignleft\"><img loading=\"lazy\" decoding=\"async\" aria-describedby=\"caption-attachment-131\" class=\"size-medium wp-image-131\" src=\"https:\/\/stiftskirche-admont.pax.online\/wp-content\/uploads\/sites\/6\/2021\/12\/Abt-Anton-I-Dei-Gratia-300x264.jpg\" alt=\"\" width=\"300\" height=\"264\" \/><p id=\"caption-attachment-131\" class=\"wp-caption-text\">\u00a0Stemma dell'abate Antonius Gratiadei<\/p><\/div>\n<p>\u00a0<\/p>\n<p class=\"paragraph-m paragraph-s\">Tra gli abati di Admont che servirono come consiglieri degli imperatori Federico III e Massimiliano I, Antonius Gratiadei, proveniente da Venezia, occupa una posizione particolare. \u00c8 considerato una delle figure pi\u00f9 controverse nella storia dell'abbazia benedettina, poich\u00e9 non fu eletto dal convento ma nominato dall'imperatore e quindi praticamente imposto ai monaci. Nel Chronicon Admontense, la carica abbaziale \u00e8 descritta in termini poco favorevoli: Si dice che Antonius abbia sottratto i beni del monastero e abbia infine tentato di fuggire nel 1491. Poco dopo la sua presunta fuga, tuttavia, Antonius fu arrestato e imprigionato a Gallenstein, dove mor\u00ec poco tempo dopo senza essere riabilitato. Ciononostante, era considerato particolarmente appassionato di arte e istruzione: la Biblioteca dell'Abbazia di Admont gli deve 46 incunaboli, che acquist\u00f2 in vari uffici d'Europa e in alcuni casi fece arredare ulteriormente, e almeno 12 manoscritti. Antonius Gratiadei era originariamente un Minorita e studi\u00f2 teologia a Parigi. Non \u00e8 documentato quando entr\u00f2 in contatto con la famiglia imperiale; alcuni scritti lo indicano come precettore di Massimiliano, ma ci\u00f2 non pu\u00f2 essere provato.<\/p>\n<p>\u00a0<\/p>\n<p class=\"paragraph-m paragraph-s\">Dal 1\u00b0 ottobre 1478 insegn\u00f2 come professore associato presso la facolt\u00e0 teologica dell'Universit\u00e0 di Lovanio.2 Gratiadei lavor\u00f2 poi per l'arciduca Massimiliano in diverse missioni diplomatiche in Italia. Alla fine del 1480 fu inviato a Firenze per cercare di unire le potenze cristiane contro i turchi. Durante il suo soggiorno in citt\u00e0, fu molto apprezzato per le sue qualit\u00e0 oratorie. Il 28 gennaio 1481 si trova a Roma, dove entra in contatto con gli ambienti umanistici e in particolare con Bartolomeo Manfredi (Aristofilo). Per conto di Papa Sisto, Gratiadei fece da mediatore al Concilio di Basilea del 1482 e riusc\u00ec a dissuadere l'imperatore Federico III dall'appoggiare il prelato riformista Andreas Jamometi\u0107, che aveva indetto il Concilio. L'imperatore decise di premiarlo. Poich\u00e9 aveva noti problemi di denaro, la cessione di benefici ecclesiastici, di cui poteva disporre in quanto principe sovrano, era l'unica forma di \"remunerazione\" possibile per lui: Gratidei ricevette la rendita della parrocchia di Gars, in Bassa Austria. Tuttavia, poich\u00e9 questa si rivel\u00f2 troppo esigua per coprire le sue costose spese, Federico III lo nomin\u00f2 abate del monastero benedettino di San Trudpert, nella Foresta Nera meridionale.4 In alcuni documenti del 1483, Gratiadei si riferisce a se stesso come abbas sancti Trudperti. Tuttavia, l'abbazia fu chiusa molto presto dall'arciduca Siegmund del Tirolo. Egli fece notare che il convento aveva gi\u00e0 eletto un abate e che lui stesso aveva confermato questa elezione. L'imperatore Federico III si arrese e naturalmente dovette trovare rapidamente un altro monastero per il suo favorito. Approfitt\u00f2 del disaccordo sorto tra i monaci dell'abbazia benedettina di Admont in Stiria dopo la morte di Giovanni III di Trauttmannsdorf e nomin\u00f2 Gratiadei abate.<\/p>\n<p class=\"paragraph-m paragraph-s\">Il convento si adegu\u00f2, ma non senza aver ottenuto alcuni diritti. Gratiadei dovette firmare una capitolazione elettorale, secondo la quale non gli era permesso vendere o conferire uffici o benefici senza il consenso del convento. Inoltre, non poteva essere ammesso nell'ordine nessuno \"di nazione o lingua straniera\". Prima del Natale di quell'anno, il 21 dicembre 1483, Gratiadei fu nominato da Federico III conte palatino e consigliere imperiale. In seguito a questo riconoscimento, una seconda medaglia con il suo ritratto fu incisa da Giovanni di Candida all'inizio del 1484. Durante il suo abbaziato, Antonio assunse numerosi incarichi diplomatici per conto di Federico III e, dal 1486, anche per il re Massimiliano, alla cui incoronazione a Francoforte fu personalmente presente. Altri viaggi portarono Gratiadei per un certo periodo nei Paesi Bassi e nel suo ex monastero.<\/p>\n<p>\u00a0<\/p>\n<p>\u00a0<\/p>\n<p><img loading=\"lazy\" decoding=\"async\" class=\"size-medium wp-image-132 alignright\" src=\"https:\/\/stiftskirche-admont.pax.online\/wp-content\/uploads\/sites\/6\/2021\/12\/Ink_73-11-189x300.jpg\" alt=\"\" width=\"189\" height=\"300\" \/><\/p>\n<p>\u00a0<\/p>\n<p>\u00a0<\/p>\n<p class=\"paragraph-m paragraph-s\">Si trasfer\u00ec nella citt\u00e0 universitaria di Lovanio. Qui, il 22 ottobre 1486, si avvalse dei suoi poteri ufficiali di \"conte palatino\" e legittim\u00f2 una coppia di fratelli illegittimi. Nell'ottobre 1487, Gratiadei fu incaricato di condurre i negoziati preliminari per una tregua con il re ungherese Mattia Corvino a San P\u00f6lten. A causa di queste missioni, il capo del monastero era presente solo molto raramente nella sua abbazia. Sebbene si occupasse anche di questioni monastiche interne, lasciava spesso l'abbazia per recarsi alla corte imperiale via San Gallo a Linz. La fortezza di Gallenstein, situata al confine con la Bassa e l'Alta Austria, era un luogo di incontro per le discussioni tra un notaio con poteri speciali e i prelati e la nobilt\u00e0 dei due Paesi confinanti.<\/p>\n<p>\u00a0<\/p>\n<p class=\"paragraph-m paragraph-s\">Tre anni dopo la sua morte, l'imperatore Massimiliano scrisse al Doge di Venezia, su richiesta del suo successore, per reclamare i tesori dell'Abbazia di Admont, presumibilmente rubati. Purtroppo non \u00e8 chiaro se sia mai stato restituito qualcosa.<\/p>\n<\/div>\n                    \n                            <\/div>\n        \n            <\/div>\n<\/div>\n\n<\/section>","protected":false},"excerpt":{"rendered":"","protected":false},"author":7,"featured_media":7124,"comment_status":"closed","ping_status":"closed","sticky":false,"template":"","format":"standard","meta":{"_acf_changed":false,"footnotes":""},"categories":[19],"class_list":["post-7119","post","type-post","status-publish","format-standard","has-post-thumbnail","hentry","category-geschichte"],"acf":[],"yoast_head":"<!-- This site is optimized with the Yoast SEO Premium plugin v26.0 (Yoast SEO v26.8) - https:\/\/yoast.com\/product\/yoast-seo-premium-wordpress\/ -->\n<title>Antonius Gratiadei \u2013 Ein Admonter Abt in kaiserlichen Diensten - Stift Admont<\/title>\n<meta name=\"description\" content=\"Lesen Sie aktuelle Informationen zum Thema Antonius Gratiadei \u2013 Ein Admonter Abt in kaiserlichen Diensten und vieles mehr aus dem Konvent und der Pfarre Admont.\" \/>\n<meta name=\"robots\" content=\"index, follow, max-snippet:-1, max-image-preview:large, max-video-preview:-1\" \/>\n<link rel=\"canonical\" href=\"https:\/\/stiftadmont.at\/it\/blog\/antonius-gratiadei\/\" \/>\n<meta property=\"og:locale\" content=\"it_IT\" \/>\n<meta property=\"og:type\" content=\"article\" \/>\n<meta property=\"og:title\" content=\"Antonius Gratiadei \u2013 Ein Admonter Abt in kaiserlichen Diensten\" \/>\n<meta property=\"og:description\" content=\"Lesen Sie aktuelle Informationen zum Thema Antonius Gratiadei \u2013 Ein Admonter Abt in kaiserlichen Diensten und vieles mehr aus dem Konvent und der Pfarre Admont.\" \/>\n<meta property=\"og:url\" content=\"https:\/\/stiftadmont.at\/it\/blog\/antonius-gratiadei\/\" \/>\n<meta property=\"og:site_name\" content=\"Stift Admont\" \/>\n<meta property=\"article:published_time\" content=\"2021-12-09T05:26:42+00:00\" \/>\n<meta property=\"article:modified_time\" content=\"2026-03-03T11:01:29+00:00\" \/>\n<meta property=\"og:image\" content=\"https:\/\/stiftadmont.at\/wp-content\/uploads\/Abt-Anton-I-Dei-Gratia.jpg\" \/>\n\t<meta property=\"og:image:width\" content=\"2433\" \/>\n\t<meta property=\"og:image:height\" content=\"2145\" \/>\n\t<meta property=\"og:image:type\" content=\"image\/jpeg\" \/>\n<meta name=\"author\" content=\"Mario Brandm\u00fcller\" \/>\n<meta name=\"twitter:card\" content=\"summary_large_image\" \/>\n<meta name=\"twitter:label1\" content=\"Scritto da\" \/>\n\t<meta name=\"twitter:data1\" content=\"Mario Brandm\u00fcller\" \/>\n\t<meta name=\"twitter:label2\" content=\"Tempo di lettura stimato\" \/>\n\t<meta name=\"twitter:data2\" content=\"1 minuto\" \/>\n<script type=\"application\/ld+json\" class=\"yoast-schema-graph\">{\"@context\":\"https:\/\/schema.org\",\"@graph\":[{\"@type\":\"Article\",\"@id\":\"https:\/\/stiftadmont.at\/blog\/antonius-gratiadei\/#article\",\"isPartOf\":{\"@id\":\"https:\/\/stiftadmont.at\/blog\/antonius-gratiadei\/\"},\"author\":{\"name\":\"Mario Brandm\u00fcller\",\"@id\":\"https:\/\/stiftadmont.at\/#\/schema\/person\/30535548b241d5f33a2e8b839db11869\"},\"headline\":\"Antonius Gratiadei \u2013 Ein Admonter Abt in kaiserlichen Diensten\",\"datePublished\":\"2021-12-09T05:26:42+00:00\",\"dateModified\":\"2026-03-03T11:01:29+00:00\",\"mainEntityOfPage\":{\"@id\":\"https:\/\/stiftadmont.at\/blog\/antonius-gratiadei\/\"},\"wordCount\":8,\"image\":{\"@id\":\"https:\/\/stiftadmont.at\/blog\/antonius-gratiadei\/#primaryimage\"},\"thumbnailUrl\":\"https:\/\/stiftadmont.at\/wp-content\/uploads\/Abt-Anton-I-Dei-Gratia.jpg\",\"articleSection\":[\"Geschichte\"],\"inLanguage\":\"it-IT\"},{\"@type\":\"WebPage\",\"@id\":\"https:\/\/stiftadmont.at\/blog\/antonius-gratiadei\/\",\"url\":\"https:\/\/stiftadmont.at\/blog\/antonius-gratiadei\/\",\"name\":\"Antonius Gratiadei \u2013 Ein Admonter Abt in kaiserlichen Diensten - Stift Admont\",\"isPartOf\":{\"@id\":\"https:\/\/stiftadmont.at\/#website\"},\"primaryImageOfPage\":{\"@id\":\"https:\/\/stiftadmont.at\/blog\/antonius-gratiadei\/#primaryimage\"},\"image\":{\"@id\":\"https:\/\/stiftadmont.at\/blog\/antonius-gratiadei\/#primaryimage\"},\"thumbnailUrl\":\"https:\/\/stiftadmont.at\/wp-content\/uploads\/Abt-Anton-I-Dei-Gratia.jpg\",\"datePublished\":\"2021-12-09T05:26:42+00:00\",\"dateModified\":\"2026-03-03T11:01:29+00:00\",\"author\":{\"@id\":\"https:\/\/stiftadmont.at\/#\/schema\/person\/30535548b241d5f33a2e8b839db11869\"},\"description\":\"Lesen Sie aktuelle Informationen zum Thema Antonius Gratiadei \u2013 Ein Admonter Abt in kaiserlichen Diensten und vieles mehr aus dem Konvent und der Pfarre Admont.\",\"breadcrumb\":{\"@id\":\"https:\/\/stiftadmont.at\/blog\/antonius-gratiadei\/#breadcrumb\"},\"inLanguage\":\"it-IT\",\"potentialAction\":[{\"@type\":\"ReadAction\",\"target\":[\"https:\/\/stiftadmont.at\/blog\/antonius-gratiadei\/\"]}]},{\"@type\":\"ImageObject\",\"inLanguage\":\"it-IT\",\"@id\":\"https:\/\/stiftadmont.at\/blog\/antonius-gratiadei\/#primaryimage\",\"url\":\"https:\/\/stiftadmont.at\/wp-content\/uploads\/Abt-Anton-I-Dei-Gratia.jpg\",\"contentUrl\":\"https:\/\/stiftadmont.at\/wp-content\/uploads\/Abt-Anton-I-Dei-Gratia.jpg\",\"width\":2433,\"height\":2145,\"caption\":\"Abt Anton I Dei Gratia\"},{\"@type\":\"BreadcrumbList\",\"@id\":\"https:\/\/stiftadmont.at\/blog\/antonius-gratiadei\/#breadcrumb\",\"itemListElement\":[{\"@type\":\"ListItem\",\"position\":1,\"name\":\"Start\",\"item\":\"https:\/\/stiftadmont.at\/\"},{\"@type\":\"ListItem\",\"position\":2,\"name\":\"Antonius Gratiadei \u2013 Ein Admonter Abt in kaiserlichen Diensten\"}]},{\"@type\":\"WebSite\",\"@id\":\"https:\/\/stiftadmont.at\/#website\",\"url\":\"https:\/\/stiftadmont.at\/\",\"name\":\"Stift Admont\",\"description\":\"Benediktinerkloster und Sehensw\u00fcrdigkeit im Ges\u00e4use\",\"potentialAction\":[{\"@type\":\"SearchAction\",\"target\":{\"@type\":\"EntryPoint\",\"urlTemplate\":\"https:\/\/stiftadmont.at\/?s={search_term_string}\"},\"query-input\":{\"@type\":\"PropertyValueSpecification\",\"valueRequired\":true,\"valueName\":\"search_term_string\"}}],\"inLanguage\":\"it-IT\"},{\"@type\":\"Person\",\"@id\":\"https:\/\/stiftadmont.at\/#\/schema\/person\/30535548b241d5f33a2e8b839db11869\",\"name\":\"Mario Brandm\u00fcller\"}]}<\/script>\n<!-- \/ Yoast SEO Premium plugin. -->","yoast_head_json":{"title":"Antonius Gratiadei - Un abate di Admont al servizio imperiale - Abbazia di Admont","description":"Leggi le ultime informazioni su Antonius Gratiadei - Un abate di Admont al servizio dell'Impero e molto altro dal convento e dalla parrocchia di Admont.","robots":{"index":"index","follow":"follow","max-snippet":"max-snippet:-1","max-image-preview":"max-image-preview:large","max-video-preview":"max-video-preview:-1"},"canonical":"https:\/\/stiftadmont.at\/it\/blog\/antonius-gratiadei\/","og_locale":"it_IT","og_type":"article","og_title":"Antonius Gratiadei \u2013 Ein Admonter Abt in kaiserlichen Diensten","og_description":"Lesen Sie aktuelle Informationen zum Thema Antonius Gratiadei \u2013 Ein Admonter Abt in kaiserlichen Diensten und vieles mehr aus dem Konvent und der Pfarre Admont.","og_url":"https:\/\/stiftadmont.at\/it\/blog\/antonius-gratiadei\/","og_site_name":"Stift Admont","article_published_time":"2021-12-09T05:26:42+00:00","article_modified_time":"2026-03-03T11:01:29+00:00","og_image":[{"width":2433,"height":2145,"url":"https:\/\/stiftadmont.at\/wp-content\/uploads\/Abt-Anton-I-Dei-Gratia.jpg","type":"image\/jpeg"}],"author":"Mario Brandm\u00fcller","twitter_card":"summary_large_image","twitter_misc":{"Scritto da":"Mario Brandm\u00fcller","Tempo di lettura stimato":"1 minuto"},"schema":{"@context":"https:\/\/schema.org","@graph":[{"@type":"Article","@id":"https:\/\/stiftadmont.at\/blog\/antonius-gratiadei\/#article","isPartOf":{"@id":"https:\/\/stiftadmont.at\/blog\/antonius-gratiadei\/"},"author":{"name":"Mario Brandm\u00fcller","@id":"https:\/\/stiftadmont.at\/#\/schema\/person\/30535548b241d5f33a2e8b839db11869"},"headline":"Antonius Gratiadei \u2013 Ein Admonter Abt in kaiserlichen Diensten","datePublished":"2021-12-09T05:26:42+00:00","dateModified":"2026-03-03T11:01:29+00:00","mainEntityOfPage":{"@id":"https:\/\/stiftadmont.at\/blog\/antonius-gratiadei\/"},"wordCount":8,"image":{"@id":"https:\/\/stiftadmont.at\/blog\/antonius-gratiadei\/#primaryimage"},"thumbnailUrl":"https:\/\/stiftadmont.at\/wp-content\/uploads\/Abt-Anton-I-Dei-Gratia.jpg","articleSection":["Geschichte"],"inLanguage":"it-IT"},{"@type":"WebPage","@id":"https:\/\/stiftadmont.at\/blog\/antonius-gratiadei\/","url":"https:\/\/stiftadmont.at\/blog\/antonius-gratiadei\/","name":"Antonius Gratiadei - Un abate di Admont al servizio imperiale - Abbazia di Admont","isPartOf":{"@id":"https:\/\/stiftadmont.at\/#website"},"primaryImageOfPage":{"@id":"https:\/\/stiftadmont.at\/blog\/antonius-gratiadei\/#primaryimage"},"image":{"@id":"https:\/\/stiftadmont.at\/blog\/antonius-gratiadei\/#primaryimage"},"thumbnailUrl":"https:\/\/stiftadmont.at\/wp-content\/uploads\/Abt-Anton-I-Dei-Gratia.jpg","datePublished":"2021-12-09T05:26:42+00:00","dateModified":"2026-03-03T11:01:29+00:00","author":{"@id":"https:\/\/stiftadmont.at\/#\/schema\/person\/30535548b241d5f33a2e8b839db11869"},"description":"Leggi le ultime informazioni su Antonius Gratiadei - Un abate di Admont al servizio dell'Impero e molto altro dal convento e dalla parrocchia di Admont.","breadcrumb":{"@id":"https:\/\/stiftadmont.at\/blog\/antonius-gratiadei\/#breadcrumb"},"inLanguage":"it-IT","potentialAction":[{"@type":"ReadAction","target":["https:\/\/stiftadmont.at\/blog\/antonius-gratiadei\/"]}]},{"@type":"ImageObject","inLanguage":"it-IT","@id":"https:\/\/stiftadmont.at\/blog\/antonius-gratiadei\/#primaryimage","url":"https:\/\/stiftadmont.at\/wp-content\/uploads\/Abt-Anton-I-Dei-Gratia.jpg","contentUrl":"https:\/\/stiftadmont.at\/wp-content\/uploads\/Abt-Anton-I-Dei-Gratia.jpg","width":2433,"height":2145,"caption":"Abt Anton I Dei Gratia"},{"@type":"BreadcrumbList","@id":"https:\/\/stiftadmont.at\/blog\/antonius-gratiadei\/#breadcrumb","itemListElement":[{"@type":"ListItem","position":1,"name":"Start","item":"https:\/\/stiftadmont.at\/"},{"@type":"ListItem","position":2,"name":"Antonius Gratiadei \u2013 Ein Admonter Abt in kaiserlichen Diensten"}]},{"@type":"WebSite","@id":"https:\/\/stiftadmont.at\/#website","url":"https:\/\/stiftadmont.at\/","name":"Abbazia di Admont","description":"Monastero benedettino e attrazione turistica nella Ges\u00e4use","potentialAction":[{"@type":"SearchAction","target":{"@type":"EntryPoint","urlTemplate":"https:\/\/stiftadmont.at\/?s={search_term_string}"},"query-input":{"@type":"PropertyValueSpecification","valueRequired":true,"valueName":"search_term_string"}}],"inLanguage":"it-IT"},{"@type":"Person","@id":"https:\/\/stiftadmont.at\/#\/schema\/person\/30535548b241d5f33a2e8b839db11869","name":"Mario Brandm\u00fcller"}]}},"_links":{"self":[{"href":"https:\/\/stiftadmont.at\/it\/wp-json\/wp\/v2\/posts\/7119","targetHints":{"allow":["GET"]}}],"collection":[{"href":"https:\/\/stiftadmont.at\/it\/wp-json\/wp\/v2\/posts"}],"about":[{"href":"https:\/\/stiftadmont.at\/it\/wp-json\/wp\/v2\/types\/post"}],"author":[{"embeddable":true,"href":"https:\/\/stiftadmont.at\/it\/wp-json\/wp\/v2\/users\/7"}],"replies":[{"embeddable":true,"href":"https:\/\/stiftadmont.at\/it\/wp-json\/wp\/v2\/comments?post=7119"}],"version-history":[{"count":8,"href":"https:\/\/stiftadmont.at\/it\/wp-json\/wp\/v2\/posts\/7119\/revisions"}],"predecessor-version":[{"id":39893,"href":"https:\/\/stiftadmont.at\/it\/wp-json\/wp\/v2\/posts\/7119\/revisions\/39893"}],"wp:featuredmedia":[{"embeddable":true,"href":"https:\/\/stiftadmont.at\/it\/wp-json\/wp\/v2\/media\/7124"}],"wp:attachment":[{"href":"https:\/\/stiftadmont.at\/it\/wp-json\/wp\/v2\/media?parent=7119"}],"wp:term":[{"taxonomy":"category","embeddable":true,"href":"https:\/\/stiftadmont.at\/it\/wp-json\/wp\/v2\/categories?post=7119"}],"curies":[{"name":"wp","href":"https:\/\/api.w.org\/{rel}","templated":true}]}}