{"id":9967,"date":"2021-09-21T12:00:00","date_gmt":"2021-09-21T10:00:00","guid":{"rendered":"https:\/\/stiftadmont.at\/?p=9967"},"modified":"2022-04-25T22:53:10","modified_gmt":"2022-04-25T20:53:10","slug":"stabilita-e-sicurezza-per-quasi-950-anni","status":"publish","type":"post","link":"https:\/\/stiftadmont.at\/it\/blog\/stabilitaet-und-sicherheit-seit-fast-950-jahren\/","title":{"rendered":"Stabilit\u00e0 e sicurezza da quasi 950 anni"},"content":{"rendered":"<section id='lightpress__section--block_626708af3603e' class='lightpress__section--default-section-space lightpress__section lightpress__section--content'><div class=\"content__inner\"\n         x-init=\"initContentBlockAnim($el)\">\n        \n    <div class=\"content__grid content__grid\">\n                                            <div class=\"content__box content__box--one-hundred\"\n                 style=\"\">\n                                \n                \n                                            <div class=\"prose\"><h2 class=\"heading-xxl line line--gold\">Stabilit\u00e0 e sicurezza da quasi 950 anni<\/h2>\n<p><strong>Marted\u00ec 21 settembre 2021<\/strong><\/p>\n<p><strong>Uno dei motivi per cui i monaci dell'Abbazia di Admont gestiscono attivit\u00e0 fiorenti da quasi mille anni \u00e8 il modo in cui affrontano le crisi.<\/strong><\/p>\n<p>\"L'Abbazia di Admont \u00e8 stata fondata nel 1074 per rafforzare la fede cristiana ad Admont e nella regione, promuovere la cultura e costruire l'economia. Ancora oggi, noi monaci e le aziende del monastero ci sentiamo impegnati in questa missione. Ora et labora et lege, preghiera - lavoro - educazione, vivere l'oggi, tradurre l'oggi, \u00e8 parte dell'evangelizzazione, significa portare Ges\u00f9 Cristo alle persone di oggi. Sono quasi 950 anni che svolgiamo questo compito. Con l'aiuto di Dio, possano seguirne molti altri\", afferma Gerhard Hafner OSB, abate dell'Abbazia benedettina di Admont.<\/p>\n<p>La pandemia di coronavirus sta ponendo sfide difficili alle aziende di tutto il mondo. Admont ha trovato il proprio modo di affrontare la crisi: \"Per secoli siamo stati sinonimo di stabilit\u00e0 e sicurezza. Per questo motivo, anche in questa fase di COVID, per noi non era un'opzione licenziare i dipendenti. Al contrario. La nostra filosofia \u00e8 quella di andare incontro al futuro pi\u00f9 forti attraverso investimenti mirati\", afferma l'abate Gerhard Hafner OSB. Un passo importante in questa direzione \u00e8 l'avanzamento della digitalizzazione. Le messe vengono trasmesse in livestream, \u00e8 stato creato uno strumento digitale per la cura pastorale, \u00e8 stata sviluppata una piattaforma di marketing culturale internazionale e una piattaforma di comunicazione interna e nuovi processi di lavoro hanno garantito la continuit\u00e0 delle operazioni quotidiane per oltre un anno.<\/p>\n<h5 class=\"heading-m line line--gold\">Investire invece di capitolare<\/h5>\n<p>Oltre 25 milioni di euro sono stati destinati all'espansione dell'industria del legno Admont. L'acquisizione di nuovi impianti e macchinari e gli investimenti in vari settori, come la ricerca e lo sviluppo e la digitalizzazione, garantiranno il posto di lavoro a circa 290 dipendenti. \"Lo sviluppo dei prodotti e l'aumento della competitivit\u00e0 per i nostri clienti sono importanti per noi, ed \u00e8 per questo che continuiamo a investire nel sito di Admont\", afferma il direttore economico Franz Pichler LL.M. Anche nel settore della cultura sono state poste delle pietre miliari: Nel febbraio 2021 \u00e8 stato messo online il progetto pionieristico globale nel settore della cultura www.discover-culture.com. Questa piattaforma consente di effettuare visite digitali di tesori artistici e culturali con le pi\u00f9 moderne funzioni high-tech. Il tutto comodamente da casa. Nonostante la nuova piattaforma digitale, le visite ai musei in loco non vanno trascurate, sottolinea il Direttore economico. \"L'agosto 2021 \u00e8 stato il secondo mese pi\u00f9 affollato di visitatori nella storia del museo. Quasi 16.000 persone ci hanno visitato in questo mese. Questo ci rende orgogliosi\".<\/p>\n<h5 class=\"heading-m line line--gold\">\"110 anni di fornitura di energia all'Abbazia di Admont\"<\/h5>\n<p>\"L'attuale situazione di crisi in tutti i settori ci mostra che abbiamo raggiunto lo zenit della prosperit\u00e0 energetica con il nostro attuale consumo di energia - e questo con l'aiuto dell'energia in qualsiasi forma, che si suppone illimitata e disponibile in ogni momento. Ci\u00f2 che deve seguire \u00e8 un ripensamento dei nuovi valori della vita: \"meno \u00e8 meglio\", migliorando la produttivit\u00e0 delle risorse e stabilizzando i consumi. Economia, ambiente e questioni sociali devono essere in equilibrio\", afferma Christoph Hell, amministratore delegato di ENVESTA GmbH.<\/p>\n<p>Trasferito alla nostra area di responsabilit\u00e0, ci\u00f2 significa, tra l'altro, utilizzare fonti energetiche nazionali con un impatto ambientale minimo, grazie a misure di compensazione con tecnologie altamente sviluppate in loco, e ridurre il consumo energetico complessivo attraverso un uso consapevolmente economico dell'energia. In qualit\u00e0 di regione modello per la produzione di energia ecologica, l'approvvigionamento sicuro, la struttura di rete intelligente e i servizi di assistenza personalizzati, ENVESTA continuer\u00e0 a raccogliere le sfide future e a fare del suo meglio per affrontarle\", afferma Christoph Hell.<\/p>\n<h5 class=\"heading-m line line--gold\">Promozione di progetti sociali<\/h5>\n<p>\"Soprattutto in tempi cos\u00ec difficili, \u00e8 importante offrire alle persone delle prospettive\", sottolinea l'abate Gerhard Hafner. Nel giugno dello scorso anno \u00e8 stato inaugurato un centro di cure primarie nel terreno del monastero benedettino, che riunisce due medici di base, specialisti e personale sanitario. Il sito \u00e8 stato messo a disposizione dai monaci dell'Abbazia di Admont e adattato di conseguenza durante una fase di costruzione durata un anno.<\/p>\n<h5 class=\"heading-m line line--gold\">377 anni di scuola elementare dell'Abbazia di Admont<\/h5>\n<p>La Benedictine Abbey Grammar School \u00e8 la scuola privata cattolica dell'abbazia e un centro educativo e scientifico secolare nella regione di Admont. Dopo un lungo periodo di rimodellamento e ristrutturazione, nonch\u00e9 di ingenti investimenti, ora risplende in un nuovo splendore. L'istruzione e la scienza sono la spina dorsale di una societ\u00e0 e quindi \u00e8 una missione essenziale per l'Abbazia di Admont fornire agli alunni della regione una base essenziale per la loro vita, offrendo loro un programma educativo.<\/p>\n<p>*) vedi: <a href=\"https:\/\/de.wikipedia.org\/wiki\/Liste_der_weltweit_%C3%A4ltesten_Unternehmen\" target=\"_blank\" rel=\"noopener\">https:\/\/de.wikipedia.org\/wiki\/Liste_der_weltweit_%C3%A4ltesten_Unternehmen<\/a><\/p>\n<\/div>\n                    \n                            <\/div>\n        \n            <\/div>\n<\/div>\n\n<\/section>","protected":false},"excerpt":{"rendered":"<p>L'Abbazia benedettina di Admont \u00e8 una delle venti organizzazioni pi\u00f9 antiche del mondo. *)<br \/>\n\u00c8 addirittura la quarta pi\u00f9 antica del settore manifatturiero.<\/p>","protected":false},"author":7,"featured_media":7475,"comment_status":"closed","ping_status":"closed","sticky":false,"template":"","format":"standard","meta":{"_acf_changed":false,"footnotes":""},"categories":[23],"class_list":["post-9967","post","type-post","status-publish","format-standard","has-post-thumbnail","hentry","category-einrichtungen-aktuell"],"acf":[],"yoast_head":"<!-- This site is optimized with the Yoast SEO Premium plugin v26.0 (Yoast SEO v26.8) - https:\/\/yoast.com\/product\/yoast-seo-premium-wordpress\/ -->\n<title>Stabilit\u00e4t und Sicherheit seit fast 950 Jahren - Stift Admont<\/title>\n<meta name=\"description\" content=\"Lesen Sie aktuelle Informationen zum Thema Stabilit\u00e4t und Sicherheit seit fast 950 Jahren und vieles mehr aus dem Konvent und der Pfarre Admont.\" \/>\n<meta name=\"robots\" content=\"index, follow, max-snippet:-1, max-image-preview:large, max-video-preview:-1\" \/>\n<link rel=\"canonical\" href=\"https:\/\/stiftadmont.at\/it\/blog\/stabilita-e-sicurezza-per-quasi-950-anni\/\" \/>\n<meta property=\"og:locale\" content=\"it_IT\" \/>\n<meta property=\"og:type\" content=\"article\" \/>\n<meta property=\"og:title\" content=\"Stabilit\u00e4t und Sicherheit seit fast 950 Jahren\" \/>\n<meta property=\"og:description\" content=\"Lesen Sie aktuelle Informationen zum Thema Stabilit\u00e4t und Sicherheit seit fast 950 Jahren und vieles mehr aus dem Konvent und der Pfarre Admont.\" \/>\n<meta property=\"og:url\" content=\"https:\/\/stiftadmont.at\/it\/blog\/stabilita-e-sicurezza-per-quasi-950-anni\/\" \/>\n<meta property=\"og:site_name\" content=\"Stift Admont\" \/>\n<meta property=\"article:published_time\" content=\"2021-09-21T10:00:00+00:00\" \/>\n<meta property=\"article:modified_time\" content=\"2022-04-25T20:53:10+00:00\" \/>\n<meta property=\"og:image\" content=\"https:\/\/stiftadmont.at\/wp-content\/uploads\/Stift-Admont-Panorama_c-Stift-Admont.jpg\" \/>\n\t<meta property=\"og:image:width\" content=\"1869\" \/>\n\t<meta property=\"og:image:height\" content=\"839\" \/>\n\t<meta property=\"og:image:type\" content=\"image\/jpeg\" \/>\n<meta name=\"author\" content=\"Mario Brandm\u00fcller\" \/>\n<meta name=\"twitter:card\" content=\"summary_large_image\" \/>\n<meta name=\"twitter:label1\" content=\"Scritto da\" \/>\n\t<meta name=\"twitter:data1\" content=\"Mario Brandm\u00fcller\" \/>\n<script type=\"application\/ld+json\" class=\"yoast-schema-graph\">{\"@context\":\"https:\/\/schema.org\",\"@graph\":[{\"@type\":\"Article\",\"@id\":\"https:\/\/stiftadmont.at\/blog\/stabilitaet-und-sicherheit-seit-fast-950-jahren\/#article\",\"isPartOf\":{\"@id\":\"https:\/\/stiftadmont.at\/blog\/stabilitaet-und-sicherheit-seit-fast-950-jahren\/\"},\"author\":{\"name\":\"Mario Brandm\u00fcller\",\"@id\":\"https:\/\/stiftadmont.at\/#\/schema\/person\/30535548b241d5f33a2e8b839db11869\"},\"headline\":\"Stabilit\u00e4t und Sicherheit seit fast 950 Jahren\",\"datePublished\":\"2021-09-21T10:00:00+00:00\",\"dateModified\":\"2022-04-25T20:53:10+00:00\",\"mainEntityOfPage\":{\"@id\":\"https:\/\/stiftadmont.at\/blog\/stabilitaet-und-sicherheit-seit-fast-950-jahren\/\"},\"wordCount\":7,\"image\":{\"@id\":\"https:\/\/stiftadmont.at\/blog\/stabilitaet-und-sicherheit-seit-fast-950-jahren\/#primaryimage\"},\"thumbnailUrl\":\"https:\/\/stiftadmont.at\/wp-content\/uploads\/Stift-Admont-Panorama_c-Stift-Admont.jpg\",\"articleSection\":[\"Einrichtungen aktuell\"],\"inLanguage\":\"it-IT\"},{\"@type\":\"WebPage\",\"@id\":\"https:\/\/stiftadmont.at\/blog\/stabilitaet-und-sicherheit-seit-fast-950-jahren\/\",\"url\":\"https:\/\/stiftadmont.at\/blog\/stabilitaet-und-sicherheit-seit-fast-950-jahren\/\",\"name\":\"Stabilit\u00e4t und Sicherheit seit fast 950 Jahren - Stift Admont\",\"isPartOf\":{\"@id\":\"https:\/\/stiftadmont.at\/#website\"},\"primaryImageOfPage\":{\"@id\":\"https:\/\/stiftadmont.at\/blog\/stabilitaet-und-sicherheit-seit-fast-950-jahren\/#primaryimage\"},\"image\":{\"@id\":\"https:\/\/stiftadmont.at\/blog\/stabilitaet-und-sicherheit-seit-fast-950-jahren\/#primaryimage\"},\"thumbnailUrl\":\"https:\/\/stiftadmont.at\/wp-content\/uploads\/Stift-Admont-Panorama_c-Stift-Admont.jpg\",\"datePublished\":\"2021-09-21T10:00:00+00:00\",\"dateModified\":\"2022-04-25T20:53:10+00:00\",\"author\":{\"@id\":\"https:\/\/stiftadmont.at\/#\/schema\/person\/30535548b241d5f33a2e8b839db11869\"},\"description\":\"Lesen Sie aktuelle Informationen zum Thema Stabilit\u00e4t und Sicherheit seit fast 950 Jahren und vieles mehr aus dem Konvent und der Pfarre Admont.\",\"breadcrumb\":{\"@id\":\"https:\/\/stiftadmont.at\/blog\/stabilitaet-und-sicherheit-seit-fast-950-jahren\/#breadcrumb\"},\"inLanguage\":\"it-IT\",\"potentialAction\":[{\"@type\":\"ReadAction\",\"target\":[\"https:\/\/stiftadmont.at\/blog\/stabilitaet-und-sicherheit-seit-fast-950-jahren\/\"]}]},{\"@type\":\"ImageObject\",\"inLanguage\":\"it-IT\",\"@id\":\"https:\/\/stiftadmont.at\/blog\/stabilitaet-und-sicherheit-seit-fast-950-jahren\/#primaryimage\",\"url\":\"https:\/\/stiftadmont.at\/wp-content\/uploads\/Stift-Admont-Panorama_c-Stift-Admont.jpg\",\"contentUrl\":\"https:\/\/stiftadmont.at\/wp-content\/uploads\/Stift-Admont-Panorama_c-Stift-Admont.jpg\",\"width\":1869,\"height\":839,\"caption\":\"Benediktinerstift Admont - Panorama (c) Stefan Leitner\"},{\"@type\":\"BreadcrumbList\",\"@id\":\"https:\/\/stiftadmont.at\/blog\/stabilitaet-und-sicherheit-seit-fast-950-jahren\/#breadcrumb\",\"itemListElement\":[{\"@type\":\"ListItem\",\"position\":1,\"name\":\"Start\",\"item\":\"https:\/\/stiftadmont.at\/\"},{\"@type\":\"ListItem\",\"position\":2,\"name\":\"Stabilit\u00e4t und Sicherheit seit fast 950 Jahren\"}]},{\"@type\":\"WebSite\",\"@id\":\"https:\/\/stiftadmont.at\/#website\",\"url\":\"https:\/\/stiftadmont.at\/\",\"name\":\"Stift Admont\",\"description\":\"Benediktinerkloster und Sehensw\u00fcrdigkeit im Ges\u00e4use\",\"potentialAction\":[{\"@type\":\"SearchAction\",\"target\":{\"@type\":\"EntryPoint\",\"urlTemplate\":\"https:\/\/stiftadmont.at\/?s={search_term_string}\"},\"query-input\":{\"@type\":\"PropertyValueSpecification\",\"valueRequired\":true,\"valueName\":\"search_term_string\"}}],\"inLanguage\":\"it-IT\"},{\"@type\":\"Person\",\"@id\":\"https:\/\/stiftadmont.at\/#\/schema\/person\/30535548b241d5f33a2e8b839db11869\",\"name\":\"Mario Brandm\u00fcller\"}]}<\/script>\n<!-- \/ Yoast SEO Premium plugin. -->","yoast_head_json":{"title":"Stabilit\u00e0 e sicurezza da quasi 950 anni - Abbazia di Admont","description":"Leggete le ultime informazioni sulla stabilit\u00e0 e la sicurezza da quasi 950 anni e molto altro ancora dal convento e dalla parrocchia di Admont.","robots":{"index":"index","follow":"follow","max-snippet":"max-snippet:-1","max-image-preview":"max-image-preview:large","max-video-preview":"max-video-preview:-1"},"canonical":"https:\/\/stiftadmont.at\/it\/blog\/stabilita-e-sicurezza-per-quasi-950-anni\/","og_locale":"it_IT","og_type":"article","og_title":"Stabilit\u00e4t und Sicherheit seit fast 950 Jahren","og_description":"Lesen Sie aktuelle Informationen zum Thema Stabilit\u00e4t und Sicherheit seit fast 950 Jahren und vieles mehr aus dem Konvent und der Pfarre Admont.","og_url":"https:\/\/stiftadmont.at\/it\/blog\/stabilita-e-sicurezza-per-quasi-950-anni\/","og_site_name":"Stift Admont","article_published_time":"2021-09-21T10:00:00+00:00","article_modified_time":"2022-04-25T20:53:10+00:00","og_image":[{"width":1869,"height":839,"url":"https:\/\/stiftadmont.at\/wp-content\/uploads\/Stift-Admont-Panorama_c-Stift-Admont.jpg","type":"image\/jpeg"}],"author":"Mario Brandm\u00fcller","twitter_card":"summary_large_image","twitter_misc":{"Scritto da":"Mario Brandm\u00fcller"},"schema":{"@context":"https:\/\/schema.org","@graph":[{"@type":"Article","@id":"https:\/\/stiftadmont.at\/blog\/stabilitaet-und-sicherheit-seit-fast-950-jahren\/#article","isPartOf":{"@id":"https:\/\/stiftadmont.at\/blog\/stabilitaet-und-sicherheit-seit-fast-950-jahren\/"},"author":{"name":"Mario Brandm\u00fcller","@id":"https:\/\/stiftadmont.at\/#\/schema\/person\/30535548b241d5f33a2e8b839db11869"},"headline":"Stabilit\u00e4t und Sicherheit seit fast 950 Jahren","datePublished":"2021-09-21T10:00:00+00:00","dateModified":"2022-04-25T20:53:10+00:00","mainEntityOfPage":{"@id":"https:\/\/stiftadmont.at\/blog\/stabilitaet-und-sicherheit-seit-fast-950-jahren\/"},"wordCount":7,"image":{"@id":"https:\/\/stiftadmont.at\/blog\/stabilitaet-und-sicherheit-seit-fast-950-jahren\/#primaryimage"},"thumbnailUrl":"https:\/\/stiftadmont.at\/wp-content\/uploads\/Stift-Admont-Panorama_c-Stift-Admont.jpg","articleSection":["Einrichtungen aktuell"],"inLanguage":"it-IT"},{"@type":"WebPage","@id":"https:\/\/stiftadmont.at\/blog\/stabilitaet-und-sicherheit-seit-fast-950-jahren\/","url":"https:\/\/stiftadmont.at\/blog\/stabilitaet-und-sicherheit-seit-fast-950-jahren\/","name":"Stabilit\u00e0 e sicurezza da quasi 950 anni - Abbazia di Admont","isPartOf":{"@id":"https:\/\/stiftadmont.at\/#website"},"primaryImageOfPage":{"@id":"https:\/\/stiftadmont.at\/blog\/stabilitaet-und-sicherheit-seit-fast-950-jahren\/#primaryimage"},"image":{"@id":"https:\/\/stiftadmont.at\/blog\/stabilitaet-und-sicherheit-seit-fast-950-jahren\/#primaryimage"},"thumbnailUrl":"https:\/\/stiftadmont.at\/wp-content\/uploads\/Stift-Admont-Panorama_c-Stift-Admont.jpg","datePublished":"2021-09-21T10:00:00+00:00","dateModified":"2022-04-25T20:53:10+00:00","author":{"@id":"https:\/\/stiftadmont.at\/#\/schema\/person\/30535548b241d5f33a2e8b839db11869"},"description":"Leggete le ultime informazioni sulla stabilit\u00e0 e la sicurezza da quasi 950 anni e molto altro ancora dal convento e dalla parrocchia di Admont.","breadcrumb":{"@id":"https:\/\/stiftadmont.at\/blog\/stabilitaet-und-sicherheit-seit-fast-950-jahren\/#breadcrumb"},"inLanguage":"it-IT","potentialAction":[{"@type":"ReadAction","target":["https:\/\/stiftadmont.at\/blog\/stabilitaet-und-sicherheit-seit-fast-950-jahren\/"]}]},{"@type":"ImageObject","inLanguage":"it-IT","@id":"https:\/\/stiftadmont.at\/blog\/stabilitaet-und-sicherheit-seit-fast-950-jahren\/#primaryimage","url":"https:\/\/stiftadmont.at\/wp-content\/uploads\/Stift-Admont-Panorama_c-Stift-Admont.jpg","contentUrl":"https:\/\/stiftadmont.at\/wp-content\/uploads\/Stift-Admont-Panorama_c-Stift-Admont.jpg","width":1869,"height":839,"caption":"Benediktinerstift Admont - Panorama (c) Stefan Leitner"},{"@type":"BreadcrumbList","@id":"https:\/\/stiftadmont.at\/blog\/stabilitaet-und-sicherheit-seit-fast-950-jahren\/#breadcrumb","itemListElement":[{"@type":"ListItem","position":1,"name":"Start","item":"https:\/\/stiftadmont.at\/"},{"@type":"ListItem","position":2,"name":"Stabilit\u00e4t und Sicherheit seit fast 950 Jahren"}]},{"@type":"WebSite","@id":"https:\/\/stiftadmont.at\/#website","url":"https:\/\/stiftadmont.at\/","name":"Abbazia di Admont","description":"Monastero benedettino e attrazione turistica nella Ges\u00e4use","potentialAction":[{"@type":"SearchAction","target":{"@type":"EntryPoint","urlTemplate":"https:\/\/stiftadmont.at\/?s={search_term_string}"},"query-input":{"@type":"PropertyValueSpecification","valueRequired":true,"valueName":"search_term_string"}}],"inLanguage":"it-IT"},{"@type":"Person","@id":"https:\/\/stiftadmont.at\/#\/schema\/person\/30535548b241d5f33a2e8b839db11869","name":"Mario Brandm\u00fcller"}]}},"_links":{"self":[{"href":"https:\/\/stiftadmont.at\/it\/wp-json\/wp\/v2\/posts\/9967","targetHints":{"allow":["GET"]}}],"collection":[{"href":"https:\/\/stiftadmont.at\/it\/wp-json\/wp\/v2\/posts"}],"about":[{"href":"https:\/\/stiftadmont.at\/it\/wp-json\/wp\/v2\/types\/post"}],"author":[{"embeddable":true,"href":"https:\/\/stiftadmont.at\/it\/wp-json\/wp\/v2\/users\/7"}],"replies":[{"embeddable":true,"href":"https:\/\/stiftadmont.at\/it\/wp-json\/wp\/v2\/comments?post=9967"}],"version-history":[{"count":8,"href":"https:\/\/stiftadmont.at\/it\/wp-json\/wp\/v2\/posts\/9967\/revisions"}],"predecessor-version":[{"id":9976,"href":"https:\/\/stiftadmont.at\/it\/wp-json\/wp\/v2\/posts\/9967\/revisions\/9976"}],"wp:featuredmedia":[{"embeddable":true,"href":"https:\/\/stiftadmont.at\/it\/wp-json\/wp\/v2\/media\/7475"}],"wp:attachment":[{"href":"https:\/\/stiftadmont.at\/it\/wp-json\/wp\/v2\/media?parent=9967"}],"wp:term":[{"taxonomy":"category","embeddable":true,"href":"https:\/\/stiftadmont.at\/it\/wp-json\/wp\/v2\/categories?post=9967"}],"curies":[{"name":"wp","href":"https:\/\/api.w.org\/{rel}","templated":true}]}}