{"id":9994,"date":"2021-12-09T12:00:00","date_gmt":"2021-12-09T10:00:00","guid":{"rendered":"https:\/\/stiftadmont.at\/?p=9994"},"modified":"2023-09-30T16:41:51","modified_gmt":"2023-09-30T14:41:51","slug":"il-kaiserau-decolla","status":"publish","type":"post","link":"https:\/\/stiftadmont.at\/it\/blog\/kaiserau-startet-los\/","title":{"rendered":"Kaiserau decolla"},"content":{"rendered":"<section id='lightpress__section--block_19fa33edc18e8a06e3fd1b2174488b62' class='lightpress__section--default-section-space lightpress__section lightpress__section--content'><div class=\"content__inner\"\n         x-init=\"initContentBlockAnim($el)\">\n        \n    <div class=\"content__grid content__grid\">\n                                            <div class=\"content__box content__box--one-hundred\"\n                 style=\"\">\n                                \n                \n                                            <div class=\"prose\"><h2 class=\"heading-xxl line line--gold\">Kaiserau decolla<\/h2>\n<p><strong>Gioved\u00ec 9 dicembre 2021 <\/strong><\/p>\n<p>Lo sci inizia sul Kaiserau sabato prossimo, 11 dicembre 2021. Gli abbonamenti stagionali sono disponibili anche in anticipo.<\/p>\n<p>L'enorme quantit\u00e0 di neve fresca lo rende possibile: Kaiserau aprir\u00e0 prima del previsto. Il popolare comprensorio sciistico per famiglie inizier\u00e0 la stagione invernale di quest'anno gi\u00e0 sabato prossimo. Inizialmente con il Kinderland e lo Schlosslift. A partire dal 18 dicembre, tutti gli impianti di risalita saranno aperti tutti i giorni dalle 09:00 alle 16:00. Anche se tutto lascia presagire un inverno nevoso, il resort non si affida completamente alla neve naturale, come sottolinea l'amministratore delegato di Kaiserau Mario Brandm\u00fcller: \"Quest'anno abbiamo investito molto nell'impianto di innevamento e speriamo di avere molti ospiti, nonostante le norme sul coronavirus in vigore\". Come in tutte le altre stazioni sciistiche, anche a Kaiserau si applica la regola obbligatoria del 2G.<\/p>\n<p>Per rendere la vendita dei biglietti pi\u00f9 rapida ed efficiente, l'anno scorso \u00e8 stata installata una seconda biglietteria. \"Quest'anno possiamo offrire il massimo risparmio di tempo nell'acquisto dei biglietti ed evitare inutili contatti dovuti a lunghe code\", afferma Brandm\u00fcller. Inoltre, sono stati investiti 400.000 euro per migliorare le infrastrutture. La buona qualit\u00e0 del comprensorio sciistico \u00e8 confermata anche dal sigillo di qualit\u00e0 delle piste austriache, assegnato a Kaiserau lo scorso anno. Il verdetto unanime della giuria: eccezionale.<\/p>\n<p>Oltre alla buona qualit\u00e0 delle piste, Kaiserau si distingue anche per la sua vocazione familiare. \"Lo sci deve rimanere accessibile\", sottolinea Brandm\u00fcller, che si impegna a mantenere prezzi moderati. Nonostante l'inizio anticipato della stagione invernale di quest'anno, la prevendita degli abbonamenti \u00e8 gi\u00e0 ben avviata. <strong>fino al 23 dicembre<\/strong>. Informazioni e ordini: 0664 \/ 60 353 550<\/p>\n<\/div>\n                    \n                            <\/div>\n        \n            <\/div>\n<\/div>\n\n<\/section>","protected":false},"excerpt":{"rendered":"<p>Il comprensorio sciistico di Kaiserau inizia la stagione invernale 2021\/22 e apre gli impianti di risalita l'11 dicembre 2021<\/p>","protected":false},"author":7,"featured_media":9995,"comment_status":"closed","ping_status":"closed","sticky":false,"template":"","format":"standard","meta":{"_acf_changed":false,"footnotes":""},"categories":[23,65],"class_list":["post-9994","post","type-post","status-publish","format-standard","has-post-thumbnail","hentry","category-einrichtungen-aktuell","category-kaiserau-aktuell"],"acf":[],"yoast_head":"<!-- This site is optimized with the Yoast SEO Premium plugin v26.0 (Yoast SEO v26.8) - https:\/\/yoast.com\/product\/yoast-seo-premium-wordpress\/ -->\n<title>Kaiserau startet los - Stift Admont<\/title>\n<meta name=\"description\" content=\"Lesen Sie aktuelle Informationen zum Thema Kaiserau startet los und vieles mehr aus dem Konvent und der Pfarre Admont.\" \/>\n<meta name=\"robots\" content=\"index, follow, max-snippet:-1, max-image-preview:large, max-video-preview:-1\" \/>\n<link rel=\"canonical\" href=\"https:\/\/stiftadmont.at\/it\/blog\/il-kaiserau-decolla\/\" \/>\n<meta property=\"og:locale\" content=\"it_IT\" \/>\n<meta property=\"og:type\" content=\"article\" \/>\n<meta property=\"og:title\" content=\"Kaiserau startet los\" \/>\n<meta property=\"og:description\" content=\"Lesen Sie aktuelle Informationen zum Thema Kaiserau startet los und vieles mehr aus dem Konvent und der Pfarre Admont.\" \/>\n<meta property=\"og:url\" content=\"https:\/\/stiftadmont.at\/it\/blog\/il-kaiserau-decolla\/\" \/>\n<meta property=\"og:site_name\" content=\"Stift Admont\" \/>\n<meta property=\"article:published_time\" content=\"2021-12-09T10:00:00+00:00\" \/>\n<meta property=\"article:modified_time\" content=\"2023-09-30T14:41:51+00:00\" \/>\n<meta property=\"og:image\" content=\"https:\/\/stiftadmont.at\/wp-content\/uploads\/Kaiserau\u00a9StefanLeitner_011-1024x683.jpg\" \/>\n\t<meta property=\"og:image:width\" content=\"1024\" \/>\n\t<meta property=\"og:image:height\" content=\"683\" \/>\n\t<meta property=\"og:image:type\" content=\"image\/jpeg\" \/>\n<meta name=\"author\" content=\"Mario Brandm\u00fcller\" \/>\n<meta name=\"twitter:card\" content=\"summary_large_image\" \/>\n<meta name=\"twitter:label1\" content=\"Scritto da\" \/>\n\t<meta name=\"twitter:data1\" content=\"Mario Brandm\u00fcller\" \/>\n<script type=\"application\/ld+json\" class=\"yoast-schema-graph\">{\"@context\":\"https:\/\/schema.org\",\"@graph\":[{\"@type\":\"Article\",\"@id\":\"https:\/\/stiftadmont.at\/blog\/kaiserau-startet-los\/#article\",\"isPartOf\":{\"@id\":\"https:\/\/stiftadmont.at\/blog\/kaiserau-startet-los\/\"},\"author\":{\"name\":\"Mario Brandm\u00fcller\",\"@id\":\"https:\/\/stiftadmont.at\/#\/schema\/person\/30535548b241d5f33a2e8b839db11869\"},\"headline\":\"Kaiserau startet los\",\"datePublished\":\"2021-12-09T10:00:00+00:00\",\"dateModified\":\"2023-09-30T14:41:51+00:00\",\"mainEntityOfPage\":{\"@id\":\"https:\/\/stiftadmont.at\/blog\/kaiserau-startet-los\/\"},\"wordCount\":3,\"image\":{\"@id\":\"https:\/\/stiftadmont.at\/blog\/kaiserau-startet-los\/#primaryimage\"},\"thumbnailUrl\":\"https:\/\/stiftadmont.at\/wp-content\/uploads\/Kaiserau\u00a9StefanLeitner_011.jpg\",\"articleSection\":[\"Einrichtungen aktuell\",\"Kaiserau\"],\"inLanguage\":\"it-IT\"},{\"@type\":\"WebPage\",\"@id\":\"https:\/\/stiftadmont.at\/blog\/kaiserau-startet-los\/\",\"url\":\"https:\/\/stiftadmont.at\/blog\/kaiserau-startet-los\/\",\"name\":\"Kaiserau startet los - Stift Admont\",\"isPartOf\":{\"@id\":\"https:\/\/stiftadmont.at\/#website\"},\"primaryImageOfPage\":{\"@id\":\"https:\/\/stiftadmont.at\/blog\/kaiserau-startet-los\/#primaryimage\"},\"image\":{\"@id\":\"https:\/\/stiftadmont.at\/blog\/kaiserau-startet-los\/#primaryimage\"},\"thumbnailUrl\":\"https:\/\/stiftadmont.at\/wp-content\/uploads\/Kaiserau\u00a9StefanLeitner_011.jpg\",\"datePublished\":\"2021-12-09T10:00:00+00:00\",\"dateModified\":\"2023-09-30T14:41:51+00:00\",\"author\":{\"@id\":\"https:\/\/stiftadmont.at\/#\/schema\/person\/30535548b241d5f33a2e8b839db11869\"},\"description\":\"Lesen Sie aktuelle Informationen zum Thema Kaiserau startet los und vieles mehr aus dem Konvent und der Pfarre Admont.\",\"breadcrumb\":{\"@id\":\"https:\/\/stiftadmont.at\/blog\/kaiserau-startet-los\/#breadcrumb\"},\"inLanguage\":\"it-IT\",\"potentialAction\":[{\"@type\":\"ReadAction\",\"target\":[\"https:\/\/stiftadmont.at\/blog\/kaiserau-startet-los\/\"]}]},{\"@type\":\"ImageObject\",\"inLanguage\":\"it-IT\",\"@id\":\"https:\/\/stiftadmont.at\/blog\/kaiserau-startet-los\/#primaryimage\",\"url\":\"https:\/\/stiftadmont.at\/wp-content\/uploads\/Kaiserau\u00a9StefanLeitner_011.jpg\",\"contentUrl\":\"https:\/\/stiftadmont.at\/wp-content\/uploads\/Kaiserau\u00a9StefanLeitner_011.jpg\",\"width\":2500,\"height\":1667,\"caption\":\"Skigebiet Kaiserau \u00a9 Stefan Leitner\"},{\"@type\":\"BreadcrumbList\",\"@id\":\"https:\/\/stiftadmont.at\/blog\/kaiserau-startet-los\/#breadcrumb\",\"itemListElement\":[{\"@type\":\"ListItem\",\"position\":1,\"name\":\"Start\",\"item\":\"https:\/\/stiftadmont.at\/\"},{\"@type\":\"ListItem\",\"position\":2,\"name\":\"Kaiserau startet los\"}]},{\"@type\":\"WebSite\",\"@id\":\"https:\/\/stiftadmont.at\/#website\",\"url\":\"https:\/\/stiftadmont.at\/\",\"name\":\"Stift Admont\",\"description\":\"Benediktinerkloster und Sehensw\u00fcrdigkeit im Ges\u00e4use\",\"potentialAction\":[{\"@type\":\"SearchAction\",\"target\":{\"@type\":\"EntryPoint\",\"urlTemplate\":\"https:\/\/stiftadmont.at\/?s={search_term_string}\"},\"query-input\":{\"@type\":\"PropertyValueSpecification\",\"valueRequired\":true,\"valueName\":\"search_term_string\"}}],\"inLanguage\":\"it-IT\"},{\"@type\":\"Person\",\"@id\":\"https:\/\/stiftadmont.at\/#\/schema\/person\/30535548b241d5f33a2e8b839db11869\",\"name\":\"Mario Brandm\u00fcller\"}]}<\/script>\n<!-- \/ Yoast SEO Premium plugin. -->","yoast_head_json":{"title":"Kaiserau decolla - Abbazia di Admont","description":"Leggete le ultime informazioni sulle partenze di Kaiserau e molto altro dal convento e dalla parrocchia di Admont.","robots":{"index":"index","follow":"follow","max-snippet":"max-snippet:-1","max-image-preview":"max-image-preview:large","max-video-preview":"max-video-preview:-1"},"canonical":"https:\/\/stiftadmont.at\/it\/blog\/il-kaiserau-decolla\/","og_locale":"it_IT","og_type":"article","og_title":"Kaiserau startet los","og_description":"Lesen Sie aktuelle Informationen zum Thema Kaiserau startet los und vieles mehr aus dem Konvent und der Pfarre Admont.","og_url":"https:\/\/stiftadmont.at\/it\/blog\/il-kaiserau-decolla\/","og_site_name":"Stift Admont","article_published_time":"2021-12-09T10:00:00+00:00","article_modified_time":"2023-09-30T14:41:51+00:00","og_image":[{"width":1024,"height":683,"url":"https:\/\/stiftadmont.at\/wp-content\/uploads\/Kaiserau\u00a9StefanLeitner_011-1024x683.jpg","type":"image\/jpeg"}],"author":"Mario Brandm\u00fcller","twitter_card":"summary_large_image","twitter_misc":{"Scritto da":"Mario Brandm\u00fcller"},"schema":{"@context":"https:\/\/schema.org","@graph":[{"@type":"Article","@id":"https:\/\/stiftadmont.at\/blog\/kaiserau-startet-los\/#article","isPartOf":{"@id":"https:\/\/stiftadmont.at\/blog\/kaiserau-startet-los\/"},"author":{"name":"Mario Brandm\u00fcller","@id":"https:\/\/stiftadmont.at\/#\/schema\/person\/30535548b241d5f33a2e8b839db11869"},"headline":"Kaiserau startet los","datePublished":"2021-12-09T10:00:00+00:00","dateModified":"2023-09-30T14:41:51+00:00","mainEntityOfPage":{"@id":"https:\/\/stiftadmont.at\/blog\/kaiserau-startet-los\/"},"wordCount":3,"image":{"@id":"https:\/\/stiftadmont.at\/blog\/kaiserau-startet-los\/#primaryimage"},"thumbnailUrl":"https:\/\/stiftadmont.at\/wp-content\/uploads\/Kaiserau\u00a9StefanLeitner_011.jpg","articleSection":["Einrichtungen aktuell","Kaiserau"],"inLanguage":"it-IT"},{"@type":"WebPage","@id":"https:\/\/stiftadmont.at\/blog\/kaiserau-startet-los\/","url":"https:\/\/stiftadmont.at\/blog\/kaiserau-startet-los\/","name":"Kaiserau decolla - Abbazia di Admont","isPartOf":{"@id":"https:\/\/stiftadmont.at\/#website"},"primaryImageOfPage":{"@id":"https:\/\/stiftadmont.at\/blog\/kaiserau-startet-los\/#primaryimage"},"image":{"@id":"https:\/\/stiftadmont.at\/blog\/kaiserau-startet-los\/#primaryimage"},"thumbnailUrl":"https:\/\/stiftadmont.at\/wp-content\/uploads\/Kaiserau\u00a9StefanLeitner_011.jpg","datePublished":"2021-12-09T10:00:00+00:00","dateModified":"2023-09-30T14:41:51+00:00","author":{"@id":"https:\/\/stiftadmont.at\/#\/schema\/person\/30535548b241d5f33a2e8b839db11869"},"description":"Leggete le ultime informazioni sulle partenze di Kaiserau e molto altro dal convento e dalla parrocchia di Admont.","breadcrumb":{"@id":"https:\/\/stiftadmont.at\/blog\/kaiserau-startet-los\/#breadcrumb"},"inLanguage":"it-IT","potentialAction":[{"@type":"ReadAction","target":["https:\/\/stiftadmont.at\/blog\/kaiserau-startet-los\/"]}]},{"@type":"ImageObject","inLanguage":"it-IT","@id":"https:\/\/stiftadmont.at\/blog\/kaiserau-startet-los\/#primaryimage","url":"https:\/\/stiftadmont.at\/wp-content\/uploads\/Kaiserau\u00a9StefanLeitner_011.jpg","contentUrl":"https:\/\/stiftadmont.at\/wp-content\/uploads\/Kaiserau\u00a9StefanLeitner_011.jpg","width":2500,"height":1667,"caption":"Skigebiet Kaiserau \u00a9 Stefan Leitner"},{"@type":"BreadcrumbList","@id":"https:\/\/stiftadmont.at\/blog\/kaiserau-startet-los\/#breadcrumb","itemListElement":[{"@type":"ListItem","position":1,"name":"Start","item":"https:\/\/stiftadmont.at\/"},{"@type":"ListItem","position":2,"name":"Kaiserau startet los"}]},{"@type":"WebSite","@id":"https:\/\/stiftadmont.at\/#website","url":"https:\/\/stiftadmont.at\/","name":"Abbazia di Admont","description":"Monastero benedettino e attrazione turistica nella Ges\u00e4use","potentialAction":[{"@type":"SearchAction","target":{"@type":"EntryPoint","urlTemplate":"https:\/\/stiftadmont.at\/?s={search_term_string}"},"query-input":{"@type":"PropertyValueSpecification","valueRequired":true,"valueName":"search_term_string"}}],"inLanguage":"it-IT"},{"@type":"Person","@id":"https:\/\/stiftadmont.at\/#\/schema\/person\/30535548b241d5f33a2e8b839db11869","name":"Mario Brandm\u00fcller"}]}},"_links":{"self":[{"href":"https:\/\/stiftadmont.at\/it\/wp-json\/wp\/v2\/posts\/9994","targetHints":{"allow":["GET"]}}],"collection":[{"href":"https:\/\/stiftadmont.at\/it\/wp-json\/wp\/v2\/posts"}],"about":[{"href":"https:\/\/stiftadmont.at\/it\/wp-json\/wp\/v2\/types\/post"}],"author":[{"embeddable":true,"href":"https:\/\/stiftadmont.at\/it\/wp-json\/wp\/v2\/users\/7"}],"replies":[{"embeddable":true,"href":"https:\/\/stiftadmont.at\/it\/wp-json\/wp\/v2\/comments?post=9994"}],"version-history":[{"count":13,"href":"https:\/\/stiftadmont.at\/it\/wp-json\/wp\/v2\/posts\/9994\/revisions"}],"predecessor-version":[{"id":21571,"href":"https:\/\/stiftadmont.at\/it\/wp-json\/wp\/v2\/posts\/9994\/revisions\/21571"}],"wp:featuredmedia":[{"embeddable":true,"href":"https:\/\/stiftadmont.at\/it\/wp-json\/wp\/v2\/media\/9995"}],"wp:attachment":[{"href":"https:\/\/stiftadmont.at\/it\/wp-json\/wp\/v2\/media?parent=9994"}],"wp:term":[{"taxonomy":"category","embeddable":true,"href":"https:\/\/stiftadmont.at\/it\/wp-json\/wp\/v2\/categories?post=9994"}],"curies":[{"name":"wp","href":"https:\/\/api.w.org\/{rel}","templated":true}]}}