{"id":10004,"date":"2021-11-24T12:00:00","date_gmt":"2021-11-24T10:00:00","guid":{"rendered":"https:\/\/stiftadmont.at\/?p=10004"},"modified":"2022-04-25T23:53:19","modified_gmt":"2022-04-25T21:53:19","slug":"adwent-w-stift-admont-niestety-odwolany","status":"publish","type":"post","link":"https:\/\/stiftadmont.at\/pl\/blog\/advent-im-stift-admont-leider-abgesagt\/","title":{"rendered":"Adwent w Opactwie Admont niestety odwo\u0142any"},"content":{"rendered":"<section id='lightpress__section--block_626717bd34d5c' class='lightpress__section--default-section-space lightpress__section lightpress__section--content'><div class=\"content__inner\"\n         x-init=\"initContentBlockAnim($el)\">\n        \n    <div class=\"content__grid content__grid\">\n                                            <div class=\"content__box content__box--one-hundred\"\n                 style=\"\">\n                                \n                \n                                            <div class=\"prose\"><h2 class=\"heading-xxl line line--gold\">Adwent w Opactwie Admont niestety odwo\u0142any<\/h2>\n<p><strong>\u015aroda, 24 listopada 2021 r. <\/strong><\/p>\n<p>Podobnie jak w poprzednim roku, wydarzenie \"Adwent w opactwie Admont\" nie odb\u0119dzie si\u0119 w tym roku z powodu koronawirusa. Nadal mo\u017cna wysy\u0142a\u0107 listy do Dzieci\u0105tka. Odpowiedzi b\u0119d\u0105 udzielane indywidualnie.<\/p>\n<p>Organizatorka Silvia Schnepfleitner i jej zast\u0119pczyni Sylvia Hofbauer spodziewa\u0142y si\u0119 127 wystawc\u00f3w w trzeci weekend Adwentu w Admont. W tym roku tradycyjny jarmark adwentowy powinien odby\u0107 si\u0119 w ci\u0105gu pi\u0119ciu dni, ale blokada uniemo\u017cliwia jego zorganizowanie. \"Naprawd\u0119 starali\u015bmy si\u0119 zrobi\u0107 wszystko, co w naszej mocy, aby jarmark bo\u017conarodzeniowy m\u00f3g\u0142 si\u0119 odby\u0107 tym razem. Oczywi\u015bcie nasze serca krwawi\u0105 i mamy nadziej\u0119, \u017ce uda nam si\u0119 to w przysz\u0142ym roku\" - m\u00f3wi Schnepfleitner. Od lutego przewodnicz\u0105ca stowarzyszenia \"Advent im Stift Admont\" sp\u0119dzi\u0142a niezliczone godziny na planowaniu programu, infrastruktury i lokalizacji. \"Pomimo odwo\u0142ania, chcemy stworzy\u0107 \u015bwi\u0105teczn\u0105 atmosfer\u0119\", m\u00f3wi Schnepfleitner. Podobnie jak w poprzednim roku, spacerowicze b\u0119d\u0105 mogli cieszy\u0107 si\u0119 tym wydarzeniem. W tym celu ca\u0142y wewn\u0119trzny dziedziniec klasztoru benedyktyn\u00f3w zostanie \u015bwi\u0105tecznie udekorowany i o\u015bwietlony. \"Jest to jednak mo\u017cliwe tylko dzi\u0119ki dobrej wsp\u00f3\u0142pracy z Opactwem Benedyktyn\u00f3w, za co chcia\u0142bym szczeg\u00f3lnie podzi\u0119kowa\u0107 opatowi Gerhardowi Hafnerowi, dyrektorowi ekonomicznemu Franzowi Pichlerowi i ca\u0142emu dzia\u0142owi kultury\" - podkre\u015bla organizator jarmarku adwentowego.<\/p>\n<h5 class=\"heading-m line line--gold\">List do Dzieci\u0105tka Jezus<\/h5>\n<p>W sam\u0105 por\u0119 na rozpocz\u0119cie Adwentu 1 grudnia, 35 \u015bwi\u0105tecznie udekorowanych choinek ozdobi Rosarium, dziedziniec Stiftsg\u00e4rtnerei i plac ko\u015bcielny. Okna wychodz\u0105ce na wewn\u0119trzny dziedziniec zostan\u0105 r\u00f3wnie\u017c ozdobione drewnianymi sercami, dzwonkami i gwiazdami, aby stworzy\u0107 przed\u015bwi\u0105teczn\u0105 atmosfer\u0119. Podobnie jak w poprzednim roku, przed budynkiem administracyjnym zostanie zainstalowana z\u0142ota skrzynka pocztowa. \"Dzieci b\u0119d\u0105 mog\u0142y wrzuca\u0107 do niej swoje \u017cyczenia dla Dzieci\u0105tka\" - m\u00f3wi Schnepfleitner. W zesz\u0142ym roku organizatorka Silvia Schnepfleitner i jej zesp\u00f3\u0142 otrzymali oko\u0142o 250 list\u00f3w. M\u0142odsi rysuj\u0105, starsi pisz\u0105. Odpowiedzi s\u0105 tak indywidualne, jak same listy. Nie ma szablonu, ale jest wielu wolontariuszy, kt\u00f3rzy odpowiadaj\u0105 na ka\u017cd\u0105 indywidualn\u0105 pro\u015bb\u0119. W ko\u0144cu \"naprawd\u0119 ka\u017cdy list otrzymuje odpowied\u017a\", podkre\u015bla Schnepfleitner.<\/p>\n<p>W tym roku przewodnicz\u0105ca zaplanowa\u0142a wyj\u0105tkow\u0105 niespodziank\u0119 dla dziesi\u0119ciorga dzieci: \"Ka\u017cde z tych dziesi\u0119ciorga dzieci mo\u017ce udekorowa\u0107 jedn\u0105 z naszych choinek razem ze swoj\u0105 rodzin\u0105\". Tradycyjne dekorowanie choinki odbywa si\u0119 na \u015bwie\u017cym powietrzu, a ka\u017cda rodzina jest rozdzielona. Na koniec choinka jest dekorowana ma\u0142\u0105 tabliczk\u0105 z imieniem dziecka, kt\u00f3re j\u0105 udekorowa\u0142o.<\/p>\n<\/div>\n                    \n                            <\/div>\n        \n            <\/div>\n<\/div>\n\n<\/section>","protected":false},"excerpt":{"rendered":"<p>Jarmark bo\u017conarodzeniowy Admont odwo\u0142any<\/p>","protected":false},"author":7,"featured_media":8969,"comment_status":"closed","ping_status":"closed","sticky":false,"template":"","format":"standard","meta":{"_acf_changed":false,"footnotes":""},"categories":[23],"class_list":["post-10004","post","type-post","status-publish","format-standard","has-post-thumbnail","hentry","category-einrichtungen-aktuell"],"acf":[],"yoast_head":"<!-- This site is optimized with the Yoast SEO Premium plugin v26.0 (Yoast SEO v26.8) - https:\/\/yoast.com\/product\/yoast-seo-premium-wordpress\/ -->\n<title>Advent im Stift Admont leider abgesagt - Stift Admont<\/title>\n<meta name=\"description\" content=\"Lesen Sie aktuelle Informationen zum Thema Advent im Stift Admont leider abgesagt und vieles mehr aus dem Konvent und der Pfarre Admont.\" \/>\n<meta name=\"robots\" content=\"index, follow, max-snippet:-1, max-image-preview:large, max-video-preview:-1\" \/>\n<link rel=\"canonical\" href=\"https:\/\/stiftadmont.at\/pl\/blog\/adwent-w-stift-admont-niestety-odwolany\/\" \/>\n<meta property=\"og:locale\" content=\"pl_PL\" \/>\n<meta property=\"og:type\" content=\"article\" \/>\n<meta property=\"og:title\" content=\"Advent im Stift Admont leider abgesagt\" \/>\n<meta property=\"og:description\" content=\"Lesen Sie aktuelle Informationen zum Thema Advent im Stift Admont leider abgesagt und vieles mehr aus dem Konvent und der Pfarre Admont.\" \/>\n<meta property=\"og:url\" content=\"https:\/\/stiftadmont.at\/pl\/blog\/adwent-w-stift-admont-niestety-odwolany\/\" \/>\n<meta property=\"og:site_name\" content=\"Stift Admont\" \/>\n<meta property=\"article:published_time\" content=\"2021-11-24T10:00:00+00:00\" \/>\n<meta property=\"article:modified_time\" content=\"2022-04-25T21:53:19+00:00\" \/>\n<meta property=\"og:image\" content=\"https:\/\/stiftadmont.at\/wp-content\/uploads\/02_Admonter_Advent_2017_\u00a9StefanLeitner02.jpg\" \/>\n\t<meta property=\"og:image:width\" content=\"2560\" \/>\n\t<meta property=\"og:image:height\" content=\"1920\" \/>\n\t<meta property=\"og:image:type\" content=\"image\/jpeg\" \/>\n<meta name=\"author\" content=\"Mario Brandm\u00fcller\" \/>\n<meta name=\"twitter:card\" content=\"summary_large_image\" \/>\n<meta name=\"twitter:label1\" content=\"Napisane przez\" \/>\n\t<meta name=\"twitter:data1\" content=\"Mario Brandm\u00fcller\" \/>\n<script type=\"application\/ld+json\" class=\"yoast-schema-graph\">{\"@context\":\"https:\/\/schema.org\",\"@graph\":[{\"@type\":\"Article\",\"@id\":\"https:\/\/stiftadmont.at\/blog\/advent-im-stift-admont-leider-abgesagt\/#article\",\"isPartOf\":{\"@id\":\"https:\/\/stiftadmont.at\/blog\/advent-im-stift-admont-leider-abgesagt\/\"},\"author\":{\"name\":\"Mario Brandm\u00fcller\",\"@id\":\"https:\/\/stiftadmont.at\/#\/schema\/person\/30535548b241d5f33a2e8b839db11869\"},\"headline\":\"Advent im Stift Admont leider abgesagt\",\"datePublished\":\"2021-11-24T10:00:00+00:00\",\"dateModified\":\"2022-04-25T21:53:19+00:00\",\"mainEntityOfPage\":{\"@id\":\"https:\/\/stiftadmont.at\/blog\/advent-im-stift-admont-leider-abgesagt\/\"},\"wordCount\":6,\"image\":{\"@id\":\"https:\/\/stiftadmont.at\/blog\/advent-im-stift-admont-leider-abgesagt\/#primaryimage\"},\"thumbnailUrl\":\"https:\/\/stiftadmont.at\/wp-content\/uploads\/02_Admonter_Advent_2017_\u00a9StefanLeitner02.jpg\",\"articleSection\":[\"Einrichtungen aktuell\"],\"inLanguage\":\"pl-PL\"},{\"@type\":\"WebPage\",\"@id\":\"https:\/\/stiftadmont.at\/blog\/advent-im-stift-admont-leider-abgesagt\/\",\"url\":\"https:\/\/stiftadmont.at\/blog\/advent-im-stift-admont-leider-abgesagt\/\",\"name\":\"Advent im Stift Admont leider abgesagt - Stift Admont\",\"isPartOf\":{\"@id\":\"https:\/\/stiftadmont.at\/#website\"},\"primaryImageOfPage\":{\"@id\":\"https:\/\/stiftadmont.at\/blog\/advent-im-stift-admont-leider-abgesagt\/#primaryimage\"},\"image\":{\"@id\":\"https:\/\/stiftadmont.at\/blog\/advent-im-stift-admont-leider-abgesagt\/#primaryimage\"},\"thumbnailUrl\":\"https:\/\/stiftadmont.at\/wp-content\/uploads\/02_Admonter_Advent_2017_\u00a9StefanLeitner02.jpg\",\"datePublished\":\"2021-11-24T10:00:00+00:00\",\"dateModified\":\"2022-04-25T21:53:19+00:00\",\"author\":{\"@id\":\"https:\/\/stiftadmont.at\/#\/schema\/person\/30535548b241d5f33a2e8b839db11869\"},\"description\":\"Lesen Sie aktuelle Informationen zum Thema Advent im Stift Admont leider abgesagt und vieles mehr aus dem Konvent und der Pfarre Admont.\",\"breadcrumb\":{\"@id\":\"https:\/\/stiftadmont.at\/blog\/advent-im-stift-admont-leider-abgesagt\/#breadcrumb\"},\"inLanguage\":\"pl-PL\",\"potentialAction\":[{\"@type\":\"ReadAction\",\"target\":[\"https:\/\/stiftadmont.at\/blog\/advent-im-stift-admont-leider-abgesagt\/\"]}]},{\"@type\":\"ImageObject\",\"inLanguage\":\"pl-PL\",\"@id\":\"https:\/\/stiftadmont.at\/blog\/advent-im-stift-admont-leider-abgesagt\/#primaryimage\",\"url\":\"https:\/\/stiftadmont.at\/wp-content\/uploads\/02_Admonter_Advent_2017_\u00a9StefanLeitner02.jpg\",\"contentUrl\":\"https:\/\/stiftadmont.at\/wp-content\/uploads\/02_Admonter_Advent_2017_\u00a9StefanLeitner02.jpg\",\"width\":2560,\"height\":1920,\"caption\":\"Advent im Stift Admont \u00a9 Stefan Leitner\"},{\"@type\":\"BreadcrumbList\",\"@id\":\"https:\/\/stiftadmont.at\/blog\/advent-im-stift-admont-leider-abgesagt\/#breadcrumb\",\"itemListElement\":[{\"@type\":\"ListItem\",\"position\":1,\"name\":\"Start\",\"item\":\"https:\/\/stiftadmont.at\/\"},{\"@type\":\"ListItem\",\"position\":2,\"name\":\"Advent im Stift Admont leider abgesagt\"}]},{\"@type\":\"WebSite\",\"@id\":\"https:\/\/stiftadmont.at\/#website\",\"url\":\"https:\/\/stiftadmont.at\/\",\"name\":\"Stift Admont\",\"description\":\"Benediktinerkloster und Sehensw\u00fcrdigkeit im Ges\u00e4use\",\"potentialAction\":[{\"@type\":\"SearchAction\",\"target\":{\"@type\":\"EntryPoint\",\"urlTemplate\":\"https:\/\/stiftadmont.at\/?s={search_term_string}\"},\"query-input\":{\"@type\":\"PropertyValueSpecification\",\"valueRequired\":true,\"valueName\":\"search_term_string\"}}],\"inLanguage\":\"pl-PL\"},{\"@type\":\"Person\",\"@id\":\"https:\/\/stiftadmont.at\/#\/schema\/person\/30535548b241d5f33a2e8b839db11869\",\"name\":\"Mario Brandm\u00fcller\"}]}<\/script>\n<!-- \/ Yoast SEO Premium plugin. -->","yoast_head_json":{"title":"Adwent w Opactwie Admont niestety odwo\u0142any - Opactwo Admont","description":"Przeczytaj najnowsze informacje o Adwencie w Opactwie Admont, niestety odwo\u0142anym, i wiele wi\u0119cej z klasztoru i parafii Admont.","robots":{"index":"index","follow":"follow","max-snippet":"max-snippet:-1","max-image-preview":"max-image-preview:large","max-video-preview":"max-video-preview:-1"},"canonical":"https:\/\/stiftadmont.at\/pl\/blog\/adwent-w-stift-admont-niestety-odwolany\/","og_locale":"pl_PL","og_type":"article","og_title":"Advent im Stift Admont leider abgesagt","og_description":"Lesen Sie aktuelle Informationen zum Thema Advent im Stift Admont leider abgesagt und vieles mehr aus dem Konvent und der Pfarre Admont.","og_url":"https:\/\/stiftadmont.at\/pl\/blog\/adwent-w-stift-admont-niestety-odwolany\/","og_site_name":"Stift Admont","article_published_time":"2021-11-24T10:00:00+00:00","article_modified_time":"2022-04-25T21:53:19+00:00","og_image":[{"width":2560,"height":1920,"url":"https:\/\/stiftadmont.at\/wp-content\/uploads\/02_Admonter_Advent_2017_\u00a9StefanLeitner02.jpg","type":"image\/jpeg"}],"author":"Mario Brandm\u00fcller","twitter_card":"summary_large_image","twitter_misc":{"Napisane przez":"Mario Brandm\u00fcller"},"schema":{"@context":"https:\/\/schema.org","@graph":[{"@type":"Article","@id":"https:\/\/stiftadmont.at\/blog\/advent-im-stift-admont-leider-abgesagt\/#article","isPartOf":{"@id":"https:\/\/stiftadmont.at\/blog\/advent-im-stift-admont-leider-abgesagt\/"},"author":{"name":"Mario Brandm\u00fcller","@id":"https:\/\/stiftadmont.at\/#\/schema\/person\/30535548b241d5f33a2e8b839db11869"},"headline":"Advent im Stift Admont leider abgesagt","datePublished":"2021-11-24T10:00:00+00:00","dateModified":"2022-04-25T21:53:19+00:00","mainEntityOfPage":{"@id":"https:\/\/stiftadmont.at\/blog\/advent-im-stift-admont-leider-abgesagt\/"},"wordCount":6,"image":{"@id":"https:\/\/stiftadmont.at\/blog\/advent-im-stift-admont-leider-abgesagt\/#primaryimage"},"thumbnailUrl":"https:\/\/stiftadmont.at\/wp-content\/uploads\/02_Admonter_Advent_2017_\u00a9StefanLeitner02.jpg","articleSection":["Einrichtungen aktuell"],"inLanguage":"pl-PL"},{"@type":"WebPage","@id":"https:\/\/stiftadmont.at\/blog\/advent-im-stift-admont-leider-abgesagt\/","url":"https:\/\/stiftadmont.at\/blog\/advent-im-stift-admont-leider-abgesagt\/","name":"Adwent w Opactwie Admont niestety odwo\u0142any - Opactwo Admont","isPartOf":{"@id":"https:\/\/stiftadmont.at\/#website"},"primaryImageOfPage":{"@id":"https:\/\/stiftadmont.at\/blog\/advent-im-stift-admont-leider-abgesagt\/#primaryimage"},"image":{"@id":"https:\/\/stiftadmont.at\/blog\/advent-im-stift-admont-leider-abgesagt\/#primaryimage"},"thumbnailUrl":"https:\/\/stiftadmont.at\/wp-content\/uploads\/02_Admonter_Advent_2017_\u00a9StefanLeitner02.jpg","datePublished":"2021-11-24T10:00:00+00:00","dateModified":"2022-04-25T21:53:19+00:00","author":{"@id":"https:\/\/stiftadmont.at\/#\/schema\/person\/30535548b241d5f33a2e8b839db11869"},"description":"Przeczytaj najnowsze informacje o Adwencie w Opactwie Admont, niestety odwo\u0142anym, i wiele wi\u0119cej z klasztoru i parafii Admont.","breadcrumb":{"@id":"https:\/\/stiftadmont.at\/blog\/advent-im-stift-admont-leider-abgesagt\/#breadcrumb"},"inLanguage":"pl-PL","potentialAction":[{"@type":"ReadAction","target":["https:\/\/stiftadmont.at\/blog\/advent-im-stift-admont-leider-abgesagt\/"]}]},{"@type":"ImageObject","inLanguage":"pl-PL","@id":"https:\/\/stiftadmont.at\/blog\/advent-im-stift-admont-leider-abgesagt\/#primaryimage","url":"https:\/\/stiftadmont.at\/wp-content\/uploads\/02_Admonter_Advent_2017_\u00a9StefanLeitner02.jpg","contentUrl":"https:\/\/stiftadmont.at\/wp-content\/uploads\/02_Admonter_Advent_2017_\u00a9StefanLeitner02.jpg","width":2560,"height":1920,"caption":"Advent im Stift Admont \u00a9 Stefan Leitner"},{"@type":"BreadcrumbList","@id":"https:\/\/stiftadmont.at\/blog\/advent-im-stift-admont-leider-abgesagt\/#breadcrumb","itemListElement":[{"@type":"ListItem","position":1,"name":"Start","item":"https:\/\/stiftadmont.at\/"},{"@type":"ListItem","position":2,"name":"Advent im Stift Admont leider abgesagt"}]},{"@type":"WebSite","@id":"https:\/\/stiftadmont.at\/#website","url":"https:\/\/stiftadmont.at\/","name":"Opactwo Admont","description":"Benedykty\u0144ski klasztor i atrakcja turystyczna w Ges\u00e4use","potentialAction":[{"@type":"SearchAction","target":{"@type":"EntryPoint","urlTemplate":"https:\/\/stiftadmont.at\/?s={search_term_string}"},"query-input":{"@type":"PropertyValueSpecification","valueRequired":true,"valueName":"search_term_string"}}],"inLanguage":"pl-PL"},{"@type":"Person","@id":"https:\/\/stiftadmont.at\/#\/schema\/person\/30535548b241d5f33a2e8b839db11869","name":"Mario Brandm\u00fcller"}]}},"_links":{"self":[{"href":"https:\/\/stiftadmont.at\/pl\/wp-json\/wp\/v2\/posts\/10004","targetHints":{"allow":["GET"]}}],"collection":[{"href":"https:\/\/stiftadmont.at\/pl\/wp-json\/wp\/v2\/posts"}],"about":[{"href":"https:\/\/stiftadmont.at\/pl\/wp-json\/wp\/v2\/types\/post"}],"author":[{"embeddable":true,"href":"https:\/\/stiftadmont.at\/pl\/wp-json\/wp\/v2\/users\/7"}],"replies":[{"embeddable":true,"href":"https:\/\/stiftadmont.at\/pl\/wp-json\/wp\/v2\/comments?post=10004"}],"version-history":[{"count":5,"href":"https:\/\/stiftadmont.at\/pl\/wp-json\/wp\/v2\/posts\/10004\/revisions"}],"predecessor-version":[{"id":10010,"href":"https:\/\/stiftadmont.at\/pl\/wp-json\/wp\/v2\/posts\/10004\/revisions\/10010"}],"wp:featuredmedia":[{"embeddable":true,"href":"https:\/\/stiftadmont.at\/pl\/wp-json\/wp\/v2\/media\/8969"}],"wp:attachment":[{"href":"https:\/\/stiftadmont.at\/pl\/wp-json\/wp\/v2\/media?parent=10004"}],"wp:term":[{"taxonomy":"category","embeddable":true,"href":"https:\/\/stiftadmont.at\/pl\/wp-json\/wp\/v2\/categories?post=10004"}],"curies":[{"name":"wp","href":"https:\/\/api.w.org\/{rel}","templated":true}]}}