{"id":10011,"date":"2021-03-01T12:00:00","date_gmt":"2021-03-01T10:00:00","guid":{"rendered":"https:\/\/stiftadmont.at\/?p=10011"},"modified":"2022-04-26T00:03:01","modified_gmt":"2022-04-25T22:03:01","slug":"stift-admont-wzmacnia-styryjska-turystyke","status":"publish","type":"post","link":"https:\/\/stiftadmont.at\/pl\/blog\/stift-admont-staerkt-steirischen-tourismus\/","title":{"rendered":"Opactwo Admont wzmacnia styryjsk\u0105 turystyk\u0119"},"content":{"rendered":"<section id='lightpress__section--block_626718c0d0194' class='lightpress__section--default-section-space lightpress__section lightpress__section--content'><div class=\"content__inner\"\n         x-init=\"initContentBlockAnim($el)\">\n        \n    <div class=\"content__grid content__grid\">\n                                            <div class=\"content__box content__box--one-hundred\"\n                 style=\"\">\n                                \n                \n                                            <div class=\"prose\"><h2 class=\"heading-xxl line line--gold\">Opactwo Admont wzmacnia styryjsk\u0105 turystyk\u0119<\/h2>\n<p><strong>Poniedzia\u0142ek, 1 marca 2021 r. <\/strong><\/p>\n<p><strong>Marketing internetowy osi\u0105ga zasi\u0119g ponad 150 milion\u00f3w os\u00f3b<\/strong><\/p>\n<p>\"My, benedyktyni, uwa\u017camy za swoje zadanie ochron\u0119 cennych d\u00f3br kultury i udost\u0119pnianie ich ludziom. Zadanie, kt\u00f3remu po\u015bwi\u0119camy si\u0119 od prawie 950 lat i poprzez kt\u00f3re znacz\u0105co promujemy rozw\u00f3j turystyki w regionie i ca\u0142ym kraju\" - m\u00f3wi opat Gerhard Hafner OSB o misji mediacji kulturowej Opactwa Benedyktyn\u00f3w w Admont.<\/p>\n<p><strong>Ponad 150 milion\u00f3w os\u00f3b osi\u0105gn\u0119\u0142o<\/strong><\/p>\n<p>W latach 2018-2020 dzia\u0142 marketingu i PR klasztoru benedyktyn\u00f3w rozsy\u0142a\u0142 po ca\u0142ym \u015bwiecie zdj\u0119cie najwi\u0119kszej na \u015bwiecie biblioteki klasztornej. W ci\u0105gu dw\u00f3ch lat ponad 150 milion\u00f3w u\u017cytkownik\u00f3w podziwia\u0142o, udost\u0119pnia\u0142o i polubi\u0142o to barokowe cudo na platformach cyfrowych. \"Nasz marketing ma na celu siln\u0105 obecno\u015b\u0107 online w mediach spo\u0142eczno\u015bciowych, na platformach podr\u00f3\u017cniczych i kulturalnych. Umo\u017cliwi\u0142o nam to znaczne zwi\u0119kszenie \u015bwiadomo\u015bci na temat biblioteki klasztornej Admont\" - m\u00f3wi Mario Brandm\u00fcller, dyrektor ds. kultury, turystyki i PR w opactwie Admont. Strategia ta wywo\u0142a\u0142a prawdziwy szum wok\u00f3\u0142 Admont: Na samym Facebooku klasztor benedyktyn\u00f3w osi\u0105gn\u0105\u0142 zasi\u0119g prawie 38 milion\u00f3w os\u00f3b w ci\u0105gu dw\u00f3ch lat, a na domiar z\u0142ego ameryka\u0144ska gwiazda medi\u00f3w Oprah Winfrey r\u00f3wnie\u017c podbija b\u0119ben reklamowy. I to bez kontraktu reklamowego. \"Klub ksi\u0105\u017cki za\u0142o\u017cony przez Oprah Winfrey wyda\u0142 rekomendacj\u0119 podr\u00f3\u017cy do Admont i zamie\u015bci\u0142 zdj\u0119cie Biblioteki Opactwa. Czujemy si\u0119 naprawd\u0119 zaszczyceni\" - m\u00f3wi zachwycony opat Gerhard Hafner OSB, kt\u00f3ry donosi, \u017ce od tego czasu opactwo benedyktyn\u00f3w otrzyma\u0142o liczne zapytania o rezerwacje od Amerykan\u00f3w z USA.<\/p>\n<p><strong>Ro\u015bnie odsetek go\u015bci z zagranicy<\/strong><\/p>\n<p>Jednak nie tylko klasztor benedyktyn\u00f3w czerpie korzy\u015bci z reklamy najwi\u0119kszej na \u015bwiecie biblioteki klasztornej, ale tak\u017ce turystyka w ca\u0142ej prowincji. Tradycyjnie Styria ma wysoki odsetek odwiedzaj\u0105cych krajowych, wynosz\u0105cy prawie 64 procent. Podobnie jest w przypadku nocleg\u00f3w: oko\u0142o 61 procent wszystkich rezerwacji pochodzi z Austrii. Klasztor benedyktyn\u00f3w chce przyci\u0105gn\u0105\u0107 do Styrii nowe grupy docelowe poprzez marketing mi\u0119dzynarodowy. \"Zak\u0142adamy, \u017ce nasze dzia\u0142ania pozwol\u0105 nam znacznie zwi\u0119kszy\u0107 odsetek zagranicznych go\u015bci wakacyjnych w ci\u0105gu najbli\u017cszych dw\u00f3ch lat\" - m\u00f3wi dyrektor ekonomiczny Franz Pichler. Opr\u00f3cz rynku ameryka\u0144skiego, klasztor benedyktyn\u00f3w koncentruje si\u0119 r\u00f3wnie\u017c na rynkach Europy Wschodniej i Azji. \"Jeszcze przed pandemi\u0105 koronawirusa rozpocz\u0119li\u015bmy ofensyw\u0119 marketingow\u0105 na W\u0119grzech, w Polsce, Czechach, S\u0142owacji i S\u0142owenii. Celujemy r\u00f3wnie\u017c w Rosj\u0119\" - m\u00f3wi szef PR Mario Brandm\u00fcller. G\u0142\u00f3wnym celem jest przyci\u0105gni\u0119cie kulturalnej publiczno\u015bci dzi\u0119ki najwi\u0119kszej na \u015bwiecie bibliotece klasztornej i nowej specjalnej wystawie w Muzeum Opactwa po\u015bwi\u0119conej dw\u00f3m habsburskim osobisto\u015bciom Fryderykowi III i Maksymilianowi I. Jednak go\u015bcie z nowego rynku docelowego powinni nie tylko zwi\u0119kszy\u0107 liczb\u0119 odwiedzaj\u0105cych muzeum, ale przede wszystkim zapewni\u0107 wzrost liczby nocleg\u00f3w.<\/p>\n<p><strong>Brama do rynku mi\u0119dzynarodowego<\/strong><\/p>\n<p>Aby wej\u015b\u0107 na rynek mi\u0119dzynarodowy, klasztor benedyktyn\u00f3w uruchamia now\u0105 platform\u0119. Cyfrowe wycieczki nowej generacji s\u0105 mo\u017cliwe pod adresem www.cultour.digital. W tym miejscu do gry wkracza specjalne oprogramowanie, oferuj\u0105ce wyj\u0105tkowy widok 360 stopni oraz r\u00f3\u017cne funkcje audio i dodatkowe. \"Dzi\u0119ki temu odwiedzaj\u0105cy na ca\u0142ym \u015bwiecie mog\u0105 cyfrowo zwiedza\u0107 bibliotek\u0119 klasztorn\u0105 i Muzeum Opactwa w Admont, co pozwala nam zaistnie\u0107 na ca\u0142ym \u015bwiecie\" - m\u00f3wi Pichler. Wkr\u00f3tce po uruchomieniu platformy w Europie do\u0142\u0105czy\u0142y do niej inne renomowane muzea i instytucje kulturalne. Trwaj\u0105 r\u00f3wnie\u017c rozmowy na temat partnerstw mi\u0119dzynarodowych: \"Jeste\u015bmy w kontakcie z rodzinami w\u0142a\u015bcicieli i instytucjami muzealnymi z ca\u0142ej Europy, kt\u00f3re chc\u0105 dzieli\u0107 si\u0119 swoj\u0105 ofert\u0105 kulturaln\u0105 na cultour.digital\" - m\u00f3wi Brandm\u00fcller o stale rozwijaj\u0105cej si\u0119 platformie. Jednak te cyfrowe wycieczki nie maj\u0105 na celu zast\u0105pienia do\u015bwiadczenia na miejscu, ale raczej wzbudzenie zainteresowania wizyt\u0105. \"Nowa platforma jest wirtualnym pomostem do prawdziwego do\u015bwiadczenia kulturowego\", podkre\u015bla Brandm\u00fcller, kt\u00f3ry wierzy, \u017ce wyrafinowana strategia marketingowa klasztoru benedyktyn\u00f3w nie tylko stawia Admont na w\u0142a\u015bciwej drodze do pozycjonowania si\u0119 jako mi\u0119dzynarodowe miejsce wypoczynku, ale tak\u017ce ca\u0142\u0105 Styri\u0119. \"Dzi\u0119ki naszym dzia\u0142aniom marketingowym wzmacniamy turystyk\u0119 styryjsk\u0105 jako ca\u0142o\u015b\u0107 w d\u0142u\u017cszej perspektywie\" - m\u00f3wi Brandm\u00fcller.  To zaawansowane oprogramowanie zosta\u0142o opracowane przez start-up LightCyde ze Schladming. \"Dzi\u0119ki niemu mo\u017cemy zaoferowa\u0107 wszystkim u\u017cytkownikom nowoczesne, zorientowane na do\u015bwiadczenie, interaktywne i intuicyjne do\u015bwiadczenie kulturalne. Powsta\u0142a zr\u00f3wnowa\u017cona, mi\u0119dzynarodowa platforma kulturalna, uwzgl\u0119dniaj\u0105ca ide\u0119 synergii, a tak\u017ce szerokie mo\u017cliwo\u015bci reklamowe i marketingowe dla wszystkich instytucji kulturalnych\" - m\u00f3wi Thomas Fischbacher, dyrektor zarz\u0105dzaj\u0105cy LightCyde.<\/p>\n<p><strong>Pochwa\u0142y i uznanie dla pracy klasztoru benedyktyn\u00f3w pochodz\u0105 r\u00f3wnie\u017c z prowincji Styria, gminy Admont i Ges\u00e4use TVB.<\/strong><\/p>\n<p><strong>Barbara Eibinger-Miedl, styryjska radna krajowa ds. turystyki <\/strong><br \/><em>\"Biblioteka Opactwa Admont to wyj\u0105tkowe dobro kultury, kt\u00f3re ju\u017c wyrobi\u0142o sobie mark\u0119 na ca\u0142ym \u015bwiecie. R\u00f3\u017cnorodne dzia\u0142ania klasztoru benedyktyn\u00f3w maj\u0105ce na celu uczynienie biblioteki jeszcze bardziej znan\u0105 i dost\u0119pn\u0105 nawet w czasach pandemii koronawirusa s\u0105 nieocenione. Pomagaj\u0105 one przyci\u0105gn\u0105\u0107 nowe grupy docelowe do Admont, a tym samym do Styrii. Wielkie podzi\u0119kowania dla opata Gerharda Hafnera i ca\u0142ego zespo\u0142u za po\u0142\u0105czenie tradycji i innowacji w typowo styryjski spos\u00f3b\" - m\u00f3wi Barbara Eibinger-Miedl, radna prowincji ds. turystyki.<\/em><\/p>\n<p><strong>Christian Haider, burmistrz miasta targowego Admont\u00a0 <\/strong><em><br \/>\"M\u0142odemu i oddanemu zespo\u0142owi uda\u0142o si\u0119 wys\u0142a\u0107 najwi\u0119ksz\u0105 na \u015bwiecie bibliotek\u0119 klasztorn\u0105 w podr\u00f3\u017c dooko\u0142a \u015bwiata. Nasza gmina r\u00f3wnie\u017c mog\u0142a wzi\u0105\u0107 udzia\u0142 w tej podr\u00f3\u017cy. Turystyka, a w szczeg\u00f3lno\u015bci biblioteka klasztorna, s\u0105 bardzo wa\u017cne dla gminy Admont\".<\/em><\/p>\n<p><strong>David Osebik, dyrektor zarz\u0105dzaj\u0105cy Stowarzyszenia Turystycznego Ges\u00e4use<\/strong> <br \/><em>To, co zosta\u0142o stworzone za i przed murami klasztoru w ostatnich latach, wywo\u0142uje furor\u0119 w \u015bwiecie poza klasztorem. Zesp\u00f3\u0142 stowarzyszenia turystycznego by\u0142 w stanie rozwin\u0105\u0107 czynnik sukcesu medi\u00f3w spo\u0142eczno\u015bciowych wraz z klasztornym dzia\u0142em kultury w ci\u0105gu pierwszych kilku lat. Nagroda pa\u0144stwowa za PR w listopadzie 2019 r. by\u0142a pierwsz\u0105 i bardzo zauwa\u017con\u0105 koron\u0105 tego rozwoju. Od 2020 r. klasztor jest w\u0142asn\u0105, odnosz\u0105c\u0105 sukcesy agencj\u0105 medi\u00f3w spo\u0142eczno\u015bciowych i kontynuuje swoj\u0105 drog\u0119 na niewyobra\u017calne wcze\u015bniej wy\u017cyny. 100 000 obserwuj\u0105cych na Facebooku m\u00f3wi samo za siebie. Innowacje w Opactwie Benedyktyn\u00f3w Admont nie ko\u0144cz\u0105 si\u0119 jednak na mediach spo\u0142eczno\u015bciowych. W ubieg\u0142ym roku w ramach projektu Cultour stworzono cyfrow\u0105 platform\u0119 kulturaln\u0105, kt\u00f3ra nie ma sobie r\u00f3wnych na ca\u0142ym \u015bwiecie. Jest to wynik ci\u0119\u017ckiej pracy i ogromnej wiedzy, za kt\u00f3r\u0105 klasztorowi i jego pracownikom nale\u017c\u0105 si\u0119 gratulacje.<\/em><\/p>\n<\/div>\n                    \n                            <\/div>\n        \n            <\/div>\n<\/div>\n\n<\/section>","protected":false},"excerpt":{"rendered":"<p>Dzi\u0119ki rosn\u0105cej popularno\u015bci najwi\u0119kszej na \u015bwiecie biblioteki klasztornej, Admont sta\u0142 si\u0119 r\u00f3wnie\u017c popularnym celem turystycznym w Europie Wschodniej, Azji i USA. Ca\u0142a Styria czerpie korzy\u015bci z tego pozytywnego rozwoju.<\/p>","protected":false},"author":7,"featured_media":10012,"comment_status":"closed","ping_status":"closed","sticky":false,"template":"","format":"standard","meta":{"_acf_changed":false,"footnotes":""},"categories":[23],"class_list":["post-10011","post","type-post","status-publish","format-standard","has-post-thumbnail","hentry","category-einrichtungen-aktuell"],"acf":[],"yoast_head":"<!-- This site is optimized with the Yoast SEO Premium plugin v26.0 (Yoast SEO v26.8) - https:\/\/yoast.com\/product\/yoast-seo-premium-wordpress\/ -->\n<title>Stift Admont st\u00e4rkt steirischen Tourismus - Stift Admont<\/title>\n<meta name=\"description\" content=\"Lesen Sie aktuelle Informationen zum Thema Stift Admont st\u00e4rkt steirischen Tourismus und vieles mehr aus dem Konvent und der Pfarre Admont.\" \/>\n<meta name=\"robots\" content=\"index, follow, max-snippet:-1, max-image-preview:large, max-video-preview:-1\" \/>\n<link rel=\"canonical\" href=\"https:\/\/stiftadmont.at\/pl\/blog\/stift-admont-wzmacnia-styryjska-turystyke\/\" \/>\n<meta property=\"og:locale\" content=\"pl_PL\" \/>\n<meta property=\"og:type\" content=\"article\" \/>\n<meta property=\"og:title\" content=\"Stift Admont st\u00e4rkt steirischen Tourismus\" \/>\n<meta property=\"og:description\" content=\"Lesen Sie aktuelle Informationen zum Thema Stift Admont st\u00e4rkt steirischen Tourismus und vieles mehr aus dem Konvent und der Pfarre Admont.\" \/>\n<meta property=\"og:url\" content=\"https:\/\/stiftadmont.at\/pl\/blog\/stift-admont-wzmacnia-styryjska-turystyke\/\" \/>\n<meta property=\"og:site_name\" content=\"Stift Admont\" \/>\n<meta property=\"article:published_time\" content=\"2021-03-01T10:00:00+00:00\" \/>\n<meta property=\"article:modified_time\" content=\"2022-04-25T22:03:01+00:00\" \/>\n<meta property=\"og:image\" content=\"https:\/\/stiftadmont.at\/wp-content\/uploads\/b3d2a4d6f5d1518670dff9ee670aac6e_L.jpg\" \/>\n\t<meta property=\"og:image:width\" content=\"853\" \/>\n\t<meta property=\"og:image:height\" content=\"853\" \/>\n\t<meta property=\"og:image:type\" content=\"image\/jpeg\" \/>\n<meta name=\"author\" content=\"Mario Brandm\u00fcller\" \/>\n<meta name=\"twitter:card\" content=\"summary_large_image\" \/>\n<meta name=\"twitter:label1\" content=\"Napisane przez\" \/>\n\t<meta name=\"twitter:data1\" content=\"Mario Brandm\u00fcller\" \/>\n<script type=\"application\/ld+json\" class=\"yoast-schema-graph\">{\"@context\":\"https:\/\/schema.org\",\"@graph\":[{\"@type\":\"Article\",\"@id\":\"https:\/\/stiftadmont.at\/blog\/stift-admont-staerkt-steirischen-tourismus\/#article\",\"isPartOf\":{\"@id\":\"https:\/\/stiftadmont.at\/blog\/stift-admont-staerkt-steirischen-tourismus\/\"},\"author\":{\"name\":\"Mario Brandm\u00fcller\",\"@id\":\"https:\/\/stiftadmont.at\/#\/schema\/person\/30535548b241d5f33a2e8b839db11869\"},\"headline\":\"Stift Admont st\u00e4rkt steirischen Tourismus\",\"datePublished\":\"2021-03-01T10:00:00+00:00\",\"dateModified\":\"2022-04-25T22:03:01+00:00\",\"mainEntityOfPage\":{\"@id\":\"https:\/\/stiftadmont.at\/blog\/stift-admont-staerkt-steirischen-tourismus\/\"},\"wordCount\":6,\"image\":{\"@id\":\"https:\/\/stiftadmont.at\/blog\/stift-admont-staerkt-steirischen-tourismus\/#primaryimage\"},\"thumbnailUrl\":\"https:\/\/stiftadmont.at\/wp-content\/uploads\/b3d2a4d6f5d1518670dff9ee670aac6e_L.jpg\",\"articleSection\":[\"Einrichtungen aktuell\"],\"inLanguage\":\"pl-PL\"},{\"@type\":\"WebPage\",\"@id\":\"https:\/\/stiftadmont.at\/blog\/stift-admont-staerkt-steirischen-tourismus\/\",\"url\":\"https:\/\/stiftadmont.at\/blog\/stift-admont-staerkt-steirischen-tourismus\/\",\"name\":\"Stift Admont st\u00e4rkt steirischen Tourismus - Stift Admont\",\"isPartOf\":{\"@id\":\"https:\/\/stiftadmont.at\/#website\"},\"primaryImageOfPage\":{\"@id\":\"https:\/\/stiftadmont.at\/blog\/stift-admont-staerkt-steirischen-tourismus\/#primaryimage\"},\"image\":{\"@id\":\"https:\/\/stiftadmont.at\/blog\/stift-admont-staerkt-steirischen-tourismus\/#primaryimage\"},\"thumbnailUrl\":\"https:\/\/stiftadmont.at\/wp-content\/uploads\/b3d2a4d6f5d1518670dff9ee670aac6e_L.jpg\",\"datePublished\":\"2021-03-01T10:00:00+00:00\",\"dateModified\":\"2022-04-25T22:03:01+00:00\",\"author\":{\"@id\":\"https:\/\/stiftadmont.at\/#\/schema\/person\/30535548b241d5f33a2e8b839db11869\"},\"description\":\"Lesen Sie aktuelle Informationen zum Thema Stift Admont st\u00e4rkt steirischen Tourismus und vieles mehr aus dem Konvent und der Pfarre Admont.\",\"breadcrumb\":{\"@id\":\"https:\/\/stiftadmont.at\/blog\/stift-admont-staerkt-steirischen-tourismus\/#breadcrumb\"},\"inLanguage\":\"pl-PL\",\"potentialAction\":[{\"@type\":\"ReadAction\",\"target\":[\"https:\/\/stiftadmont.at\/blog\/stift-admont-staerkt-steirischen-tourismus\/\"]}]},{\"@type\":\"ImageObject\",\"inLanguage\":\"pl-PL\",\"@id\":\"https:\/\/stiftadmont.at\/blog\/stift-admont-staerkt-steirischen-tourismus\/#primaryimage\",\"url\":\"https:\/\/stiftadmont.at\/wp-content\/uploads\/b3d2a4d6f5d1518670dff9ee670aac6e_L.jpg\",\"contentUrl\":\"https:\/\/stiftadmont.at\/wp-content\/uploads\/b3d2a4d6f5d1518670dff9ee670aac6e_L.jpg\",\"width\":853,\"height\":853,\"caption\":\"b3d2a4d6f5d1518670dff9ee670aac6e L\"},{\"@type\":\"BreadcrumbList\",\"@id\":\"https:\/\/stiftadmont.at\/blog\/stift-admont-staerkt-steirischen-tourismus\/#breadcrumb\",\"itemListElement\":[{\"@type\":\"ListItem\",\"position\":1,\"name\":\"Start\",\"item\":\"https:\/\/stiftadmont.at\/\"},{\"@type\":\"ListItem\",\"position\":2,\"name\":\"Stift Admont st\u00e4rkt steirischen Tourismus\"}]},{\"@type\":\"WebSite\",\"@id\":\"https:\/\/stiftadmont.at\/#website\",\"url\":\"https:\/\/stiftadmont.at\/\",\"name\":\"Stift Admont\",\"description\":\"Benediktinerkloster und Sehensw\u00fcrdigkeit im Ges\u00e4use\",\"potentialAction\":[{\"@type\":\"SearchAction\",\"target\":{\"@type\":\"EntryPoint\",\"urlTemplate\":\"https:\/\/stiftadmont.at\/?s={search_term_string}\"},\"query-input\":{\"@type\":\"PropertyValueSpecification\",\"valueRequired\":true,\"valueName\":\"search_term_string\"}}],\"inLanguage\":\"pl-PL\"},{\"@type\":\"Person\",\"@id\":\"https:\/\/stiftadmont.at\/#\/schema\/person\/30535548b241d5f33a2e8b839db11869\",\"name\":\"Mario Brandm\u00fcller\"}]}<\/script>\n<!-- \/ Yoast SEO Premium plugin. -->","yoast_head_json":{"title":"Opactwo Admont wzmacnia styryjsk\u0105 turystyk\u0119 - Opactwo Admont","description":"Przeczytaj najnowsze informacje na temat Opactwo Admont wzmacnia styryjsk\u0105 turystyk\u0119 i wiele wi\u0119cej z klasztoru i parafii Admont.","robots":{"index":"index","follow":"follow","max-snippet":"max-snippet:-1","max-image-preview":"max-image-preview:large","max-video-preview":"max-video-preview:-1"},"canonical":"https:\/\/stiftadmont.at\/pl\/blog\/stift-admont-wzmacnia-styryjska-turystyke\/","og_locale":"pl_PL","og_type":"article","og_title":"Stift Admont st\u00e4rkt steirischen Tourismus","og_description":"Lesen Sie aktuelle Informationen zum Thema Stift Admont st\u00e4rkt steirischen Tourismus und vieles mehr aus dem Konvent und der Pfarre Admont.","og_url":"https:\/\/stiftadmont.at\/pl\/blog\/stift-admont-wzmacnia-styryjska-turystyke\/","og_site_name":"Stift Admont","article_published_time":"2021-03-01T10:00:00+00:00","article_modified_time":"2022-04-25T22:03:01+00:00","og_image":[{"width":853,"height":853,"url":"https:\/\/stiftadmont.at\/wp-content\/uploads\/b3d2a4d6f5d1518670dff9ee670aac6e_L.jpg","type":"image\/jpeg"}],"author":"Mario Brandm\u00fcller","twitter_card":"summary_large_image","twitter_misc":{"Napisane przez":"Mario Brandm\u00fcller"},"schema":{"@context":"https:\/\/schema.org","@graph":[{"@type":"Article","@id":"https:\/\/stiftadmont.at\/blog\/stift-admont-staerkt-steirischen-tourismus\/#article","isPartOf":{"@id":"https:\/\/stiftadmont.at\/blog\/stift-admont-staerkt-steirischen-tourismus\/"},"author":{"name":"Mario Brandm\u00fcller","@id":"https:\/\/stiftadmont.at\/#\/schema\/person\/30535548b241d5f33a2e8b839db11869"},"headline":"Stift Admont st\u00e4rkt steirischen Tourismus","datePublished":"2021-03-01T10:00:00+00:00","dateModified":"2022-04-25T22:03:01+00:00","mainEntityOfPage":{"@id":"https:\/\/stiftadmont.at\/blog\/stift-admont-staerkt-steirischen-tourismus\/"},"wordCount":6,"image":{"@id":"https:\/\/stiftadmont.at\/blog\/stift-admont-staerkt-steirischen-tourismus\/#primaryimage"},"thumbnailUrl":"https:\/\/stiftadmont.at\/wp-content\/uploads\/b3d2a4d6f5d1518670dff9ee670aac6e_L.jpg","articleSection":["Einrichtungen aktuell"],"inLanguage":"pl-PL"},{"@type":"WebPage","@id":"https:\/\/stiftadmont.at\/blog\/stift-admont-staerkt-steirischen-tourismus\/","url":"https:\/\/stiftadmont.at\/blog\/stift-admont-staerkt-steirischen-tourismus\/","name":"Opactwo Admont wzmacnia styryjsk\u0105 turystyk\u0119 - Opactwo Admont","isPartOf":{"@id":"https:\/\/stiftadmont.at\/#website"},"primaryImageOfPage":{"@id":"https:\/\/stiftadmont.at\/blog\/stift-admont-staerkt-steirischen-tourismus\/#primaryimage"},"image":{"@id":"https:\/\/stiftadmont.at\/blog\/stift-admont-staerkt-steirischen-tourismus\/#primaryimage"},"thumbnailUrl":"https:\/\/stiftadmont.at\/wp-content\/uploads\/b3d2a4d6f5d1518670dff9ee670aac6e_L.jpg","datePublished":"2021-03-01T10:00:00+00:00","dateModified":"2022-04-25T22:03:01+00:00","author":{"@id":"https:\/\/stiftadmont.at\/#\/schema\/person\/30535548b241d5f33a2e8b839db11869"},"description":"Przeczytaj najnowsze informacje na temat Opactwo Admont wzmacnia styryjsk\u0105 turystyk\u0119 i wiele wi\u0119cej z klasztoru i parafii Admont.","breadcrumb":{"@id":"https:\/\/stiftadmont.at\/blog\/stift-admont-staerkt-steirischen-tourismus\/#breadcrumb"},"inLanguage":"pl-PL","potentialAction":[{"@type":"ReadAction","target":["https:\/\/stiftadmont.at\/blog\/stift-admont-staerkt-steirischen-tourismus\/"]}]},{"@type":"ImageObject","inLanguage":"pl-PL","@id":"https:\/\/stiftadmont.at\/blog\/stift-admont-staerkt-steirischen-tourismus\/#primaryimage","url":"https:\/\/stiftadmont.at\/wp-content\/uploads\/b3d2a4d6f5d1518670dff9ee670aac6e_L.jpg","contentUrl":"https:\/\/stiftadmont.at\/wp-content\/uploads\/b3d2a4d6f5d1518670dff9ee670aac6e_L.jpg","width":853,"height":853,"caption":"b3d2a4d6f5d1518670dff9ee670aac6e L"},{"@type":"BreadcrumbList","@id":"https:\/\/stiftadmont.at\/blog\/stift-admont-staerkt-steirischen-tourismus\/#breadcrumb","itemListElement":[{"@type":"ListItem","position":1,"name":"Start","item":"https:\/\/stiftadmont.at\/"},{"@type":"ListItem","position":2,"name":"Stift Admont st\u00e4rkt steirischen Tourismus"}]},{"@type":"WebSite","@id":"https:\/\/stiftadmont.at\/#website","url":"https:\/\/stiftadmont.at\/","name":"Opactwo Admont","description":"Benedykty\u0144ski klasztor i atrakcja turystyczna w Ges\u00e4use","potentialAction":[{"@type":"SearchAction","target":{"@type":"EntryPoint","urlTemplate":"https:\/\/stiftadmont.at\/?s={search_term_string}"},"query-input":{"@type":"PropertyValueSpecification","valueRequired":true,"valueName":"search_term_string"}}],"inLanguage":"pl-PL"},{"@type":"Person","@id":"https:\/\/stiftadmont.at\/#\/schema\/person\/30535548b241d5f33a2e8b839db11869","name":"Mario Brandm\u00fcller"}]}},"_links":{"self":[{"href":"https:\/\/stiftadmont.at\/pl\/wp-json\/wp\/v2\/posts\/10011","targetHints":{"allow":["GET"]}}],"collection":[{"href":"https:\/\/stiftadmont.at\/pl\/wp-json\/wp\/v2\/posts"}],"about":[{"href":"https:\/\/stiftadmont.at\/pl\/wp-json\/wp\/v2\/types\/post"}],"author":[{"embeddable":true,"href":"https:\/\/stiftadmont.at\/pl\/wp-json\/wp\/v2\/users\/7"}],"replies":[{"embeddable":true,"href":"https:\/\/stiftadmont.at\/pl\/wp-json\/wp\/v2\/comments?post=10011"}],"version-history":[{"count":15,"href":"https:\/\/stiftadmont.at\/pl\/wp-json\/wp\/v2\/posts\/10011\/revisions"}],"predecessor-version":[{"id":10028,"href":"https:\/\/stiftadmont.at\/pl\/wp-json\/wp\/v2\/posts\/10011\/revisions\/10028"}],"wp:featuredmedia":[{"embeddable":true,"href":"https:\/\/stiftadmont.at\/pl\/wp-json\/wp\/v2\/media\/10012"}],"wp:attachment":[{"href":"https:\/\/stiftadmont.at\/pl\/wp-json\/wp\/v2\/media?parent=10011"}],"wp:term":[{"taxonomy":"category","embeddable":true,"href":"https:\/\/stiftadmont.at\/pl\/wp-json\/wp\/v2\/categories?post=10011"}],"curies":[{"name":"wp","href":"https:\/\/api.w.org\/{rel}","templated":true}]}}