{"id":11078,"date":"2016-03-01T12:00:00","date_gmt":"2016-03-01T10:00:00","guid":{"rendered":"https:\/\/stiftadmont.at\/?p=11078"},"modified":"2023-02-06T16:22:45","modified_gmt":"2023-02-06T14:22:45","slug":"kolekcja-fotografow-koepcke-weinhold","status":"publish","type":"post","link":"https:\/\/stiftadmont.at\/pl\/blog\/sammlungsfotografen-koepcke-weinhold\/","title":{"rendered":"Fotografowie kolekcji K\u00f6pcke &amp; Weinhold"},"content":{"rendered":"<section id='lightpress__section--block_b8172726216c1717a27a04ac60ad92da' class='lightpress__section--default-section-space lightpress__section lightpress__section--content'><div class=\"content__inner\"\n         x-init=\"initContentBlockAnim($el)\">\n        \n    <div class=\"content__grid content__grid\">\n                                            <div class=\"content__box content__box--one-hundred\"\n                 style=\"\">\n                                \n                \n                                            <div class=\"prose\"><p><strong>Wtorek, 1 marca 2016 r.<\/strong><\/p>\n<p>Programowy tytu\u0142 zapewnia temat, kt\u00f3ry pozwala na szerok\u0105 gam\u0119 interpretacji. W zainscenizowanych obrazach okazy zwierz\u0105t, z kt\u00f3rych niekt\u00f3re maj\u0105 ponad sto lat, s\u0105 przywracane do \u017cycia. Fotografowie przygl\u0105daj\u0105 si\u0119 r\u00f3\u017cnym aktorom z uczuciem, humorem i subtelno\u015bci\u0105. W po\u0142\u0105czeniu z wybranymi obiektami z Muzeum Historii Kultury uda\u0142o si\u0119 stworzy\u0107 szereg wyszukanych aran\u017cacji, kt\u00f3re z pewno\u015bci\u0105 mo\u017cna postrzega\u0107 jako ho\u0142d dla my\u015bliwskich i kuchennych martwych natur epoki renesansu i baroku. Melancholijny obraz wzrostu i rozk\u0142adu, wiecznego cyklu \"je\u015b\u0107 i by\u0107 zjedzonym\" okazuje si\u0119 pi\u0119kn\u0105 iluzj\u0105. W rzeczywisto\u015bci wi\u0119kszo\u015b\u0107 zwierz\u0105t jest martwa od stu lat, ale w\u0142a\u015bnie dlatego osi\u0105gn\u0119\u0142y muzealn\u0105 nie\u015bmiertelno\u015b\u0107 - artystycznie przygotowane ze szklanymi oczami, drucianymi szkieletami i trocinami.<\/p>\n<p>Zgodnie z tematem, kobiety z kuchni opactwa zosta\u0142y poproszone o ich sfotografowanie. W bardzo przyziemnym sensie s\u0105 one dobrymi duchami, kt\u00f3re pracuj\u0105 w du\u017cej mierze w tajemnicy, nadaj\u0105c struktur\u0119 dnia, a jednocze\u015bnie zapewniaj\u0105c kulinarn\u0105 r\u00f3\u017cnorodno\u015b\u0107. Obaj arty\u015bci przy wielu okazjach korzystali r\u00f3wnie\u017c ze swoich umiej\u0119tno\u015bci kulinarnych. Fakt, \u017ce mogli teraz uwieczni\u0107 zesp\u00f3\u0142 kuchenny w dobrym nastroju, by\u0142 dla nich wyj\u0105tkow\u0105 przyjemno\u015bci\u0105.<\/p>\n<\/div>\n                    \n                            <\/div>\n        \n            <\/div>\n<\/div>\n\n<\/section>","protected":false},"excerpt":{"rendered":"<p>W sezonie wystawowym 2016 fotografowie kolekcji Sebastian K\u00f6pcke i Volker Weinhold zostali zaproszeni do sfotografowania obiekt\u00f3w z kolekcji historii naturalnej w odpowiednim \u015bwietle.<\/p>","protected":false},"author":7,"featured_media":11079,"comment_status":"closed","ping_status":"closed","sticky":false,"template":"","format":"standard","meta":{"_acf_changed":false,"footnotes":""},"categories":[24],"class_list":["post-11078","post","type-post","status-publish","format-standard","has-post-thumbnail","hentry","category-museen-aktuell"],"acf":[],"yoast_head":"<!-- This site is optimized with the Yoast SEO Premium plugin v26.0 (Yoast SEO v26.8) - https:\/\/yoast.com\/product\/yoast-seo-premium-wordpress\/ -->\n<title>Sammlungsfotografen K\u00f6pcke &amp; Weinhold - Stift Admont<\/title>\n<meta name=\"description\" content=\"Lesen Sie aktuelle Informationen zum Thema Sammlungsfotografen K\u00f6pcke &amp; Weinhold und vieles mehr aus dem Konvent und der Pfarre Admont.\" \/>\n<meta name=\"robots\" content=\"index, follow, max-snippet:-1, max-image-preview:large, max-video-preview:-1\" \/>\n<link rel=\"canonical\" href=\"https:\/\/stiftadmont.at\/pl\/blog\/kolekcja-fotografow-koepcke-weinhold\/\" \/>\n<meta property=\"og:locale\" content=\"pl_PL\" \/>\n<meta property=\"og:type\" content=\"article\" \/>\n<meta property=\"og:title\" content=\"Sammlungsfotografen K\u00f6pcke &amp; Weinhold\" \/>\n<meta property=\"og:description\" content=\"Lesen Sie aktuelle Informationen zum Thema Sammlungsfotografen K\u00f6pcke &amp; Weinhold und vieles mehr aus dem Konvent und der Pfarre Admont.\" \/>\n<meta property=\"og:url\" content=\"https:\/\/stiftadmont.at\/pl\/blog\/kolekcja-fotografow-koepcke-weinhold\/\" \/>\n<meta property=\"og:site_name\" content=\"Stift Admont\" \/>\n<meta property=\"article:published_time\" content=\"2016-03-01T10:00:00+00:00\" \/>\n<meta property=\"article:modified_time\" content=\"2023-02-06T14:22:45+00:00\" \/>\n<meta property=\"og:image\" content=\"https:\/\/stiftadmont.at\/wp-content\/uploads\/Stift-Admont-Sammlungsfotografen-Koepcke-Weinhold.jpg\" \/>\n\t<meta property=\"og:image:width\" content=\"853\" \/>\n\t<meta property=\"og:image:height\" content=\"569\" \/>\n\t<meta property=\"og:image:type\" content=\"image\/jpeg\" \/>\n<meta name=\"author\" content=\"Mario Brandm\u00fcller\" \/>\n<meta name=\"twitter:card\" content=\"summary_large_image\" \/>\n<meta name=\"twitter:label1\" content=\"Napisane przez\" \/>\n\t<meta name=\"twitter:data1\" content=\"Mario Brandm\u00fcller\" \/>\n<script type=\"application\/ld+json\" class=\"yoast-schema-graph\">{\"@context\":\"https:\/\/schema.org\",\"@graph\":[{\"@type\":\"Article\",\"@id\":\"https:\/\/stiftadmont.at\/blog\/sammlungsfotografen-koepcke-weinhold\/#article\",\"isPartOf\":{\"@id\":\"https:\/\/stiftadmont.at\/blog\/sammlungsfotografen-koepcke-weinhold\/\"},\"author\":{\"name\":\"Mario Brandm\u00fcller\",\"@id\":\"https:\/\/stiftadmont.at\/#\/schema\/person\/30535548b241d5f33a2e8b839db11869\"},\"headline\":\"Sammlungsfotografen K\u00f6pcke &amp; Weinhold\",\"datePublished\":\"2016-03-01T10:00:00+00:00\",\"dateModified\":\"2023-02-06T14:22:45+00:00\",\"mainEntityOfPage\":{\"@id\":\"https:\/\/stiftadmont.at\/blog\/sammlungsfotografen-koepcke-weinhold\/\"},\"wordCount\":5,\"image\":{\"@id\":\"https:\/\/stiftadmont.at\/blog\/sammlungsfotografen-koepcke-weinhold\/#primaryimage\"},\"thumbnailUrl\":\"https:\/\/stiftadmont.at\/wp-content\/uploads\/Stift-Admont-Sammlungsfotografen-Koepcke-Weinhold.jpg\",\"articleSection\":[\"Museen aktuell\"],\"inLanguage\":\"pl-PL\"},{\"@type\":\"WebPage\",\"@id\":\"https:\/\/stiftadmont.at\/blog\/sammlungsfotografen-koepcke-weinhold\/\",\"url\":\"https:\/\/stiftadmont.at\/blog\/sammlungsfotografen-koepcke-weinhold\/\",\"name\":\"Sammlungsfotografen K\u00f6pcke &amp; Weinhold - Stift Admont\",\"isPartOf\":{\"@id\":\"https:\/\/stiftadmont.at\/#website\"},\"primaryImageOfPage\":{\"@id\":\"https:\/\/stiftadmont.at\/blog\/sammlungsfotografen-koepcke-weinhold\/#primaryimage\"},\"image\":{\"@id\":\"https:\/\/stiftadmont.at\/blog\/sammlungsfotografen-koepcke-weinhold\/#primaryimage\"},\"thumbnailUrl\":\"https:\/\/stiftadmont.at\/wp-content\/uploads\/Stift-Admont-Sammlungsfotografen-Koepcke-Weinhold.jpg\",\"datePublished\":\"2016-03-01T10:00:00+00:00\",\"dateModified\":\"2023-02-06T14:22:45+00:00\",\"author\":{\"@id\":\"https:\/\/stiftadmont.at\/#\/schema\/person\/30535548b241d5f33a2e8b839db11869\"},\"description\":\"Lesen Sie aktuelle Informationen zum Thema Sammlungsfotografen K\u00f6pcke &amp; Weinhold und vieles mehr aus dem Konvent und der Pfarre Admont.\",\"breadcrumb\":{\"@id\":\"https:\/\/stiftadmont.at\/blog\/sammlungsfotografen-koepcke-weinhold\/#breadcrumb\"},\"inLanguage\":\"pl-PL\",\"potentialAction\":[{\"@type\":\"ReadAction\",\"target\":[\"https:\/\/stiftadmont.at\/blog\/sammlungsfotografen-koepcke-weinhold\/\"]}]},{\"@type\":\"ImageObject\",\"inLanguage\":\"pl-PL\",\"@id\":\"https:\/\/stiftadmont.at\/blog\/sammlungsfotografen-koepcke-weinhold\/#primaryimage\",\"url\":\"https:\/\/stiftadmont.at\/wp-content\/uploads\/Stift-Admont-Sammlungsfotografen-Koepcke-Weinhold.jpg\",\"contentUrl\":\"https:\/\/stiftadmont.at\/wp-content\/uploads\/Stift-Admont-Sammlungsfotografen-Koepcke-Weinhold.jpg\",\"width\":853,\"height\":569,\"caption\":\"Stift Admont Sammlungsfotografen Koepcke Weinhold\"},{\"@type\":\"BreadcrumbList\",\"@id\":\"https:\/\/stiftadmont.at\/blog\/sammlungsfotografen-koepcke-weinhold\/#breadcrumb\",\"itemListElement\":[{\"@type\":\"ListItem\",\"position\":1,\"name\":\"Start\",\"item\":\"https:\/\/stiftadmont.at\/\"},{\"@type\":\"ListItem\",\"position\":2,\"name\":\"Sammlungsfotografen K\u00f6pcke &amp; Weinhold\"}]},{\"@type\":\"WebSite\",\"@id\":\"https:\/\/stiftadmont.at\/#website\",\"url\":\"https:\/\/stiftadmont.at\/\",\"name\":\"Stift Admont\",\"description\":\"Benediktinerkloster und Sehensw\u00fcrdigkeit im Ges\u00e4use\",\"potentialAction\":[{\"@type\":\"SearchAction\",\"target\":{\"@type\":\"EntryPoint\",\"urlTemplate\":\"https:\/\/stiftadmont.at\/?s={search_term_string}\"},\"query-input\":{\"@type\":\"PropertyValueSpecification\",\"valueRequired\":true,\"valueName\":\"search_term_string\"}}],\"inLanguage\":\"pl-PL\"},{\"@type\":\"Person\",\"@id\":\"https:\/\/stiftadmont.at\/#\/schema\/person\/30535548b241d5f33a2e8b839db11869\",\"name\":\"Mario Brandm\u00fcller\"}]}<\/script>\n<!-- \/ Yoast SEO Premium plugin. -->","yoast_head_json":{"title":"Kolekcja fotograf\u00f3w K\u00f6pcke &amp; Weinhold - Opactwo Admont","description":"Przeczytaj aktualne informacje o fotografach kolekcji K\u00f6pcke &amp; Weinhold i wiele wi\u0119cej z klasztoru i parafii Admont.","robots":{"index":"index","follow":"follow","max-snippet":"max-snippet:-1","max-image-preview":"max-image-preview:large","max-video-preview":"max-video-preview:-1"},"canonical":"https:\/\/stiftadmont.at\/pl\/blog\/kolekcja-fotografow-koepcke-weinhold\/","og_locale":"pl_PL","og_type":"article","og_title":"Sammlungsfotografen K\u00f6pcke &amp; Weinhold","og_description":"Lesen Sie aktuelle Informationen zum Thema Sammlungsfotografen K\u00f6pcke &amp; Weinhold und vieles mehr aus dem Konvent und der Pfarre Admont.","og_url":"https:\/\/stiftadmont.at\/pl\/blog\/kolekcja-fotografow-koepcke-weinhold\/","og_site_name":"Stift Admont","article_published_time":"2016-03-01T10:00:00+00:00","article_modified_time":"2023-02-06T14:22:45+00:00","og_image":[{"width":853,"height":569,"url":"https:\/\/stiftadmont.at\/wp-content\/uploads\/Stift-Admont-Sammlungsfotografen-Koepcke-Weinhold.jpg","type":"image\/jpeg"}],"author":"Mario Brandm\u00fcller","twitter_card":"summary_large_image","twitter_misc":{"Napisane przez":"Mario Brandm\u00fcller"},"schema":{"@context":"https:\/\/schema.org","@graph":[{"@type":"Article","@id":"https:\/\/stiftadmont.at\/blog\/sammlungsfotografen-koepcke-weinhold\/#article","isPartOf":{"@id":"https:\/\/stiftadmont.at\/blog\/sammlungsfotografen-koepcke-weinhold\/"},"author":{"name":"Mario Brandm\u00fcller","@id":"https:\/\/stiftadmont.at\/#\/schema\/person\/30535548b241d5f33a2e8b839db11869"},"headline":"Sammlungsfotografen K\u00f6pcke &amp; Weinhold","datePublished":"2016-03-01T10:00:00+00:00","dateModified":"2023-02-06T14:22:45+00:00","mainEntityOfPage":{"@id":"https:\/\/stiftadmont.at\/blog\/sammlungsfotografen-koepcke-weinhold\/"},"wordCount":5,"image":{"@id":"https:\/\/stiftadmont.at\/blog\/sammlungsfotografen-koepcke-weinhold\/#primaryimage"},"thumbnailUrl":"https:\/\/stiftadmont.at\/wp-content\/uploads\/Stift-Admont-Sammlungsfotografen-Koepcke-Weinhold.jpg","articleSection":["Museen aktuell"],"inLanguage":"pl-PL"},{"@type":"WebPage","@id":"https:\/\/stiftadmont.at\/blog\/sammlungsfotografen-koepcke-weinhold\/","url":"https:\/\/stiftadmont.at\/blog\/sammlungsfotografen-koepcke-weinhold\/","name":"Kolekcja fotograf\u00f3w K\u00f6pcke &amp; Weinhold - Opactwo Admont","isPartOf":{"@id":"https:\/\/stiftadmont.at\/#website"},"primaryImageOfPage":{"@id":"https:\/\/stiftadmont.at\/blog\/sammlungsfotografen-koepcke-weinhold\/#primaryimage"},"image":{"@id":"https:\/\/stiftadmont.at\/blog\/sammlungsfotografen-koepcke-weinhold\/#primaryimage"},"thumbnailUrl":"https:\/\/stiftadmont.at\/wp-content\/uploads\/Stift-Admont-Sammlungsfotografen-Koepcke-Weinhold.jpg","datePublished":"2016-03-01T10:00:00+00:00","dateModified":"2023-02-06T14:22:45+00:00","author":{"@id":"https:\/\/stiftadmont.at\/#\/schema\/person\/30535548b241d5f33a2e8b839db11869"},"description":"Przeczytaj aktualne informacje o fotografach kolekcji K\u00f6pcke &amp; Weinhold i wiele wi\u0119cej z klasztoru i parafii Admont.","breadcrumb":{"@id":"https:\/\/stiftadmont.at\/blog\/sammlungsfotografen-koepcke-weinhold\/#breadcrumb"},"inLanguage":"pl-PL","potentialAction":[{"@type":"ReadAction","target":["https:\/\/stiftadmont.at\/blog\/sammlungsfotografen-koepcke-weinhold\/"]}]},{"@type":"ImageObject","inLanguage":"pl-PL","@id":"https:\/\/stiftadmont.at\/blog\/sammlungsfotografen-koepcke-weinhold\/#primaryimage","url":"https:\/\/stiftadmont.at\/wp-content\/uploads\/Stift-Admont-Sammlungsfotografen-Koepcke-Weinhold.jpg","contentUrl":"https:\/\/stiftadmont.at\/wp-content\/uploads\/Stift-Admont-Sammlungsfotografen-Koepcke-Weinhold.jpg","width":853,"height":569,"caption":"Stift Admont Sammlungsfotografen Koepcke Weinhold"},{"@type":"BreadcrumbList","@id":"https:\/\/stiftadmont.at\/blog\/sammlungsfotografen-koepcke-weinhold\/#breadcrumb","itemListElement":[{"@type":"ListItem","position":1,"name":"Start","item":"https:\/\/stiftadmont.at\/"},{"@type":"ListItem","position":2,"name":"Sammlungsfotografen K\u00f6pcke &amp; Weinhold"}]},{"@type":"WebSite","@id":"https:\/\/stiftadmont.at\/#website","url":"https:\/\/stiftadmont.at\/","name":"Opactwo Admont","description":"Benedykty\u0144ski klasztor i atrakcja turystyczna w Ges\u00e4use","potentialAction":[{"@type":"SearchAction","target":{"@type":"EntryPoint","urlTemplate":"https:\/\/stiftadmont.at\/?s={search_term_string}"},"query-input":{"@type":"PropertyValueSpecification","valueRequired":true,"valueName":"search_term_string"}}],"inLanguage":"pl-PL"},{"@type":"Person","@id":"https:\/\/stiftadmont.at\/#\/schema\/person\/30535548b241d5f33a2e8b839db11869","name":"Mario Brandm\u00fcller"}]}},"_links":{"self":[{"href":"https:\/\/stiftadmont.at\/pl\/wp-json\/wp\/v2\/posts\/11078","targetHints":{"allow":["GET"]}}],"collection":[{"href":"https:\/\/stiftadmont.at\/pl\/wp-json\/wp\/v2\/posts"}],"about":[{"href":"https:\/\/stiftadmont.at\/pl\/wp-json\/wp\/v2\/types\/post"}],"author":[{"embeddable":true,"href":"https:\/\/stiftadmont.at\/pl\/wp-json\/wp\/v2\/users\/7"}],"replies":[{"embeddable":true,"href":"https:\/\/stiftadmont.at\/pl\/wp-json\/wp\/v2\/comments?post=11078"}],"version-history":[{"count":7,"href":"https:\/\/stiftadmont.at\/pl\/wp-json\/wp\/v2\/posts\/11078\/revisions"}],"predecessor-version":[{"id":16686,"href":"https:\/\/stiftadmont.at\/pl\/wp-json\/wp\/v2\/posts\/11078\/revisions\/16686"}],"wp:featuredmedia":[{"embeddable":true,"href":"https:\/\/stiftadmont.at\/pl\/wp-json\/wp\/v2\/media\/11079"}],"wp:attachment":[{"href":"https:\/\/stiftadmont.at\/pl\/wp-json\/wp\/v2\/media?parent=11078"}],"wp:term":[{"taxonomy":"category","embeddable":true,"href":"https:\/\/stiftadmont.at\/pl\/wp-json\/wp\/v2\/categories?post=11078"}],"curies":[{"name":"wp","href":"https:\/\/api.w.org\/{rel}","templated":true}]}}