{"id":11558,"date":"2019-05-13T12:00:00","date_gmt":"2019-05-13T10:00:00","guid":{"rendered":"https:\/\/stiftadmont.at\/?p=11558"},"modified":"2022-05-29T11:43:37","modified_gmt":"2022-05-29T09:43:37","slug":"stift-admont-sprowadza-najlepszych-prelegentow-do-regionu","status":"publish","type":"post","link":"https:\/\/stiftadmont.at\/pl\/blog\/stift-admont-holt-top-speaker-in-die-region\/","title":{"rendered":"Admont Abbey zaprasza najlepszych m\u00f3wc\u00f3w do regionu"},"content":{"rendered":"<section id='lightpress__section--block_62933f8655c37' class='lightpress__section--default-section-space lightpress__section lightpress__section--content'><div class=\"content__inner\"\n         x-init=\"initContentBlockAnim($el)\">\n        \n    <div class=\"content__grid content__grid\">\n                                            <div class=\"content__box content__box--one-hundred\"\n                 style=\"\">\n                                \n                \n                                            <div class=\"prose\"><h2 class=\"heading-xxl line line--gold\">Admont Abbey zaprasza najlepszych m\u00f3wc\u00f3w do regionu<\/h2>\n<p><strong>Poniedzia\u0142ek, 13 maja 2019 r.<\/strong><\/p>\n<p>Stefan Verra jest najbardziej rozchwytywanym ekspertem od mowy cia\u0142a w Europie. Jego wyk\u0142ady, seminaria i pokazy co roku inspiruj\u0105 dziesi\u0105tki tysi\u0119cy uczestnik\u00f3w od Europy po USA i Chiny. Dzi\u0119ki swojej holistycznej metodologii, polegaj\u0105cej na tym, \u017ce podczas analizy mowy cia\u0142a nie grz\u0119\u017anie we fragmentarycznych pojedynczych sygna\u0142ach, ale zawsze patrzy na og\u00f3lny kontekst, robi wra\u017cenie zar\u00f3wno na lekarzach, jak i naukowcach. Jest wyk\u0142adowc\u0105 na kilku uniwersytetach, a tak\u017ce odnosz\u0105cym sukcesy autorem i poszukiwanym ekspertem dla medi\u00f3w.<\/p>\n<p>J\u0118ZYK CIA\u0141A.<br \/>Nikt tego nie potrzebuje? No pewnie!<br \/>Marvel. Nauka. \u015amiech. Stefan Verra na \u017cywo w Opactwie Benedyktyn\u00f3w Admont.<\/p>\n<p>Ludzie, kt\u00f3rzy wygrywaj\u0105, wykazuj\u0105 wi\u0119cej perswazji, otwarto\u015bci i pewno\u015bci siebie w swojej postawie ni\u017c inni. W ten spos\u00f3b zdobywaj\u0105 punkty. Ka\u017cdy, kto zna mow\u0119 cia\u0142a \u015bwiadcz\u0105c\u0105 o pewno\u015bci siebie, sympatii i wiarygodno\u015bci, ma wyra\u017an\u0105 przewag\u0119. \"Jeden cz\u0142owiek, jedno spojrzenie, jedna analiza.<\/p>\n<p>Stefan Verra jest uwa\u017cany za gwiazd\u0119 rocka w dziedzinie mowy cia\u0142a. Prawdziwy, autoironiczny i niesamowicie \u017cywy, Stefan Verra ujawnia wszystkie sygna\u0142y, kt\u00f3re zbyt cz\u0119sto przeoczamy w \u017cyciu codziennym lub zawsze zastanawiali\u015bmy si\u0119, co tak naprawd\u0119 oznaczaj\u0105.<\/p>\n<p>Prze\u017cyj naukowy pokaz rozrywki lub rozrywkowy wiecz\u00f3r wiedzy. Nazwij to jak chcesz. Tak czy inaczej, na koniec nie b\u0119dziesz wiedzia\u0142, czy nauczy\u0142e\u015b si\u0119 wi\u0119cej, czy \u015bmia\u0142e\u015b si\u0119 wi\u0119cej!<\/p>\n<p>Uzyskaj wskaz\u00f3wki i wydob\u0105d\u017a z siebie to, co najlepsze!<\/p>\n<p>Pi\u0105tek, 27 wrze\u015bnia 2019 r.<br \/>Miejsce: Du\u017ca sala balowa Stiftsgymnasium Admont<br \/>Start: 20:00<br \/>Wst\u0119p: 19:00<br \/>Wst\u0119p: 30,00 \u20ac<\/p>\n<p>Rezerwacja bilet\u00f3w pod adresem: <a class=\"email\" href=\"mailto:events@stiftadmont.at\"><span class=\"icon-outer\"><span class=\"email-icon\"><\/span><\/span>events@stiftadmont.at<\/a> lub <a class=\"phone\" href=\"tel:+43 (0)3613 \/ 2312 601\"><span class=\"icon-outer\"><span class=\"phone-icon\"><\/span><\/span>+43 (0)3613 \/ 2312 601<\/a><\/p>\n<\/div>\n                    \n                            <\/div>\n        \n            <\/div>\n<\/div>\n\n<\/section>","protected":false},"excerpt":{"rendered":"<p>Stefan Verra - jeden z najbardziej rozchwytywanych ekspert\u00f3w w dziedzinie mowy cia\u0142a przyje\u017cd\u017ca do Admont.<\/p>","protected":false},"author":7,"featured_media":11559,"comment_status":"closed","ping_status":"closed","sticky":false,"template":"","format":"standard","meta":{"_acf_changed":false,"footnotes":""},"categories":[23],"class_list":["post-11558","post","type-post","status-publish","format-standard","has-post-thumbnail","hentry","category-einrichtungen-aktuell"],"acf":[],"yoast_head":"<!-- This site is optimized with the Yoast SEO Premium plugin v26.0 (Yoast SEO v26.8) - https:\/\/yoast.com\/product\/yoast-seo-premium-wordpress\/ -->\n<title>Stift Admont holt Top-Speaker in die Region - Stift Admont<\/title>\n<meta name=\"description\" content=\"Lesen Sie aktuelle Informationen zum Thema Stift Admont holt Top-Speaker in die Region und vieles mehr aus dem Konvent und der Pfarre Admont.\" \/>\n<meta name=\"robots\" content=\"index, follow, max-snippet:-1, max-image-preview:large, max-video-preview:-1\" \/>\n<link rel=\"canonical\" href=\"https:\/\/stiftadmont.at\/pl\/blog\/stift-admont-sprowadza-najlepszych-prelegentow-do-regionu\/\" \/>\n<meta property=\"og:locale\" content=\"pl_PL\" \/>\n<meta property=\"og:type\" content=\"article\" \/>\n<meta property=\"og:title\" content=\"Stift Admont holt Top-Speaker in die Region\" \/>\n<meta property=\"og:description\" content=\"Lesen Sie aktuelle Informationen zum Thema Stift Admont holt Top-Speaker in die Region und vieles mehr aus dem Konvent und der Pfarre Admont.\" \/>\n<meta property=\"og:url\" content=\"https:\/\/stiftadmont.at\/pl\/blog\/stift-admont-sprowadza-najlepszych-prelegentow-do-regionu\/\" \/>\n<meta property=\"og:site_name\" content=\"Stift Admont\" \/>\n<meta property=\"article:published_time\" content=\"2019-05-13T10:00:00+00:00\" \/>\n<meta property=\"article:modified_time\" content=\"2022-05-29T09:43:37+00:00\" \/>\n<meta property=\"og:image\" content=\"https:\/\/stiftadmont.at\/wp-content\/uploads\/Stefan-Verra-1.jpg\" \/>\n\t<meta property=\"og:image:width\" content=\"853\" \/>\n\t<meta property=\"og:image:height\" content=\"640\" \/>\n\t<meta property=\"og:image:type\" content=\"image\/jpeg\" \/>\n<meta name=\"author\" content=\"Mario Brandm\u00fcller\" \/>\n<meta name=\"twitter:card\" content=\"summary_large_image\" \/>\n<meta name=\"twitter:label1\" content=\"Napisane przez\" \/>\n\t<meta name=\"twitter:data1\" content=\"Mario Brandm\u00fcller\" \/>\n<script type=\"application\/ld+json\" class=\"yoast-schema-graph\">{\"@context\":\"https:\/\/schema.org\",\"@graph\":[{\"@type\":\"Article\",\"@id\":\"https:\/\/stiftadmont.at\/blog\/stift-admont-holt-top-speaker-in-die-region\/#article\",\"isPartOf\":{\"@id\":\"https:\/\/stiftadmont.at\/blog\/stift-admont-holt-top-speaker-in-die-region\/\"},\"author\":{\"name\":\"Mario Brandm\u00fcller\",\"@id\":\"https:\/\/stiftadmont.at\/#\/schema\/person\/30535548b241d5f33a2e8b839db11869\"},\"headline\":\"Stift Admont holt Top-Speaker in die Region\",\"datePublished\":\"2019-05-13T10:00:00+00:00\",\"dateModified\":\"2022-05-29T09:43:37+00:00\",\"mainEntityOfPage\":{\"@id\":\"https:\/\/stiftadmont.at\/blog\/stift-admont-holt-top-speaker-in-die-region\/\"},\"wordCount\":7,\"image\":{\"@id\":\"https:\/\/stiftadmont.at\/blog\/stift-admont-holt-top-speaker-in-die-region\/#primaryimage\"},\"thumbnailUrl\":\"https:\/\/stiftadmont.at\/wp-content\/uploads\/Stefan-Verra-1.jpg\",\"articleSection\":[\"Einrichtungen aktuell\"],\"inLanguage\":\"pl-PL\"},{\"@type\":\"WebPage\",\"@id\":\"https:\/\/stiftadmont.at\/blog\/stift-admont-holt-top-speaker-in-die-region\/\",\"url\":\"https:\/\/stiftadmont.at\/blog\/stift-admont-holt-top-speaker-in-die-region\/\",\"name\":\"Stift Admont holt Top-Speaker in die Region - Stift Admont\",\"isPartOf\":{\"@id\":\"https:\/\/stiftadmont.at\/#website\"},\"primaryImageOfPage\":{\"@id\":\"https:\/\/stiftadmont.at\/blog\/stift-admont-holt-top-speaker-in-die-region\/#primaryimage\"},\"image\":{\"@id\":\"https:\/\/stiftadmont.at\/blog\/stift-admont-holt-top-speaker-in-die-region\/#primaryimage\"},\"thumbnailUrl\":\"https:\/\/stiftadmont.at\/wp-content\/uploads\/Stefan-Verra-1.jpg\",\"datePublished\":\"2019-05-13T10:00:00+00:00\",\"dateModified\":\"2022-05-29T09:43:37+00:00\",\"author\":{\"@id\":\"https:\/\/stiftadmont.at\/#\/schema\/person\/30535548b241d5f33a2e8b839db11869\"},\"description\":\"Lesen Sie aktuelle Informationen zum Thema Stift Admont holt Top-Speaker in die Region und vieles mehr aus dem Konvent und der Pfarre Admont.\",\"breadcrumb\":{\"@id\":\"https:\/\/stiftadmont.at\/blog\/stift-admont-holt-top-speaker-in-die-region\/#breadcrumb\"},\"inLanguage\":\"pl-PL\",\"potentialAction\":[{\"@type\":\"ReadAction\",\"target\":[\"https:\/\/stiftadmont.at\/blog\/stift-admont-holt-top-speaker-in-die-region\/\"]}]},{\"@type\":\"ImageObject\",\"inLanguage\":\"pl-PL\",\"@id\":\"https:\/\/stiftadmont.at\/blog\/stift-admont-holt-top-speaker-in-die-region\/#primaryimage\",\"url\":\"https:\/\/stiftadmont.at\/wp-content\/uploads\/Stefan-Verra-1.jpg\",\"contentUrl\":\"https:\/\/stiftadmont.at\/wp-content\/uploads\/Stefan-Verra-1.jpg\",\"width\":853,\"height\":640,\"caption\":\"Stefan Verra 1\"},{\"@type\":\"BreadcrumbList\",\"@id\":\"https:\/\/stiftadmont.at\/blog\/stift-admont-holt-top-speaker-in-die-region\/#breadcrumb\",\"itemListElement\":[{\"@type\":\"ListItem\",\"position\":1,\"name\":\"Start\",\"item\":\"https:\/\/stiftadmont.at\/\"},{\"@type\":\"ListItem\",\"position\":2,\"name\":\"Stift Admont holt Top-Speaker in die Region\"}]},{\"@type\":\"WebSite\",\"@id\":\"https:\/\/stiftadmont.at\/#website\",\"url\":\"https:\/\/stiftadmont.at\/\",\"name\":\"Stift Admont\",\"description\":\"Benediktinerkloster und Sehensw\u00fcrdigkeit im Ges\u00e4use\",\"potentialAction\":[{\"@type\":\"SearchAction\",\"target\":{\"@type\":\"EntryPoint\",\"urlTemplate\":\"https:\/\/stiftadmont.at\/?s={search_term_string}\"},\"query-input\":{\"@type\":\"PropertyValueSpecification\",\"valueRequired\":true,\"valueName\":\"search_term_string\"}}],\"inLanguage\":\"pl-PL\"},{\"@type\":\"Person\",\"@id\":\"https:\/\/stiftadmont.at\/#\/schema\/person\/30535548b241d5f33a2e8b839db11869\",\"name\":\"Mario Brandm\u00fcller\"}]}<\/script>\n<!-- \/ Yoast SEO Premium plugin. -->","yoast_head_json":{"title":"Admont Abbey zaprasza najlepszych m\u00f3wc\u00f3w do regionu - Admont Abbey","description":"Zapoznaj si\u0119 z najnowszymi informacjami na temat opactwa Admont, kt\u00f3re sprowadza najlepszych m\u00f3wc\u00f3w do regionu i wiele wi\u0119cej z klasztoru i parafii Admont.","robots":{"index":"index","follow":"follow","max-snippet":"max-snippet:-1","max-image-preview":"max-image-preview:large","max-video-preview":"max-video-preview:-1"},"canonical":"https:\/\/stiftadmont.at\/pl\/blog\/stift-admont-sprowadza-najlepszych-prelegentow-do-regionu\/","og_locale":"pl_PL","og_type":"article","og_title":"Stift Admont holt Top-Speaker in die Region","og_description":"Lesen Sie aktuelle Informationen zum Thema Stift Admont holt Top-Speaker in die Region und vieles mehr aus dem Konvent und der Pfarre Admont.","og_url":"https:\/\/stiftadmont.at\/pl\/blog\/stift-admont-sprowadza-najlepszych-prelegentow-do-regionu\/","og_site_name":"Stift Admont","article_published_time":"2019-05-13T10:00:00+00:00","article_modified_time":"2022-05-29T09:43:37+00:00","og_image":[{"width":853,"height":640,"url":"https:\/\/stiftadmont.at\/wp-content\/uploads\/Stefan-Verra-1.jpg","type":"image\/jpeg"}],"author":"Mario Brandm\u00fcller","twitter_card":"summary_large_image","twitter_misc":{"Napisane przez":"Mario Brandm\u00fcller"},"schema":{"@context":"https:\/\/schema.org","@graph":[{"@type":"Article","@id":"https:\/\/stiftadmont.at\/blog\/stift-admont-holt-top-speaker-in-die-region\/#article","isPartOf":{"@id":"https:\/\/stiftadmont.at\/blog\/stift-admont-holt-top-speaker-in-die-region\/"},"author":{"name":"Mario Brandm\u00fcller","@id":"https:\/\/stiftadmont.at\/#\/schema\/person\/30535548b241d5f33a2e8b839db11869"},"headline":"Stift Admont holt Top-Speaker in die Region","datePublished":"2019-05-13T10:00:00+00:00","dateModified":"2022-05-29T09:43:37+00:00","mainEntityOfPage":{"@id":"https:\/\/stiftadmont.at\/blog\/stift-admont-holt-top-speaker-in-die-region\/"},"wordCount":7,"image":{"@id":"https:\/\/stiftadmont.at\/blog\/stift-admont-holt-top-speaker-in-die-region\/#primaryimage"},"thumbnailUrl":"https:\/\/stiftadmont.at\/wp-content\/uploads\/Stefan-Verra-1.jpg","articleSection":["Einrichtungen aktuell"],"inLanguage":"pl-PL"},{"@type":"WebPage","@id":"https:\/\/stiftadmont.at\/blog\/stift-admont-holt-top-speaker-in-die-region\/","url":"https:\/\/stiftadmont.at\/blog\/stift-admont-holt-top-speaker-in-die-region\/","name":"Admont Abbey zaprasza najlepszych m\u00f3wc\u00f3w do regionu - Admont Abbey","isPartOf":{"@id":"https:\/\/stiftadmont.at\/#website"},"primaryImageOfPage":{"@id":"https:\/\/stiftadmont.at\/blog\/stift-admont-holt-top-speaker-in-die-region\/#primaryimage"},"image":{"@id":"https:\/\/stiftadmont.at\/blog\/stift-admont-holt-top-speaker-in-die-region\/#primaryimage"},"thumbnailUrl":"https:\/\/stiftadmont.at\/wp-content\/uploads\/Stefan-Verra-1.jpg","datePublished":"2019-05-13T10:00:00+00:00","dateModified":"2022-05-29T09:43:37+00:00","author":{"@id":"https:\/\/stiftadmont.at\/#\/schema\/person\/30535548b241d5f33a2e8b839db11869"},"description":"Zapoznaj si\u0119 z najnowszymi informacjami na temat opactwa Admont, kt\u00f3re sprowadza najlepszych m\u00f3wc\u00f3w do regionu i wiele wi\u0119cej z klasztoru i parafii Admont.","breadcrumb":{"@id":"https:\/\/stiftadmont.at\/blog\/stift-admont-holt-top-speaker-in-die-region\/#breadcrumb"},"inLanguage":"pl-PL","potentialAction":[{"@type":"ReadAction","target":["https:\/\/stiftadmont.at\/blog\/stift-admont-holt-top-speaker-in-die-region\/"]}]},{"@type":"ImageObject","inLanguage":"pl-PL","@id":"https:\/\/stiftadmont.at\/blog\/stift-admont-holt-top-speaker-in-die-region\/#primaryimage","url":"https:\/\/stiftadmont.at\/wp-content\/uploads\/Stefan-Verra-1.jpg","contentUrl":"https:\/\/stiftadmont.at\/wp-content\/uploads\/Stefan-Verra-1.jpg","width":853,"height":640,"caption":"Stefan Verra 1"},{"@type":"BreadcrumbList","@id":"https:\/\/stiftadmont.at\/blog\/stift-admont-holt-top-speaker-in-die-region\/#breadcrumb","itemListElement":[{"@type":"ListItem","position":1,"name":"Start","item":"https:\/\/stiftadmont.at\/"},{"@type":"ListItem","position":2,"name":"Stift Admont holt Top-Speaker in die Region"}]},{"@type":"WebSite","@id":"https:\/\/stiftadmont.at\/#website","url":"https:\/\/stiftadmont.at\/","name":"Opactwo Admont","description":"Benedykty\u0144ski klasztor i atrakcja turystyczna w Ges\u00e4use","potentialAction":[{"@type":"SearchAction","target":{"@type":"EntryPoint","urlTemplate":"https:\/\/stiftadmont.at\/?s={search_term_string}"},"query-input":{"@type":"PropertyValueSpecification","valueRequired":true,"valueName":"search_term_string"}}],"inLanguage":"pl-PL"},{"@type":"Person","@id":"https:\/\/stiftadmont.at\/#\/schema\/person\/30535548b241d5f33a2e8b839db11869","name":"Mario Brandm\u00fcller"}]}},"_links":{"self":[{"href":"https:\/\/stiftadmont.at\/pl\/wp-json\/wp\/v2\/posts\/11558","targetHints":{"allow":["GET"]}}],"collection":[{"href":"https:\/\/stiftadmont.at\/pl\/wp-json\/wp\/v2\/posts"}],"about":[{"href":"https:\/\/stiftadmont.at\/pl\/wp-json\/wp\/v2\/types\/post"}],"author":[{"embeddable":true,"href":"https:\/\/stiftadmont.at\/pl\/wp-json\/wp\/v2\/users\/7"}],"replies":[{"embeddable":true,"href":"https:\/\/stiftadmont.at\/pl\/wp-json\/wp\/v2\/comments?post=11558"}],"version-history":[{"count":8,"href":"https:\/\/stiftadmont.at\/pl\/wp-json\/wp\/v2\/posts\/11558\/revisions"}],"predecessor-version":[{"id":11567,"href":"https:\/\/stiftadmont.at\/pl\/wp-json\/wp\/v2\/posts\/11558\/revisions\/11567"}],"wp:featuredmedia":[{"embeddable":true,"href":"https:\/\/stiftadmont.at\/pl\/wp-json\/wp\/v2\/media\/11559"}],"wp:attachment":[{"href":"https:\/\/stiftadmont.at\/pl\/wp-json\/wp\/v2\/media?parent=11558"}],"wp:term":[{"taxonomy":"category","embeddable":true,"href":"https:\/\/stiftadmont.at\/pl\/wp-json\/wp\/v2\/categories?post=11558"}],"curies":[{"name":"wp","href":"https:\/\/api.w.org\/{rel}","templated":true}]}}