{"id":11820,"date":"2021-09-03T12:00:00","date_gmt":"2021-09-03T10:00:00","guid":{"rendered":"https:\/\/stiftadmont.at\/?p=11820"},"modified":"2022-05-29T15:05:22","modified_gmt":"2022-05-29T13:05:22","slug":"zawod-doczesny-dla-petera","status":"publish","type":"post","link":"https:\/\/stiftadmont.at\/pl\/blog\/zeitliche-profess-fr-petrus\/","title":{"rendered":"Profesja czasowa o. Petrus Dreyhaupt OSB"},"content":{"rendered":"<section id='lightpress__section--block_62936ed854430' class='lightpress__section--default-section-space lightpress__section lightpress__section--content'><div class=\"content__inner\"\n         x-init=\"initContentBlockAnim($el)\">\n        \n    <div class=\"content__grid content__grid--fifty-fifty\">\n                                            <div class=\"content__box content__box\"\n                 style=\"\">\n                                \n                \n                                            <div class=\"prose\"><h2 class=\"heading-xxl line line--gold\">Zaw\u00f3d tymczasowy fr. Peter<\/h2>\n<p><strong>Pi\u0105tek, 3 wrze\u015bnia 2021 r.<\/strong><\/p>\n<p>W \u015bwi\u0119to Narodzenia Naj\u015bwi\u0119tszej Maryi Panny, 8 wrze\u015bnia 2021 r., nasz wsp\u00f3\u0142brat o. Piotr z\u0142o\u017cy profesj\u0119 czasow\u0105 w naszej benedykty\u0144skiej wsp\u00f3lnocie w Admont na okres 3 lat.<\/p>\n<p>Frater Petrus Dreyhaupt OSB urodzi\u0142 si\u0119 w 1996 roku w Bremie. Dorasta\u0142 w Wilhelmshaven (Dolna Saksonia, Niemcy) i w pobli\u017cu Alt\u00f6tting (Bawaria, Niemcy). W 2016 r. wst\u0105pi\u0142 do opactwa G\u00f6ttweig w Dolnej Austrii. W 2017 r. rozpocz\u0105\u0142 studia specjalistyczne z teologii w Salzburgu. 8 wrze\u015bnia o. Peter ponownie z\u0142o\u017cy\u0142 \u015bluby czasowe w Admont. To zobowi\u0105zuje go do wsp\u00f3lnoty w Admont przez trzy lata. Czas sp\u0119dzony w G\u00f6ttweig by\u0142 dla niego pouczaj\u0105cym okresem, podczas kt\u00f3rego m\u00f3g\u0142 zapozna\u0107 si\u0119 z \u017cyciem benedykty\u0144skim. Poprzez refleksj\u0119 i wyja\u015bnienie dalszej drogi duchowej - innej strony i znaczenia profesji czasowej - podj\u0105\u0142 decyzj\u0119 o kontynuowaniu i sprawdzeniu swojej drogi poszukiwania Boga w opactwie Admont.<\/p>\n<p>Profesja czasowa o. Petrusa Dreyhaupta OSB<br \/>\u015aroda, 8 wrze\u015bnia 2021 r.<br \/>15:00<br \/>Ko\u015bci\u00f3\u0142 opactwa Admont<\/p>\n<p>Udzia\u0142 w ceremonii jest mo\u017cliwy tylko z wa\u017cnym certyfikatem 3G!<\/p>\n<\/div>\n                    \n                            <\/div>\n        \n                                                    <div class=\"content__box content__box--2\"\n                     >\n                                        \n                    \n                                                <div class=\"content__media stickyTo\" x-init=\"imageSticky($el)\">\n\n                                                                                    <picture\n                                    class=\"content__image sticky image-overlay\">\n                                <source srcset=\"https:\/\/stiftadmont.at\/wp-content\/uploads\/Stift-Admont-fr.-Petrus.webp\" type=\"image\/webp\">\n                                <source srcset=\"https:\/\/stiftadmont.at\/wp-content\/uploads\/Stift-Admont-fr.-Petrus.jpg\" type=\"image\/jpeg\">\n                                <img decoding=\"async\" class=\"sticky\" loading=\"lazy\" src=\"https:\/\/stiftadmont.at\/wp-content\/uploads\/Stift-Admont-fr.-Petrus.jpg\" alt=\"Admont Abbey St Peter\" \/>\n\n                                                                                                                            <\/picture>\n\n                        <\/div>\n\n                                    <\/div>\n            \n            <\/div>\n<\/div>\n\n<\/section>","protected":false},"excerpt":{"rendered":"<p>Nasz wsp\u00f3\u0142brat o. Peter po\u015bwi\u0119ci si\u0119 naszej benedykty\u0144skiej wsp\u00f3lnocie w Admont na 3 lata, sk\u0142adaj\u0105c profesj\u0119 czasow\u0105.<\/p>","protected":false},"author":7,"featured_media":11821,"comment_status":"closed","ping_status":"closed","sticky":false,"template":"","format":"standard","meta":{"_acf_changed":false,"footnotes":""},"categories":[22],"class_list":["post-11820","post","type-post","status-publish","format-standard","has-post-thumbnail","hentry","category-kloster-aktuell"],"acf":[],"yoast_head":"<!-- This site is optimized with the Yoast SEO Premium plugin v26.0 (Yoast SEO v26.8) - https:\/\/yoast.com\/product\/yoast-seo-premium-wordpress\/ -->\n<title>Zeitliche Profess fr. Petrus Dreyhaupt OSB - Stift Admont<\/title>\n<meta name=\"description\" content=\"Lesen Sie aktuelle Informationen zum Thema Zeitliche Profess fr. Petrus Dreyhaupt OSB und vieles mehr aus dem Konvent und der Pfarre Admont.\" \/>\n<meta name=\"robots\" content=\"index, follow, max-snippet:-1, max-image-preview:large, max-video-preview:-1\" \/>\n<link rel=\"canonical\" href=\"https:\/\/stiftadmont.at\/pl\/blog\/zawod-doczesny-dla-petera\/\" \/>\n<meta property=\"og:locale\" content=\"pl_PL\" \/>\n<meta property=\"og:type\" content=\"article\" \/>\n<meta property=\"og:title\" content=\"Zeitliche Profess fr. Petrus Dreyhaupt OSB\" \/>\n<meta property=\"og:description\" content=\"Lesen Sie aktuelle Informationen zum Thema Zeitliche Profess fr. Petrus Dreyhaupt OSB und vieles mehr aus dem Konvent und der Pfarre Admont.\" \/>\n<meta property=\"og:url\" content=\"https:\/\/stiftadmont.at\/pl\/blog\/zawod-doczesny-dla-petera\/\" \/>\n<meta property=\"og:site_name\" content=\"Stift Admont\" \/>\n<meta property=\"article:published_time\" content=\"2021-09-03T10:00:00+00:00\" \/>\n<meta property=\"article:modified_time\" content=\"2022-05-29T13:05:22+00:00\" \/>\n<meta property=\"og:image\" content=\"https:\/\/stiftadmont.at\/wp-content\/uploads\/Stift-Admont-fr.-Petrus.jpg\" \/>\n\t<meta property=\"og:image:width\" content=\"853\" \/>\n\t<meta property=\"og:image:height\" content=\"640\" \/>\n\t<meta property=\"og:image:type\" content=\"image\/jpeg\" \/>\n<meta name=\"author\" content=\"Mario Brandm\u00fcller\" \/>\n<meta name=\"twitter:card\" content=\"summary_large_image\" \/>\n<meta name=\"twitter:label1\" content=\"Napisane przez\" \/>\n\t<meta name=\"twitter:data1\" content=\"Mario Brandm\u00fcller\" \/>\n<script type=\"application\/ld+json\" class=\"yoast-schema-graph\">{\"@context\":\"https:\/\/schema.org\",\"@graph\":[{\"@type\":\"Article\",\"@id\":\"https:\/\/stiftadmont.at\/blog\/zeitliche-profess-fr-petrus\/#article\",\"isPartOf\":{\"@id\":\"https:\/\/stiftadmont.at\/blog\/zeitliche-profess-fr-petrus\/\"},\"author\":{\"name\":\"Mario Brandm\u00fcller\",\"@id\":\"https:\/\/stiftadmont.at\/#\/schema\/person\/30535548b241d5f33a2e8b839db11869\"},\"headline\":\"Zeitliche Profess fr. Petrus Dreyhaupt OSB\",\"datePublished\":\"2021-09-03T10:00:00+00:00\",\"dateModified\":\"2022-05-29T13:05:22+00:00\",\"mainEntityOfPage\":{\"@id\":\"https:\/\/stiftadmont.at\/blog\/zeitliche-profess-fr-petrus\/\"},\"wordCount\":6,\"image\":{\"@id\":\"https:\/\/stiftadmont.at\/blog\/zeitliche-profess-fr-petrus\/#primaryimage\"},\"thumbnailUrl\":\"https:\/\/stiftadmont.at\/wp-content\/uploads\/Stift-Admont-fr.-Petrus.jpg\",\"articleSection\":[\"Kloster aktuell\"],\"inLanguage\":\"pl-PL\"},{\"@type\":\"WebPage\",\"@id\":\"https:\/\/stiftadmont.at\/blog\/zeitliche-profess-fr-petrus\/\",\"url\":\"https:\/\/stiftadmont.at\/blog\/zeitliche-profess-fr-petrus\/\",\"name\":\"Zeitliche Profess fr. Petrus Dreyhaupt OSB - Stift Admont\",\"isPartOf\":{\"@id\":\"https:\/\/stiftadmont.at\/#website\"},\"primaryImageOfPage\":{\"@id\":\"https:\/\/stiftadmont.at\/blog\/zeitliche-profess-fr-petrus\/#primaryimage\"},\"image\":{\"@id\":\"https:\/\/stiftadmont.at\/blog\/zeitliche-profess-fr-petrus\/#primaryimage\"},\"thumbnailUrl\":\"https:\/\/stiftadmont.at\/wp-content\/uploads\/Stift-Admont-fr.-Petrus.jpg\",\"datePublished\":\"2021-09-03T10:00:00+00:00\",\"dateModified\":\"2022-05-29T13:05:22+00:00\",\"author\":{\"@id\":\"https:\/\/stiftadmont.at\/#\/schema\/person\/30535548b241d5f33a2e8b839db11869\"},\"description\":\"Lesen Sie aktuelle Informationen zum Thema Zeitliche Profess fr. Petrus Dreyhaupt OSB und vieles mehr aus dem Konvent und der Pfarre Admont.\",\"breadcrumb\":{\"@id\":\"https:\/\/stiftadmont.at\/blog\/zeitliche-profess-fr-petrus\/#breadcrumb\"},\"inLanguage\":\"pl-PL\",\"potentialAction\":[{\"@type\":\"ReadAction\",\"target\":[\"https:\/\/stiftadmont.at\/blog\/zeitliche-profess-fr-petrus\/\"]}]},{\"@type\":\"ImageObject\",\"inLanguage\":\"pl-PL\",\"@id\":\"https:\/\/stiftadmont.at\/blog\/zeitliche-profess-fr-petrus\/#primaryimage\",\"url\":\"https:\/\/stiftadmont.at\/wp-content\/uploads\/Stift-Admont-fr.-Petrus.jpg\",\"contentUrl\":\"https:\/\/stiftadmont.at\/wp-content\/uploads\/Stift-Admont-fr.-Petrus.jpg\",\"width\":853,\"height\":640,\"caption\":\"Stift Admont fr. Petrus\"},{\"@type\":\"BreadcrumbList\",\"@id\":\"https:\/\/stiftadmont.at\/blog\/zeitliche-profess-fr-petrus\/#breadcrumb\",\"itemListElement\":[{\"@type\":\"ListItem\",\"position\":1,\"name\":\"Start\",\"item\":\"https:\/\/stiftadmont.at\/\"},{\"@type\":\"ListItem\",\"position\":2,\"name\":\"Zeitliche Profess fr. Petrus Dreyhaupt OSB\"}]},{\"@type\":\"WebSite\",\"@id\":\"https:\/\/stiftadmont.at\/#website\",\"url\":\"https:\/\/stiftadmont.at\/\",\"name\":\"Stift Admont\",\"description\":\"Benediktinerkloster und Sehensw\u00fcrdigkeit im Ges\u00e4use\",\"potentialAction\":[{\"@type\":\"SearchAction\",\"target\":{\"@type\":\"EntryPoint\",\"urlTemplate\":\"https:\/\/stiftadmont.at\/?s={search_term_string}\"},\"query-input\":{\"@type\":\"PropertyValueSpecification\",\"valueRequired\":true,\"valueName\":\"search_term_string\"}}],\"inLanguage\":\"pl-PL\"},{\"@type\":\"Person\",\"@id\":\"https:\/\/stiftadmont.at\/#\/schema\/person\/30535548b241d5f33a2e8b839db11869\",\"name\":\"Mario Brandm\u00fcller\"}]}<\/script>\n<!-- \/ Yoast SEO Premium plugin. -->","yoast_head_json":{"title":"Profesja czasowa o. Petrus Dreyhaupt OSB - Opactwo Admont","description":"Przeczytaj najnowsze informacje o profesji czasowej o. Petrusa Dreyhaupta OSB i wiele wi\u0119cej z klasztoru i parafii Admont.","robots":{"index":"index","follow":"follow","max-snippet":"max-snippet:-1","max-image-preview":"max-image-preview:large","max-video-preview":"max-video-preview:-1"},"canonical":"https:\/\/stiftadmont.at\/pl\/blog\/zawod-doczesny-dla-petera\/","og_locale":"pl_PL","og_type":"article","og_title":"Zeitliche Profess fr. Petrus Dreyhaupt OSB","og_description":"Lesen Sie aktuelle Informationen zum Thema Zeitliche Profess fr. Petrus Dreyhaupt OSB und vieles mehr aus dem Konvent und der Pfarre Admont.","og_url":"https:\/\/stiftadmont.at\/pl\/blog\/zawod-doczesny-dla-petera\/","og_site_name":"Stift Admont","article_published_time":"2021-09-03T10:00:00+00:00","article_modified_time":"2022-05-29T13:05:22+00:00","og_image":[{"width":853,"height":640,"url":"https:\/\/stiftadmont.at\/wp-content\/uploads\/Stift-Admont-fr.-Petrus.jpg","type":"image\/jpeg"}],"author":"Mario Brandm\u00fcller","twitter_card":"summary_large_image","twitter_misc":{"Napisane przez":"Mario Brandm\u00fcller"},"schema":{"@context":"https:\/\/schema.org","@graph":[{"@type":"Article","@id":"https:\/\/stiftadmont.at\/blog\/zeitliche-profess-fr-petrus\/#article","isPartOf":{"@id":"https:\/\/stiftadmont.at\/blog\/zeitliche-profess-fr-petrus\/"},"author":{"name":"Mario Brandm\u00fcller","@id":"https:\/\/stiftadmont.at\/#\/schema\/person\/30535548b241d5f33a2e8b839db11869"},"headline":"Zeitliche Profess fr. Petrus Dreyhaupt OSB","datePublished":"2021-09-03T10:00:00+00:00","dateModified":"2022-05-29T13:05:22+00:00","mainEntityOfPage":{"@id":"https:\/\/stiftadmont.at\/blog\/zeitliche-profess-fr-petrus\/"},"wordCount":6,"image":{"@id":"https:\/\/stiftadmont.at\/blog\/zeitliche-profess-fr-petrus\/#primaryimage"},"thumbnailUrl":"https:\/\/stiftadmont.at\/wp-content\/uploads\/Stift-Admont-fr.-Petrus.jpg","articleSection":["Kloster aktuell"],"inLanguage":"pl-PL"},{"@type":"WebPage","@id":"https:\/\/stiftadmont.at\/blog\/zeitliche-profess-fr-petrus\/","url":"https:\/\/stiftadmont.at\/blog\/zeitliche-profess-fr-petrus\/","name":"Profesja czasowa o. Petrus Dreyhaupt OSB - Opactwo Admont","isPartOf":{"@id":"https:\/\/stiftadmont.at\/#website"},"primaryImageOfPage":{"@id":"https:\/\/stiftadmont.at\/blog\/zeitliche-profess-fr-petrus\/#primaryimage"},"image":{"@id":"https:\/\/stiftadmont.at\/blog\/zeitliche-profess-fr-petrus\/#primaryimage"},"thumbnailUrl":"https:\/\/stiftadmont.at\/wp-content\/uploads\/Stift-Admont-fr.-Petrus.jpg","datePublished":"2021-09-03T10:00:00+00:00","dateModified":"2022-05-29T13:05:22+00:00","author":{"@id":"https:\/\/stiftadmont.at\/#\/schema\/person\/30535548b241d5f33a2e8b839db11869"},"description":"Przeczytaj najnowsze informacje o profesji czasowej o. Petrusa Dreyhaupta OSB i wiele wi\u0119cej z klasztoru i parafii Admont.","breadcrumb":{"@id":"https:\/\/stiftadmont.at\/blog\/zeitliche-profess-fr-petrus\/#breadcrumb"},"inLanguage":"pl-PL","potentialAction":[{"@type":"ReadAction","target":["https:\/\/stiftadmont.at\/blog\/zeitliche-profess-fr-petrus\/"]}]},{"@type":"ImageObject","inLanguage":"pl-PL","@id":"https:\/\/stiftadmont.at\/blog\/zeitliche-profess-fr-petrus\/#primaryimage","url":"https:\/\/stiftadmont.at\/wp-content\/uploads\/Stift-Admont-fr.-Petrus.jpg","contentUrl":"https:\/\/stiftadmont.at\/wp-content\/uploads\/Stift-Admont-fr.-Petrus.jpg","width":853,"height":640,"caption":"Stift Admont fr. Petrus"},{"@type":"BreadcrumbList","@id":"https:\/\/stiftadmont.at\/blog\/zeitliche-profess-fr-petrus\/#breadcrumb","itemListElement":[{"@type":"ListItem","position":1,"name":"Start","item":"https:\/\/stiftadmont.at\/"},{"@type":"ListItem","position":2,"name":"Zeitliche Profess fr. Petrus Dreyhaupt OSB"}]},{"@type":"WebSite","@id":"https:\/\/stiftadmont.at\/#website","url":"https:\/\/stiftadmont.at\/","name":"Opactwo Admont","description":"Benedykty\u0144ski klasztor i atrakcja turystyczna w Ges\u00e4use","potentialAction":[{"@type":"SearchAction","target":{"@type":"EntryPoint","urlTemplate":"https:\/\/stiftadmont.at\/?s={search_term_string}"},"query-input":{"@type":"PropertyValueSpecification","valueRequired":true,"valueName":"search_term_string"}}],"inLanguage":"pl-PL"},{"@type":"Person","@id":"https:\/\/stiftadmont.at\/#\/schema\/person\/30535548b241d5f33a2e8b839db11869","name":"Mario Brandm\u00fcller"}]}},"_links":{"self":[{"href":"https:\/\/stiftadmont.at\/pl\/wp-json\/wp\/v2\/posts\/11820","targetHints":{"allow":["GET"]}}],"collection":[{"href":"https:\/\/stiftadmont.at\/pl\/wp-json\/wp\/v2\/posts"}],"about":[{"href":"https:\/\/stiftadmont.at\/pl\/wp-json\/wp\/v2\/types\/post"}],"author":[{"embeddable":true,"href":"https:\/\/stiftadmont.at\/pl\/wp-json\/wp\/v2\/users\/7"}],"replies":[{"embeddable":true,"href":"https:\/\/stiftadmont.at\/pl\/wp-json\/wp\/v2\/comments?post=11820"}],"version-history":[{"count":9,"href":"https:\/\/stiftadmont.at\/pl\/wp-json\/wp\/v2\/posts\/11820\/revisions"}],"predecessor-version":[{"id":11831,"href":"https:\/\/stiftadmont.at\/pl\/wp-json\/wp\/v2\/posts\/11820\/revisions\/11831"}],"wp:featuredmedia":[{"embeddable":true,"href":"https:\/\/stiftadmont.at\/pl\/wp-json\/wp\/v2\/media\/11821"}],"wp:attachment":[{"href":"https:\/\/stiftadmont.at\/pl\/wp-json\/wp\/v2\/media?parent=11820"}],"wp:term":[{"taxonomy":"category","embeddable":true,"href":"https:\/\/stiftadmont.at\/pl\/wp-json\/wp\/v2\/categories?post=11820"}],"curies":[{"name":"wp","href":"https:\/\/api.w.org\/{rel}","templated":true}]}}