{"id":15927,"date":"2022-11-03T11:32:54","date_gmt":"2022-11-03T09:32:54","guid":{"rendered":"https:\/\/stiftadmont.at\/?p=15927"},"modified":"2022-11-04T10:21:06","modified_gmt":"2022-11-04T08:21:06","slug":"gimnazjum-admont-rozpoczyna-wspolprace","status":"publish","type":"post","link":"https:\/\/stiftadmont.at\/pl\/blog\/stiftsgymnasium-admont-startet-kooperation\/","title":{"rendered":"Admont Abbey Grammar School rozpoczyna wsp\u00f3\u0142prac\u0119"},"content":{"rendered":"<section id='lightpress__section--block_6ed7244358e323c3c65235fbd387875a' class='lightpress__section--default-section-space lightpress__section lightpress__section--content'><div class=\"content__inner\"\n         x-init=\"initContentBlockAnim($el)\">\n        \n    <div class=\"content__grid content__grid\">\n                                            <div class=\"content__box content__box--one-hundred\"\n                 style=\"\">\n                                \n                \n                                            <div class=\"prose\"><h1 class=\"line line--gold\">Admont Abbey Grammar School rozpoczyna wsp\u00f3\u0142prac\u0119 ze Styryjskim Stowarzyszeniem Instruktor\u00f3w Narciarstwa<\/h1>\n<p class=\"paragraph-m\"><strong>Czwartek, 03.11.2022<\/strong><\/p>\n<p class=\"paragraph-m\">Na kr\u00f3tko przed rozpocz\u0119ciem ferii jesiennych uczniowie szko\u0142y \u015bredniej Stiftsgymnasium Admont mogli poczu\u0107 zimowy nastr\u00f3j. Stephan Skrobar ze Styryjskiego Stowarzyszenia Instruktor\u00f3w Narciarstwa m\u00f3wi\u0142 o mo\u017cliwo\u015bciach zarabiania na \u017cycie na \"deskach, kt\u00f3re znacz\u0105 \u015bwiat\": Czy to jako dobrze p\u0142atna praca wakacyjna podczas szko\u0142y i studi\u00f3w, czy te\u017c w p\u00f3\u017aniejszym \u017cyciu zawodowym w jednej z wielu ga\u0142\u0119zi przemys\u0142u narciarskiego i sport\u00f3w zimowych.<\/p>\n<p class=\"paragraph-m\">Ze wzgl\u0119du na swoje po\u0142o\u017cenie geograficzne, Stiftsgymnasium Admont ma du\u017ce powi\u0105zania ze sportami zimowymi. W zwi\u0105zku z tym szko\u0142a pragnie wesprze\u0107 swoich uczni\u00f3w w pierwszym etapie tego obszernego programu szkolenia zawodowego i umo\u017cliwia zainteresowanym wzi\u0119cie udzia\u0142u w kursach szkoleniowych w grudniu. Co wi\u0119cej, dzi\u0119ki wsp\u00f3\u0142pracy mi\u0119dzy Stiftsgymnasium a Styryjskim Stowarzyszeniem Instruktor\u00f3w Narciarstwa, na pierwszym etapie szkolenia mo\u017cna uzyska\u0107 znaczn\u0105 redukcj\u0119 koszt\u00f3w kursu.<\/p>\n<\/div>\n                    \n                            <\/div>\n        \n            <\/div>\n<\/div>\n\n<\/section>","protected":false},"excerpt":{"rendered":"<p>Tu\u017c przed rozpocz\u0119ciem ferii jesiennych uczniowie szko\u0142y \u015bredniej Stiftsgymnasium Admont mogli wprowadzi\u0107 si\u0119 w zimowy nastr\u00f3j.<\/p>","protected":false},"author":7,"featured_media":15928,"comment_status":"closed","ping_status":"closed","sticky":false,"template":"","format":"standard","meta":{"_acf_changed":false,"footnotes":""},"categories":[23],"class_list":["post-15927","post","type-post","status-publish","format-standard","has-post-thumbnail","hentry","category-einrichtungen-aktuell"],"acf":[],"yoast_head":"<!-- This site is optimized with the Yoast SEO Premium plugin v26.0 (Yoast SEO v26.8) - https:\/\/yoast.com\/product\/yoast-seo-premium-wordpress\/ -->\n<title>Stiftsgymnasium Admont startet Kooperation - Stift Admont<\/title>\n<meta name=\"description\" content=\"Lesen Sie aktuelle Informationen zum Thema Stiftsgymnasium Admont startet Kooperation und vieles mehr aus dem Konvent und der Pfarre Admont.\" \/>\n<meta name=\"robots\" content=\"index, follow, max-snippet:-1, max-image-preview:large, max-video-preview:-1\" \/>\n<link rel=\"canonical\" href=\"https:\/\/stiftadmont.at\/pl\/blog\/gimnazjum-admont-rozpoczyna-wspolprace\/\" \/>\n<meta property=\"og:locale\" content=\"pl_PL\" \/>\n<meta property=\"og:type\" content=\"article\" \/>\n<meta property=\"og:title\" content=\"Stiftsgymnasium Admont startet Kooperation\" \/>\n<meta property=\"og:description\" content=\"Lesen Sie aktuelle Informationen zum Thema Stiftsgymnasium Admont startet Kooperation und vieles mehr aus dem Konvent und der Pfarre Admont.\" \/>\n<meta property=\"og:url\" content=\"https:\/\/stiftadmont.at\/pl\/blog\/gimnazjum-admont-rozpoczyna-wspolprace\/\" \/>\n<meta property=\"og:site_name\" content=\"Stift Admont\" \/>\n<meta property=\"article:published_time\" content=\"2022-11-03T09:32:54+00:00\" \/>\n<meta property=\"article:modified_time\" content=\"2022-11-04T08:21:06+00:00\" \/>\n<meta property=\"og:image\" content=\"https:\/\/stiftadmont.at\/wp-content\/uploads\/Stiftsgymnasium_Kooperation_Skilehrerverband_2022.jpg\" \/>\n\t<meta property=\"og:image:width\" content=\"1104\" \/>\n\t<meta property=\"og:image:height\" content=\"828\" \/>\n\t<meta property=\"og:image:type\" content=\"image\/jpeg\" \/>\n<meta name=\"author\" content=\"Mario Brandm\u00fcller\" \/>\n<meta name=\"twitter:card\" content=\"summary_large_image\" \/>\n<meta name=\"twitter:label1\" content=\"Napisane przez\" \/>\n\t<meta name=\"twitter:data1\" content=\"Mario Brandm\u00fcller\" \/>\n<script type=\"application\/ld+json\" class=\"yoast-schema-graph\">{\"@context\":\"https:\/\/schema.org\",\"@graph\":[{\"@type\":\"Article\",\"@id\":\"https:\/\/stiftadmont.at\/blog\/stiftsgymnasium-admont-startet-kooperation\/#article\",\"isPartOf\":{\"@id\":\"https:\/\/stiftadmont.at\/blog\/stiftsgymnasium-admont-startet-kooperation\/\"},\"author\":{\"name\":\"Mario Brandm\u00fcller\",\"@id\":\"https:\/\/stiftadmont.at\/#\/schema\/person\/30535548b241d5f33a2e8b839db11869\"},\"headline\":\"Stiftsgymnasium Admont startet Kooperation\",\"datePublished\":\"2022-11-03T09:32:54+00:00\",\"dateModified\":\"2022-11-04T08:21:06+00:00\",\"mainEntityOfPage\":{\"@id\":\"https:\/\/stiftadmont.at\/blog\/stiftsgymnasium-admont-startet-kooperation\/\"},\"wordCount\":4,\"image\":{\"@id\":\"https:\/\/stiftadmont.at\/blog\/stiftsgymnasium-admont-startet-kooperation\/#primaryimage\"},\"thumbnailUrl\":\"https:\/\/stiftadmont.at\/wp-content\/uploads\/Stiftsgymnasium_Kooperation_Skilehrerverband_2022.jpg\",\"articleSection\":[\"Einrichtungen aktuell\"],\"inLanguage\":\"pl-PL\"},{\"@type\":\"WebPage\",\"@id\":\"https:\/\/stiftadmont.at\/blog\/stiftsgymnasium-admont-startet-kooperation\/\",\"url\":\"https:\/\/stiftadmont.at\/blog\/stiftsgymnasium-admont-startet-kooperation\/\",\"name\":\"Stiftsgymnasium Admont startet Kooperation - Stift Admont\",\"isPartOf\":{\"@id\":\"https:\/\/stiftadmont.at\/#website\"},\"primaryImageOfPage\":{\"@id\":\"https:\/\/stiftadmont.at\/blog\/stiftsgymnasium-admont-startet-kooperation\/#primaryimage\"},\"image\":{\"@id\":\"https:\/\/stiftadmont.at\/blog\/stiftsgymnasium-admont-startet-kooperation\/#primaryimage\"},\"thumbnailUrl\":\"https:\/\/stiftadmont.at\/wp-content\/uploads\/Stiftsgymnasium_Kooperation_Skilehrerverband_2022.jpg\",\"datePublished\":\"2022-11-03T09:32:54+00:00\",\"dateModified\":\"2022-11-04T08:21:06+00:00\",\"author\":{\"@id\":\"https:\/\/stiftadmont.at\/#\/schema\/person\/30535548b241d5f33a2e8b839db11869\"},\"description\":\"Lesen Sie aktuelle Informationen zum Thema Stiftsgymnasium Admont startet Kooperation und vieles mehr aus dem Konvent und der Pfarre Admont.\",\"breadcrumb\":{\"@id\":\"https:\/\/stiftadmont.at\/blog\/stiftsgymnasium-admont-startet-kooperation\/#breadcrumb\"},\"inLanguage\":\"pl-PL\",\"potentialAction\":[{\"@type\":\"ReadAction\",\"target\":[\"https:\/\/stiftadmont.at\/blog\/stiftsgymnasium-admont-startet-kooperation\/\"]}]},{\"@type\":\"ImageObject\",\"inLanguage\":\"pl-PL\",\"@id\":\"https:\/\/stiftadmont.at\/blog\/stiftsgymnasium-admont-startet-kooperation\/#primaryimage\",\"url\":\"https:\/\/stiftadmont.at\/wp-content\/uploads\/Stiftsgymnasium_Kooperation_Skilehrerverband_2022.jpg\",\"contentUrl\":\"https:\/\/stiftadmont.at\/wp-content\/uploads\/Stiftsgymnasium_Kooperation_Skilehrerverband_2022.jpg\",\"width\":1104,\"height\":828,\"caption\":\"Stiftsgymnasium Kooperation Skilehrerverband 2022\"},{\"@type\":\"BreadcrumbList\",\"@id\":\"https:\/\/stiftadmont.at\/blog\/stiftsgymnasium-admont-startet-kooperation\/#breadcrumb\",\"itemListElement\":[{\"@type\":\"ListItem\",\"position\":1,\"name\":\"Start\",\"item\":\"https:\/\/stiftadmont.at\/\"},{\"@type\":\"ListItem\",\"position\":2,\"name\":\"Stiftsgymnasium Admont startet Kooperation\"}]},{\"@type\":\"WebSite\",\"@id\":\"https:\/\/stiftadmont.at\/#website\",\"url\":\"https:\/\/stiftadmont.at\/\",\"name\":\"Stift Admont\",\"description\":\"Benediktinerkloster und Sehensw\u00fcrdigkeit im Ges\u00e4use\",\"potentialAction\":[{\"@type\":\"SearchAction\",\"target\":{\"@type\":\"EntryPoint\",\"urlTemplate\":\"https:\/\/stiftadmont.at\/?s={search_term_string}\"},\"query-input\":{\"@type\":\"PropertyValueSpecification\",\"valueRequired\":true,\"valueName\":\"search_term_string\"}}],\"inLanguage\":\"pl-PL\"},{\"@type\":\"Person\",\"@id\":\"https:\/\/stiftadmont.at\/#\/schema\/person\/30535548b241d5f33a2e8b839db11869\",\"name\":\"Mario Brandm\u00fcller\"}]}<\/script>\n<!-- \/ Yoast SEO Premium plugin. -->","yoast_head_json":{"title":"Stiftsgymnasium Admont rozpoczyna wsp\u00f3\u0142prac\u0119 - Stift Admont","description":"Przeczytaj najnowsze informacje na temat Admont Abbey Grammar School rozpoczynaj\u0105cej wsp\u00f3\u0142prac\u0119 i wiele wi\u0119cej od klasztoru i parafii Admont.","robots":{"index":"index","follow":"follow","max-snippet":"max-snippet:-1","max-image-preview":"max-image-preview:large","max-video-preview":"max-video-preview:-1"},"canonical":"https:\/\/stiftadmont.at\/pl\/blog\/gimnazjum-admont-rozpoczyna-wspolprace\/","og_locale":"pl_PL","og_type":"article","og_title":"Stiftsgymnasium Admont startet Kooperation","og_description":"Lesen Sie aktuelle Informationen zum Thema Stiftsgymnasium Admont startet Kooperation und vieles mehr aus dem Konvent und der Pfarre Admont.","og_url":"https:\/\/stiftadmont.at\/pl\/blog\/gimnazjum-admont-rozpoczyna-wspolprace\/","og_site_name":"Stift Admont","article_published_time":"2022-11-03T09:32:54+00:00","article_modified_time":"2022-11-04T08:21:06+00:00","og_image":[{"width":1104,"height":828,"url":"https:\/\/stiftadmont.at\/wp-content\/uploads\/Stiftsgymnasium_Kooperation_Skilehrerverband_2022.jpg","type":"image\/jpeg"}],"author":"Mario Brandm\u00fcller","twitter_card":"summary_large_image","twitter_misc":{"Napisane przez":"Mario Brandm\u00fcller"},"schema":{"@context":"https:\/\/schema.org","@graph":[{"@type":"Article","@id":"https:\/\/stiftadmont.at\/blog\/stiftsgymnasium-admont-startet-kooperation\/#article","isPartOf":{"@id":"https:\/\/stiftadmont.at\/blog\/stiftsgymnasium-admont-startet-kooperation\/"},"author":{"name":"Mario Brandm\u00fcller","@id":"https:\/\/stiftadmont.at\/#\/schema\/person\/30535548b241d5f33a2e8b839db11869"},"headline":"Stiftsgymnasium Admont startet Kooperation","datePublished":"2022-11-03T09:32:54+00:00","dateModified":"2022-11-04T08:21:06+00:00","mainEntityOfPage":{"@id":"https:\/\/stiftadmont.at\/blog\/stiftsgymnasium-admont-startet-kooperation\/"},"wordCount":4,"image":{"@id":"https:\/\/stiftadmont.at\/blog\/stiftsgymnasium-admont-startet-kooperation\/#primaryimage"},"thumbnailUrl":"https:\/\/stiftadmont.at\/wp-content\/uploads\/Stiftsgymnasium_Kooperation_Skilehrerverband_2022.jpg","articleSection":["Einrichtungen aktuell"],"inLanguage":"pl-PL"},{"@type":"WebPage","@id":"https:\/\/stiftadmont.at\/blog\/stiftsgymnasium-admont-startet-kooperation\/","url":"https:\/\/stiftadmont.at\/blog\/stiftsgymnasium-admont-startet-kooperation\/","name":"Stiftsgymnasium Admont rozpoczyna wsp\u00f3\u0142prac\u0119 - Stift Admont","isPartOf":{"@id":"https:\/\/stiftadmont.at\/#website"},"primaryImageOfPage":{"@id":"https:\/\/stiftadmont.at\/blog\/stiftsgymnasium-admont-startet-kooperation\/#primaryimage"},"image":{"@id":"https:\/\/stiftadmont.at\/blog\/stiftsgymnasium-admont-startet-kooperation\/#primaryimage"},"thumbnailUrl":"https:\/\/stiftadmont.at\/wp-content\/uploads\/Stiftsgymnasium_Kooperation_Skilehrerverband_2022.jpg","datePublished":"2022-11-03T09:32:54+00:00","dateModified":"2022-11-04T08:21:06+00:00","author":{"@id":"https:\/\/stiftadmont.at\/#\/schema\/person\/30535548b241d5f33a2e8b839db11869"},"description":"Przeczytaj najnowsze informacje na temat Admont Abbey Grammar School rozpoczynaj\u0105cej wsp\u00f3\u0142prac\u0119 i wiele wi\u0119cej od klasztoru i parafii Admont.","breadcrumb":{"@id":"https:\/\/stiftadmont.at\/blog\/stiftsgymnasium-admont-startet-kooperation\/#breadcrumb"},"inLanguage":"pl-PL","potentialAction":[{"@type":"ReadAction","target":["https:\/\/stiftadmont.at\/blog\/stiftsgymnasium-admont-startet-kooperation\/"]}]},{"@type":"ImageObject","inLanguage":"pl-PL","@id":"https:\/\/stiftadmont.at\/blog\/stiftsgymnasium-admont-startet-kooperation\/#primaryimage","url":"https:\/\/stiftadmont.at\/wp-content\/uploads\/Stiftsgymnasium_Kooperation_Skilehrerverband_2022.jpg","contentUrl":"https:\/\/stiftadmont.at\/wp-content\/uploads\/Stiftsgymnasium_Kooperation_Skilehrerverband_2022.jpg","width":1104,"height":828,"caption":"Stiftsgymnasium Kooperation Skilehrerverband 2022"},{"@type":"BreadcrumbList","@id":"https:\/\/stiftadmont.at\/blog\/stiftsgymnasium-admont-startet-kooperation\/#breadcrumb","itemListElement":[{"@type":"ListItem","position":1,"name":"Start","item":"https:\/\/stiftadmont.at\/"},{"@type":"ListItem","position":2,"name":"Stiftsgymnasium Admont startet Kooperation"}]},{"@type":"WebSite","@id":"https:\/\/stiftadmont.at\/#website","url":"https:\/\/stiftadmont.at\/","name":"Opactwo Admont","description":"Benedykty\u0144ski klasztor i atrakcja turystyczna w Ges\u00e4use","potentialAction":[{"@type":"SearchAction","target":{"@type":"EntryPoint","urlTemplate":"https:\/\/stiftadmont.at\/?s={search_term_string}"},"query-input":{"@type":"PropertyValueSpecification","valueRequired":true,"valueName":"search_term_string"}}],"inLanguage":"pl-PL"},{"@type":"Person","@id":"https:\/\/stiftadmont.at\/#\/schema\/person\/30535548b241d5f33a2e8b839db11869","name":"Mario Brandm\u00fcller"}]}},"_links":{"self":[{"href":"https:\/\/stiftadmont.at\/pl\/wp-json\/wp\/v2\/posts\/15927","targetHints":{"allow":["GET"]}}],"collection":[{"href":"https:\/\/stiftadmont.at\/pl\/wp-json\/wp\/v2\/posts"}],"about":[{"href":"https:\/\/stiftadmont.at\/pl\/wp-json\/wp\/v2\/types\/post"}],"author":[{"embeddable":true,"href":"https:\/\/stiftadmont.at\/pl\/wp-json\/wp\/v2\/users\/7"}],"replies":[{"embeddable":true,"href":"https:\/\/stiftadmont.at\/pl\/wp-json\/wp\/v2\/comments?post=15927"}],"version-history":[{"count":7,"href":"https:\/\/stiftadmont.at\/pl\/wp-json\/wp\/v2\/posts\/15927\/revisions"}],"predecessor-version":[{"id":15978,"href":"https:\/\/stiftadmont.at\/pl\/wp-json\/wp\/v2\/posts\/15927\/revisions\/15978"}],"wp:featuredmedia":[{"embeddable":true,"href":"https:\/\/stiftadmont.at\/pl\/wp-json\/wp\/v2\/media\/15928"}],"wp:attachment":[{"href":"https:\/\/stiftadmont.at\/pl\/wp-json\/wp\/v2\/media?parent=15927"}],"wp:term":[{"taxonomy":"category","embeddable":true,"href":"https:\/\/stiftadmont.at\/pl\/wp-json\/wp\/v2\/categories?post=15927"}],"curies":[{"name":"wp","href":"https:\/\/api.w.org\/{rel}","templated":true}]}}