{"id":21761,"date":"2023-10-03T12:07:30","date_gmt":"2023-10-03T10:07:30","guid":{"rendered":"https:\/\/stiftadmont.at\/?p=21761"},"modified":"2023-10-11T19:09:52","modified_gmt":"2023-10-11T17:09:52","slug":"probne-zawieszenie-chusty-postnej-2024","status":"publish","type":"post","link":"https:\/\/stiftadmont.at\/pl\/blog\/probehaengung-des-fastentuches-2024\/","title":{"rendered":"Pr\u00f3bne zawieszenie tkaniny wielkopostnej 2024"},"content":{"rendered":"<section id='lightpress__section--block_e4cd700f2edcf1445812e5203b76b581' class='lightpress__section--default-section-space lightpress__section lightpress__section--content'><div class=\"content__inner\"\n         x-init=\"initContentBlockAnim($el)\">\n        \n    <div class=\"content__grid content__grid\">\n                                            <div class=\"content__box content__box--one-hundred\"\n                 style=\"\">\n                                \n                \n                                            <div class=\"prose\"><h1 class=\"line line--gold\">Pr\u00f3bne zawieszenie tkaniny wielkopostnej na 2024 r.<\/h1>\n<p class=\"paragraph-m\"><strong>Wtorek, 03 pa\u017adziernika 2023 r.<\/strong><\/p>\n<p class=\"paragraph-m\">W ubieg\u0142ym tygodniu w ko\u015bciele opactwa Admont odby\u0142o si\u0119 pr\u00f3bne zawieszenie wielkopostnego p\u0142\u00f3tna Lisy Huber. Tkanina pokryje prawy o\u0142tarz boczny kolegiaty podczas Wielkiego Postu w przysz\u0142ym roku. Urz\u0105dzenie do zawieszania zosta\u0142o przygotowane i przetestowane z precyzj\u0105 i umiej\u0119tno\u015bciami. Tkanina wielkopostna Lisy Huber to jeszcze jeden pow\u00f3d, aby odwiedzi\u0107 opactwo Admont i ko\u015bci\u00f3\u0142 opactwa w przysz\u0142ym roku z okazji 950. rocznicy opactwa.<\/p>\n<\/div>\n                    \n                            <\/div>\n        \n            <\/div>\n<\/div>\n\n<\/section>","protected":false},"excerpt":{"rendered":"<p>W zesz\u0142ym tygodniu w ko\u015bciele Admont Abbey odby\u0142o si\u0119 pr\u00f3bne zawieszenie wielkopostnego p\u0142\u00f3tna Lisy Huber.<\/p>","protected":false},"author":20,"featured_media":21767,"comment_status":"closed","ping_status":"closed","sticky":false,"template":"","format":"standard","meta":{"_acf_changed":false,"footnotes":""},"categories":[23],"class_list":["post-21761","post","type-post","status-publish","format-standard","has-post-thumbnail","hentry","category-einrichtungen-aktuell"],"acf":[],"yoast_head":"<!-- This site is optimized with the Yoast SEO Premium plugin v26.0 (Yoast SEO v26.8) - https:\/\/yoast.com\/product\/yoast-seo-premium-wordpress\/ -->\n<title>Probeh\u00e4ngung des Fastentuches 2024 - Stift Admont<\/title>\n<meta name=\"description\" content=\"Lesen Sie aktuelle Informationen zum Thema Probeh\u00e4ngung des Fastentuches 2024 und vieles mehr aus dem Konvent und der Pfarre Admont.\" \/>\n<meta name=\"robots\" content=\"index, follow, max-snippet:-1, max-image-preview:large, max-video-preview:-1\" \/>\n<link rel=\"canonical\" href=\"https:\/\/stiftadmont.at\/pl\/blog\/probne-zawieszenie-chusty-postnej-2024\/\" \/>\n<meta property=\"og:locale\" content=\"pl_PL\" \/>\n<meta property=\"og:type\" content=\"article\" \/>\n<meta property=\"og:title\" content=\"Probeh\u00e4ngung des Fastentuches 2024\" \/>\n<meta property=\"og:description\" content=\"Lesen Sie aktuelle Informationen zum Thema Probeh\u00e4ngung des Fastentuches 2024 und vieles mehr aus dem Konvent und der Pfarre Admont.\" \/>\n<meta property=\"og:url\" content=\"https:\/\/stiftadmont.at\/pl\/blog\/probne-zawieszenie-chusty-postnej-2024\/\" \/>\n<meta property=\"og:site_name\" content=\"Stift Admont\" \/>\n<meta property=\"article:published_time\" content=\"2023-10-03T10:07:30+00:00\" \/>\n<meta property=\"article:modified_time\" content=\"2023-10-11T17:09:52+00:00\" \/>\n<meta property=\"og:image\" content=\"https:\/\/stiftadmont.at\/wp-content\/uploads\/Huber_Lisa_Fastentuch_Probehaengung_Michael_Richter-Grall-683x1024.jpg\" \/>\n\t<meta property=\"og:image:width\" content=\"683\" \/>\n\t<meta property=\"og:image:height\" content=\"1024\" \/>\n\t<meta property=\"og:image:type\" content=\"image\/jpeg\" \/>\n<meta name=\"author\" content=\"Sarah Stadlauer\" \/>\n<meta name=\"twitter:card\" content=\"summary_large_image\" \/>\n<meta name=\"twitter:label1\" content=\"Napisane przez\" \/>\n\t<meta name=\"twitter:data1\" content=\"Sarah Stadlauer\" \/>\n<script type=\"application\/ld+json\" class=\"yoast-schema-graph\">{\"@context\":\"https:\/\/schema.org\",\"@graph\":[{\"@type\":\"Article\",\"@id\":\"https:\/\/stiftadmont.at\/blog\/probehaengung-des-fastentuches-2024\/#article\",\"isPartOf\":{\"@id\":\"https:\/\/stiftadmont.at\/blog\/probehaengung-des-fastentuches-2024\/\"},\"author\":{\"name\":\"Sarah Stadlauer\",\"@id\":\"https:\/\/stiftadmont.at\/#\/schema\/person\/b3a90b1a2f72566cf3c755db08bd829d\"},\"headline\":\"Probeh\u00e4ngung des Fastentuches 2024\",\"datePublished\":\"2023-10-03T10:07:30+00:00\",\"dateModified\":\"2023-10-11T17:09:52+00:00\",\"mainEntityOfPage\":{\"@id\":\"https:\/\/stiftadmont.at\/blog\/probehaengung-des-fastentuches-2024\/\"},\"wordCount\":4,\"image\":{\"@id\":\"https:\/\/stiftadmont.at\/blog\/probehaengung-des-fastentuches-2024\/#primaryimage\"},\"thumbnailUrl\":\"https:\/\/stiftadmont.at\/wp-content\/uploads\/Huber_Lisa_Fastentuch_Probehaengung_Michael_Richter-Grall.jpg\",\"articleSection\":[\"Einrichtungen aktuell\"],\"inLanguage\":\"pl-PL\"},{\"@type\":\"WebPage\",\"@id\":\"https:\/\/stiftadmont.at\/blog\/probehaengung-des-fastentuches-2024\/\",\"url\":\"https:\/\/stiftadmont.at\/blog\/probehaengung-des-fastentuches-2024\/\",\"name\":\"Probeh\u00e4ngung des Fastentuches 2024 - Stift Admont\",\"isPartOf\":{\"@id\":\"https:\/\/stiftadmont.at\/#website\"},\"primaryImageOfPage\":{\"@id\":\"https:\/\/stiftadmont.at\/blog\/probehaengung-des-fastentuches-2024\/#primaryimage\"},\"image\":{\"@id\":\"https:\/\/stiftadmont.at\/blog\/probehaengung-des-fastentuches-2024\/#primaryimage\"},\"thumbnailUrl\":\"https:\/\/stiftadmont.at\/wp-content\/uploads\/Huber_Lisa_Fastentuch_Probehaengung_Michael_Richter-Grall.jpg\",\"datePublished\":\"2023-10-03T10:07:30+00:00\",\"dateModified\":\"2023-10-11T17:09:52+00:00\",\"author\":{\"@id\":\"https:\/\/stiftadmont.at\/#\/schema\/person\/b3a90b1a2f72566cf3c755db08bd829d\"},\"description\":\"Lesen Sie aktuelle Informationen zum Thema Probeh\u00e4ngung des Fastentuches 2024 und vieles mehr aus dem Konvent und der Pfarre Admont.\",\"breadcrumb\":{\"@id\":\"https:\/\/stiftadmont.at\/blog\/probehaengung-des-fastentuches-2024\/#breadcrumb\"},\"inLanguage\":\"pl-PL\",\"potentialAction\":[{\"@type\":\"ReadAction\",\"target\":[\"https:\/\/stiftadmont.at\/blog\/probehaengung-des-fastentuches-2024\/\"]}]},{\"@type\":\"ImageObject\",\"inLanguage\":\"pl-PL\",\"@id\":\"https:\/\/stiftadmont.at\/blog\/probehaengung-des-fastentuches-2024\/#primaryimage\",\"url\":\"https:\/\/stiftadmont.at\/wp-content\/uploads\/Huber_Lisa_Fastentuch_Probehaengung_Michael_Richter-Grall.jpg\",\"contentUrl\":\"https:\/\/stiftadmont.at\/wp-content\/uploads\/Huber_Lisa_Fastentuch_Probehaengung_Michael_Richter-Grall.jpg\",\"width\":1667,\"height\":2500,\"caption\":\"Huber Lisa Fastentuch Probeh\u00e4ngung Michael Richter Grall\"},{\"@type\":\"BreadcrumbList\",\"@id\":\"https:\/\/stiftadmont.at\/blog\/probehaengung-des-fastentuches-2024\/#breadcrumb\",\"itemListElement\":[{\"@type\":\"ListItem\",\"position\":1,\"name\":\"Start\",\"item\":\"https:\/\/stiftadmont.at\/\"},{\"@type\":\"ListItem\",\"position\":2,\"name\":\"Probeh\u00e4ngung des Fastentuches 2024\"}]},{\"@type\":\"WebSite\",\"@id\":\"https:\/\/stiftadmont.at\/#website\",\"url\":\"https:\/\/stiftadmont.at\/\",\"name\":\"Stift Admont\",\"description\":\"Benediktinerkloster und Sehensw\u00fcrdigkeit im Ges\u00e4use\",\"potentialAction\":[{\"@type\":\"SearchAction\",\"target\":{\"@type\":\"EntryPoint\",\"urlTemplate\":\"https:\/\/stiftadmont.at\/?s={search_term_string}\"},\"query-input\":{\"@type\":\"PropertyValueSpecification\",\"valueRequired\":true,\"valueName\":\"search_term_string\"}}],\"inLanguage\":\"pl-PL\"},{\"@type\":\"Person\",\"@id\":\"https:\/\/stiftadmont.at\/#\/schema\/person\/b3a90b1a2f72566cf3c755db08bd829d\",\"name\":\"Sarah Stadlauer\"}]}<\/script>\n<!-- \/ Yoast SEO Premium plugin. -->","yoast_head_json":{"title":"Pr\u00f3bne zawieszenie tkaniny wielkopostnej 2024 - Opactwo Admont","description":"Zapoznaj si\u0119 z najnowszymi informacjami na temat pr\u00f3bnego zawieszenia tkaniny wielkopostnej 2024 i wieloma innymi informacjami z klasztoru i parafii Admont.","robots":{"index":"index","follow":"follow","max-snippet":"max-snippet:-1","max-image-preview":"max-image-preview:large","max-video-preview":"max-video-preview:-1"},"canonical":"https:\/\/stiftadmont.at\/pl\/blog\/probne-zawieszenie-chusty-postnej-2024\/","og_locale":"pl_PL","og_type":"article","og_title":"Probeh\u00e4ngung des Fastentuches 2024","og_description":"Lesen Sie aktuelle Informationen zum Thema Probeh\u00e4ngung des Fastentuches 2024 und vieles mehr aus dem Konvent und der Pfarre Admont.","og_url":"https:\/\/stiftadmont.at\/pl\/blog\/probne-zawieszenie-chusty-postnej-2024\/","og_site_name":"Stift Admont","article_published_time":"2023-10-03T10:07:30+00:00","article_modified_time":"2023-10-11T17:09:52+00:00","og_image":[{"width":683,"height":1024,"url":"https:\/\/stiftadmont.at\/wp-content\/uploads\/Huber_Lisa_Fastentuch_Probehaengung_Michael_Richter-Grall-683x1024.jpg","type":"image\/jpeg"}],"author":"Sarah Stadlauer","twitter_card":"summary_large_image","twitter_misc":{"Napisane przez":"Sarah Stadlauer"},"schema":{"@context":"https:\/\/schema.org","@graph":[{"@type":"Article","@id":"https:\/\/stiftadmont.at\/blog\/probehaengung-des-fastentuches-2024\/#article","isPartOf":{"@id":"https:\/\/stiftadmont.at\/blog\/probehaengung-des-fastentuches-2024\/"},"author":{"name":"Sarah Stadlauer","@id":"https:\/\/stiftadmont.at\/#\/schema\/person\/b3a90b1a2f72566cf3c755db08bd829d"},"headline":"Probeh\u00e4ngung des Fastentuches 2024","datePublished":"2023-10-03T10:07:30+00:00","dateModified":"2023-10-11T17:09:52+00:00","mainEntityOfPage":{"@id":"https:\/\/stiftadmont.at\/blog\/probehaengung-des-fastentuches-2024\/"},"wordCount":4,"image":{"@id":"https:\/\/stiftadmont.at\/blog\/probehaengung-des-fastentuches-2024\/#primaryimage"},"thumbnailUrl":"https:\/\/stiftadmont.at\/wp-content\/uploads\/Huber_Lisa_Fastentuch_Probehaengung_Michael_Richter-Grall.jpg","articleSection":["Einrichtungen aktuell"],"inLanguage":"pl-PL"},{"@type":"WebPage","@id":"https:\/\/stiftadmont.at\/blog\/probehaengung-des-fastentuches-2024\/","url":"https:\/\/stiftadmont.at\/blog\/probehaengung-des-fastentuches-2024\/","name":"Pr\u00f3bne zawieszenie tkaniny wielkopostnej 2024 - Opactwo Admont","isPartOf":{"@id":"https:\/\/stiftadmont.at\/#website"},"primaryImageOfPage":{"@id":"https:\/\/stiftadmont.at\/blog\/probehaengung-des-fastentuches-2024\/#primaryimage"},"image":{"@id":"https:\/\/stiftadmont.at\/blog\/probehaengung-des-fastentuches-2024\/#primaryimage"},"thumbnailUrl":"https:\/\/stiftadmont.at\/wp-content\/uploads\/Huber_Lisa_Fastentuch_Probehaengung_Michael_Richter-Grall.jpg","datePublished":"2023-10-03T10:07:30+00:00","dateModified":"2023-10-11T17:09:52+00:00","author":{"@id":"https:\/\/stiftadmont.at\/#\/schema\/person\/b3a90b1a2f72566cf3c755db08bd829d"},"description":"Zapoznaj si\u0119 z najnowszymi informacjami na temat pr\u00f3bnego zawieszenia tkaniny wielkopostnej 2024 i wieloma innymi informacjami z klasztoru i parafii Admont.","breadcrumb":{"@id":"https:\/\/stiftadmont.at\/blog\/probehaengung-des-fastentuches-2024\/#breadcrumb"},"inLanguage":"pl-PL","potentialAction":[{"@type":"ReadAction","target":["https:\/\/stiftadmont.at\/blog\/probehaengung-des-fastentuches-2024\/"]}]},{"@type":"ImageObject","inLanguage":"pl-PL","@id":"https:\/\/stiftadmont.at\/blog\/probehaengung-des-fastentuches-2024\/#primaryimage","url":"https:\/\/stiftadmont.at\/wp-content\/uploads\/Huber_Lisa_Fastentuch_Probehaengung_Michael_Richter-Grall.jpg","contentUrl":"https:\/\/stiftadmont.at\/wp-content\/uploads\/Huber_Lisa_Fastentuch_Probehaengung_Michael_Richter-Grall.jpg","width":1667,"height":2500,"caption":"Huber Lisa Fastentuch Probeh\u00e4ngung Michael Richter Grall"},{"@type":"BreadcrumbList","@id":"https:\/\/stiftadmont.at\/blog\/probehaengung-des-fastentuches-2024\/#breadcrumb","itemListElement":[{"@type":"ListItem","position":1,"name":"Start","item":"https:\/\/stiftadmont.at\/"},{"@type":"ListItem","position":2,"name":"Probeh\u00e4ngung des Fastentuches 2024"}]},{"@type":"WebSite","@id":"https:\/\/stiftadmont.at\/#website","url":"https:\/\/stiftadmont.at\/","name":"Opactwo Admont","description":"Benedykty\u0144ski klasztor i atrakcja turystyczna w Ges\u00e4use","potentialAction":[{"@type":"SearchAction","target":{"@type":"EntryPoint","urlTemplate":"https:\/\/stiftadmont.at\/?s={search_term_string}"},"query-input":{"@type":"PropertyValueSpecification","valueRequired":true,"valueName":"search_term_string"}}],"inLanguage":"pl-PL"},{"@type":"Person","@id":"https:\/\/stiftadmont.at\/#\/schema\/person\/b3a90b1a2f72566cf3c755db08bd829d","name":"Sarah Stadlauer"}]}},"_links":{"self":[{"href":"https:\/\/stiftadmont.at\/pl\/wp-json\/wp\/v2\/posts\/21761","targetHints":{"allow":["GET"]}}],"collection":[{"href":"https:\/\/stiftadmont.at\/pl\/wp-json\/wp\/v2\/posts"}],"about":[{"href":"https:\/\/stiftadmont.at\/pl\/wp-json\/wp\/v2\/types\/post"}],"author":[{"embeddable":true,"href":"https:\/\/stiftadmont.at\/pl\/wp-json\/wp\/v2\/users\/20"}],"replies":[{"embeddable":true,"href":"https:\/\/stiftadmont.at\/pl\/wp-json\/wp\/v2\/comments?post=21761"}],"version-history":[{"count":15,"href":"https:\/\/stiftadmont.at\/pl\/wp-json\/wp\/v2\/posts\/21761\/revisions"}],"predecessor-version":[{"id":22079,"href":"https:\/\/stiftadmont.at\/pl\/wp-json\/wp\/v2\/posts\/21761\/revisions\/22079"}],"wp:featuredmedia":[{"embeddable":true,"href":"https:\/\/stiftadmont.at\/pl\/wp-json\/wp\/v2\/media\/21767"}],"wp:attachment":[{"href":"https:\/\/stiftadmont.at\/pl\/wp-json\/wp\/v2\/media?parent=21761"}],"wp:term":[{"taxonomy":"category","embeddable":true,"href":"https:\/\/stiftadmont.at\/pl\/wp-json\/wp\/v2\/categories?post=21761"}],"curies":[{"name":"wp","href":"https:\/\/api.w.org\/{rel}","templated":true}]}}