{"id":23374,"date":"2023-11-20T11:08:46","date_gmt":"2023-11-20T09:08:46","guid":{"rendered":"https:\/\/stiftadmont.at\/?p=23374"},"modified":"2024-02-27T20:37:42","modified_gmt":"2024-02-27T18:37:42","slug":"zdrowie-jest-mozliwe-tylko-razem","status":"publish","type":"post","link":"https:\/\/stiftadmont.at\/pl\/blog\/gesundheit-geht-nur-gemeinsam\/","title":{"rendered":"Zdrowie jest mo\u017cliwe tylko razem\u00a0"},"content":{"rendered":"<section id='lightpress__section--block_3de3c88ead0741d3ada710adf8211f42' class='lightpress__section--default-section-space lightpress__section lightpress__section--content'><div class=\"content__inner\"\n         x-init=\"initContentBlockAnim($el)\">\n        \n    <div class=\"content__grid content__grid\">\n                                            <div class=\"content__box content__box--one-hundred\"\n                 style=\"\">\n                                \n                \n                                            <div class=\"prose\"><h1 class=\"line line--gold\">Zdrowie jest mo\u017cliwe tylko razem<\/h1>\n<p class=\"paragraph-m\"><strong>Poniedzia\u0142ek, 20 listopada 2023 r.<\/strong><\/p>\n<p class=\"paragraph-m\">Jednostka podstawowej opieki zdrowotnej (PVE) w Admont otworzy\u0142a swoje podwoje na pocz\u0105tku pa\u017adziernika. Jest on prowadzony przez Diakoniewerk z wyra\u017anym celem bycia pierwszym punktem kontaktowym dla opieki zdrowotnej w regionie. Lekarze, piel\u0119gniarki, terapeuci i inni specjali\u015bci opieki zdrowotnej pracuj\u0105 rami\u0119 w rami\u0119 i na r\u00f3wnych prawach, aby zaoferowa\u0107 pacjentom kompleksow\u0105 opiek\u0119 na najwy\u017cszym poziomie. \"Chcemy pokaza\u0107, jak zaanga\u017cowana spo\u0142eczno\u015b\u0107 pracownik\u00f3w s\u0142u\u017cby zdrowia mo\u017ce pom\u00f3c w podniesieniu dobrostanu pacjent\u00f3w na nowy poziom\" - m\u00f3wi Hannes Stickler, MBA - dyrektor zarz\u0105dzaj\u0105cy PVE Diakonissen GmbH. W przysz\u0142o\u015bci podstawowa opieka medyczna b\u0119dzie \u015bwiadczona przez dwunastu specjalist\u00f3w przez oko\u0142o 40 godzin od poniedzia\u0142ku do pi\u0105tku.<\/p>\n<p><strong>Chcieliby\u015bmy dzi\u015b przedstawi\u0107 trzech ekspert\u00f3w:<\/strong><\/p>\n<\/div>\n                    \n                            <\/div>\n        \n            <\/div>\n<\/div>\n\n<\/section>\n\n<section id='lightpress__section--block_41a7a645c0042fbfec5163c77dfda482' class='lightpress__section--default-section-space lightpress__section lightpress__section--content'><div class=\"content__inner\"\n         x-init=\"initContentBlockAnim($el)\">\n        \n    <div class=\"content__grid content__grid--fifty-fifty\">\n                                            <div class=\"content__box content__box\"\n                 style=\"\">\n                                \n                \n                                            <div class=\"prose\"><p class=\"paragraph-m\"><strong>Dr J\u00f6rg Schweiger, lekarz og\u00f3lny<\/strong><br \/>J\u00f6rg Schweiger mieszka w Admont i pracuje w zespole lekarzy PVE jeden dzie\u0144 w tygodniu, wnosz\u0105c do nowej formy organizacyjnej swoje do\u015bwiadczenie jako d\u0142ugoletni praktykuj\u0105cy lekarz w regionie. Jestem jeszcze bardziej zmotywowany po pierwszym spotkaniu zespo\u0142u i ciesz\u0119 si\u0119, \u017ce mog\u0119 pracowa\u0107 w PV Admont, co jest wspania\u0142ym do\u015bwiadczeniem na koniec mojej kariery medycznej.<\/p>\n<\/div>\n                    \n                            <\/div>\n        \n                                                    <div class=\"content__box content__box--2\"\n                     >\n                                        \n                    \n                                                <div class=\"content__media stickyTo\" x-init=\"imageSticky($el)\">\n\n                                                                                    <picture\n                                    class=\"content__image sticky image-overlay\">\n                                <source srcset=\"https:\/\/stiftadmont.at\/wp-content\/uploads\/Joerg_Schweiger-683x1024.webp\" type=\"image\/webp\">\n                                <source srcset=\"https:\/\/stiftadmont.at\/wp-content\/uploads\/Joerg_Schweiger-683x1024.jpg\" type=\"image\/jpeg\">\n                                <img decoding=\"async\" class=\"sticky\" loading=\"lazy\" src=\"https:\/\/stiftadmont.at\/wp-content\/uploads\/Joerg_Schweiger-683x1024.jpg\"\n                                     alt=\"J\u00f6rg Schweiger\">\n\n                                                                                                                            <\/picture>\n\n                        <\/div>\n\n                                    <\/div>\n            \n            <\/div>\n<\/div>\n\n<\/section>\n\n<section id='lightpress__section--block_07c7eeaeed5efb1f5e6761d873b1f019' class='lightpress__section--default-section-space lightpress__section lightpress__section--content'><div class=\"content__inner\"\n         x-init=\"initContentBlockAnim($el)\">\n        \n    <div class=\"content__grid content__grid--fifty-fifty\">\n                                            <div class=\"content__box content__box\"\n                 style=\"\">\n                                \n                \n                                        <div class=\"content__media stickyTo\" x-init=\"imageSticky($el)\">\n\n                                                                                                <picture\n                                class=\"content__image sticky image-overlay\">\n                            <source srcset=\"https:\/\/stiftadmont.at\/wp-content\/uploads\/Christa-Berger-683x1024.jpg\"\n                                    type=\"image\/webp\">\n                            <source srcset=\"https:\/\/stiftadmont.at\/wp-content\/uploads\/Christa-Berger-683x1024.jpg\"\n                                    type=\"image\/jpeg\">\n                            <img decoding=\"async\" loading=\"lazy\"\n                                 src=\"https:\/\/stiftadmont.at\/wp-content\/uploads\/Christa-Berger-683x1024.jpg\"\n                                 alt=\"Christa Berger\" width=\"600\" height=\"450\">\n                                                                                                            <\/picture>\n\n                    <\/div>\n\n                            <\/div>\n        \n                                                    <div class=\"content__box content__box--2\"\n                     >\n                                        \n                    \n                                                    <div class=\"prose\"><p class=\"paragraph-m\"><strong>Christa Berger, asystentka chirurgiczna<\/strong><br \/>Christa Berger pochodzi z Hall i po\u015bwi\u0119ci\u0142a swoje \u017cycie zdrowiu. Przez ponad 30 lat wyszkolona asystentka chirurgiczna i matka dw\u00f3jki doros\u0142ych dzieci, kt\u00f3re r\u00f3wnie\u017c wybra\u0142y karier\u0119 w sektorze opieki zdrowotnej, zdoby\u0142a cenne do\u015bwiadczenie i wiedz\u0119 specjalistyczn\u0105 u lekarzy og\u00f3lnych w okr\u0119gu. Pani Berger jest znana ze swojej potrzeby harmonii i talentu do wspierania silnego \u015brodowiska zespo\u0142owego. Zdaje sobie spraw\u0119, \u017ce najlepsz\u0105 opiek\u0119 mo\u017cna osi\u0105gn\u0105\u0107 tylko wtedy, gdy wszyscy pracuj\u0105 razem. Jej zdolno\u015b\u0107 do wnoszenia rado\u015bci i pozytywnej energii do pracy z innymi jest namacalna.<\/p>\n<\/div>\n                        \n                                    <\/div>\n            \n            <\/div>\n<\/div>\n\n<\/section>\n\n<section id='lightpress__section--block_cdf98555f80e8e641c169d268143e455' class='lightpress__section--default-section-space lightpress__section lightpress__section--content'><div class=\"content__inner\"\n         x-init=\"initContentBlockAnim($el)\">\n        \n    <div class=\"content__grid content__grid--fifty-fifty\">\n                                            <div class=\"content__box content__box\"\n                 style=\"\">\n                                \n                \n                                            <div class=\"prose\"><p class=\"paragraph-m\"><strong>Edisa Kablic, sprz\u0105taczka<\/strong><br \/>Edisa Kablic zapewnia, \u017ce czysto\u015b\u0107 i higiena s\u0105 zawsze gwarantowane w PVE. Bo\u015bniaczka, kt\u00f3ra mieszka w Admont od wielu lat, z wielk\u0105 pasj\u0105 podchodzi do swojej pracy. \"Naprawd\u0119 lubi\u0119 pracowa\u0107 jako sprz\u0105taczka i chc\u0119, aby pacjenci czuli si\u0119 tu komfortowo, a moi koledzy lubili tu pracowa\u0107\" - podkre\u015bla. Pani Kablic docenia w swojej pracy mo\u017cliwo\u015b\u0107 pe\u0142nego skoncentrowania si\u0119 na pracy i to, \u017ce ma czas dla swojej rodziny. Spo\u0142eczno\u015b\u0107 i sp\u00f3jno\u015b\u0107 w przychodni s\u0105 dla niej bardzo wa\u017cne i nieocenione - ka\u017cdy przyczynia si\u0119 do tego, \u017ce jest to przyjazne i ludzkie miejsce.<\/p>\n<p><\/p>\n<\/div>\n                    \n                            <\/div>\n        \n                                                    <div class=\"content__box content__box--2\"\n                     >\n                                        \n                    \n                                                <div class=\"content__media stickyTo\" x-init=\"imageSticky($el)\">\n\n                                                                                    <picture\n                                    class=\"content__image sticky image-overlay\">\n                                <source srcset=\"https:\/\/stiftadmont.at\/wp-content\/uploads\/Edisa-Kablic-683x1024.webp\" type=\"image\/webp\">\n                                <source srcset=\"https:\/\/stiftadmont.at\/wp-content\/uploads\/Edisa-Kablic-683x1024.jpg\" type=\"image\/jpeg\">\n                                <img decoding=\"async\" class=\"sticky\" loading=\"lazy\" src=\"https:\/\/stiftadmont.at\/wp-content\/uploads\/Edisa-Kablic-683x1024.jpg\"\n                                     alt=\"Edisa Kablic\">\n\n                                                                                                                            <\/picture>\n\n                        <\/div>\n\n                                    <\/div>\n            \n            <\/div>\n<\/div>\n\n<\/section>\n\n<section id='lightpress__section--block_46893f943b7221afe851b6e22f8f13f1' class='lightpress__section--default-section-space lightpress__section lightpress__section--content'><div class=\"content__inner\"\n         x-init=\"initContentBlockAnim($el)\">\n        \n    <div class=\"content__grid content__grid\">\n                                            <div class=\"content__box content__box--one-hundred\"\n                 style=\"\">\n                                \n                \n                                            <div class=\"prose\"><p class=\"paragraph-m\"><strong>Godziny otwarcia PVE<\/strong><br \/>Od poniedzia\u0142ku do czwartku od 07:30 do 16:00<br \/>Pi\u0105tek od 08:30 do 17:00<br \/>Od 13:30: tylko po wcze\u015bniejszym um\u00f3wieniu<br \/><a class=\"phone\" href=\"tel:+43 (0)3613 \/ 36627\"><span class=\"icon-outer\"><span class=\"phone-icon\"><\/span><\/span>+43 (0)3613 \/ 36627<\/a><br \/><a class=\"email\" href=\"mailto:office.pveadmont@diakonissen.at\"><span class=\"icon-outer\"><span class=\"email-icon\"><\/span><\/span>office.pveadmont@diakonissen.at<\/a><\/p>\n<p>Zdj\u0119cie grupowe: od lewej: Friedrich Drobesch, Christa Berger, Michaela Schneeweis, Edisa Kablic, Julia W\u00f6hri, Katharina Kuschetz (opu\u015bci\u0142a zesp\u00f3\u0142 na w\u0142asn\u0105 pro\u015bb\u0119), Anna Maxonus, Nina Faber, Stefanie Dechler, Arzu Akg\u00fcn, J\u00f6rg Schweiger.<\/p>\n<p>Zdj\u0119cia: \u00a9 Andreas Zechner<\/p>\n<\/div>\n                    \n                            <\/div>\n        \n            <\/div>\n<\/div>\n\n<\/section>","protected":false},"excerpt":{"rendered":"<p>PVE w Admont wyznacza nowe standardy i przedstawia ci sw\u00f3j zesp\u00f3\u0142.<\/p>","protected":false},"author":7,"featured_media":23375,"comment_status":"closed","ping_status":"closed","sticky":false,"template":"","format":"standard","meta":{"_acf_changed":false,"footnotes":""},"categories":[23,75],"class_list":["post-23374","post","type-post","status-publish","format-standard","has-post-thumbnail","hentry","category-einrichtungen-aktuell","category-gesundheitszentrum-admont"],"acf":[],"yoast_head":"<!-- This site is optimized with the Yoast SEO Premium plugin v26.0 (Yoast SEO v26.8) - https:\/\/yoast.com\/product\/yoast-seo-premium-wordpress\/ -->\n<title>Gesundheit geht nur gemeinsam\u00a0 - Stift Admont<\/title>\n<meta name=\"description\" content=\"Lesen Sie aktuelle Informationen zum Thema Gesundheit geht nur gemeinsam\u00a0 und vieles mehr aus dem Konvent und der Pfarre Admont.\" \/>\n<meta name=\"robots\" content=\"index, follow, max-snippet:-1, max-image-preview:large, max-video-preview:-1\" \/>\n<link rel=\"canonical\" href=\"https:\/\/stiftadmont.at\/pl\/blog\/zdrowie-jest-mozliwe-tylko-razem\/\" \/>\n<meta property=\"og:locale\" content=\"pl_PL\" \/>\n<meta property=\"og:type\" content=\"article\" \/>\n<meta property=\"og:title\" content=\"Gesundheit geht nur gemeinsam\u00a0\" \/>\n<meta property=\"og:description\" content=\"Lesen Sie aktuelle Informationen zum Thema Gesundheit geht nur gemeinsam\u00a0 und vieles mehr aus dem Konvent und der Pfarre Admont.\" \/>\n<meta property=\"og:url\" content=\"https:\/\/stiftadmont.at\/pl\/blog\/zdrowie-jest-mozliwe-tylko-razem\/\" \/>\n<meta property=\"og:site_name\" content=\"Stift Admont\" \/>\n<meta property=\"article:published_time\" content=\"2023-11-20T09:08:46+00:00\" \/>\n<meta property=\"article:modified_time\" content=\"2024-02-27T18:37:42+00:00\" \/>\n<meta property=\"og:image\" content=\"https:\/\/stiftadmont.at\/wp-content\/uploads\/Diakonissen\u00a9andreas_zechner_fotografie_druck-09823-scaled.jpg\" \/>\n\t<meta property=\"og:image:width\" content=\"2560\" \/>\n\t<meta property=\"og:image:height\" content=\"1707\" \/>\n\t<meta property=\"og:image:type\" content=\"image\/jpeg\" \/>\n<meta name=\"author\" content=\"Mario Brandm\u00fcller\" \/>\n<meta name=\"twitter:card\" content=\"summary_large_image\" \/>\n<meta name=\"twitter:label1\" content=\"Napisane przez\" \/>\n\t<meta name=\"twitter:data1\" content=\"Mario Brandm\u00fcller\" \/>\n<script type=\"application\/ld+json\" class=\"yoast-schema-graph\">{\"@context\":\"https:\/\/schema.org\",\"@graph\":[{\"@type\":\"Article\",\"@id\":\"https:\/\/stiftadmont.at\/blog\/gesundheit-geht-nur-gemeinsam\/#article\",\"isPartOf\":{\"@id\":\"https:\/\/stiftadmont.at\/blog\/gesundheit-geht-nur-gemeinsam\/\"},\"author\":{\"name\":\"Mario Brandm\u00fcller\",\"@id\":\"https:\/\/stiftadmont.at\/#\/schema\/person\/30535548b241d5f33a2e8b839db11869\"},\"headline\":\"Gesundheit geht nur gemeinsam\u00a0\",\"datePublished\":\"2023-11-20T09:08:46+00:00\",\"dateModified\":\"2024-02-27T18:37:42+00:00\",\"mainEntityOfPage\":{\"@id\":\"https:\/\/stiftadmont.at\/blog\/gesundheit-geht-nur-gemeinsam\/\"},\"wordCount\":4,\"image\":{\"@id\":\"https:\/\/stiftadmont.at\/blog\/gesundheit-geht-nur-gemeinsam\/#primaryimage\"},\"thumbnailUrl\":\"https:\/\/stiftadmont.at\/wp-content\/uploads\/Diakonissen\u00a9andreas_zechner_fotografie_druck-09823-scaled.jpg\",\"articleSection\":[\"Einrichtungen aktuell\",\"Gesundheitszentrum Admont\"],\"inLanguage\":\"pl-PL\"},{\"@type\":\"WebPage\",\"@id\":\"https:\/\/stiftadmont.at\/blog\/gesundheit-geht-nur-gemeinsam\/\",\"url\":\"https:\/\/stiftadmont.at\/blog\/gesundheit-geht-nur-gemeinsam\/\",\"name\":\"Gesundheit geht nur gemeinsam\u00a0 - Stift Admont\",\"isPartOf\":{\"@id\":\"https:\/\/stiftadmont.at\/#website\"},\"primaryImageOfPage\":{\"@id\":\"https:\/\/stiftadmont.at\/blog\/gesundheit-geht-nur-gemeinsam\/#primaryimage\"},\"image\":{\"@id\":\"https:\/\/stiftadmont.at\/blog\/gesundheit-geht-nur-gemeinsam\/#primaryimage\"},\"thumbnailUrl\":\"https:\/\/stiftadmont.at\/wp-content\/uploads\/Diakonissen\u00a9andreas_zechner_fotografie_druck-09823-scaled.jpg\",\"datePublished\":\"2023-11-20T09:08:46+00:00\",\"dateModified\":\"2024-02-27T18:37:42+00:00\",\"author\":{\"@id\":\"https:\/\/stiftadmont.at\/#\/schema\/person\/30535548b241d5f33a2e8b839db11869\"},\"description\":\"Lesen Sie aktuelle Informationen zum Thema Gesundheit geht nur gemeinsam\u00a0 und vieles mehr aus dem Konvent und der Pfarre Admont.\",\"breadcrumb\":{\"@id\":\"https:\/\/stiftadmont.at\/blog\/gesundheit-geht-nur-gemeinsam\/#breadcrumb\"},\"inLanguage\":\"pl-PL\",\"potentialAction\":[{\"@type\":\"ReadAction\",\"target\":[\"https:\/\/stiftadmont.at\/blog\/gesundheit-geht-nur-gemeinsam\/\"]}]},{\"@type\":\"ImageObject\",\"inLanguage\":\"pl-PL\",\"@id\":\"https:\/\/stiftadmont.at\/blog\/gesundheit-geht-nur-gemeinsam\/#primaryimage\",\"url\":\"https:\/\/stiftadmont.at\/wp-content\/uploads\/Diakonissen\u00a9andreas_zechner_fotografie_druck-09823-scaled.jpg\",\"contentUrl\":\"https:\/\/stiftadmont.at\/wp-content\/uploads\/Diakonissen\u00a9andreas_zechner_fotografie_druck-09823-scaled.jpg\",\"width\":2560,\"height\":1707,\"caption\":\"Diakonissen\u00a9andreas zechner fotografie druck 09823\"},{\"@type\":\"BreadcrumbList\",\"@id\":\"https:\/\/stiftadmont.at\/blog\/gesundheit-geht-nur-gemeinsam\/#breadcrumb\",\"itemListElement\":[{\"@type\":\"ListItem\",\"position\":1,\"name\":\"Start\",\"item\":\"https:\/\/stiftadmont.at\/\"},{\"@type\":\"ListItem\",\"position\":2,\"name\":\"Gesundheit geht nur gemeinsam\u00a0\"}]},{\"@type\":\"WebSite\",\"@id\":\"https:\/\/stiftadmont.at\/#website\",\"url\":\"https:\/\/stiftadmont.at\/\",\"name\":\"Stift Admont\",\"description\":\"Benediktinerkloster und Sehensw\u00fcrdigkeit im Ges\u00e4use\",\"potentialAction\":[{\"@type\":\"SearchAction\",\"target\":{\"@type\":\"EntryPoint\",\"urlTemplate\":\"https:\/\/stiftadmont.at\/?s={search_term_string}\"},\"query-input\":{\"@type\":\"PropertyValueSpecification\",\"valueRequired\":true,\"valueName\":\"search_term_string\"}}],\"inLanguage\":\"pl-PL\"},{\"@type\":\"Person\",\"@id\":\"https:\/\/stiftadmont.at\/#\/schema\/person\/30535548b241d5f33a2e8b839db11869\",\"name\":\"Mario Brandm\u00fcller\"}]}<\/script>\n<!-- \/ Yoast SEO Premium plugin. -->","yoast_head_json":{"title":"Zdrowie jest mo\u017cliwe tylko razem - Admont Abbey","description":"Zapoznaj si\u0119 z aktualnymi informacjami na temat zdrowia jest mo\u017cliwe tylko razem i wiele wi\u0119cej z klasztoru i parafii Admont.","robots":{"index":"index","follow":"follow","max-snippet":"max-snippet:-1","max-image-preview":"max-image-preview:large","max-video-preview":"max-video-preview:-1"},"canonical":"https:\/\/stiftadmont.at\/pl\/blog\/zdrowie-jest-mozliwe-tylko-razem\/","og_locale":"pl_PL","og_type":"article","og_title":"Gesundheit geht nur gemeinsam\u00a0","og_description":"Lesen Sie aktuelle Informationen zum Thema Gesundheit geht nur gemeinsam\u00a0 und vieles mehr aus dem Konvent und der Pfarre Admont.","og_url":"https:\/\/stiftadmont.at\/pl\/blog\/zdrowie-jest-mozliwe-tylko-razem\/","og_site_name":"Stift Admont","article_published_time":"2023-11-20T09:08:46+00:00","article_modified_time":"2024-02-27T18:37:42+00:00","og_image":[{"width":2560,"height":1707,"url":"https:\/\/stiftadmont.at\/wp-content\/uploads\/Diakonissen\u00a9andreas_zechner_fotografie_druck-09823-scaled.jpg","type":"image\/jpeg"}],"author":"Mario Brandm\u00fcller","twitter_card":"summary_large_image","twitter_misc":{"Napisane przez":"Mario Brandm\u00fcller"},"schema":{"@context":"https:\/\/schema.org","@graph":[{"@type":"Article","@id":"https:\/\/stiftadmont.at\/blog\/gesundheit-geht-nur-gemeinsam\/#article","isPartOf":{"@id":"https:\/\/stiftadmont.at\/blog\/gesundheit-geht-nur-gemeinsam\/"},"author":{"name":"Mario Brandm\u00fcller","@id":"https:\/\/stiftadmont.at\/#\/schema\/person\/30535548b241d5f33a2e8b839db11869"},"headline":"Gesundheit geht nur gemeinsam\u00a0","datePublished":"2023-11-20T09:08:46+00:00","dateModified":"2024-02-27T18:37:42+00:00","mainEntityOfPage":{"@id":"https:\/\/stiftadmont.at\/blog\/gesundheit-geht-nur-gemeinsam\/"},"wordCount":4,"image":{"@id":"https:\/\/stiftadmont.at\/blog\/gesundheit-geht-nur-gemeinsam\/#primaryimage"},"thumbnailUrl":"https:\/\/stiftadmont.at\/wp-content\/uploads\/Diakonissen\u00a9andreas_zechner_fotografie_druck-09823-scaled.jpg","articleSection":["Einrichtungen aktuell","Gesundheitszentrum Admont"],"inLanguage":"pl-PL"},{"@type":"WebPage","@id":"https:\/\/stiftadmont.at\/blog\/gesundheit-geht-nur-gemeinsam\/","url":"https:\/\/stiftadmont.at\/blog\/gesundheit-geht-nur-gemeinsam\/","name":"Zdrowie jest mo\u017cliwe tylko razem - Admont Abbey","isPartOf":{"@id":"https:\/\/stiftadmont.at\/#website"},"primaryImageOfPage":{"@id":"https:\/\/stiftadmont.at\/blog\/gesundheit-geht-nur-gemeinsam\/#primaryimage"},"image":{"@id":"https:\/\/stiftadmont.at\/blog\/gesundheit-geht-nur-gemeinsam\/#primaryimage"},"thumbnailUrl":"https:\/\/stiftadmont.at\/wp-content\/uploads\/Diakonissen\u00a9andreas_zechner_fotografie_druck-09823-scaled.jpg","datePublished":"2023-11-20T09:08:46+00:00","dateModified":"2024-02-27T18:37:42+00:00","author":{"@id":"https:\/\/stiftadmont.at\/#\/schema\/person\/30535548b241d5f33a2e8b839db11869"},"description":"Zapoznaj si\u0119 z aktualnymi informacjami na temat zdrowia jest mo\u017cliwe tylko razem i wiele wi\u0119cej z klasztoru i parafii Admont.","breadcrumb":{"@id":"https:\/\/stiftadmont.at\/blog\/gesundheit-geht-nur-gemeinsam\/#breadcrumb"},"inLanguage":"pl-PL","potentialAction":[{"@type":"ReadAction","target":["https:\/\/stiftadmont.at\/blog\/gesundheit-geht-nur-gemeinsam\/"]}]},{"@type":"ImageObject","inLanguage":"pl-PL","@id":"https:\/\/stiftadmont.at\/blog\/gesundheit-geht-nur-gemeinsam\/#primaryimage","url":"https:\/\/stiftadmont.at\/wp-content\/uploads\/Diakonissen\u00a9andreas_zechner_fotografie_druck-09823-scaled.jpg","contentUrl":"https:\/\/stiftadmont.at\/wp-content\/uploads\/Diakonissen\u00a9andreas_zechner_fotografie_druck-09823-scaled.jpg","width":2560,"height":1707,"caption":"Diakonissen\u00a9andreas zechner fotografie druck 09823"},{"@type":"BreadcrumbList","@id":"https:\/\/stiftadmont.at\/blog\/gesundheit-geht-nur-gemeinsam\/#breadcrumb","itemListElement":[{"@type":"ListItem","position":1,"name":"Start","item":"https:\/\/stiftadmont.at\/"},{"@type":"ListItem","position":2,"name":"Gesundheit geht nur gemeinsam\u00a0"}]},{"@type":"WebSite","@id":"https:\/\/stiftadmont.at\/#website","url":"https:\/\/stiftadmont.at\/","name":"Opactwo Admont","description":"Benedykty\u0144ski klasztor i atrakcja turystyczna w Ges\u00e4use","potentialAction":[{"@type":"SearchAction","target":{"@type":"EntryPoint","urlTemplate":"https:\/\/stiftadmont.at\/?s={search_term_string}"},"query-input":{"@type":"PropertyValueSpecification","valueRequired":true,"valueName":"search_term_string"}}],"inLanguage":"pl-PL"},{"@type":"Person","@id":"https:\/\/stiftadmont.at\/#\/schema\/person\/30535548b241d5f33a2e8b839db11869","name":"Mario Brandm\u00fcller"}]}},"_links":{"self":[{"href":"https:\/\/stiftadmont.at\/pl\/wp-json\/wp\/v2\/posts\/23374","targetHints":{"allow":["GET"]}}],"collection":[{"href":"https:\/\/stiftadmont.at\/pl\/wp-json\/wp\/v2\/posts"}],"about":[{"href":"https:\/\/stiftadmont.at\/pl\/wp-json\/wp\/v2\/types\/post"}],"author":[{"embeddable":true,"href":"https:\/\/stiftadmont.at\/pl\/wp-json\/wp\/v2\/users\/7"}],"replies":[{"embeddable":true,"href":"https:\/\/stiftadmont.at\/pl\/wp-json\/wp\/v2\/comments?post=23374"}],"version-history":[{"count":17,"href":"https:\/\/stiftadmont.at\/pl\/wp-json\/wp\/v2\/posts\/23374\/revisions"}],"predecessor-version":[{"id":23407,"href":"https:\/\/stiftadmont.at\/pl\/wp-json\/wp\/v2\/posts\/23374\/revisions\/23407"}],"wp:featuredmedia":[{"embeddable":true,"href":"https:\/\/stiftadmont.at\/pl\/wp-json\/wp\/v2\/media\/23375"}],"wp:attachment":[{"href":"https:\/\/stiftadmont.at\/pl\/wp-json\/wp\/v2\/media?parent=23374"}],"wp:term":[{"taxonomy":"category","embeddable":true,"href":"https:\/\/stiftadmont.at\/pl\/wp-json\/wp\/v2\/categories?post=23374"}],"curies":[{"name":"wp","href":"https:\/\/api.w.org\/{rel}","templated":true}]}}