{"id":24046,"date":"2023-12-20T09:53:39","date_gmt":"2023-12-20T07:53:39","guid":{"rendered":"https:\/\/stiftadmont.at\/?p=24046"},"modified":"2023-12-20T09:53:39","modified_gmt":"2023-12-20T07:53:39","slug":"wystawa-jubileuszowa-2024-circae-networks","status":"publish","type":"post","link":"https:\/\/stiftadmont.at\/pl\/blog\/jubilaeumsausstellung-2024-circaeische-netze\/","title":{"rendered":"Wystawa jubileuszowa 2024 - sieci Circae"},"content":{"rendered":"<section id='lightpress__section--block_468f3a80810d567210fefc6043daee58' class='align-center lightpress__section--default-section-space lightpress__section lightpress__section--headline'><div class=\"headline__container\">\n            <h2 class=\"headline text--40 text-medium line line--gold line-above line-middle\">Siatki cyrkulacyjne<\/h2>\n        <p class=\"text-center text-gold text--20 text-medium text--uppercase\">Przemy\u015blenia na temat wystawy rocznicowej 2024<\/p>\n        <div class=\"spacer--40\"><\/div>\n<\/div>\n\n<\/section>\n\n<section id='lightpress__section--block_0c563768b7ca6c09ceb80e462c7f81af' class='lightpress__section--default-section-space lightpress__section lightpress__section--content'><div class=\"content__inner\"\n         x-init=\"initContentBlockAnim($el)\">\n        \n    <div class=\"content__grid content__grid\">\n                                            <div class=\"content__box content__box--one-hundred\"\n                 style=\"\">\n                                \n                \n                                            <div class=\"prose\"><p>Chocia\u017c dorasta\u0142em na wschodzie Austrii, w pobli\u017cu Klosterneuburg, Melk i innych wa\u017cnych klasztor\u00f3w, Admont jest pierwszym klasztorem, kt\u00f3ry pami\u0119tam z dzieci\u0144stwa. Z Lunz am See, gdzie moja rodzina sp\u0119dza\u0142a lato, raz w roku podr\u00f3\u017cowali\u015bmy przez G\u00f6stling i Hieflau do Ges\u00e4use. Nawet podr\u00f3\u017c starym busem VW po w\u0105skich drogach by\u0142a ekscytuj\u0105ca. W obliczu coraz wy\u017cszych g\u00f3r i zw\u0119\u017caj\u0105cych si\u0119 w\u0105woz\u00f3w trudno by\u0142o mi sobie wyobrazi\u0107, \u017ce za nimi znajduje si\u0119 du\u017cy klasztor. Ale gdy tylko dolina si\u0119 rozszerzy\u0142a, by\u0142 tam, oprawiony i osadzony w imponuj\u0105cym krajobrazie. Opr\u00f3cz biblioteki i eksponat\u00f3w zwi\u0105zanych z histori\u0105 naturaln\u0105, moj\u0105 szczeg\u00f3ln\u0105 uwag\u0119 zwr\u00f3ci\u0142y g\u0119sto zawieszone \u017celazne dzie\u0142a sztuki na \u015bcianie starej klasztornej ku\u017ani. <\/p>\n<p>W \u015bwietle tych formacyjnych wspomnie\u0144 jest dla mnie szczeg\u00f3ln\u0105 przyjemno\u015bci\u0105 m\u00f3c towarzyszy\u0107 wystawie z okazji rocznicy powstania tego klasztoru. My, Michael Braunsteiner, ojciec przeor Maximilian Schieferm\u00fcller i zesp\u00f3\u0142 z archiwum opactwa jako kuratorzy oraz Alexander Kada jako projektant, organizujemy t\u0119 wystaw\u0119 jako wycieczk\u0119 po historii opactwa w dos\u0142ownym tego s\u0142owa znaczeniu. Jest ona zorganizowana zgodnie z tematami: wsp\u00f3lnota duchowa, kt\u00f3ra wielokrotnie musia\u0142a stawi\u0107 czo\u0142a wielkim wyzwaniom; wp\u0142yw klasztoru na region; dzia\u0142alno\u015b\u0107 naukowa; podstawy ekonomiczne i wreszcie dzia\u0142alno\u015b\u0107 kulturalna, kt\u00f3rej przyk\u0142adem s\u0105 dzie\u0142a sztuki i muzyki. <\/p>\n<p>Nasz\u0105 podr\u00f3\u017c w czasie rozpoczynamy od za\u0142o\u017cenia klasztoru i otaczaj\u0105cych go legend. Ka\u017cda epoka reinterpretowa\u0142a je na nowo. Opr\u00f3cz swobodnie wymy\u015blonych portret\u00f3w za\u0142o\u017cyciela Hemma von Gurk i arcybiskupa Gebharda z Salzburga, mo\u017cemy r\u00f3wnie\u017c zobaczy\u0107 naukowo uzasadnion\u0105 rekonstrukcj\u0119 g\u0142owy i sylwetki arcybiskupa. Spogl\u0105damy Gebhardowi w twarz, jak gdyby wsp\u00f3\u0142cze\u015bnie. <\/p>\n<p>Admont do\u015bwiadczy\u0142 wszystkich wzlot\u00f3w i upadk\u00f3w \u015brodkowoeuropejskiego klasztoru w kolejnych stuleciach, w tym niszczycielskiego po\u017caru w 1865 r., szczeg\u00f3lnie powa\u017cnego kryzysu gospodarczego w latach trzydziestych XX wieku i likwidacji klasztoru w czasach narodowego socjalizmu. Wiele z tych wydarze\u0144 zosta\u0142o przeanalizowanych bardziej szczeg\u00f3\u0142owo dopiero w ostatnich latach, a nowe wyniki bada\u0144 zosta\u0142y zaprezentowane na wystawie. <br \/>R\u00f3wnie wa\u017cna jest dla nas prezentacja naukowej ciekawo\u015bci, kt\u00f3ra charakteryzowa\u0142a wsp\u00f3lnot\u0119 klasztorn\u0105 od samego pocz\u0105tku i kt\u00f3ra przejawia si\u0119 w dzie\u0142ach z biblioteki i zbior\u00f3w historii naturalnej. Eksponaty i ksi\u0105\u017cki odzwierciedlaj\u0105 szerokie zainteresowania, ale tak\u017ce pasj\u0119 badaczy, niezale\u017cnie od tego, czy by\u0142 to ojciec Gabriel Strobl, kt\u00f3ry po\u015bwi\u0119ci\u0142 si\u0119 owadom z rz\u0119du b\u0142onkoskrzyd\u0142ych, Guido Schenzl, kt\u00f3ry zajmowa\u0142 si\u0119 geomagnetyzmem i izogonami, czy historyk Jacob Wichner, kt\u00f3ry przeczesa\u0142 obszerne archiwum, aby stworzy\u0107 czterotomow\u0105 histori\u0119 klasztoru. <\/p>\n<p>O tym, \u017ce badania naukowe, a tak\u017ce dzia\u0142alno\u015b\u0107 duchowa i duszpasterska wymagaj\u0105 podstaw ekonomicznych, informuje tak\u017ce inna cz\u0119\u015b\u0107 wystawy, po\u015bwi\u0119cona historycznym i wsp\u00f3\u0142czesnym przedsi\u0119wzi\u0119ciom gospodarczym. <br \/>Kolejna sala wystawowa oferuje zwrot w kierunku egzystencjalnym, badaj\u0105c tematy \u015bmierci, \u017cycia i zmartwychwstania, a zesp\u00f3\u0142 kuratorski celowo zestawia barokowe obrazy i grafiki ze wsp\u00f3\u0142czesnymi dzie\u0142ami artystycznymi, aby podkre\u015bli\u0107 ci\u0105g\u0142o\u015b\u0107 tego egzystencjalnego tematu, a tak\u017ce r\u00f3\u017cnorodno\u015b\u0107 jego interpretacji. \u00a0<\/p>\n<p>Pod koniec naszej wycieczki zapraszamy odwiedzaj\u0105cych do zatrzymania si\u0119 i przej\u015bcia od patrzenia do s\u0142uchania. Zostan\u0105 odtworzone niekt\u00f3re utwory muzyczne napisane w zwi\u0105zku z klasztorem, a tak\u017ce teksty napisane o klasztorze. Na zako\u0144czenie chcia\u0142bym przytoczy\u0107 fragment jednego z nich: Na p\u00f3\u0142ce H szafy 93 na pi\u0119trze biblioteki (te odniesienia zawdzi\u0119czam Bodo Hellowi) znajduje si\u0119 ksi\u0105\u017cka pisarza podr\u00f3\u017cnika Josepha Augusta Schultesa z 1804 roku, w kt\u00f3rej opisuje on sw\u00f3j wyjazd z Admont. <br \/>By\u0142o to bardzo trudne dla niego i jego towarzyszy podr\u00f3\u017cy, poniewa\u017c ka\u017cdy z nich by\u0142 urzeczony innym \"ulubionym obiektem\" - krajobrazem, bibliotek\u0105, otaczaj\u0105cymi kwiatami, d\u017awi\u0119kiem ko\u015bcielnych organ\u00f3w.  \"Tylko z wielkim trudem byli\u015bmy w stanie oderwa\u0107 si\u0119 od pi\u0119knego Admont, kt\u00f3ry trzyma\u0142 ka\u017cdego z nas zapl\u0105tanego w sieci circaean (co oznacza magi\u0119 ko\u015bcio\u0142a, C.R.) podczas naszego kr\u00f3tkiego pobytu trwaj\u0105cego pi\u0119\u0107 dni\". Klasztorowi uda si\u0119 utka\u0107 takie sieci w roku jubileuszowym i z pewno\u015bci\u0105 tak\u017ce w przysz\u0142o\u015bci.<\/p>\n<\/div>\n                    \n                            <\/div>\n        \n            <\/div>\n<\/div>\n\n<\/section>","protected":false},"excerpt":{"rendered":"<p>Chocia\u017c dorasta\u0142em na wschodzie Austrii, w pobli\u017cu Klosterneuburg, Melk i innych wa\u017cnych klasztor\u00f3w, Admont jest pierwszym klasztorem, kt\u00f3ry pami\u0119tam z dzieci\u0144stwa. <\/p>","protected":false},"author":7,"featured_media":23585,"comment_status":"closed","ping_status":"closed","sticky":false,"template":"","format":"standard","meta":{"_acf_changed":false,"footnotes":""},"categories":[71],"class_list":["post-24046","post","type-post","status-publish","format-standard","has-post-thumbnail","hentry","category-museum-einst-und-jetzt"],"acf":[],"yoast_head":"<!-- This site is optimized with the Yoast SEO Premium plugin v26.0 (Yoast SEO v26.8) - https:\/\/yoast.com\/product\/yoast-seo-premium-wordpress\/ -->\n<title>Jubil\u00e4umsausstellung 2024 - Circ\u00e4ische Netze - Stift Admont<\/title>\n<meta name=\"description\" content=\"Lesen Sie aktuelle Informationen zum Thema Jubil\u00e4umsausstellung 2024 - Circ\u00e4ische Netze und vieles mehr aus dem Konvent und der Pfarre Admont.\" \/>\n<meta name=\"robots\" content=\"index, follow, max-snippet:-1, max-image-preview:large, max-video-preview:-1\" \/>\n<link rel=\"canonical\" href=\"https:\/\/stiftadmont.at\/pl\/blog\/wystawa-jubileuszowa-2024-circae-networks\/\" \/>\n<meta property=\"og:locale\" content=\"pl_PL\" \/>\n<meta property=\"og:type\" content=\"article\" \/>\n<meta property=\"og:title\" content=\"Jubil\u00e4umsausstellung 2024 - Circ\u00e4ische Netze\" \/>\n<meta property=\"og:description\" content=\"Lesen Sie aktuelle Informationen zum Thema Jubil\u00e4umsausstellung 2024 - Circ\u00e4ische Netze und vieles mehr aus dem Konvent und der Pfarre Admont.\" \/>\n<meta property=\"og:url\" content=\"https:\/\/stiftadmont.at\/pl\/blog\/wystawa-jubileuszowa-2024-circae-networks\/\" \/>\n<meta property=\"og:site_name\" content=\"Stift Admont\" \/>\n<meta property=\"article:published_time\" content=\"2023-12-20T07:53:39+00:00\" \/>\n<meta property=\"og:image\" content=\"https:\/\/stiftadmont.at\/wp-content\/uploads\/Raum_1.8.jpg\" \/>\n\t<meta property=\"og:image:width\" content=\"2500\" \/>\n\t<meta property=\"og:image:height\" content=\"1406\" \/>\n\t<meta property=\"og:image:type\" content=\"image\/jpeg\" \/>\n<meta name=\"author\" content=\"Mario Brandm\u00fcller\" \/>\n<meta name=\"twitter:card\" content=\"summary_large_image\" \/>\n<meta name=\"twitter:label1\" content=\"Napisane przez\" \/>\n\t<meta name=\"twitter:data1\" content=\"Mario Brandm\u00fcller\" \/>\n<script type=\"application\/ld+json\" class=\"yoast-schema-graph\">{\"@context\":\"https:\/\/schema.org\",\"@graph\":[{\"@type\":\"Article\",\"@id\":\"https:\/\/stiftadmont.at\/blog\/jubilaeumsausstellung-2024-circaeische-netze\/#article\",\"isPartOf\":{\"@id\":\"https:\/\/stiftadmont.at\/blog\/jubilaeumsausstellung-2024-circaeische-netze\/\"},\"author\":{\"name\":\"Mario Brandm\u00fcller\",\"@id\":\"https:\/\/stiftadmont.at\/#\/schema\/person\/30535548b241d5f33a2e8b839db11869\"},\"headline\":\"Jubil\u00e4umsausstellung 2024 &#8211; Circ\u00e4ische Netze\",\"datePublished\":\"2023-12-20T07:53:39+00:00\",\"mainEntityOfPage\":{\"@id\":\"https:\/\/stiftadmont.at\/blog\/jubilaeumsausstellung-2024-circaeische-netze\/\"},\"wordCount\":6,\"image\":{\"@id\":\"https:\/\/stiftadmont.at\/blog\/jubilaeumsausstellung-2024-circaeische-netze\/#primaryimage\"},\"thumbnailUrl\":\"https:\/\/stiftadmont.at\/wp-content\/uploads\/Raum_1.8.jpg\",\"articleSection\":[\"Museum Einst und Jetzt\"],\"inLanguage\":\"pl-PL\"},{\"@type\":\"WebPage\",\"@id\":\"https:\/\/stiftadmont.at\/blog\/jubilaeumsausstellung-2024-circaeische-netze\/\",\"url\":\"https:\/\/stiftadmont.at\/blog\/jubilaeumsausstellung-2024-circaeische-netze\/\",\"name\":\"Jubil\u00e4umsausstellung 2024 - Circ\u00e4ische Netze - Stift Admont\",\"isPartOf\":{\"@id\":\"https:\/\/stiftadmont.at\/#website\"},\"primaryImageOfPage\":{\"@id\":\"https:\/\/stiftadmont.at\/blog\/jubilaeumsausstellung-2024-circaeische-netze\/#primaryimage\"},\"image\":{\"@id\":\"https:\/\/stiftadmont.at\/blog\/jubilaeumsausstellung-2024-circaeische-netze\/#primaryimage\"},\"thumbnailUrl\":\"https:\/\/stiftadmont.at\/wp-content\/uploads\/Raum_1.8.jpg\",\"datePublished\":\"2023-12-20T07:53:39+00:00\",\"author\":{\"@id\":\"https:\/\/stiftadmont.at\/#\/schema\/person\/30535548b241d5f33a2e8b839db11869\"},\"description\":\"Lesen Sie aktuelle Informationen zum Thema Jubil\u00e4umsausstellung 2024 - Circ\u00e4ische Netze und vieles mehr aus dem Konvent und der Pfarre Admont.\",\"breadcrumb\":{\"@id\":\"https:\/\/stiftadmont.at\/blog\/jubilaeumsausstellung-2024-circaeische-netze\/#breadcrumb\"},\"inLanguage\":\"pl-PL\",\"potentialAction\":[{\"@type\":\"ReadAction\",\"target\":[\"https:\/\/stiftadmont.at\/blog\/jubilaeumsausstellung-2024-circaeische-netze\/\"]}]},{\"@type\":\"ImageObject\",\"inLanguage\":\"pl-PL\",\"@id\":\"https:\/\/stiftadmont.at\/blog\/jubilaeumsausstellung-2024-circaeische-netze\/#primaryimage\",\"url\":\"https:\/\/stiftadmont.at\/wp-content\/uploads\/Raum_1.8.jpg\",\"contentUrl\":\"https:\/\/stiftadmont.at\/wp-content\/uploads\/Raum_1.8.jpg\",\"width\":2500,\"height\":1406,\"caption\":\"Raum 1.8\"},{\"@type\":\"BreadcrumbList\",\"@id\":\"https:\/\/stiftadmont.at\/blog\/jubilaeumsausstellung-2024-circaeische-netze\/#breadcrumb\",\"itemListElement\":[{\"@type\":\"ListItem\",\"position\":1,\"name\":\"Start\",\"item\":\"https:\/\/stiftadmont.at\/\"},{\"@type\":\"ListItem\",\"position\":2,\"name\":\"Jubil\u00e4umsausstellung 2024 &#8211; Circ\u00e4ische Netze\"}]},{\"@type\":\"WebSite\",\"@id\":\"https:\/\/stiftadmont.at\/#website\",\"url\":\"https:\/\/stiftadmont.at\/\",\"name\":\"Stift Admont\",\"description\":\"Benediktinerkloster und Sehensw\u00fcrdigkeit im Ges\u00e4use\",\"potentialAction\":[{\"@type\":\"SearchAction\",\"target\":{\"@type\":\"EntryPoint\",\"urlTemplate\":\"https:\/\/stiftadmont.at\/?s={search_term_string}\"},\"query-input\":{\"@type\":\"PropertyValueSpecification\",\"valueRequired\":true,\"valueName\":\"search_term_string\"}}],\"inLanguage\":\"pl-PL\"},{\"@type\":\"Person\",\"@id\":\"https:\/\/stiftadmont.at\/#\/schema\/person\/30535548b241d5f33a2e8b839db11869\",\"name\":\"Mario Brandm\u00fcller\"}]}<\/script>\n<!-- \/ Yoast SEO Premium plugin. -->","yoast_head_json":{"title":"Wystawa jubileuszowa 2024 - Siatki Circae - Opactwo Admont","description":"Przeczytaj najnowsze informacje o wystawie jubileuszowej 2024 - Circ\u00e4ische Netze i wiele wi\u0119cej z klasztoru i parafii Admont.","robots":{"index":"index","follow":"follow","max-snippet":"max-snippet:-1","max-image-preview":"max-image-preview:large","max-video-preview":"max-video-preview:-1"},"canonical":"https:\/\/stiftadmont.at\/pl\/blog\/wystawa-jubileuszowa-2024-circae-networks\/","og_locale":"pl_PL","og_type":"article","og_title":"Jubil\u00e4umsausstellung 2024 - Circ\u00e4ische Netze","og_description":"Lesen Sie aktuelle Informationen zum Thema Jubil\u00e4umsausstellung 2024 - Circ\u00e4ische Netze und vieles mehr aus dem Konvent und der Pfarre Admont.","og_url":"https:\/\/stiftadmont.at\/pl\/blog\/wystawa-jubileuszowa-2024-circae-networks\/","og_site_name":"Stift Admont","article_published_time":"2023-12-20T07:53:39+00:00","og_image":[{"width":2500,"height":1406,"url":"https:\/\/stiftadmont.at\/wp-content\/uploads\/Raum_1.8.jpg","type":"image\/jpeg"}],"author":"Mario Brandm\u00fcller","twitter_card":"summary_large_image","twitter_misc":{"Napisane przez":"Mario Brandm\u00fcller"},"schema":{"@context":"https:\/\/schema.org","@graph":[{"@type":"Article","@id":"https:\/\/stiftadmont.at\/blog\/jubilaeumsausstellung-2024-circaeische-netze\/#article","isPartOf":{"@id":"https:\/\/stiftadmont.at\/blog\/jubilaeumsausstellung-2024-circaeische-netze\/"},"author":{"name":"Mario Brandm\u00fcller","@id":"https:\/\/stiftadmont.at\/#\/schema\/person\/30535548b241d5f33a2e8b839db11869"},"headline":"Jubil\u00e4umsausstellung 2024 &#8211; Circ\u00e4ische Netze","datePublished":"2023-12-20T07:53:39+00:00","mainEntityOfPage":{"@id":"https:\/\/stiftadmont.at\/blog\/jubilaeumsausstellung-2024-circaeische-netze\/"},"wordCount":6,"image":{"@id":"https:\/\/stiftadmont.at\/blog\/jubilaeumsausstellung-2024-circaeische-netze\/#primaryimage"},"thumbnailUrl":"https:\/\/stiftadmont.at\/wp-content\/uploads\/Raum_1.8.jpg","articleSection":["Museum Einst und Jetzt"],"inLanguage":"pl-PL"},{"@type":"WebPage","@id":"https:\/\/stiftadmont.at\/blog\/jubilaeumsausstellung-2024-circaeische-netze\/","url":"https:\/\/stiftadmont.at\/blog\/jubilaeumsausstellung-2024-circaeische-netze\/","name":"Wystawa jubileuszowa 2024 - Siatki Circae - Opactwo Admont","isPartOf":{"@id":"https:\/\/stiftadmont.at\/#website"},"primaryImageOfPage":{"@id":"https:\/\/stiftadmont.at\/blog\/jubilaeumsausstellung-2024-circaeische-netze\/#primaryimage"},"image":{"@id":"https:\/\/stiftadmont.at\/blog\/jubilaeumsausstellung-2024-circaeische-netze\/#primaryimage"},"thumbnailUrl":"https:\/\/stiftadmont.at\/wp-content\/uploads\/Raum_1.8.jpg","datePublished":"2023-12-20T07:53:39+00:00","author":{"@id":"https:\/\/stiftadmont.at\/#\/schema\/person\/30535548b241d5f33a2e8b839db11869"},"description":"Przeczytaj najnowsze informacje o wystawie jubileuszowej 2024 - Circ\u00e4ische Netze i wiele wi\u0119cej z klasztoru i parafii Admont.","breadcrumb":{"@id":"https:\/\/stiftadmont.at\/blog\/jubilaeumsausstellung-2024-circaeische-netze\/#breadcrumb"},"inLanguage":"pl-PL","potentialAction":[{"@type":"ReadAction","target":["https:\/\/stiftadmont.at\/blog\/jubilaeumsausstellung-2024-circaeische-netze\/"]}]},{"@type":"ImageObject","inLanguage":"pl-PL","@id":"https:\/\/stiftadmont.at\/blog\/jubilaeumsausstellung-2024-circaeische-netze\/#primaryimage","url":"https:\/\/stiftadmont.at\/wp-content\/uploads\/Raum_1.8.jpg","contentUrl":"https:\/\/stiftadmont.at\/wp-content\/uploads\/Raum_1.8.jpg","width":2500,"height":1406,"caption":"Raum 1.8"},{"@type":"BreadcrumbList","@id":"https:\/\/stiftadmont.at\/blog\/jubilaeumsausstellung-2024-circaeische-netze\/#breadcrumb","itemListElement":[{"@type":"ListItem","position":1,"name":"Start","item":"https:\/\/stiftadmont.at\/"},{"@type":"ListItem","position":2,"name":"Jubil\u00e4umsausstellung 2024 &#8211; Circ\u00e4ische Netze"}]},{"@type":"WebSite","@id":"https:\/\/stiftadmont.at\/#website","url":"https:\/\/stiftadmont.at\/","name":"Opactwo Admont","description":"Benedykty\u0144ski klasztor i atrakcja turystyczna w Ges\u00e4use","potentialAction":[{"@type":"SearchAction","target":{"@type":"EntryPoint","urlTemplate":"https:\/\/stiftadmont.at\/?s={search_term_string}"},"query-input":{"@type":"PropertyValueSpecification","valueRequired":true,"valueName":"search_term_string"}}],"inLanguage":"pl-PL"},{"@type":"Person","@id":"https:\/\/stiftadmont.at\/#\/schema\/person\/30535548b241d5f33a2e8b839db11869","name":"Mario Brandm\u00fcller"}]}},"_links":{"self":[{"href":"https:\/\/stiftadmont.at\/pl\/wp-json\/wp\/v2\/posts\/24046","targetHints":{"allow":["GET"]}}],"collection":[{"href":"https:\/\/stiftadmont.at\/pl\/wp-json\/wp\/v2\/posts"}],"about":[{"href":"https:\/\/stiftadmont.at\/pl\/wp-json\/wp\/v2\/types\/post"}],"author":[{"embeddable":true,"href":"https:\/\/stiftadmont.at\/pl\/wp-json\/wp\/v2\/users\/7"}],"replies":[{"embeddable":true,"href":"https:\/\/stiftadmont.at\/pl\/wp-json\/wp\/v2\/comments?post=24046"}],"version-history":[{"count":5,"href":"https:\/\/stiftadmont.at\/pl\/wp-json\/wp\/v2\/posts\/24046\/revisions"}],"predecessor-version":[{"id":24060,"href":"https:\/\/stiftadmont.at\/pl\/wp-json\/wp\/v2\/posts\/24046\/revisions\/24060"}],"wp:featuredmedia":[{"embeddable":true,"href":"https:\/\/stiftadmont.at\/pl\/wp-json\/wp\/v2\/media\/23585"}],"wp:attachment":[{"href":"https:\/\/stiftadmont.at\/pl\/wp-json\/wp\/v2\/media?parent=24046"}],"wp:term":[{"taxonomy":"category","embeddable":true,"href":"https:\/\/stiftadmont.at\/pl\/wp-json\/wp\/v2\/categories?post=24046"}],"curies":[{"name":"wp","href":"https:\/\/api.w.org\/{rel}","templated":true}]}}