{"id":26847,"date":"2024-02-26T12:09:21","date_gmt":"2024-02-26T10:09:21","guid":{"rendered":"https:\/\/stiftadmont.at\/?p=26847"},"modified":"2024-02-28T14:31:04","modified_gmt":"2024-02-28T12:31:04","slug":"klasztor-admont-oplakuje-strate-arcybiskupa-em-aloisa-kothgassera","status":"publish","type":"post","link":"https:\/\/stiftadmont.at\/pl\/blog\/stift-admont-trauert-um-erzbischof-em-alois-kothgasser\/","title":{"rendered":"Opactwo Admont op\u0142akuje strat\u0119 emerytowanego arcybiskupa Aloisa Kothgassera"},"content":{"rendered":"<section id='lightpress__section--block_da495e08c21d161ebba9ffbb146b12da' class='lightpress__section--default-section-space lightpress__section lightpress__section--content'><div class=\"content__inner\"\n         x-init=\"initContentBlockAnim($el)\">\n        \n    <div class=\"content__grid content__grid\">\n                                            <div class=\"content__box content__box--one-hundred\"\n                 style=\"\">\n                                \n                \n                                            <div class=\"prose\"><h1 class=\"line line--gold\">Opactwo Admont op\u0142akuje strat\u0119 emerytowanego arcybiskupa Aloisa Kothgassera<\/h1>\n<p class=\"paragraph-m\"><strong>Poniedzia\u0142ek, 26.<span style=\"box-sizing: border-box; margin: 0px; padding: 0px; color: var(--color-black); font-family: ibm-plex-sans, sans-serif; font-size: 16px;\">luty <\/span>2024<\/strong><\/p>\n<p class=\"paragraph-m\">By\u0142y arcybiskup Salzburga, Alois Kothgasser, odszed\u0142 do Boga wieczorem 22 lutego 2024 roku. Zgodnie ze swoim mottem, Czy\u0144 prawd\u0119 w mi\u0142o\u015bci, urodzony w Styrii biskup niestrudzenie pracowa\u0142 dla ludzi powierzonych jego opiece.\u00a0<\/p>\n<p class=\"paragraph-m\">Jako arcybiskup Salzburga, Alois Kothgasser by\u0142 jednym z nast\u0119pc\u00f3w arcybiskupa Gebharda, kt\u00f3ry za\u0142o\u017cy\u0142 opactwo Admont 950 lat temu.<\/p>\n<p class=\"paragraph-m\">Niech mi\u0142osierny B\u00f3g da arcybiskupowi Aloisowi wieczny odpoczynek, a \u015bwiat\u0142o\u015b\u0107 wiekuista niechaj mu \u015bwieci. Amen.<\/p>\n<p class=\"paragraph-m\">\u00a0<\/p>\n<\/div>\n                    \n                            <\/div>\n        \n            <\/div>\n<\/div>\n\n<\/section>","protected":false},"excerpt":{"rendered":"<p>By\u0142y arcybiskup Salzburga, Alois Kothgasser, odszed\u0142 do Boga wieczorem 22 lutego 2024 roku.<\/p>","protected":false},"author":20,"featured_media":26849,"comment_status":"closed","ping_status":"closed","sticky":false,"template":"","format":"standard","meta":{"_acf_changed":false,"footnotes":""},"categories":[22],"class_list":["post-26847","post","type-post","status-publish","format-standard","has-post-thumbnail","hentry","category-kloster-aktuell"],"acf":[],"yoast_head":"<!-- This site is optimized with the Yoast SEO Premium plugin v26.0 (Yoast SEO v26.8) - https:\/\/yoast.com\/product\/yoast-seo-premium-wordpress\/ -->\n<title>Stift Admont trauert um Erzbischof em. Alois Kothgasser - Stift Admont<\/title>\n<meta name=\"description\" content=\"Lesen Sie aktuelle Informationen zum Thema Stift Admont trauert um Erzbischof em. Alois Kothgasser und vieles mehr aus dem Konvent und der Pfarre Admont.\" \/>\n<meta name=\"robots\" content=\"index, follow, max-snippet:-1, max-image-preview:large, max-video-preview:-1\" \/>\n<link rel=\"canonical\" href=\"https:\/\/stiftadmont.at\/pl\/blog\/klasztor-admont-oplakuje-strate-arcybiskupa-em-aloisa-kothgassera\/\" \/>\n<meta property=\"og:locale\" content=\"pl_PL\" \/>\n<meta property=\"og:type\" content=\"article\" \/>\n<meta property=\"og:title\" content=\"Stift Admont trauert um Erzbischof em. Alois Kothgasser\" \/>\n<meta property=\"og:description\" content=\"Lesen Sie aktuelle Informationen zum Thema Stift Admont trauert um Erzbischof em. Alois Kothgasser und vieles mehr aus dem Konvent und der Pfarre Admont.\" \/>\n<meta property=\"og:url\" content=\"https:\/\/stiftadmont.at\/pl\/blog\/klasztor-admont-oplakuje-strate-arcybiskupa-em-aloisa-kothgassera\/\" \/>\n<meta property=\"og:site_name\" content=\"Stift Admont\" \/>\n<meta property=\"article:published_time\" content=\"2024-02-26T10:09:21+00:00\" \/>\n<meta property=\"article:modified_time\" content=\"2024-02-28T12:31:04+00:00\" \/>\n<meta property=\"og:image\" content=\"https:\/\/stiftadmont.at\/wp-content\/uploads\/Erzbischof_Kothgasser-\u00a9-Petra-Rainer.jpg\" \/>\n\t<meta property=\"og:image:width\" content=\"1504\" \/>\n\t<meta property=\"og:image:height\" content=\"1002\" \/>\n\t<meta property=\"og:image:type\" content=\"image\/jpeg\" \/>\n<meta name=\"author\" content=\"Sarah Stadlauer\" \/>\n<meta name=\"twitter:card\" content=\"summary_large_image\" \/>\n<meta name=\"twitter:label1\" content=\"Napisane przez\" \/>\n\t<meta name=\"twitter:data1\" content=\"Sarah Stadlauer\" \/>\n\t<meta name=\"twitter:label2\" content=\"Szacowany czas czytania\" \/>\n\t<meta name=\"twitter:data2\" content=\"1 minuta\" \/>\n<script type=\"application\/ld+json\" class=\"yoast-schema-graph\">{\"@context\":\"https:\/\/schema.org\",\"@graph\":[{\"@type\":\"Article\",\"@id\":\"https:\/\/stiftadmont.at\/blog\/stift-admont-trauert-um-erzbischof-em-alois-kothgasser\/#article\",\"isPartOf\":{\"@id\":\"https:\/\/stiftadmont.at\/blog\/stift-admont-trauert-um-erzbischof-em-alois-kothgasser\/\"},\"author\":{\"name\":\"Sarah Stadlauer\",\"@id\":\"https:\/\/stiftadmont.at\/#\/schema\/person\/b3a90b1a2f72566cf3c755db08bd829d\"},\"headline\":\"Stift Admont trauert um Erzbischof em. Alois Kothgasser\",\"datePublished\":\"2024-02-26T10:09:21+00:00\",\"dateModified\":\"2024-02-28T12:31:04+00:00\",\"mainEntityOfPage\":{\"@id\":\"https:\/\/stiftadmont.at\/blog\/stift-admont-trauert-um-erzbischof-em-alois-kothgasser\/\"},\"wordCount\":8,\"image\":{\"@id\":\"https:\/\/stiftadmont.at\/blog\/stift-admont-trauert-um-erzbischof-em-alois-kothgasser\/#primaryimage\"},\"thumbnailUrl\":\"https:\/\/stiftadmont.at\/wp-content\/uploads\/Erzbischof_Kothgasser-\u00a9-Petra-Rainer.jpg\",\"articleSection\":[\"Kloster aktuell\"],\"inLanguage\":\"pl-PL\"},{\"@type\":\"WebPage\",\"@id\":\"https:\/\/stiftadmont.at\/blog\/stift-admont-trauert-um-erzbischof-em-alois-kothgasser\/\",\"url\":\"https:\/\/stiftadmont.at\/blog\/stift-admont-trauert-um-erzbischof-em-alois-kothgasser\/\",\"name\":\"Stift Admont trauert um Erzbischof em. Alois Kothgasser - Stift Admont\",\"isPartOf\":{\"@id\":\"https:\/\/stiftadmont.at\/#website\"},\"primaryImageOfPage\":{\"@id\":\"https:\/\/stiftadmont.at\/blog\/stift-admont-trauert-um-erzbischof-em-alois-kothgasser\/#primaryimage\"},\"image\":{\"@id\":\"https:\/\/stiftadmont.at\/blog\/stift-admont-trauert-um-erzbischof-em-alois-kothgasser\/#primaryimage\"},\"thumbnailUrl\":\"https:\/\/stiftadmont.at\/wp-content\/uploads\/Erzbischof_Kothgasser-\u00a9-Petra-Rainer.jpg\",\"datePublished\":\"2024-02-26T10:09:21+00:00\",\"dateModified\":\"2024-02-28T12:31:04+00:00\",\"author\":{\"@id\":\"https:\/\/stiftadmont.at\/#\/schema\/person\/b3a90b1a2f72566cf3c755db08bd829d\"},\"description\":\"Lesen Sie aktuelle Informationen zum Thema Stift Admont trauert um Erzbischof em. Alois Kothgasser und vieles mehr aus dem Konvent und der Pfarre Admont.\",\"breadcrumb\":{\"@id\":\"https:\/\/stiftadmont.at\/blog\/stift-admont-trauert-um-erzbischof-em-alois-kothgasser\/#breadcrumb\"},\"inLanguage\":\"pl-PL\",\"potentialAction\":[{\"@type\":\"ReadAction\",\"target\":[\"https:\/\/stiftadmont.at\/blog\/stift-admont-trauert-um-erzbischof-em-alois-kothgasser\/\"]}]},{\"@type\":\"ImageObject\",\"inLanguage\":\"pl-PL\",\"@id\":\"https:\/\/stiftadmont.at\/blog\/stift-admont-trauert-um-erzbischof-em-alois-kothgasser\/#primaryimage\",\"url\":\"https:\/\/stiftadmont.at\/wp-content\/uploads\/Erzbischof_Kothgasser-\u00a9-Petra-Rainer.jpg\",\"contentUrl\":\"https:\/\/stiftadmont.at\/wp-content\/uploads\/Erzbischof_Kothgasser-\u00a9-Petra-Rainer.jpg\",\"width\":1504,\"height\":1002,\"caption\":\"Erzbischof Kothgasser \u00a9 Petra Rainer\"},{\"@type\":\"BreadcrumbList\",\"@id\":\"https:\/\/stiftadmont.at\/blog\/stift-admont-trauert-um-erzbischof-em-alois-kothgasser\/#breadcrumb\",\"itemListElement\":[{\"@type\":\"ListItem\",\"position\":1,\"name\":\"Start\",\"item\":\"https:\/\/stiftadmont.at\/\"},{\"@type\":\"ListItem\",\"position\":2,\"name\":\"Stift Admont trauert um Erzbischof em. Alois Kothgasser\"}]},{\"@type\":\"WebSite\",\"@id\":\"https:\/\/stiftadmont.at\/#website\",\"url\":\"https:\/\/stiftadmont.at\/\",\"name\":\"Stift Admont\",\"description\":\"Benediktinerkloster und Sehensw\u00fcrdigkeit im Ges\u00e4use\",\"potentialAction\":[{\"@type\":\"SearchAction\",\"target\":{\"@type\":\"EntryPoint\",\"urlTemplate\":\"https:\/\/stiftadmont.at\/?s={search_term_string}\"},\"query-input\":{\"@type\":\"PropertyValueSpecification\",\"valueRequired\":true,\"valueName\":\"search_term_string\"}}],\"inLanguage\":\"pl-PL\"},{\"@type\":\"Person\",\"@id\":\"https:\/\/stiftadmont.at\/#\/schema\/person\/b3a90b1a2f72566cf3c755db08bd829d\",\"name\":\"Sarah Stadlauer\"}]}<\/script>\n<!-- \/ Yoast SEO Premium plugin. -->","yoast_head_json":{"title":"Opactwo Admont op\u0142akuje strat\u0119 emerytowanego arcybiskupa Aloisa Kothgassera - Opactwo Admont","description":"Przeczytaj najnowsze informacje o op\u0142akiwaniu przez opactwo Admont emerytowanego arcybiskupa Aloisa Kothgassera i wiele wi\u0119cej z klasztoru i parafii Admont.","robots":{"index":"index","follow":"follow","max-snippet":"max-snippet:-1","max-image-preview":"max-image-preview:large","max-video-preview":"max-video-preview:-1"},"canonical":"https:\/\/stiftadmont.at\/pl\/blog\/klasztor-admont-oplakuje-strate-arcybiskupa-em-aloisa-kothgassera\/","og_locale":"pl_PL","og_type":"article","og_title":"Stift Admont trauert um Erzbischof em. Alois Kothgasser","og_description":"Lesen Sie aktuelle Informationen zum Thema Stift Admont trauert um Erzbischof em. Alois Kothgasser und vieles mehr aus dem Konvent und der Pfarre Admont.","og_url":"https:\/\/stiftadmont.at\/pl\/blog\/klasztor-admont-oplakuje-strate-arcybiskupa-em-aloisa-kothgassera\/","og_site_name":"Stift Admont","article_published_time":"2024-02-26T10:09:21+00:00","article_modified_time":"2024-02-28T12:31:04+00:00","og_image":[{"width":1504,"height":1002,"url":"https:\/\/stiftadmont.at\/wp-content\/uploads\/Erzbischof_Kothgasser-\u00a9-Petra-Rainer.jpg","type":"image\/jpeg"}],"author":"Sarah Stadlauer","twitter_card":"summary_large_image","twitter_misc":{"Napisane przez":"Sarah Stadlauer","Szacowany czas czytania":"1 minuta"},"schema":{"@context":"https:\/\/schema.org","@graph":[{"@type":"Article","@id":"https:\/\/stiftadmont.at\/blog\/stift-admont-trauert-um-erzbischof-em-alois-kothgasser\/#article","isPartOf":{"@id":"https:\/\/stiftadmont.at\/blog\/stift-admont-trauert-um-erzbischof-em-alois-kothgasser\/"},"author":{"name":"Sarah Stadlauer","@id":"https:\/\/stiftadmont.at\/#\/schema\/person\/b3a90b1a2f72566cf3c755db08bd829d"},"headline":"Stift Admont trauert um Erzbischof em. Alois Kothgasser","datePublished":"2024-02-26T10:09:21+00:00","dateModified":"2024-02-28T12:31:04+00:00","mainEntityOfPage":{"@id":"https:\/\/stiftadmont.at\/blog\/stift-admont-trauert-um-erzbischof-em-alois-kothgasser\/"},"wordCount":8,"image":{"@id":"https:\/\/stiftadmont.at\/blog\/stift-admont-trauert-um-erzbischof-em-alois-kothgasser\/#primaryimage"},"thumbnailUrl":"https:\/\/stiftadmont.at\/wp-content\/uploads\/Erzbischof_Kothgasser-\u00a9-Petra-Rainer.jpg","articleSection":["Kloster aktuell"],"inLanguage":"pl-PL"},{"@type":"WebPage","@id":"https:\/\/stiftadmont.at\/blog\/stift-admont-trauert-um-erzbischof-em-alois-kothgasser\/","url":"https:\/\/stiftadmont.at\/blog\/stift-admont-trauert-um-erzbischof-em-alois-kothgasser\/","name":"Opactwo Admont op\u0142akuje strat\u0119 emerytowanego arcybiskupa Aloisa Kothgassera - Opactwo Admont","isPartOf":{"@id":"https:\/\/stiftadmont.at\/#website"},"primaryImageOfPage":{"@id":"https:\/\/stiftadmont.at\/blog\/stift-admont-trauert-um-erzbischof-em-alois-kothgasser\/#primaryimage"},"image":{"@id":"https:\/\/stiftadmont.at\/blog\/stift-admont-trauert-um-erzbischof-em-alois-kothgasser\/#primaryimage"},"thumbnailUrl":"https:\/\/stiftadmont.at\/wp-content\/uploads\/Erzbischof_Kothgasser-\u00a9-Petra-Rainer.jpg","datePublished":"2024-02-26T10:09:21+00:00","dateModified":"2024-02-28T12:31:04+00:00","author":{"@id":"https:\/\/stiftadmont.at\/#\/schema\/person\/b3a90b1a2f72566cf3c755db08bd829d"},"description":"Przeczytaj najnowsze informacje o op\u0142akiwaniu przez opactwo Admont emerytowanego arcybiskupa Aloisa Kothgassera i wiele wi\u0119cej z klasztoru i parafii Admont.","breadcrumb":{"@id":"https:\/\/stiftadmont.at\/blog\/stift-admont-trauert-um-erzbischof-em-alois-kothgasser\/#breadcrumb"},"inLanguage":"pl-PL","potentialAction":[{"@type":"ReadAction","target":["https:\/\/stiftadmont.at\/blog\/stift-admont-trauert-um-erzbischof-em-alois-kothgasser\/"]}]},{"@type":"ImageObject","inLanguage":"pl-PL","@id":"https:\/\/stiftadmont.at\/blog\/stift-admont-trauert-um-erzbischof-em-alois-kothgasser\/#primaryimage","url":"https:\/\/stiftadmont.at\/wp-content\/uploads\/Erzbischof_Kothgasser-\u00a9-Petra-Rainer.jpg","contentUrl":"https:\/\/stiftadmont.at\/wp-content\/uploads\/Erzbischof_Kothgasser-\u00a9-Petra-Rainer.jpg","width":1504,"height":1002,"caption":"Erzbischof Kothgasser \u00a9 Petra Rainer"},{"@type":"BreadcrumbList","@id":"https:\/\/stiftadmont.at\/blog\/stift-admont-trauert-um-erzbischof-em-alois-kothgasser\/#breadcrumb","itemListElement":[{"@type":"ListItem","position":1,"name":"Start","item":"https:\/\/stiftadmont.at\/"},{"@type":"ListItem","position":2,"name":"Stift Admont trauert um Erzbischof em. Alois Kothgasser"}]},{"@type":"WebSite","@id":"https:\/\/stiftadmont.at\/#website","url":"https:\/\/stiftadmont.at\/","name":"Opactwo Admont","description":"Benedykty\u0144ski klasztor i atrakcja turystyczna w Ges\u00e4use","potentialAction":[{"@type":"SearchAction","target":{"@type":"EntryPoint","urlTemplate":"https:\/\/stiftadmont.at\/?s={search_term_string}"},"query-input":{"@type":"PropertyValueSpecification","valueRequired":true,"valueName":"search_term_string"}}],"inLanguage":"pl-PL"},{"@type":"Person","@id":"https:\/\/stiftadmont.at\/#\/schema\/person\/b3a90b1a2f72566cf3c755db08bd829d","name":"Sarah Stadlauer"}]}},"_links":{"self":[{"href":"https:\/\/stiftadmont.at\/pl\/wp-json\/wp\/v2\/posts\/26847","targetHints":{"allow":["GET"]}}],"collection":[{"href":"https:\/\/stiftadmont.at\/pl\/wp-json\/wp\/v2\/posts"}],"about":[{"href":"https:\/\/stiftadmont.at\/pl\/wp-json\/wp\/v2\/types\/post"}],"author":[{"embeddable":true,"href":"https:\/\/stiftadmont.at\/pl\/wp-json\/wp\/v2\/users\/20"}],"replies":[{"embeddable":true,"href":"https:\/\/stiftadmont.at\/pl\/wp-json\/wp\/v2\/comments?post=26847"}],"version-history":[{"count":4,"href":"https:\/\/stiftadmont.at\/pl\/wp-json\/wp\/v2\/posts\/26847\/revisions"}],"predecessor-version":[{"id":26957,"href":"https:\/\/stiftadmont.at\/pl\/wp-json\/wp\/v2\/posts\/26847\/revisions\/26957"}],"wp:featuredmedia":[{"embeddable":true,"href":"https:\/\/stiftadmont.at\/pl\/wp-json\/wp\/v2\/media\/26849"}],"wp:attachment":[{"href":"https:\/\/stiftadmont.at\/pl\/wp-json\/wp\/v2\/media?parent=26847"}],"wp:term":[{"taxonomy":"category","embeddable":true,"href":"https:\/\/stiftadmont.at\/pl\/wp-json\/wp\/v2\/categories?post=26847"}],"curies":[{"name":"wp","href":"https:\/\/api.w.org\/{rel}","templated":true}]}}